{"id":460031,"date":"2016-10-24T17:05:00","date_gmt":"2016-10-24T14:05:00","guid":{"rendered":"http:\/\/devrri.freshlemon.ro\/aktuell\/demo-fuer-vereinigung-der-moldaurepublik-mit-rumaenien-artet-in-rangeleien-aus-id460031.html"},"modified":"2024-02-19T20:22:44","modified_gmt":"2024-02-19T18:22:44","slug":"demo-fuer-vereinigung-der-moldaurepublik-mit-rumaenien-artet-in-rangeleien-aus","status":"publish","type":"post","link":"https:\/\/www.rri.ro\/de\/aktuell\/rri-aktuell\/demo-fuer-vereinigung-der-moldaurepublik-mit-rumaenien-artet-in-rangeleien-aus-id460031.html","title":{"rendered":"Demo f\u00fcr Vereinigung der Moldaurepublik mit Rum\u00e4nien artet in Rangeleien aus"},"content":{"rendered":"<p>Etwa zwei Tausend Personen, viel wenigere als die Organisatoren erwartet hatten, haben am Samstag im Zentrum der rum\u00e4nischen Hauptstadt an einer Demonstration f\u00fcr die Unterst\u00fctzung der Vereinigung mit der Republik Moldau teilgenommen. Zahlreiche Teilnehmer aus dem Nachbarsstaat meinen, die Vereinigung der zwei Staaten sei vor dem heutigen geopolitischen Hintergrund die einzige M\u00f6glichkeit, dass die Republik Moldau unter die Schirmherrschaft der NATO und der EU trete, damit sie nicht zum Opfer einer russischen Aggression  werde, so wie es mit der Ukraine geschah.<\/p>\n<p>&#13;<br \/>\n&#13;<\/p>\n<p>&#13;<br \/>\n&#13;<\/p>\n<p>Rum\u00e4nischer B\u00fcrger zu werden, garantiere den Moldauern den Zugang zu den europ\u00e4ischen Standards in puncto Demokratie, Wohlstand und Rechtsstaat. Die sogenannte &#8222;Aufm\u00e4rsche f\u00fcr Bessarabien&#8220;, wie die Organisatoren ihre Kundgebungen bezeichnen, sind zur Tradition geworden. Der erste Marsch fand 2012 statt und sollte daran erinnern, dass diese Provinz vor 200 Jahren vom zaristischen Russland annektiert wurde. Die Republik Moldau schlie\u200e\u00dft heute ein Teil des Territoriums der historischen Provinz Bessarabien ein, das nach dem Ersten Weltkrieg zu Rum\u00e4nien geh\u00f6rte und 1940 wieder von der UdSSR  einverleibt wurde.<\/p>\n<p>&#13;<br \/>\n&#13;<\/p>\n<p>&#13;<br \/>\n&#13;<\/p>\n<p>Die Demonstranten haben diesmal verlangt, dass die Vereinigung mit der Moldaurepublik zum k\u00fcnftigen Auftrag der rum\u00e4nischen Politiker wird. Nach den Gespr\u00e4chen mit den Chefs der bedeutendsten Parteien, die am 11. Dezember an den Parlamentswahlen teilnehmen werden, haben die Unionisten am Sonntag erkl\u00e4rt, man habe ihnen versichert, dass die Sachen in die von ihnen gew\u00fcnschte Richtung schreiten. Sie kamen mit den Vertretern der Sozialdemokratischen Partei (PSD), der Allianz der Liberalen und Demokraten (ALDE) des Senatsvorsitzenden C\u0103lin Popescu-T\u0103riceanu, der Partei der Volksbewegung (PMP) des ehemaligen Staatschefs Traian B\u0103sescu sowie der Union Rettet Rum\u00e4nien (USR) und Partei Vereintes Rum\u00e4nien (PRU) zusammen. Die zuletzt genannten beiden Parteien sind nicht im Parlament vertreten.<\/p>\n<p>&#13;<br \/>\n&#13;<\/p>\n<p>&#13;<br \/>\n&#13;<\/p>\n<p>Die dunkle Seite der M\u00e4rsche waren die Zusammenst\u00f6\u200e\u00dfe zwischen den Gendarmen und einigen Demonstranten, die auf der Siegesstra\u200e\u00dfe (rum. Calea Victoriei), einer der bedeutendsten Bukarester Stra\u200e\u00dfen, marschieren wollten, daf\u00fcr aber keine Genehmigung hatten. Der Leiter der Unionisten, George Simion, und weitere vier Demonstranten wurden f\u00fcr einige Stunden festgenommen, auf ene Polizeistation gebracht und ansch\u00f6lie\u200e\u00dfend wirder freigelassen. Die Aufnahmen und Fotos, die die Zusammenst\u00f6\u200e\u00dfe wiedergaben, wurden gleich der \u00d6ffentlichkeit vorgestellt. Der gro\u200e\u00dfe Gewinner der gewaltigen Zusammenst\u00f6\u200e\u00dfe sei der Chef der prorussischen Sozialisten in der Moldaurepublik, Igor Dodon, meinen die friedlichen Teilnehmer und die Politkommentatoren. Die meisten behaupten, dieser sei von Russland ferngesteurert. Dodon gilt in den Meinungsumfragen als der Favorit der Pr\u00e4sidentschaftswahlen vom 30. Oktober in der Moldaurepublik. Am Samstag hat er ein unerwartetes und unverdientes Geschenk bekommen, zumal er die Ausschreitungen nun ausschlachten und die Unionisten als gewaltbereit bezeichnen kann.<\/p>\n<p>&#13;<\/p>\n","protected":false},"excerpt":{"rendered":"<p>Am vergangenen Wochenende gingen die Anh\u00e4nger der Vereinigung Rum\u00e4niens mit dem benachbarten Moldawien erneut auf die Stra\u00dfe.<\/p>\n","protected":false},"author":105,"featured_media":70564,"comment_status":"closed","ping_status":"closed","sticky":false,"template":"","format":"standard","meta":{"_acf_changed":false,"footnotes":""},"categories":[99583],"tags":[99587,102860,36805,31175,101231,99678,99589,99824,100574],"coauthors":[],"class_list":["post-460031","post","type-post","status-publish","format-standard","has-post-thumbnail","hentry","category-rri-aktuell","tag-bukarest","tag-demonstration","tag-george-simion","tag-igor-dodon","tag-marsch","tag-moldaurepublik","tag-rumaenien","tag-russland","tag-vereinigung"],"acf":[],"yoast_head":"<!-- This site is optimized with the Yoast SEO plugin v27.5 - https:\/\/yoast.com\/product\/yoast-seo-wordpress\/ -->\n<title>Demo f\u00fcr Vereinigung der Moldaurepublik mit Rum\u00e4nien artet in Rangeleien aus - Radio Rum\u00e4nien International<\/title>\n<meta name=\"robots\" content=\"index, follow, max-snippet:-1, max-image-preview:large, max-video-preview:-1\" \/>\n<link rel=\"canonical\" href=\"https:\/\/www.rri.ro\/de\/aktuell\/rri-aktuell\/demo-fuer-vereinigung-der-moldaurepublik-mit-rumaenien-artet-in-rangeleien-aus-id460031.html\" \/>\n<meta property=\"og:locale\" content=\"de_DE\" \/>\n<meta property=\"og:type\" content=\"article\" \/>\n<meta property=\"og:title\" content=\"Demo f\u00fcr Vereinigung der Moldaurepublik mit Rum\u00e4nien artet in Rangeleien aus - Radio Rum\u00e4nien International\" \/>\n<meta property=\"og:description\" content=\"Am vergangenen Wochenende gingen die Anh\u00e4nger der Vereinigung Rum\u00e4niens mit dem benachbarten Moldawien erneut auf die Stra\u00dfe.\" \/>\n<meta property=\"og:url\" content=\"https:\/\/www.rri.ro\/de\/aktuell\/rri-aktuell\/demo-fuer-vereinigung-der-moldaurepublik-mit-rumaenien-artet-in-rangeleien-aus-id460031.html\" \/>\n<meta property=\"og:site_name\" content=\"Radio Rum\u00e4nien International\" \/>\n<meta property=\"article:published_time\" content=\"2016-10-24T14:05:00+00:00\" \/>\n<meta property=\"article:modified_time\" content=\"2024-02-19T18:22:44+00:00\" \/>\n<meta property=\"og:image\" content=\"https:\/\/www.rri.ro\/wp-content\/uploads\/2023\/10\/mars-unire-moldova-corturi.jpg\" \/>\n\t<meta property=\"og:image:width\" content=\"640\" \/>\n\t<meta property=\"og:image:height\" content=\"480\" \/>\n\t<meta property=\"og:image:type\" content=\"image\/png\" \/>\n<meta name=\"author\" content=\"Bogdan Matei\" \/>\n<meta name=\"twitter:card\" content=\"summary_large_image\" \/>\n<meta name=\"twitter:label1\" content=\"Verfasst von\" \/>\n\t<meta name=\"twitter:data1\" content=\"Bogdan Matei\" \/>\n\t<meta name=\"twitter:label2\" content=\"Gesch\u00e4tzte Lesezeit\" \/>\n\t<meta name=\"twitter:data2\" content=\"2\u00a0Minuten\" \/>\n\t<meta name=\"twitter:label3\" content=\"Written by\" \/>\n\t<meta name=\"twitter:data3\" content=\"Bogdan Matei\" \/>\n<script type=\"application\/ld+json\" class=\"yoast-schema-graph\">{\"@context\":\"https:\\\/\\\/schema.org\",\"@graph\":[{\"@type\":\"Article\",\"@id\":\"https:\\\/\\\/www.rri.ro\\\/de\\\/aktuell\\\/rri-aktuell\\\/demo-fuer-vereinigung-der-moldaurepublik-mit-rumaenien-artet-in-rangeleien-aus-id460031.html#article\",\"isPartOf\":{\"@id\":\"https:\\\/\\\/www.rri.ro\\\/de\\\/aktuell\\\/rri-aktuell\\\/demo-fuer-vereinigung-der-moldaurepublik-mit-rumaenien-artet-in-rangeleien-aus-id460031.html\"},\"author\":{\"name\":\"Bogdan Matei\",\"@id\":\"https:\\\/\\\/www.rri.ro\\\/#\\\/schema\\\/person\\\/0ed327d40678578e6dbb840527e3ba32\"},\"headline\":\"Demo f\u00fcr Vereinigung der Moldaurepublik mit Rum\u00e4nien artet in Rangeleien aus\",\"datePublished\":\"2016-10-24T14:05:00+00:00\",\"dateModified\":\"2024-02-19T18:22:44+00:00\",\"mainEntityOfPage\":{\"@id\":\"https:\\\/\\\/www.rri.ro\\\/de\\\/aktuell\\\/rri-aktuell\\\/demo-fuer-vereinigung-der-moldaurepublik-mit-rumaenien-artet-in-rangeleien-aus-id460031.html\"},\"wordCount\":456,\"image\":{\"@id\":\"https:\\\/\\\/www.rri.ro\\\/de\\\/aktuell\\\/rri-aktuell\\\/demo-fuer-vereinigung-der-moldaurepublik-mit-rumaenien-artet-in-rangeleien-aus-id460031.html#primaryimage\"},\"thumbnailUrl\":\"https:\\\/\\\/www.rri.ro\\\/wp-content\\\/uploads\\\/2023\\\/10\\\/mars-unire-moldova-corturi.jpg\",\"keywords\":[\"Bukarest\",\"Demonstration\",\"George Simion\",\"Igor Dodon\",\"Marsch\",\"Moldaurepublik\",\"Rum\u00e4nien\",\"Russland\",\"Vereinigung\"],\"articleSection\":[\"RRI Aktuell\"],\"inLanguage\":\"de\"},{\"@type\":\"WebPage\",\"@id\":\"https:\\\/\\\/www.rri.ro\\\/de\\\/aktuell\\\/rri-aktuell\\\/demo-fuer-vereinigung-der-moldaurepublik-mit-rumaenien-artet-in-rangeleien-aus-id460031.html\",\"url\":\"https:\\\/\\\/www.rri.ro\\\/de\\\/aktuell\\\/rri-aktuell\\\/demo-fuer-vereinigung-der-moldaurepublik-mit-rumaenien-artet-in-rangeleien-aus-id460031.html\",\"name\":\"Demo f\u00fcr Vereinigung der Moldaurepublik mit Rum\u00e4nien artet in Rangeleien aus - Radio Rum\u00e4nien International\",\"isPartOf\":{\"@id\":\"https:\\\/\\\/www.rri.ro\\\/#website\"},\"primaryImageOfPage\":{\"@id\":\"https:\\\/\\\/www.rri.ro\\\/de\\\/aktuell\\\/rri-aktuell\\\/demo-fuer-vereinigung-der-moldaurepublik-mit-rumaenien-artet-in-rangeleien-aus-id460031.html#primaryimage\"},\"image\":{\"@id\":\"https:\\\/\\\/www.rri.ro\\\/de\\\/aktuell\\\/rri-aktuell\\\/demo-fuer-vereinigung-der-moldaurepublik-mit-rumaenien-artet-in-rangeleien-aus-id460031.html#primaryimage\"},\"thumbnailUrl\":\"https:\\\/\\\/www.rri.ro\\\/wp-content\\\/uploads\\\/2023\\\/10\\\/mars-unire-moldova-corturi.jpg\",\"datePublished\":\"2016-10-24T14:05:00+00:00\",\"dateModified\":\"2024-02-19T18:22:44+00:00\",\"author\":{\"@id\":\"https:\\\/\\\/www.rri.ro\\\/#\\\/schema\\\/person\\\/0ed327d40678578e6dbb840527e3ba32\"},\"breadcrumb\":{\"@id\":\"https:\\\/\\\/www.rri.ro\\\/de\\\/aktuell\\\/rri-aktuell\\\/demo-fuer-vereinigung-der-moldaurepublik-mit-rumaenien-artet-in-rangeleien-aus-id460031.html#breadcrumb\"},\"inLanguage\":\"de\",\"potentialAction\":[{\"@type\":\"ReadAction\",\"target\":[\"https:\\\/\\\/www.rri.ro\\\/de\\\/aktuell\\\/rri-aktuell\\\/demo-fuer-vereinigung-der-moldaurepublik-mit-rumaenien-artet-in-rangeleien-aus-id460031.html\"]}]},{\"@type\":\"ImageObject\",\"inLanguage\":\"de\",\"@id\":\"https:\\\/\\\/www.rri.ro\\\/de\\\/aktuell\\\/rri-aktuell\\\/demo-fuer-vereinigung-der-moldaurepublik-mit-rumaenien-artet-in-rangeleien-aus-id460031.html#primaryimage\",\"url\":\"https:\\\/\\\/www.rri.ro\\\/wp-content\\\/uploads\\\/2023\\\/10\\\/mars-unire-moldova-corturi.jpg\",\"contentUrl\":\"https:\\\/\\\/www.rri.ro\\\/wp-content\\\/uploads\\\/2023\\\/10\\\/mars-unire-moldova-corturi.jpg\",\"width\":640,\"height\":480},{\"@type\":\"BreadcrumbList\",\"@id\":\"https:\\\/\\\/www.rri.ro\\\/de\\\/aktuell\\\/rri-aktuell\\\/demo-fuer-vereinigung-der-moldaurepublik-mit-rumaenien-artet-in-rangeleien-aus-id460031.html#breadcrumb\",\"itemListElement\":[{\"@type\":\"ListItem\",\"position\":1,\"name\":\"Startseite\",\"item\":\"https:\\\/\\\/www.rri.ro\\\/de\"},{\"@type\":\"ListItem\",\"position\":2,\"name\":\"Aktuell\",\"item\":\"https:\\\/\\\/www.rri.ro\\\/de\\\/aktuell\"},{\"@type\":\"ListItem\",\"position\":3,\"name\":\"RRI Aktuell\",\"item\":\"https:\\\/\\\/www.rri.ro\\\/de\\\/aktuell\\\/rri-aktuell\"},{\"@type\":\"ListItem\",\"position\":4,\"name\":\"Demo f\u00fcr Vereinigung der Moldaurepublik mit Rum\u00e4nien artet in Rangeleien aus\"}]},{\"@type\":\"WebSite\",\"@id\":\"https:\\\/\\\/www.rri.ro\\\/#website\",\"url\":\"https:\\\/\\\/www.rri.ro\\\/\",\"name\":\"Radio Rum\u00e4nien International\",\"description\":\"Totul despre Rom\u00e2nia \u015fi rom\u00e2ni, \u00een 13 limbi\\\/dialecte!\",\"inLanguage\":\"de\"},{\"@type\":\"Person\",\"@id\":\"https:\\\/\\\/www.rri.ro\\\/#\\\/schema\\\/person\\\/0ed327d40678578e6dbb840527e3ba32\",\"name\":\"Bogdan Matei\",\"url\":\"https:\\\/\\\/www.rri.ro\\\/de\\\/author\\\/bogdan-matei\"}]}<\/script>\n<!-- \/ Yoast SEO plugin. -->","yoast_head_json":{"title":"Demo f\u00fcr Vereinigung der Moldaurepublik mit Rum\u00e4nien artet in Rangeleien aus - Radio Rum\u00e4nien International","robots":{"index":"index","follow":"follow","max-snippet":"max-snippet:-1","max-image-preview":"max-image-preview:large","max-video-preview":"max-video-preview:-1"},"canonical":"https:\/\/www.rri.ro\/de\/aktuell\/rri-aktuell\/demo-fuer-vereinigung-der-moldaurepublik-mit-rumaenien-artet-in-rangeleien-aus-id460031.html","og_locale":"de_DE","og_type":"article","og_title":"Demo f\u00fcr Vereinigung der Moldaurepublik mit Rum\u00e4nien artet in Rangeleien aus - Radio Rum\u00e4nien International","og_description":"Am vergangenen Wochenende gingen die Anh\u00e4nger der Vereinigung Rum\u00e4niens mit dem benachbarten Moldawien erneut auf die Stra\u00dfe.","og_url":"https:\/\/www.rri.ro\/de\/aktuell\/rri-aktuell\/demo-fuer-vereinigung-der-moldaurepublik-mit-rumaenien-artet-in-rangeleien-aus-id460031.html","og_site_name":"Radio Rum\u00e4nien International","article_published_time":"2016-10-24T14:05:00+00:00","article_modified_time":"2024-02-19T18:22:44+00:00","og_image":[{"width":640,"height":480,"url":"https:\/\/www.rri.ro\/wp-content\/uploads\/2023\/10\/mars-unire-moldova-corturi.jpg","type":"image\/png"}],"author":"Bogdan Matei","twitter_card":"summary_large_image","twitter_misc":{"Verfasst von":"Bogdan Matei","Gesch\u00e4tzte Lesezeit":"2\u00a0Minuten","Written by":"Bogdan Matei"},"schema":{"@context":"https:\/\/schema.org","@graph":[{"@type":"Article","@id":"https:\/\/www.rri.ro\/de\/aktuell\/rri-aktuell\/demo-fuer-vereinigung-der-moldaurepublik-mit-rumaenien-artet-in-rangeleien-aus-id460031.html#article","isPartOf":{"@id":"https:\/\/www.rri.ro\/de\/aktuell\/rri-aktuell\/demo-fuer-vereinigung-der-moldaurepublik-mit-rumaenien-artet-in-rangeleien-aus-id460031.html"},"author":{"name":"Bogdan Matei","@id":"https:\/\/www.rri.ro\/#\/schema\/person\/0ed327d40678578e6dbb840527e3ba32"},"headline":"Demo f\u00fcr Vereinigung der Moldaurepublik mit Rum\u00e4nien artet in Rangeleien aus","datePublished":"2016-10-24T14:05:00+00:00","dateModified":"2024-02-19T18:22:44+00:00","mainEntityOfPage":{"@id":"https:\/\/www.rri.ro\/de\/aktuell\/rri-aktuell\/demo-fuer-vereinigung-der-moldaurepublik-mit-rumaenien-artet-in-rangeleien-aus-id460031.html"},"wordCount":456,"image":{"@id":"https:\/\/www.rri.ro\/de\/aktuell\/rri-aktuell\/demo-fuer-vereinigung-der-moldaurepublik-mit-rumaenien-artet-in-rangeleien-aus-id460031.html#primaryimage"},"thumbnailUrl":"https:\/\/www.rri.ro\/wp-content\/uploads\/2023\/10\/mars-unire-moldova-corturi.jpg","keywords":["Bukarest","Demonstration","George Simion","Igor Dodon","Marsch","Moldaurepublik","Rum\u00e4nien","Russland","Vereinigung"],"articleSection":["RRI Aktuell"],"inLanguage":"de"},{"@type":"WebPage","@id":"https:\/\/www.rri.ro\/de\/aktuell\/rri-aktuell\/demo-fuer-vereinigung-der-moldaurepublik-mit-rumaenien-artet-in-rangeleien-aus-id460031.html","url":"https:\/\/www.rri.ro\/de\/aktuell\/rri-aktuell\/demo-fuer-vereinigung-der-moldaurepublik-mit-rumaenien-artet-in-rangeleien-aus-id460031.html","name":"Demo f\u00fcr Vereinigung der Moldaurepublik mit Rum\u00e4nien artet in Rangeleien aus - Radio Rum\u00e4nien International","isPartOf":{"@id":"https:\/\/www.rri.ro\/#website"},"primaryImageOfPage":{"@id":"https:\/\/www.rri.ro\/de\/aktuell\/rri-aktuell\/demo-fuer-vereinigung-der-moldaurepublik-mit-rumaenien-artet-in-rangeleien-aus-id460031.html#primaryimage"},"image":{"@id":"https:\/\/www.rri.ro\/de\/aktuell\/rri-aktuell\/demo-fuer-vereinigung-der-moldaurepublik-mit-rumaenien-artet-in-rangeleien-aus-id460031.html#primaryimage"},"thumbnailUrl":"https:\/\/www.rri.ro\/wp-content\/uploads\/2023\/10\/mars-unire-moldova-corturi.jpg","datePublished":"2016-10-24T14:05:00+00:00","dateModified":"2024-02-19T18:22:44+00:00","author":{"@id":"https:\/\/www.rri.ro\/#\/schema\/person\/0ed327d40678578e6dbb840527e3ba32"},"breadcrumb":{"@id":"https:\/\/www.rri.ro\/de\/aktuell\/rri-aktuell\/demo-fuer-vereinigung-der-moldaurepublik-mit-rumaenien-artet-in-rangeleien-aus-id460031.html#breadcrumb"},"inLanguage":"de","potentialAction":[{"@type":"ReadAction","target":["https:\/\/www.rri.ro\/de\/aktuell\/rri-aktuell\/demo-fuer-vereinigung-der-moldaurepublik-mit-rumaenien-artet-in-rangeleien-aus-id460031.html"]}]},{"@type":"ImageObject","inLanguage":"de","@id":"https:\/\/www.rri.ro\/de\/aktuell\/rri-aktuell\/demo-fuer-vereinigung-der-moldaurepublik-mit-rumaenien-artet-in-rangeleien-aus-id460031.html#primaryimage","url":"https:\/\/www.rri.ro\/wp-content\/uploads\/2023\/10\/mars-unire-moldova-corturi.jpg","contentUrl":"https:\/\/www.rri.ro\/wp-content\/uploads\/2023\/10\/mars-unire-moldova-corturi.jpg","width":640,"height":480},{"@type":"BreadcrumbList","@id":"https:\/\/www.rri.ro\/de\/aktuell\/rri-aktuell\/demo-fuer-vereinigung-der-moldaurepublik-mit-rumaenien-artet-in-rangeleien-aus-id460031.html#breadcrumb","itemListElement":[{"@type":"ListItem","position":1,"name":"Startseite","item":"https:\/\/www.rri.ro\/de"},{"@type":"ListItem","position":2,"name":"Aktuell","item":"https:\/\/www.rri.ro\/de\/aktuell"},{"@type":"ListItem","position":3,"name":"RRI Aktuell","item":"https:\/\/www.rri.ro\/de\/aktuell\/rri-aktuell"},{"@type":"ListItem","position":4,"name":"Demo f\u00fcr Vereinigung der Moldaurepublik mit Rum\u00e4nien artet in Rangeleien aus"}]},{"@type":"WebSite","@id":"https:\/\/www.rri.ro\/#website","url":"https:\/\/www.rri.ro\/","name":"Radio Rum\u00e4nien International","description":"Totul despre Rom\u00e2nia \u015fi rom\u00e2ni, \u00een 13 limbi\/dialecte!","inLanguage":"de"},{"@type":"Person","@id":"https:\/\/www.rri.ro\/#\/schema\/person\/0ed327d40678578e6dbb840527e3ba32","name":"Bogdan Matei","url":"https:\/\/www.rri.ro\/de\/author\/bogdan-matei"}]}},"_links":{"self":[{"href":"https:\/\/www.rri.ro\/de\/wp-json\/wp\/v2\/posts\/460031","targetHints":{"allow":["GET"]}}],"collection":[{"href":"https:\/\/www.rri.ro\/de\/wp-json\/wp\/v2\/posts"}],"about":[{"href":"https:\/\/www.rri.ro\/de\/wp-json\/wp\/v2\/types\/post"}],"author":[{"embeddable":true,"href":"https:\/\/www.rri.ro\/de\/wp-json\/wp\/v2\/users\/105"}],"replies":[{"embeddable":true,"href":"https:\/\/www.rri.ro\/de\/wp-json\/wp\/v2\/comments?post=460031"}],"version-history":[{"count":0,"href":"https:\/\/www.rri.ro\/de\/wp-json\/wp\/v2\/posts\/460031\/revisions"}],"wp:featuredmedia":[{"embeddable":true,"href":"https:\/\/www.rri.ro\/de\/wp-json\/wp\/v2\/media\/70564"}],"wp:attachment":[{"href":"https:\/\/www.rri.ro\/de\/wp-json\/wp\/v2\/media?parent=460031"}],"wp:term":[{"taxonomy":"category","embeddable":true,"href":"https:\/\/www.rri.ro\/de\/wp-json\/wp\/v2\/categories?post=460031"},{"taxonomy":"post_tag","embeddable":true,"href":"https:\/\/www.rri.ro\/de\/wp-json\/wp\/v2\/tags?post=460031"},{"taxonomy":"author","embeddable":true,"href":"https:\/\/www.rri.ro\/de\/wp-json\/wp\/v2\/coauthors?post=460031"}],"curies":[{"name":"wp","href":"https:\/\/api.w.org\/{rel}","templated":true}]}}