{"id":460047,"date":"2016-11-08T17:03:00","date_gmt":"2016-11-08T15:03:00","guid":{"rendered":"http:\/\/devrri.freshlemon.ro\/aktuell\/abgeordnetenkammer-billigt-lohnerhoehungen-im-gesundheits-und-bildungswesen-id460047.html"},"modified":"2024-02-19T20:23:00","modified_gmt":"2024-02-19T18:23:00","slug":"abgeordnetenkammer-billigt-lohnerhoehungen-im-gesundheits-und-bildungswesen","status":"publish","type":"post","link":"https:\/\/www.rri.ro\/de\/aktuell\/rri-aktuell\/abgeordnetenkammer-billigt-lohnerhoehungen-im-gesundheits-und-bildungswesen-id460047.html","title":{"rendered":"Abgeordnetenkammer billigt Lohnerh\u00f6hungen im Gesundheits- und Bildungswesen"},"content":{"rendered":"<p>Die rum\u00e4nischen Parlamentarier haben in ihren letzten Arbeitswochen vor den Wahlen im Dezember die 15% Erh\u00f6hung  der L\u00f6hne f\u00fcr \u00c4rzte und Lehrer gebilligt. Die Lohnerh\u00f6hung soll am 1. Januar 2017 in Kraft treten. Wenn das Gesetz von der Regierung nicht angefochten wird, so wird es dem Pr\u00e4sidenten eingereicht. Klaus Iohannis kann das Gesetz zur \u00dcberpr\u00fcfung zur\u00fcckschicken oder das Verfassungsgericht anrufen. Der rum\u00e4nische Arbeitsminister  Drago\u015f P\u00eeslaru erkl\u00e4rte, die Exekutive erlaube im Gesundheitswesen eine durchschnittliche Lohnerh\u00f6hung um 15% und im Bildungswesen eine um 10%.  Diese sollen aber stufenweise stattfinden. Drago\u015f P\u00eeslaru apellierte an die Verantwortung der Parlamentarier. Seiner Meinung nach k\u00f6nnen die Lohnerh\u00f6hungen nicht aus dem Haushalt gedeckt werden. Es handele ebenfalls um eine Ungleichheit, weil die h\u00f6heren L\u00f6hne mehr als die niedrigen steigen werden.  Drago\u015f P\u00eeslaru dazu:<\/p>\n<p>&#13;<br \/>\n&#13;<\/p>\n<p>&#13;<br \/>\n&#13;<\/p>\n<p><em>\u201cEs geht eigentlich um Sachen, die in den Entgeltgruppen versteckt sind. Die Folgen der im Bericht der Kommission  vorgeschlagenen \u00c4nderungen werden zu einer Polarisierung zwischen die, die ins System einsteigen und die, die sich heute \u00fcber die gr\u00f6\u00dften  Prozentsatzerh\u00f6hungen erfreuen, f\u00fchren. Wer heute einen hohen Lohn hat, der wird mehr bekommen, als derjenige der heute einen niedrigeren Lohn hat.<\/em><\/p>\n<p>&#13;<br \/>\n&#13;<\/p>\n<p>&#13;<br \/>\n&#13;<\/p>\n<p>Der Chef der Sozialdemokraten Liviu Dragnea behauptet, das Geld sei f\u00fcr die Lohnerh\u00f6hungen ausreichend. Man brauche 1,8 &#8211; 1,9 Milliarden. Das Haushaltsdefizit werde die Grenze von 2,8-2,9% nicht \u00fcberschreiten.  Liviu Dragnea dazu:<\/p>\n<p>&#13;<br \/>\n&#13;<\/p>\n<p>&#13;<br \/>\n&#13;<\/p>\n<p> <em class=cms-italic>\u201cDas Haushaltsdefizit liegt derzeit bei 0,4 &#8211; 0,45% vomBIP. Es kann also nicht mehr die 2,8 &#8211; 2,9% erreichen. Die Vorhersage der Prognose-Kommission, die mit einem Wirtschaftswachstum z\u00e4hlt, sorgt f\u00fcr mehr Haushaltseinkommen. Es geht um  14 Milliarden Lei.  Liebe Leute, gebraucht das Geld. Die Menschen sollen nicht mehr niedrigere L\u00f6hne bekommen.<\/em><\/p>\n<p>&#13;<br \/>\n&#13;<\/p>\n<p><em class=cms-italic> <\/em><\/p>\n<p>&#13;<br \/>\n&#13;<\/p>\n<p>Die Liberalen haben die Teilnahme an der Debatte und der Finalabstimmung des Gesetzes abgelehnt. Sie behaupten, der Haushalt decke die Kosten \u00fcberhaupt nicht und dass das Gesetz ein Geschenk jetzt vor den Wahlen sei.  Der Vizevorsitzende der Nationalliberalen Partei, der Abgeordnete Mihai Voicu, hob hervor, die Fachleute analysieren die Argumente, um das Gesetz beim Verfasssungsgericht anzufechten. Eines w\u00e4re, dass das Gesetz in der Abgeordnetenkammer wesentlich ver\u00e4ndert und vom Senat gar nicht analysiert wurde. Mihai Voicu dazu:<\/p>\n<p>&#13;<br \/>\n&#13;<\/p>\n<p>&#13;<br \/>\n&#13;<\/p>\n<p> \u201c<em>Es geht um ein Gesetz, das von der Abgeordnetenkammer wesentlich ver\u00e4ndert wurde. Die Senatoren haben das Recht \u00fcber die \u00c4nderungen zu debattieren. Ich erinnere mich \u00fcberhaupt nicht an einem Gesetz, das vom Verfassungshof unter diesen Bedingungen akzeptiert wurde. Das ist einer der Anfechtungsgr\u00fcnde und unsere Juristen arbeiten daran.<\/em><\/p>\n<p>&#13;<br \/>\n&#13;<\/p>\n<p>&#13;<br \/>\n&#13;<\/p>\n<p>Laut Politkommentatoren gehe es um eine Dekoration im Schaufenster der Partei, die nach den Wahlen aufger\u00e4umt wird. Wahlkampfzeit sei Geschenkezeit. Diese Geschenke werden aber negative Auswirkungen auf das Wirtschaftswachstum und die Investitionen haben.  <\/p>\n<p>&#13;<\/p>\n","protected":false},"excerpt":{"rendered":"<p>Die Liberalen boykottierten die Abstimmung, da sie das Gesetz als wahlpopulistisch bezeichnen.<\/p>\n","protected":false},"author":106,"featured_media":66333,"comment_status":"closed","ping_status":"closed","sticky":false,"template":"","format":"standard","meta":{"_acf_changed":false,"footnotes":""},"categories":[99583],"tags":[100681,103612,99587,100261,137226,29080,103611,99589,101290,99620],"coauthors":[],"class_list":["post-460047","post","type-post","status-publish","format-standard","has-post-thumbnail","hentry","category-rri-aktuell","tag-abgeordnetenkammer","tag-bildung-gesundheit","tag-bukarest","tag-haushalt","tag-klaus-iohannis-de","tag-liviu-dragnea","tag-lohnerhaehung","tag-rumaenien","tag-wahlen","tag-wirtschaftswachstum"],"acf":[],"yoast_head":"<!-- This site is optimized with the Yoast SEO plugin v27.3 - https:\/\/yoast.com\/product\/yoast-seo-wordpress\/ -->\n<title>Abgeordnetenkammer billigt Lohnerh\u00f6hungen im Gesundheits- und Bildungswesen - Radio Rum\u00e4nien International<\/title>\n<meta name=\"robots\" content=\"index, follow, max-snippet:-1, max-image-preview:large, max-video-preview:-1\" \/>\n<link rel=\"canonical\" href=\"https:\/\/www.rri.ro\/de\/aktuell\/rri-aktuell\/abgeordnetenkammer-billigt-lohnerhoehungen-im-gesundheits-und-bildungswesen-id460047.html\" \/>\n<meta property=\"og:locale\" content=\"de_DE\" \/>\n<meta property=\"og:type\" content=\"article\" \/>\n<meta property=\"og:title\" content=\"Abgeordnetenkammer billigt Lohnerh\u00f6hungen im Gesundheits- und Bildungswesen - Radio Rum\u00e4nien International\" \/>\n<meta property=\"og:description\" content=\"Die Liberalen boykottierten die Abstimmung, da sie das Gesetz als wahlpopulistisch bezeichnen.\" \/>\n<meta property=\"og:url\" content=\"https:\/\/www.rri.ro\/de\/aktuell\/rri-aktuell\/abgeordnetenkammer-billigt-lohnerhoehungen-im-gesundheits-und-bildungswesen-id460047.html\" \/>\n<meta property=\"og:site_name\" content=\"Radio Rum\u00e4nien International\" \/>\n<meta property=\"article:published_time\" content=\"2016-11-08T15:03:00+00:00\" \/>\n<meta property=\"article:modified_time\" content=\"2024-02-19T18:23:00+00:00\" \/>\n<meta property=\"og:image\" content=\"https:\/\/www.rri.ro\/wp-content\/uploads\/2023\/10\/bani-lei-640.png\" \/>\n\t<meta property=\"og:image:width\" content=\"640\" \/>\n\t<meta property=\"og:image:height\" content=\"480\" \/>\n\t<meta property=\"og:image:type\" content=\"image\/png\" \/>\n<meta name=\"author\" content=\"Mihai Pelin\" \/>\n<meta name=\"twitter:card\" content=\"summary_large_image\" \/>\n<meta name=\"twitter:label1\" content=\"Verfasst von\" \/>\n\t<meta name=\"twitter:data1\" content=\"Mihai Pelin\" \/>\n\t<meta name=\"twitter:label2\" content=\"Gesch\u00e4tzte Lesezeit\" \/>\n\t<meta name=\"twitter:data2\" content=\"2\u00a0Minuten\" \/>\n\t<meta name=\"twitter:label3\" content=\"Written by\" \/>\n\t<meta name=\"twitter:data3\" content=\"Mihai Pelin\" \/>\n<script type=\"application\/ld+json\" class=\"yoast-schema-graph\">{\"@context\":\"https:\\\/\\\/schema.org\",\"@graph\":[{\"@type\":\"Article\",\"@id\":\"https:\\\/\\\/www.rri.ro\\\/de\\\/aktuell\\\/rri-aktuell\\\/abgeordnetenkammer-billigt-lohnerhoehungen-im-gesundheits-und-bildungswesen-id460047.html#article\",\"isPartOf\":{\"@id\":\"https:\\\/\\\/www.rri.ro\\\/de\\\/aktuell\\\/rri-aktuell\\\/abgeordnetenkammer-billigt-lohnerhoehungen-im-gesundheits-und-bildungswesen-id460047.html\"},\"author\":{\"name\":\"Mihai Pelin\",\"@id\":\"https:\\\/\\\/www.rri.ro\\\/#\\\/schema\\\/person\\\/c6036c822534c855dc3aad41a484f05d\"},\"headline\":\"Abgeordnetenkammer billigt Lohnerh\u00f6hungen im Gesundheits- und Bildungswesen\",\"datePublished\":\"2016-11-08T15:03:00+00:00\",\"dateModified\":\"2024-02-19T18:23:00+00:00\",\"mainEntityOfPage\":{\"@id\":\"https:\\\/\\\/www.rri.ro\\\/de\\\/aktuell\\\/rri-aktuell\\\/abgeordnetenkammer-billigt-lohnerhoehungen-im-gesundheits-und-bildungswesen-id460047.html\"},\"wordCount\":452,\"image\":{\"@id\":\"https:\\\/\\\/www.rri.ro\\\/de\\\/aktuell\\\/rri-aktuell\\\/abgeordnetenkammer-billigt-lohnerhoehungen-im-gesundheits-und-bildungswesen-id460047.html#primaryimage\"},\"thumbnailUrl\":\"https:\\\/\\\/www.rri.ro\\\/wp-content\\\/uploads\\\/2023\\\/10\\\/bani-lei-640.png\",\"keywords\":[\"Abgeordnetenkammer\",\"Bildung. Gesundheit\",\"Bukarest\",\"Haushalt\",\"Klaus Iohannis\",\"Liviu Dragnea\",\"Lohnerh\u00e4hung\",\"Rum\u00e4nien\",\"Wahlen\",\"Wirtschaftswachstum\"],\"articleSection\":[\"RRI Aktuell\"],\"inLanguage\":\"de\"},{\"@type\":\"WebPage\",\"@id\":\"https:\\\/\\\/www.rri.ro\\\/de\\\/aktuell\\\/rri-aktuell\\\/abgeordnetenkammer-billigt-lohnerhoehungen-im-gesundheits-und-bildungswesen-id460047.html\",\"url\":\"https:\\\/\\\/www.rri.ro\\\/de\\\/aktuell\\\/rri-aktuell\\\/abgeordnetenkammer-billigt-lohnerhoehungen-im-gesundheits-und-bildungswesen-id460047.html\",\"name\":\"Abgeordnetenkammer billigt Lohnerh\u00f6hungen im Gesundheits- und Bildungswesen - Radio Rum\u00e4nien International\",\"isPartOf\":{\"@id\":\"https:\\\/\\\/www.rri.ro\\\/#website\"},\"primaryImageOfPage\":{\"@id\":\"https:\\\/\\\/www.rri.ro\\\/de\\\/aktuell\\\/rri-aktuell\\\/abgeordnetenkammer-billigt-lohnerhoehungen-im-gesundheits-und-bildungswesen-id460047.html#primaryimage\"},\"image\":{\"@id\":\"https:\\\/\\\/www.rri.ro\\\/de\\\/aktuell\\\/rri-aktuell\\\/abgeordnetenkammer-billigt-lohnerhoehungen-im-gesundheits-und-bildungswesen-id460047.html#primaryimage\"},\"thumbnailUrl\":\"https:\\\/\\\/www.rri.ro\\\/wp-content\\\/uploads\\\/2023\\\/10\\\/bani-lei-640.png\",\"datePublished\":\"2016-11-08T15:03:00+00:00\",\"dateModified\":\"2024-02-19T18:23:00+00:00\",\"author\":{\"@id\":\"https:\\\/\\\/www.rri.ro\\\/#\\\/schema\\\/person\\\/c6036c822534c855dc3aad41a484f05d\"},\"breadcrumb\":{\"@id\":\"https:\\\/\\\/www.rri.ro\\\/de\\\/aktuell\\\/rri-aktuell\\\/abgeordnetenkammer-billigt-lohnerhoehungen-im-gesundheits-und-bildungswesen-id460047.html#breadcrumb\"},\"inLanguage\":\"de\",\"potentialAction\":[{\"@type\":\"ReadAction\",\"target\":[\"https:\\\/\\\/www.rri.ro\\\/de\\\/aktuell\\\/rri-aktuell\\\/abgeordnetenkammer-billigt-lohnerhoehungen-im-gesundheits-und-bildungswesen-id460047.html\"]}]},{\"@type\":\"ImageObject\",\"inLanguage\":\"de\",\"@id\":\"https:\\\/\\\/www.rri.ro\\\/de\\\/aktuell\\\/rri-aktuell\\\/abgeordnetenkammer-billigt-lohnerhoehungen-im-gesundheits-und-bildungswesen-id460047.html#primaryimage\",\"url\":\"https:\\\/\\\/www.rri.ro\\\/wp-content\\\/uploads\\\/2023\\\/10\\\/bani-lei-640.png\",\"contentUrl\":\"https:\\\/\\\/www.rri.ro\\\/wp-content\\\/uploads\\\/2023\\\/10\\\/bani-lei-640.png\",\"width\":640,\"height\":480},{\"@type\":\"BreadcrumbList\",\"@id\":\"https:\\\/\\\/www.rri.ro\\\/de\\\/aktuell\\\/rri-aktuell\\\/abgeordnetenkammer-billigt-lohnerhoehungen-im-gesundheits-und-bildungswesen-id460047.html#breadcrumb\",\"itemListElement\":[{\"@type\":\"ListItem\",\"position\":1,\"name\":\"Startseite\",\"item\":\"https:\\\/\\\/www.rri.ro\\\/de\"},{\"@type\":\"ListItem\",\"position\":2,\"name\":\"Aktuell\",\"item\":\"https:\\\/\\\/www.rri.ro\\\/de\\\/aktuell\"},{\"@type\":\"ListItem\",\"position\":3,\"name\":\"RRI Aktuell\",\"item\":\"https:\\\/\\\/www.rri.ro\\\/de\\\/aktuell\\\/rri-aktuell\"},{\"@type\":\"ListItem\",\"position\":4,\"name\":\"Abgeordnetenkammer billigt Lohnerh\u00f6hungen im Gesundheits- und Bildungswesen\"}]},{\"@type\":\"WebSite\",\"@id\":\"https:\\\/\\\/www.rri.ro\\\/#website\",\"url\":\"https:\\\/\\\/www.rri.ro\\\/\",\"name\":\"Radio Rum\u00e4nien International\",\"description\":\"Totul despre Rom\u00e2nia \u015fi rom\u00e2ni, \u00een 13 limbi\\\/dialecte!\",\"inLanguage\":\"de\"},{\"@type\":\"Person\",\"@id\":\"https:\\\/\\\/www.rri.ro\\\/#\\\/schema\\\/person\\\/c6036c822534c855dc3aad41a484f05d\",\"name\":\"Mihai Pelin\",\"url\":\"https:\\\/\\\/www.rri.ro\\\/de\\\/author\\\/mihai-pelin\"}]}<\/script>\n<!-- \/ Yoast SEO plugin. -->","yoast_head_json":{"title":"Abgeordnetenkammer billigt Lohnerh\u00f6hungen im Gesundheits- und Bildungswesen - Radio Rum\u00e4nien International","robots":{"index":"index","follow":"follow","max-snippet":"max-snippet:-1","max-image-preview":"max-image-preview:large","max-video-preview":"max-video-preview:-1"},"canonical":"https:\/\/www.rri.ro\/de\/aktuell\/rri-aktuell\/abgeordnetenkammer-billigt-lohnerhoehungen-im-gesundheits-und-bildungswesen-id460047.html","og_locale":"de_DE","og_type":"article","og_title":"Abgeordnetenkammer billigt Lohnerh\u00f6hungen im Gesundheits- und Bildungswesen - Radio Rum\u00e4nien International","og_description":"Die Liberalen boykottierten die Abstimmung, da sie das Gesetz als wahlpopulistisch bezeichnen.","og_url":"https:\/\/www.rri.ro\/de\/aktuell\/rri-aktuell\/abgeordnetenkammer-billigt-lohnerhoehungen-im-gesundheits-und-bildungswesen-id460047.html","og_site_name":"Radio Rum\u00e4nien International","article_published_time":"2016-11-08T15:03:00+00:00","article_modified_time":"2024-02-19T18:23:00+00:00","og_image":[{"width":640,"height":480,"url":"https:\/\/www.rri.ro\/wp-content\/uploads\/2023\/10\/bani-lei-640.png","type":"image\/png"}],"author":"Mihai Pelin","twitter_card":"summary_large_image","twitter_misc":{"Verfasst von":"Mihai Pelin","Gesch\u00e4tzte Lesezeit":"2\u00a0Minuten","Written by":"Mihai Pelin"},"schema":{"@context":"https:\/\/schema.org","@graph":[{"@type":"Article","@id":"https:\/\/www.rri.ro\/de\/aktuell\/rri-aktuell\/abgeordnetenkammer-billigt-lohnerhoehungen-im-gesundheits-und-bildungswesen-id460047.html#article","isPartOf":{"@id":"https:\/\/www.rri.ro\/de\/aktuell\/rri-aktuell\/abgeordnetenkammer-billigt-lohnerhoehungen-im-gesundheits-und-bildungswesen-id460047.html"},"author":{"name":"Mihai Pelin","@id":"https:\/\/www.rri.ro\/#\/schema\/person\/c6036c822534c855dc3aad41a484f05d"},"headline":"Abgeordnetenkammer billigt Lohnerh\u00f6hungen im Gesundheits- und Bildungswesen","datePublished":"2016-11-08T15:03:00+00:00","dateModified":"2024-02-19T18:23:00+00:00","mainEntityOfPage":{"@id":"https:\/\/www.rri.ro\/de\/aktuell\/rri-aktuell\/abgeordnetenkammer-billigt-lohnerhoehungen-im-gesundheits-und-bildungswesen-id460047.html"},"wordCount":452,"image":{"@id":"https:\/\/www.rri.ro\/de\/aktuell\/rri-aktuell\/abgeordnetenkammer-billigt-lohnerhoehungen-im-gesundheits-und-bildungswesen-id460047.html#primaryimage"},"thumbnailUrl":"https:\/\/www.rri.ro\/wp-content\/uploads\/2023\/10\/bani-lei-640.png","keywords":["Abgeordnetenkammer","Bildung. Gesundheit","Bukarest","Haushalt","Klaus Iohannis","Liviu Dragnea","Lohnerh\u00e4hung","Rum\u00e4nien","Wahlen","Wirtschaftswachstum"],"articleSection":["RRI Aktuell"],"inLanguage":"de"},{"@type":"WebPage","@id":"https:\/\/www.rri.ro\/de\/aktuell\/rri-aktuell\/abgeordnetenkammer-billigt-lohnerhoehungen-im-gesundheits-und-bildungswesen-id460047.html","url":"https:\/\/www.rri.ro\/de\/aktuell\/rri-aktuell\/abgeordnetenkammer-billigt-lohnerhoehungen-im-gesundheits-und-bildungswesen-id460047.html","name":"Abgeordnetenkammer billigt Lohnerh\u00f6hungen im Gesundheits- und Bildungswesen - Radio Rum\u00e4nien International","isPartOf":{"@id":"https:\/\/www.rri.ro\/#website"},"primaryImageOfPage":{"@id":"https:\/\/www.rri.ro\/de\/aktuell\/rri-aktuell\/abgeordnetenkammer-billigt-lohnerhoehungen-im-gesundheits-und-bildungswesen-id460047.html#primaryimage"},"image":{"@id":"https:\/\/www.rri.ro\/de\/aktuell\/rri-aktuell\/abgeordnetenkammer-billigt-lohnerhoehungen-im-gesundheits-und-bildungswesen-id460047.html#primaryimage"},"thumbnailUrl":"https:\/\/www.rri.ro\/wp-content\/uploads\/2023\/10\/bani-lei-640.png","datePublished":"2016-11-08T15:03:00+00:00","dateModified":"2024-02-19T18:23:00+00:00","author":{"@id":"https:\/\/www.rri.ro\/#\/schema\/person\/c6036c822534c855dc3aad41a484f05d"},"breadcrumb":{"@id":"https:\/\/www.rri.ro\/de\/aktuell\/rri-aktuell\/abgeordnetenkammer-billigt-lohnerhoehungen-im-gesundheits-und-bildungswesen-id460047.html#breadcrumb"},"inLanguage":"de","potentialAction":[{"@type":"ReadAction","target":["https:\/\/www.rri.ro\/de\/aktuell\/rri-aktuell\/abgeordnetenkammer-billigt-lohnerhoehungen-im-gesundheits-und-bildungswesen-id460047.html"]}]},{"@type":"ImageObject","inLanguage":"de","@id":"https:\/\/www.rri.ro\/de\/aktuell\/rri-aktuell\/abgeordnetenkammer-billigt-lohnerhoehungen-im-gesundheits-und-bildungswesen-id460047.html#primaryimage","url":"https:\/\/www.rri.ro\/wp-content\/uploads\/2023\/10\/bani-lei-640.png","contentUrl":"https:\/\/www.rri.ro\/wp-content\/uploads\/2023\/10\/bani-lei-640.png","width":640,"height":480},{"@type":"BreadcrumbList","@id":"https:\/\/www.rri.ro\/de\/aktuell\/rri-aktuell\/abgeordnetenkammer-billigt-lohnerhoehungen-im-gesundheits-und-bildungswesen-id460047.html#breadcrumb","itemListElement":[{"@type":"ListItem","position":1,"name":"Startseite","item":"https:\/\/www.rri.ro\/de"},{"@type":"ListItem","position":2,"name":"Aktuell","item":"https:\/\/www.rri.ro\/de\/aktuell"},{"@type":"ListItem","position":3,"name":"RRI Aktuell","item":"https:\/\/www.rri.ro\/de\/aktuell\/rri-aktuell"},{"@type":"ListItem","position":4,"name":"Abgeordnetenkammer billigt Lohnerh\u00f6hungen im Gesundheits- und Bildungswesen"}]},{"@type":"WebSite","@id":"https:\/\/www.rri.ro\/#website","url":"https:\/\/www.rri.ro\/","name":"Radio Rum\u00e4nien International","description":"Totul despre Rom\u00e2nia \u015fi rom\u00e2ni, \u00een 13 limbi\/dialecte!","inLanguage":"de"},{"@type":"Person","@id":"https:\/\/www.rri.ro\/#\/schema\/person\/c6036c822534c855dc3aad41a484f05d","name":"Mihai Pelin","url":"https:\/\/www.rri.ro\/de\/author\/mihai-pelin"}]}},"_links":{"self":[{"href":"https:\/\/www.rri.ro\/de\/wp-json\/wp\/v2\/posts\/460047","targetHints":{"allow":["GET"]}}],"collection":[{"href":"https:\/\/www.rri.ro\/de\/wp-json\/wp\/v2\/posts"}],"about":[{"href":"https:\/\/www.rri.ro\/de\/wp-json\/wp\/v2\/types\/post"}],"author":[{"embeddable":true,"href":"https:\/\/www.rri.ro\/de\/wp-json\/wp\/v2\/users\/106"}],"replies":[{"embeddable":true,"href":"https:\/\/www.rri.ro\/de\/wp-json\/wp\/v2\/comments?post=460047"}],"version-history":[{"count":0,"href":"https:\/\/www.rri.ro\/de\/wp-json\/wp\/v2\/posts\/460047\/revisions"}],"wp:featuredmedia":[{"embeddable":true,"href":"https:\/\/www.rri.ro\/de\/wp-json\/wp\/v2\/media\/66333"}],"wp:attachment":[{"href":"https:\/\/www.rri.ro\/de\/wp-json\/wp\/v2\/media?parent=460047"}],"wp:term":[{"taxonomy":"category","embeddable":true,"href":"https:\/\/www.rri.ro\/de\/wp-json\/wp\/v2\/categories?post=460047"},{"taxonomy":"post_tag","embeddable":true,"href":"https:\/\/www.rri.ro\/de\/wp-json\/wp\/v2\/tags?post=460047"},{"taxonomy":"author","embeddable":true,"href":"https:\/\/www.rri.ro\/de\/wp-json\/wp\/v2\/coauthors?post=460047"}],"curies":[{"name":"wp","href":"https:\/\/api.w.org\/{rel}","templated":true}]}}