{"id":460076,"date":"2016-11-23T17:10:00","date_gmt":"2016-11-23T15:10:00","guid":{"rendered":"http:\/\/devrri.freshlemon.ro\/aktuell\/rumaenien-bleibt-ein-strategischer-partner-fuer-die-republik-moldau-id460076.html"},"modified":"2024-02-19T20:23:15","modified_gmt":"2024-02-19T18:23:15","slug":"rumaenien-bleibt-ein-strategischer-partner-fuer-die-republik-moldau","status":"publish","type":"post","link":"https:\/\/www.rri.ro\/de\/aktuell\/rri-aktuell\/rumaenien-bleibt-ein-strategischer-partner-fuer-die-republik-moldau-id460076.html","title":{"rendered":"Rum\u00e4nien bleibt ein strategischer Partner f\u00fcr die Republik Moldau"},"content":{"rendered":"<p>F\u00fcr den sozialistischen und russlandnahen F\u00fchrer der Republik Moldau, Igor Dodon, scheint die N\u00fcchternheit schrittweise den Platz der Euphorie einzunehmen. Nach dem Sieg in der zweiten Runde der Pr\u00e4sidentschaftswahlen vom 13. November l\u00f6sen sich die Wolken des Triumphs auf und der gew\u00e4hlte Pr\u00e4sident schaltet bereits die enormen Wahlversprechen aus der Wahlkampagne nach und nach aus.<\/p>\n<p>&#13;<br \/>\n&#13;<\/p>\n<p>&#13;<br \/>\n&#13;<\/p>\n<p>In einem Interview mit der russischen Presseagentur Interfax, zitiert von den Korrespondenten von Radio Rum\u00e4nien in Chi\u015fin\u0103u, sagt er, dass die Republik Moldau sich derzeit nicht leisten kann, das Assoziierungsabkommen mit der Europ\u00e4ischen Union aufzuk\u00fcndigen. Vor den Wahlen hatte er seinen Anh\u00e4ngern die Aussetzung aller Vereinbarungen mit Br\u00fcssel versprochen, um eine Integration in die Euroasiatische Wirtschaftsunion, Russland-Wei\u200e\u00dfrussland-Kasachstan zu erleichtern.<\/p>\n<p>&#13;<br \/>\n&#13;<\/p>\n<p>&#13;<br \/>\n&#13;<\/p>\n<p>Bewusst dar\u00fcber, dass die H\u00e4lfte der W\u00e4hlerschaft, die f\u00fcr seine Gegenkandidatin, die  proeurop\u00e4ische Reformerin Maia Sandu gestimmt hat, eine derartig brutale Umkehr der Au\u200e\u00dfenpolitik nicht dulden w\u00fcrde, sagt Dodon, dass die Republik keinen ukrainischen Maidan\u201c-Platz n\u00f6tig hat. Er verwies dabei auf die Riesenveranstaltungen, Anfang 2014, die zum Umsturz des moskaunahen Regimes in Kiew und zur Macht\u00fcbernahme durch eine prowestliche Regierung gef\u00fchrt hat.<\/p>\n<p>&#13;<br \/>\n&#13;<\/p>\n<p>&#13;<br \/>\n&#13;<\/p>\n<p>Er verlangt jedoch der Europ\u00e4ischen Union den Freihandel, der im Assoziierungsabkommen vorgesehen ist, durch einen asymmetrischen Handel zu ersetzen. Dieser soll der Republik Moldau erm\u00f6glichen, G\u00fcter in den Binnenmarkt zu exportieren, ohne Zollgeb\u00fchren zu zahlen.<\/p>\n<p>&#13;<br \/>\n&#13;<\/p>\n<p>&#13;<br \/>\n&#13;<\/p>\n<p>Eine einzige Person, sei es auch der Pr\u00e4sident selbst, kann die Beziehung zwischen Rum\u00e4nien und der Republik Moldau nicht grundlegend beeinflussen, war der Meinung am Dienstag der rum\u00e4nische Staatschef, im Rahmen einer Diskussion im nordostrum\u00e4nischen Ia\u015fi, nur 20km von der gemeinsamen Grenze entfernt. Der konsequenteste und energischste Bef\u00fcrworter der europ\u00e4ischen Route des Nachbarstaates, Rum\u00e4nien, bleibt ein strategischer und sehr dynamischer Partner f\u00fcr die Republik Moldau, versprach Iohannis: <em>Ich m\u00f6chte, dass wir die Republik Moldau unterst\u00fctzen und ich m\u00f6chte, dass wird das auf institutionelle Weise tun. Wir haben eine historische Beziehung, wir haben eine Wirtschaftsbeziehung, wir haben Kulturbeziehungen und ich glaube, dass weiterhin die Voraussetzungen f\u00fcr eine sehr gute Zusammenarbeit zwischen rum\u00e4nischen und moldawischen Institutionen bestehen. Es gibt sehr gute Chancen, dass die Wirtschaft der Republik Moldau w\u00e4chst. Dann werden auch die Moldauer sp\u00fcren, was die Ann\u00e4herung an Europa wirklich bedeutet.\u201c<\/em><\/p>\n<p>&#13;<br \/>\n&#13;<\/p>\n<p>&#13;<br \/>\n&#13;<\/p>\n<p>Auch Experten behaupten, dass der neue Pr\u00e4sident der Republik Moldau es nicht leicht haben wird, seine au\u200e\u00dfenpolitischen Verpflichtungen aus der Wahlkampagne einzuhalten. Professor Iulian Chifu, Leiter des Zentrums zur Konfliktvorbeugung <em>Early Warning<\/em> und ehemaliger Pr\u00e4sidentschaftsberater in Bukarest meint, dass die Verfassung einerseits Dodon nicht sehr viele Befugnisse verleiht. Andererseits sind sowohl die von Pavel Filip gef\u00fchrte Regierung, als auch die Mehrheit der Abgeordneten des vor zwei Jahren gew\u00e4hlten Parlaments, zumindest laut den eigenen Aussagen, Bef\u00fcrworter der europ\u00e4ischen Route und keine Nostalgiker der Sowjet\u00e4ra.<\/p>\n<p>&#13;<\/p>\n","protected":false},"excerpt":{"rendered":"<p>Rum\u00e4nien wird ein strategischer und sehr dynamischer Partner der benachbarten Republik Moldau bleiben.\u201c Dieses Versprechen machte erneut Pr\u00e4sident Klaus Iohannis.<\/p>\n","protected":false},"author":105,"featured_media":71028,"comment_status":"closed","ping_status":"closed","sticky":false,"template":"","format":"standard","meta":{"_acf_changed":false,"footnotes":""},"categories":[99583],"tags":[31175,99843,100115],"coauthors":[],"class_list":["post-460076","post","type-post","status-publish","format-standard","has-post-thumbnail","hentry","category-rri-aktuell","tag-igor-dodon","tag-moldawien","tag-republik-moldau"],"acf":[],"yoast_head":"<!-- This site is optimized with the Yoast SEO plugin v27.3 - https:\/\/yoast.com\/product\/yoast-seo-wordpress\/ -->\n<title>Rum\u00e4nien bleibt ein strategischer Partner f\u00fcr die Republik Moldau - Radio Rum\u00e4nien International<\/title>\n<meta name=\"robots\" content=\"index, follow, max-snippet:-1, max-image-preview:large, max-video-preview:-1\" \/>\n<link rel=\"canonical\" href=\"https:\/\/www.rri.ro\/de\/aktuell\/rri-aktuell\/rumaenien-bleibt-ein-strategischer-partner-fuer-die-republik-moldau-id460076.html\" \/>\n<meta property=\"og:locale\" content=\"de_DE\" \/>\n<meta property=\"og:type\" content=\"article\" \/>\n<meta property=\"og:title\" content=\"Rum\u00e4nien bleibt ein strategischer Partner f\u00fcr die Republik Moldau - Radio Rum\u00e4nien International\" \/>\n<meta property=\"og:description\" content=\"Rum\u00e4nien wird ein strategischer und sehr dynamischer Partner der benachbarten Republik Moldau bleiben.\u201c Dieses Versprechen machte erneut Pr\u00e4sident Klaus Iohannis.\" \/>\n<meta property=\"og:url\" content=\"https:\/\/www.rri.ro\/de\/aktuell\/rri-aktuell\/rumaenien-bleibt-ein-strategischer-partner-fuer-die-republik-moldau-id460076.html\" \/>\n<meta property=\"og:site_name\" content=\"Radio Rum\u00e4nien International\" \/>\n<meta property=\"article:published_time\" content=\"2016-11-23T15:10:00+00:00\" \/>\n<meta property=\"article:modified_time\" content=\"2024-02-19T18:23:15+00:00\" \/>\n<meta property=\"og:image\" content=\"https:\/\/www.rri.ro\/wp-content\/uploads\/2023\/10\/iohannis-cotroceni-declaratii.png\" \/>\n\t<meta property=\"og:image:width\" content=\"640\" \/>\n\t<meta property=\"og:image:height\" content=\"480\" \/>\n\t<meta property=\"og:image:type\" content=\"image\/png\" \/>\n<meta name=\"author\" content=\"Bogdan Matei\" \/>\n<meta name=\"twitter:card\" content=\"summary_large_image\" \/>\n<meta name=\"twitter:label1\" content=\"Verfasst von\" \/>\n\t<meta name=\"twitter:data1\" content=\"Bogdan Matei\" \/>\n\t<meta name=\"twitter:label2\" content=\"Gesch\u00e4tzte Lesezeit\" \/>\n\t<meta name=\"twitter:data2\" content=\"2\u00a0Minuten\" \/>\n\t<meta name=\"twitter:label3\" content=\"Written by\" \/>\n\t<meta name=\"twitter:data3\" content=\"Bogdan Matei\" \/>\n<script type=\"application\/ld+json\" class=\"yoast-schema-graph\">{\"@context\":\"https:\\\/\\\/schema.org\",\"@graph\":[{\"@type\":\"Article\",\"@id\":\"https:\\\/\\\/www.rri.ro\\\/de\\\/aktuell\\\/rri-aktuell\\\/rumaenien-bleibt-ein-strategischer-partner-fuer-die-republik-moldau-id460076.html#article\",\"isPartOf\":{\"@id\":\"https:\\\/\\\/www.rri.ro\\\/de\\\/aktuell\\\/rri-aktuell\\\/rumaenien-bleibt-ein-strategischer-partner-fuer-die-republik-moldau-id460076.html\"},\"author\":{\"name\":\"Bogdan Matei\",\"@id\":\"https:\\\/\\\/www.rri.ro\\\/#\\\/schema\\\/person\\\/0ed327d40678578e6dbb840527e3ba32\"},\"headline\":\"Rum\u00e4nien bleibt ein strategischer Partner f\u00fcr die Republik Moldau\",\"datePublished\":\"2016-11-23T15:10:00+00:00\",\"dateModified\":\"2024-02-19T18:23:15+00:00\",\"mainEntityOfPage\":{\"@id\":\"https:\\\/\\\/www.rri.ro\\\/de\\\/aktuell\\\/rri-aktuell\\\/rumaenien-bleibt-ein-strategischer-partner-fuer-die-republik-moldau-id460076.html\"},\"wordCount\":498,\"image\":{\"@id\":\"https:\\\/\\\/www.rri.ro\\\/de\\\/aktuell\\\/rri-aktuell\\\/rumaenien-bleibt-ein-strategischer-partner-fuer-die-republik-moldau-id460076.html#primaryimage\"},\"thumbnailUrl\":\"https:\\\/\\\/www.rri.ro\\\/wp-content\\\/uploads\\\/2023\\\/10\\\/iohannis-cotroceni-declaratii.png\",\"keywords\":[\"Igor Dodon\",\"Moldawien\",\"Republik Moldau\"],\"articleSection\":[\"RRI Aktuell\"],\"inLanguage\":\"de\"},{\"@type\":\"WebPage\",\"@id\":\"https:\\\/\\\/www.rri.ro\\\/de\\\/aktuell\\\/rri-aktuell\\\/rumaenien-bleibt-ein-strategischer-partner-fuer-die-republik-moldau-id460076.html\",\"url\":\"https:\\\/\\\/www.rri.ro\\\/de\\\/aktuell\\\/rri-aktuell\\\/rumaenien-bleibt-ein-strategischer-partner-fuer-die-republik-moldau-id460076.html\",\"name\":\"Rum\u00e4nien bleibt ein strategischer Partner f\u00fcr die Republik Moldau - Radio Rum\u00e4nien International\",\"isPartOf\":{\"@id\":\"https:\\\/\\\/www.rri.ro\\\/#website\"},\"primaryImageOfPage\":{\"@id\":\"https:\\\/\\\/www.rri.ro\\\/de\\\/aktuell\\\/rri-aktuell\\\/rumaenien-bleibt-ein-strategischer-partner-fuer-die-republik-moldau-id460076.html#primaryimage\"},\"image\":{\"@id\":\"https:\\\/\\\/www.rri.ro\\\/de\\\/aktuell\\\/rri-aktuell\\\/rumaenien-bleibt-ein-strategischer-partner-fuer-die-republik-moldau-id460076.html#primaryimage\"},\"thumbnailUrl\":\"https:\\\/\\\/www.rri.ro\\\/wp-content\\\/uploads\\\/2023\\\/10\\\/iohannis-cotroceni-declaratii.png\",\"datePublished\":\"2016-11-23T15:10:00+00:00\",\"dateModified\":\"2024-02-19T18:23:15+00:00\",\"author\":{\"@id\":\"https:\\\/\\\/www.rri.ro\\\/#\\\/schema\\\/person\\\/0ed327d40678578e6dbb840527e3ba32\"},\"breadcrumb\":{\"@id\":\"https:\\\/\\\/www.rri.ro\\\/de\\\/aktuell\\\/rri-aktuell\\\/rumaenien-bleibt-ein-strategischer-partner-fuer-die-republik-moldau-id460076.html#breadcrumb\"},\"inLanguage\":\"de\",\"potentialAction\":[{\"@type\":\"ReadAction\",\"target\":[\"https:\\\/\\\/www.rri.ro\\\/de\\\/aktuell\\\/rri-aktuell\\\/rumaenien-bleibt-ein-strategischer-partner-fuer-die-republik-moldau-id460076.html\"]}]},{\"@type\":\"ImageObject\",\"inLanguage\":\"de\",\"@id\":\"https:\\\/\\\/www.rri.ro\\\/de\\\/aktuell\\\/rri-aktuell\\\/rumaenien-bleibt-ein-strategischer-partner-fuer-die-republik-moldau-id460076.html#primaryimage\",\"url\":\"https:\\\/\\\/www.rri.ro\\\/wp-content\\\/uploads\\\/2023\\\/10\\\/iohannis-cotroceni-declaratii.png\",\"contentUrl\":\"https:\\\/\\\/www.rri.ro\\\/wp-content\\\/uploads\\\/2023\\\/10\\\/iohannis-cotroceni-declaratii.png\",\"width\":640,\"height\":480},{\"@type\":\"BreadcrumbList\",\"@id\":\"https:\\\/\\\/www.rri.ro\\\/de\\\/aktuell\\\/rri-aktuell\\\/rumaenien-bleibt-ein-strategischer-partner-fuer-die-republik-moldau-id460076.html#breadcrumb\",\"itemListElement\":[{\"@type\":\"ListItem\",\"position\":1,\"name\":\"Startseite\",\"item\":\"https:\\\/\\\/www.rri.ro\\\/de\"},{\"@type\":\"ListItem\",\"position\":2,\"name\":\"Aktuell\",\"item\":\"https:\\\/\\\/www.rri.ro\\\/de\\\/aktuell\"},{\"@type\":\"ListItem\",\"position\":3,\"name\":\"RRI Aktuell\",\"item\":\"https:\\\/\\\/www.rri.ro\\\/de\\\/aktuell\\\/rri-aktuell\"},{\"@type\":\"ListItem\",\"position\":4,\"name\":\"Rum\u00e4nien bleibt ein strategischer Partner f\u00fcr die Republik Moldau\"}]},{\"@type\":\"WebSite\",\"@id\":\"https:\\\/\\\/www.rri.ro\\\/#website\",\"url\":\"https:\\\/\\\/www.rri.ro\\\/\",\"name\":\"Radio Rum\u00e4nien International\",\"description\":\"Totul despre Rom\u00e2nia \u015fi rom\u00e2ni, \u00een 13 limbi\\\/dialecte!\",\"inLanguage\":\"de\"},{\"@type\":\"Person\",\"@id\":\"https:\\\/\\\/www.rri.ro\\\/#\\\/schema\\\/person\\\/0ed327d40678578e6dbb840527e3ba32\",\"name\":\"Bogdan Matei\",\"url\":\"https:\\\/\\\/www.rri.ro\\\/de\\\/author\\\/bogdan-matei\"}]}<\/script>\n<!-- \/ Yoast SEO plugin. -->","yoast_head_json":{"title":"Rum\u00e4nien bleibt ein strategischer Partner f\u00fcr die Republik Moldau - Radio Rum\u00e4nien International","robots":{"index":"index","follow":"follow","max-snippet":"max-snippet:-1","max-image-preview":"max-image-preview:large","max-video-preview":"max-video-preview:-1"},"canonical":"https:\/\/www.rri.ro\/de\/aktuell\/rri-aktuell\/rumaenien-bleibt-ein-strategischer-partner-fuer-die-republik-moldau-id460076.html","og_locale":"de_DE","og_type":"article","og_title":"Rum\u00e4nien bleibt ein strategischer Partner f\u00fcr die Republik Moldau - Radio Rum\u00e4nien International","og_description":"Rum\u00e4nien wird ein strategischer und sehr dynamischer Partner der benachbarten Republik Moldau bleiben.\u201c Dieses Versprechen machte erneut Pr\u00e4sident Klaus Iohannis.","og_url":"https:\/\/www.rri.ro\/de\/aktuell\/rri-aktuell\/rumaenien-bleibt-ein-strategischer-partner-fuer-die-republik-moldau-id460076.html","og_site_name":"Radio Rum\u00e4nien International","article_published_time":"2016-11-23T15:10:00+00:00","article_modified_time":"2024-02-19T18:23:15+00:00","og_image":[{"width":640,"height":480,"url":"https:\/\/www.rri.ro\/wp-content\/uploads\/2023\/10\/iohannis-cotroceni-declaratii.png","type":"image\/png"}],"author":"Bogdan Matei","twitter_card":"summary_large_image","twitter_misc":{"Verfasst von":"Bogdan Matei","Gesch\u00e4tzte Lesezeit":"2\u00a0Minuten","Written by":"Bogdan Matei"},"schema":{"@context":"https:\/\/schema.org","@graph":[{"@type":"Article","@id":"https:\/\/www.rri.ro\/de\/aktuell\/rri-aktuell\/rumaenien-bleibt-ein-strategischer-partner-fuer-die-republik-moldau-id460076.html#article","isPartOf":{"@id":"https:\/\/www.rri.ro\/de\/aktuell\/rri-aktuell\/rumaenien-bleibt-ein-strategischer-partner-fuer-die-republik-moldau-id460076.html"},"author":{"name":"Bogdan Matei","@id":"https:\/\/www.rri.ro\/#\/schema\/person\/0ed327d40678578e6dbb840527e3ba32"},"headline":"Rum\u00e4nien bleibt ein strategischer Partner f\u00fcr die Republik Moldau","datePublished":"2016-11-23T15:10:00+00:00","dateModified":"2024-02-19T18:23:15+00:00","mainEntityOfPage":{"@id":"https:\/\/www.rri.ro\/de\/aktuell\/rri-aktuell\/rumaenien-bleibt-ein-strategischer-partner-fuer-die-republik-moldau-id460076.html"},"wordCount":498,"image":{"@id":"https:\/\/www.rri.ro\/de\/aktuell\/rri-aktuell\/rumaenien-bleibt-ein-strategischer-partner-fuer-die-republik-moldau-id460076.html#primaryimage"},"thumbnailUrl":"https:\/\/www.rri.ro\/wp-content\/uploads\/2023\/10\/iohannis-cotroceni-declaratii.png","keywords":["Igor Dodon","Moldawien","Republik Moldau"],"articleSection":["RRI Aktuell"],"inLanguage":"de"},{"@type":"WebPage","@id":"https:\/\/www.rri.ro\/de\/aktuell\/rri-aktuell\/rumaenien-bleibt-ein-strategischer-partner-fuer-die-republik-moldau-id460076.html","url":"https:\/\/www.rri.ro\/de\/aktuell\/rri-aktuell\/rumaenien-bleibt-ein-strategischer-partner-fuer-die-republik-moldau-id460076.html","name":"Rum\u00e4nien bleibt ein strategischer Partner f\u00fcr die Republik Moldau - Radio Rum\u00e4nien International","isPartOf":{"@id":"https:\/\/www.rri.ro\/#website"},"primaryImageOfPage":{"@id":"https:\/\/www.rri.ro\/de\/aktuell\/rri-aktuell\/rumaenien-bleibt-ein-strategischer-partner-fuer-die-republik-moldau-id460076.html#primaryimage"},"image":{"@id":"https:\/\/www.rri.ro\/de\/aktuell\/rri-aktuell\/rumaenien-bleibt-ein-strategischer-partner-fuer-die-republik-moldau-id460076.html#primaryimage"},"thumbnailUrl":"https:\/\/www.rri.ro\/wp-content\/uploads\/2023\/10\/iohannis-cotroceni-declaratii.png","datePublished":"2016-11-23T15:10:00+00:00","dateModified":"2024-02-19T18:23:15+00:00","author":{"@id":"https:\/\/www.rri.ro\/#\/schema\/person\/0ed327d40678578e6dbb840527e3ba32"},"breadcrumb":{"@id":"https:\/\/www.rri.ro\/de\/aktuell\/rri-aktuell\/rumaenien-bleibt-ein-strategischer-partner-fuer-die-republik-moldau-id460076.html#breadcrumb"},"inLanguage":"de","potentialAction":[{"@type":"ReadAction","target":["https:\/\/www.rri.ro\/de\/aktuell\/rri-aktuell\/rumaenien-bleibt-ein-strategischer-partner-fuer-die-republik-moldau-id460076.html"]}]},{"@type":"ImageObject","inLanguage":"de","@id":"https:\/\/www.rri.ro\/de\/aktuell\/rri-aktuell\/rumaenien-bleibt-ein-strategischer-partner-fuer-die-republik-moldau-id460076.html#primaryimage","url":"https:\/\/www.rri.ro\/wp-content\/uploads\/2023\/10\/iohannis-cotroceni-declaratii.png","contentUrl":"https:\/\/www.rri.ro\/wp-content\/uploads\/2023\/10\/iohannis-cotroceni-declaratii.png","width":640,"height":480},{"@type":"BreadcrumbList","@id":"https:\/\/www.rri.ro\/de\/aktuell\/rri-aktuell\/rumaenien-bleibt-ein-strategischer-partner-fuer-die-republik-moldau-id460076.html#breadcrumb","itemListElement":[{"@type":"ListItem","position":1,"name":"Startseite","item":"https:\/\/www.rri.ro\/de"},{"@type":"ListItem","position":2,"name":"Aktuell","item":"https:\/\/www.rri.ro\/de\/aktuell"},{"@type":"ListItem","position":3,"name":"RRI Aktuell","item":"https:\/\/www.rri.ro\/de\/aktuell\/rri-aktuell"},{"@type":"ListItem","position":4,"name":"Rum\u00e4nien bleibt ein strategischer Partner f\u00fcr die Republik Moldau"}]},{"@type":"WebSite","@id":"https:\/\/www.rri.ro\/#website","url":"https:\/\/www.rri.ro\/","name":"Radio Rum\u00e4nien International","description":"Totul despre Rom\u00e2nia \u015fi rom\u00e2ni, \u00een 13 limbi\/dialecte!","inLanguage":"de"},{"@type":"Person","@id":"https:\/\/www.rri.ro\/#\/schema\/person\/0ed327d40678578e6dbb840527e3ba32","name":"Bogdan Matei","url":"https:\/\/www.rri.ro\/de\/author\/bogdan-matei"}]}},"_links":{"self":[{"href":"https:\/\/www.rri.ro\/de\/wp-json\/wp\/v2\/posts\/460076","targetHints":{"allow":["GET"]}}],"collection":[{"href":"https:\/\/www.rri.ro\/de\/wp-json\/wp\/v2\/posts"}],"about":[{"href":"https:\/\/www.rri.ro\/de\/wp-json\/wp\/v2\/types\/post"}],"author":[{"embeddable":true,"href":"https:\/\/www.rri.ro\/de\/wp-json\/wp\/v2\/users\/105"}],"replies":[{"embeddable":true,"href":"https:\/\/www.rri.ro\/de\/wp-json\/wp\/v2\/comments?post=460076"}],"version-history":[{"count":0,"href":"https:\/\/www.rri.ro\/de\/wp-json\/wp\/v2\/posts\/460076\/revisions"}],"wp:featuredmedia":[{"embeddable":true,"href":"https:\/\/www.rri.ro\/de\/wp-json\/wp\/v2\/media\/71028"}],"wp:attachment":[{"href":"https:\/\/www.rri.ro\/de\/wp-json\/wp\/v2\/media?parent=460076"}],"wp:term":[{"taxonomy":"category","embeddable":true,"href":"https:\/\/www.rri.ro\/de\/wp-json\/wp\/v2\/categories?post=460076"},{"taxonomy":"post_tag","embeddable":true,"href":"https:\/\/www.rri.ro\/de\/wp-json\/wp\/v2\/tags?post=460076"},{"taxonomy":"author","embeddable":true,"href":"https:\/\/www.rri.ro\/de\/wp-json\/wp\/v2\/coauthors?post=460076"}],"curies":[{"name":"wp","href":"https:\/\/api.w.org\/{rel}","templated":true}]}}