{"id":460107,"date":"2016-12-27T16:54:00","date_gmt":"2016-12-27T14:54:00","guid":{"rendered":"http:\/\/devrri.freshlemon.ro\/aktuell\/moldauischer-praesident-dodon-provoziert-rumaenien-und-die-eu-id460107.html"},"modified":"2024-02-19T20:23:41","modified_gmt":"2024-02-19T18:23:41","slug":"moldauischer-praesident-dodon-provoziert-rumaenien-und-die-eu","status":"publish","type":"post","link":"https:\/\/www.rri.ro\/de\/aktuell\/rri-aktuell\/moldauischer-praesident-dodon-provoziert-rumaenien-und-die-eu-id460107.html","title":{"rendered":"Moldauischer Pr\u00e4sident Dodon provoziert Rum\u00e4nien und die EU"},"content":{"rendered":"<p>F\u00fcr Rum\u00e4nien hat er wenig \u00fcbrig, das verheimlichte der Sozialist und Russlandfreund Igor Dodon nie. Nach seinem Amtsantritt am letzten Freitag z\u00f6gerte er keinen Augenblick mit der Umsetzung seiner Wahlkampfideen. Zuerst verschwand auf der Webseite des moldauischen Pr\u00e4sidialamts der Knopf, der zum Inhalt in \u201crum\u00e4nischer Sprache\u201d f\u00fchrt. Statt dessen steht jetzt auf dem Button \u201cmoldauische Sprache\u201d. Der sprachwissenschaftliche Streit Moldauisch versus Rum\u00e4nisch ist \u00e4lter, war allerdings schon 2013 von dem Verfassungsgericht entschieden worden &#8212; die Richter befanden, dass der Text der Unabh\u00e4ngigkeitserkl\u00e4rung von 1991, in dem explizit auf die rum\u00e4nische Sprache Bezug genommen wird, Vorrang vor der Verfassung hat, wo \u00fcber Moldauisch die Rede ist. F\u00fcr Sprachwissenschaftler war es sowieso kein Thema, dass Moldauisch keine Sprache ist und dass linksseits des Pruth-Flusses Rum\u00e4nisch gesprochen wird.<\/p>\n<p>&#13;<br \/>\n&#13;<\/p>\n<p>&#13;<br \/>\n&#13;<\/p>\n<p>Als zweite Amtshandlung lie\u200e\u00df Dodon die Flagge der EU aus dem Pr\u00e4sidialamt entfernen. Auch das hatte er angek\u00fcndigt. Im Wahlkampf sprach er sich eindeutig f\u00fcr eine Neuverhandlung der Beziehungen zwischen Moldau und Br\u00fcssel aus. Ihm schwebt vor allem die Ersetzung des im Aosszierungsabkommen vorgesehen freien Handels durch einen einseitig g\u00fcnstigen Vertrag vor &#8212; demnach soll die Moldau zollfrei Waren in die EU exportieren d\u00fcrfen.<\/p>\n<p>&#13;<br \/>\n&#13;<\/p>\n<p>&#13;<br \/>\n&#13;<\/p>\n<p>Der neue moldauische Pr\u00e4sident macht sich hingegen f\u00fcr einen Beitritt des Landes zum Eurasischen Wirtschaftsverbund zwischen Russland-Belarus-Kasachstan stark. Auch generell will er einen moskaufreundlicheren Kurs. F\u00fcr Kommentatoren in Chi\u015fin\u0103u bedeuten die Ma\u200e\u00dfnahmen, dass die Rum\u00e4nien- und EU-Feindschaft keine reine Wahlkampfrethorik waren. Das ist auch die Meinung des Experten Vlad \u0162urcanu, der Dodons Vorg\u00e4nger Nicolae Timofti beraten hat:<\/p>\n<p>&#13;<br \/>\n&#13;<\/p>\n<p>&#13;<br \/>\n&#13;<\/p>\n<p>\u201c<strong>Er scheint die Geduld eines bedeutenden Teils der Gesellschaft auf die Probe zu stellen, der die europ\u00e4ische Integration will. Es sind Menschen, denen auch Rum\u00e4nien am Herz liegt. F\u00fcr  sie  hat Igor Dodon Verachtung \u00fcbrig: es ist, als ob sie nicht seine Mitb\u00fcrger w\u00e4ren. Er zeigt so seine rachs\u00fcchtige Seite, er scheint uns zeigen zu wollen, was wir denken und wie wir handeln m\u00fcssten\u201d, so Turcanu. <\/strong><\/p>\n<p>&#13;<br \/>\n&#13;<\/p>\n<p>&#13;<br \/>\n&#13;<\/p>\n<p>Rum\u00e4nien bleibt gelassen. Wie der rum\u00e4nische Botschafter in Chi\u015fin\u0103u, Daniel Ioni\u0163\u0103, und die dortige Bildungsministerin Corina Fusu vereinbarten, soll die Anzahl der Studienstipendien f\u00fcr junge Moldauer bis 2019 sogar steigen. Letzte Woche fand Dodon strenge Worte f\u00fcr die Tatsache, dass Rum\u00e4nien diese Stipendien anbietet &#8212; es sei eine Politik der Rum\u00e4nisierung, fand er.<\/p>\n<p>&#13;<\/p>\n","protected":false},"excerpt":{"rendered":"<p>Schon im Wahlkampf machte der neue Pr\u00e4sident der Republik Moldau Igor Dodon keinen Hehl aus seiner nicht gerade freundlichen Einstellung gegen\u00fcber Rum\u00e4nien \u2013 und kaum hat er sein Amt angetreten, l\u00e4sst er seinen Gef\u00fchlen freien Lauf.<\/p>\n","protected":false},"author":112,"featured_media":71393,"comment_status":"closed","ping_status":"closed","sticky":false,"template":"","format":"standard","meta":{"_acf_changed":false,"footnotes":""},"categories":[99583],"tags":[31165,29120,100576,99589],"coauthors":[],"class_list":["post-460107","post","type-post","status-publish","format-standard","has-post-thumbnail","hentry","category-rri-aktuell","tag-dodon","tag-eu","tag-moldau","tag-rumaenien"],"acf":[],"yoast_head":"<!-- This site is optimized with the Yoast SEO plugin v27.3 - https:\/\/yoast.com\/product\/yoast-seo-wordpress\/ -->\n<title>Moldauischer Pr\u00e4sident Dodon provoziert Rum\u00e4nien und die EU - Radio Rum\u00e4nien International<\/title>\n<meta name=\"robots\" content=\"index, follow, max-snippet:-1, max-image-preview:large, max-video-preview:-1\" \/>\n<link rel=\"canonical\" href=\"https:\/\/www.rri.ro\/de\/aktuell\/rri-aktuell\/moldauischer-praesident-dodon-provoziert-rumaenien-und-die-eu-id460107.html\" \/>\n<meta property=\"og:locale\" content=\"de_DE\" \/>\n<meta property=\"og:type\" content=\"article\" \/>\n<meta property=\"og:title\" content=\"Moldauischer Pr\u00e4sident Dodon provoziert Rum\u00e4nien und die EU - Radio Rum\u00e4nien International\" \/>\n<meta property=\"og:description\" content=\"Schon im Wahlkampf machte der neue Pr\u00e4sident der Republik Moldau Igor Dodon keinen Hehl aus seiner nicht gerade freundlichen Einstellung gegen\u00fcber Rum\u00e4nien \u2013 und kaum hat er sein Amt angetreten, l\u00e4sst er seinen Gef\u00fchlen freien Lauf.\" \/>\n<meta property=\"og:url\" content=\"https:\/\/www.rri.ro\/de\/aktuell\/rri-aktuell\/moldauischer-praesident-dodon-provoziert-rumaenien-und-die-eu-id460107.html\" \/>\n<meta property=\"og:site_name\" content=\"Radio Rum\u00e4nien International\" \/>\n<meta property=\"article:published_time\" content=\"2016-12-27T14:54:00+00:00\" \/>\n<meta property=\"article:modified_time\" content=\"2024-02-19T18:23:41+00:00\" \/>\n<meta property=\"og:image\" content=\"https:\/\/www.rri.ro\/wp-content\/uploads\/2023\/10\/igor-dodon-alegeri.jpg\" \/>\n\t<meta property=\"og:image:width\" content=\"640\" \/>\n\t<meta property=\"og:image:height\" content=\"480\" \/>\n\t<meta property=\"og:image:type\" content=\"image\/png\" \/>\n<meta name=\"author\" content=\"Florentin C\u0103pit\u0103nescu\" \/>\n<meta name=\"twitter:card\" content=\"summary_large_image\" \/>\n<meta name=\"twitter:label1\" content=\"Verfasst von\" \/>\n\t<meta name=\"twitter:data1\" content=\"Florentin C\u0103pit\u0103nescu\" \/>\n\t<meta name=\"twitter:label2\" content=\"Gesch\u00e4tzte Lesezeit\" \/>\n\t<meta name=\"twitter:data2\" content=\"2\u00a0Minuten\" \/>\n\t<meta name=\"twitter:label3\" content=\"Written by\" \/>\n\t<meta name=\"twitter:data3\" content=\"Florentin C\u0103pit\u0103nescu\" \/>\n<script type=\"application\/ld+json\" class=\"yoast-schema-graph\">{\"@context\":\"https:\\\/\\\/schema.org\",\"@graph\":[{\"@type\":\"Article\",\"@id\":\"https:\\\/\\\/www.rri.ro\\\/de\\\/aktuell\\\/rri-aktuell\\\/moldauischer-praesident-dodon-provoziert-rumaenien-und-die-eu-id460107.html#article\",\"isPartOf\":{\"@id\":\"https:\\\/\\\/www.rri.ro\\\/de\\\/aktuell\\\/rri-aktuell\\\/moldauischer-praesident-dodon-provoziert-rumaenien-und-die-eu-id460107.html\"},\"author\":{\"name\":\"Florentin C\u0103pit\u0103nescu\",\"@id\":\"https:\\\/\\\/www.rri.ro\\\/#\\\/schema\\\/person\\\/430739eeb293f73734db2c6703951289\"},\"headline\":\"Moldauischer Pr\u00e4sident Dodon provoziert Rum\u00e4nien und die EU\",\"datePublished\":\"2016-12-27T14:54:00+00:00\",\"dateModified\":\"2024-02-19T18:23:41+00:00\",\"mainEntityOfPage\":{\"@id\":\"https:\\\/\\\/www.rri.ro\\\/de\\\/aktuell\\\/rri-aktuell\\\/moldauischer-praesident-dodon-provoziert-rumaenien-und-die-eu-id460107.html\"},\"wordCount\":413,\"image\":{\"@id\":\"https:\\\/\\\/www.rri.ro\\\/de\\\/aktuell\\\/rri-aktuell\\\/moldauischer-praesident-dodon-provoziert-rumaenien-und-die-eu-id460107.html#primaryimage\"},\"thumbnailUrl\":\"https:\\\/\\\/www.rri.ro\\\/wp-content\\\/uploads\\\/2023\\\/10\\\/igor-dodon-alegeri.jpg\",\"keywords\":[\"Dodon\",\"EU\",\"Moldau\",\"Rum\u00e4nien\"],\"articleSection\":[\"RRI Aktuell\"],\"inLanguage\":\"de\"},{\"@type\":\"WebPage\",\"@id\":\"https:\\\/\\\/www.rri.ro\\\/de\\\/aktuell\\\/rri-aktuell\\\/moldauischer-praesident-dodon-provoziert-rumaenien-und-die-eu-id460107.html\",\"url\":\"https:\\\/\\\/www.rri.ro\\\/de\\\/aktuell\\\/rri-aktuell\\\/moldauischer-praesident-dodon-provoziert-rumaenien-und-die-eu-id460107.html\",\"name\":\"Moldauischer Pr\u00e4sident Dodon provoziert Rum\u00e4nien und die EU - Radio Rum\u00e4nien International\",\"isPartOf\":{\"@id\":\"https:\\\/\\\/www.rri.ro\\\/#website\"},\"primaryImageOfPage\":{\"@id\":\"https:\\\/\\\/www.rri.ro\\\/de\\\/aktuell\\\/rri-aktuell\\\/moldauischer-praesident-dodon-provoziert-rumaenien-und-die-eu-id460107.html#primaryimage\"},\"image\":{\"@id\":\"https:\\\/\\\/www.rri.ro\\\/de\\\/aktuell\\\/rri-aktuell\\\/moldauischer-praesident-dodon-provoziert-rumaenien-und-die-eu-id460107.html#primaryimage\"},\"thumbnailUrl\":\"https:\\\/\\\/www.rri.ro\\\/wp-content\\\/uploads\\\/2023\\\/10\\\/igor-dodon-alegeri.jpg\",\"datePublished\":\"2016-12-27T14:54:00+00:00\",\"dateModified\":\"2024-02-19T18:23:41+00:00\",\"author\":{\"@id\":\"https:\\\/\\\/www.rri.ro\\\/#\\\/schema\\\/person\\\/430739eeb293f73734db2c6703951289\"},\"breadcrumb\":{\"@id\":\"https:\\\/\\\/www.rri.ro\\\/de\\\/aktuell\\\/rri-aktuell\\\/moldauischer-praesident-dodon-provoziert-rumaenien-und-die-eu-id460107.html#breadcrumb\"},\"inLanguage\":\"de\",\"potentialAction\":[{\"@type\":\"ReadAction\",\"target\":[\"https:\\\/\\\/www.rri.ro\\\/de\\\/aktuell\\\/rri-aktuell\\\/moldauischer-praesident-dodon-provoziert-rumaenien-und-die-eu-id460107.html\"]}]},{\"@type\":\"ImageObject\",\"inLanguage\":\"de\",\"@id\":\"https:\\\/\\\/www.rri.ro\\\/de\\\/aktuell\\\/rri-aktuell\\\/moldauischer-praesident-dodon-provoziert-rumaenien-und-die-eu-id460107.html#primaryimage\",\"url\":\"https:\\\/\\\/www.rri.ro\\\/wp-content\\\/uploads\\\/2023\\\/10\\\/igor-dodon-alegeri.jpg\",\"contentUrl\":\"https:\\\/\\\/www.rri.ro\\\/wp-content\\\/uploads\\\/2023\\\/10\\\/igor-dodon-alegeri.jpg\",\"width\":640,\"height\":480},{\"@type\":\"BreadcrumbList\",\"@id\":\"https:\\\/\\\/www.rri.ro\\\/de\\\/aktuell\\\/rri-aktuell\\\/moldauischer-praesident-dodon-provoziert-rumaenien-und-die-eu-id460107.html#breadcrumb\",\"itemListElement\":[{\"@type\":\"ListItem\",\"position\":1,\"name\":\"Startseite\",\"item\":\"https:\\\/\\\/www.rri.ro\\\/de\"},{\"@type\":\"ListItem\",\"position\":2,\"name\":\"Aktuell\",\"item\":\"https:\\\/\\\/www.rri.ro\\\/de\\\/aktuell\"},{\"@type\":\"ListItem\",\"position\":3,\"name\":\"RRI Aktuell\",\"item\":\"https:\\\/\\\/www.rri.ro\\\/de\\\/aktuell\\\/rri-aktuell\"},{\"@type\":\"ListItem\",\"position\":4,\"name\":\"Moldauischer Pr\u00e4sident Dodon provoziert Rum\u00e4nien und die EU\"}]},{\"@type\":\"WebSite\",\"@id\":\"https:\\\/\\\/www.rri.ro\\\/#website\",\"url\":\"https:\\\/\\\/www.rri.ro\\\/\",\"name\":\"Radio Rum\u00e4nien International\",\"description\":\"Totul despre Rom\u00e2nia \u015fi rom\u00e2ni, \u00een 13 limbi\\\/dialecte!\",\"inLanguage\":\"de\"},{\"@type\":\"Person\",\"@id\":\"https:\\\/\\\/www.rri.ro\\\/#\\\/schema\\\/person\\\/430739eeb293f73734db2c6703951289\",\"name\":\"Florentin C\u0103pit\u0103nescu\",\"url\":\"https:\\\/\\\/www.rri.ro\\\/de\\\/author\\\/florentin-capitanescu\"}]}<\/script>\n<!-- \/ Yoast SEO plugin. -->","yoast_head_json":{"title":"Moldauischer Pr\u00e4sident Dodon provoziert Rum\u00e4nien und die EU - Radio Rum\u00e4nien International","robots":{"index":"index","follow":"follow","max-snippet":"max-snippet:-1","max-image-preview":"max-image-preview:large","max-video-preview":"max-video-preview:-1"},"canonical":"https:\/\/www.rri.ro\/de\/aktuell\/rri-aktuell\/moldauischer-praesident-dodon-provoziert-rumaenien-und-die-eu-id460107.html","og_locale":"de_DE","og_type":"article","og_title":"Moldauischer Pr\u00e4sident Dodon provoziert Rum\u00e4nien und die EU - Radio Rum\u00e4nien International","og_description":"Schon im Wahlkampf machte der neue Pr\u00e4sident der Republik Moldau Igor Dodon keinen Hehl aus seiner nicht gerade freundlichen Einstellung gegen\u00fcber Rum\u00e4nien \u2013 und kaum hat er sein Amt angetreten, l\u00e4sst er seinen Gef\u00fchlen freien Lauf.","og_url":"https:\/\/www.rri.ro\/de\/aktuell\/rri-aktuell\/moldauischer-praesident-dodon-provoziert-rumaenien-und-die-eu-id460107.html","og_site_name":"Radio Rum\u00e4nien International","article_published_time":"2016-12-27T14:54:00+00:00","article_modified_time":"2024-02-19T18:23:41+00:00","og_image":[{"width":640,"height":480,"url":"https:\/\/www.rri.ro\/wp-content\/uploads\/2023\/10\/igor-dodon-alegeri.jpg","type":"image\/png"}],"author":"Florentin C\u0103pit\u0103nescu","twitter_card":"summary_large_image","twitter_misc":{"Verfasst von":"Florentin C\u0103pit\u0103nescu","Gesch\u00e4tzte Lesezeit":"2\u00a0Minuten","Written by":"Florentin C\u0103pit\u0103nescu"},"schema":{"@context":"https:\/\/schema.org","@graph":[{"@type":"Article","@id":"https:\/\/www.rri.ro\/de\/aktuell\/rri-aktuell\/moldauischer-praesident-dodon-provoziert-rumaenien-und-die-eu-id460107.html#article","isPartOf":{"@id":"https:\/\/www.rri.ro\/de\/aktuell\/rri-aktuell\/moldauischer-praesident-dodon-provoziert-rumaenien-und-die-eu-id460107.html"},"author":{"name":"Florentin C\u0103pit\u0103nescu","@id":"https:\/\/www.rri.ro\/#\/schema\/person\/430739eeb293f73734db2c6703951289"},"headline":"Moldauischer Pr\u00e4sident Dodon provoziert Rum\u00e4nien und die EU","datePublished":"2016-12-27T14:54:00+00:00","dateModified":"2024-02-19T18:23:41+00:00","mainEntityOfPage":{"@id":"https:\/\/www.rri.ro\/de\/aktuell\/rri-aktuell\/moldauischer-praesident-dodon-provoziert-rumaenien-und-die-eu-id460107.html"},"wordCount":413,"image":{"@id":"https:\/\/www.rri.ro\/de\/aktuell\/rri-aktuell\/moldauischer-praesident-dodon-provoziert-rumaenien-und-die-eu-id460107.html#primaryimage"},"thumbnailUrl":"https:\/\/www.rri.ro\/wp-content\/uploads\/2023\/10\/igor-dodon-alegeri.jpg","keywords":["Dodon","EU","Moldau","Rum\u00e4nien"],"articleSection":["RRI Aktuell"],"inLanguage":"de"},{"@type":"WebPage","@id":"https:\/\/www.rri.ro\/de\/aktuell\/rri-aktuell\/moldauischer-praesident-dodon-provoziert-rumaenien-und-die-eu-id460107.html","url":"https:\/\/www.rri.ro\/de\/aktuell\/rri-aktuell\/moldauischer-praesident-dodon-provoziert-rumaenien-und-die-eu-id460107.html","name":"Moldauischer Pr\u00e4sident Dodon provoziert Rum\u00e4nien und die EU - Radio Rum\u00e4nien International","isPartOf":{"@id":"https:\/\/www.rri.ro\/#website"},"primaryImageOfPage":{"@id":"https:\/\/www.rri.ro\/de\/aktuell\/rri-aktuell\/moldauischer-praesident-dodon-provoziert-rumaenien-und-die-eu-id460107.html#primaryimage"},"image":{"@id":"https:\/\/www.rri.ro\/de\/aktuell\/rri-aktuell\/moldauischer-praesident-dodon-provoziert-rumaenien-und-die-eu-id460107.html#primaryimage"},"thumbnailUrl":"https:\/\/www.rri.ro\/wp-content\/uploads\/2023\/10\/igor-dodon-alegeri.jpg","datePublished":"2016-12-27T14:54:00+00:00","dateModified":"2024-02-19T18:23:41+00:00","author":{"@id":"https:\/\/www.rri.ro\/#\/schema\/person\/430739eeb293f73734db2c6703951289"},"breadcrumb":{"@id":"https:\/\/www.rri.ro\/de\/aktuell\/rri-aktuell\/moldauischer-praesident-dodon-provoziert-rumaenien-und-die-eu-id460107.html#breadcrumb"},"inLanguage":"de","potentialAction":[{"@type":"ReadAction","target":["https:\/\/www.rri.ro\/de\/aktuell\/rri-aktuell\/moldauischer-praesident-dodon-provoziert-rumaenien-und-die-eu-id460107.html"]}]},{"@type":"ImageObject","inLanguage":"de","@id":"https:\/\/www.rri.ro\/de\/aktuell\/rri-aktuell\/moldauischer-praesident-dodon-provoziert-rumaenien-und-die-eu-id460107.html#primaryimage","url":"https:\/\/www.rri.ro\/wp-content\/uploads\/2023\/10\/igor-dodon-alegeri.jpg","contentUrl":"https:\/\/www.rri.ro\/wp-content\/uploads\/2023\/10\/igor-dodon-alegeri.jpg","width":640,"height":480},{"@type":"BreadcrumbList","@id":"https:\/\/www.rri.ro\/de\/aktuell\/rri-aktuell\/moldauischer-praesident-dodon-provoziert-rumaenien-und-die-eu-id460107.html#breadcrumb","itemListElement":[{"@type":"ListItem","position":1,"name":"Startseite","item":"https:\/\/www.rri.ro\/de"},{"@type":"ListItem","position":2,"name":"Aktuell","item":"https:\/\/www.rri.ro\/de\/aktuell"},{"@type":"ListItem","position":3,"name":"RRI Aktuell","item":"https:\/\/www.rri.ro\/de\/aktuell\/rri-aktuell"},{"@type":"ListItem","position":4,"name":"Moldauischer Pr\u00e4sident Dodon provoziert Rum\u00e4nien und die EU"}]},{"@type":"WebSite","@id":"https:\/\/www.rri.ro\/#website","url":"https:\/\/www.rri.ro\/","name":"Radio Rum\u00e4nien International","description":"Totul despre Rom\u00e2nia \u015fi rom\u00e2ni, \u00een 13 limbi\/dialecte!","inLanguage":"de"},{"@type":"Person","@id":"https:\/\/www.rri.ro\/#\/schema\/person\/430739eeb293f73734db2c6703951289","name":"Florentin C\u0103pit\u0103nescu","url":"https:\/\/www.rri.ro\/de\/author\/florentin-capitanescu"}]}},"_links":{"self":[{"href":"https:\/\/www.rri.ro\/de\/wp-json\/wp\/v2\/posts\/460107","targetHints":{"allow":["GET"]}}],"collection":[{"href":"https:\/\/www.rri.ro\/de\/wp-json\/wp\/v2\/posts"}],"about":[{"href":"https:\/\/www.rri.ro\/de\/wp-json\/wp\/v2\/types\/post"}],"author":[{"embeddable":true,"href":"https:\/\/www.rri.ro\/de\/wp-json\/wp\/v2\/users\/112"}],"replies":[{"embeddable":true,"href":"https:\/\/www.rri.ro\/de\/wp-json\/wp\/v2\/comments?post=460107"}],"version-history":[{"count":0,"href":"https:\/\/www.rri.ro\/de\/wp-json\/wp\/v2\/posts\/460107\/revisions"}],"wp:featuredmedia":[{"embeddable":true,"href":"https:\/\/www.rri.ro\/de\/wp-json\/wp\/v2\/media\/71393"}],"wp:attachment":[{"href":"https:\/\/www.rri.ro\/de\/wp-json\/wp\/v2\/media?parent=460107"}],"wp:term":[{"taxonomy":"category","embeddable":true,"href":"https:\/\/www.rri.ro\/de\/wp-json\/wp\/v2\/categories?post=460107"},{"taxonomy":"post_tag","embeddable":true,"href":"https:\/\/www.rri.ro\/de\/wp-json\/wp\/v2\/tags?post=460107"},{"taxonomy":"author","embeddable":true,"href":"https:\/\/www.rri.ro\/de\/wp-json\/wp\/v2\/coauthors?post=460107"}],"curies":[{"name":"wp","href":"https:\/\/api.w.org\/{rel}","templated":true}]}}