{"id":460149,"date":"2017-01-25T17:04:00","date_gmt":"2017-01-25T15:04:00","guid":{"rendered":"http:\/\/devrri.freshlemon.ro\/aktuell\/rumaenen-feierten-158-jahre-seit-der-vereinigung-der-moldau-und-der-walachei-id460149.html"},"modified":"2024-02-19T20:24:09","modified_gmt":"2024-02-19T18:24:09","slug":"rumaenen-feierten-158-jahre-seit-der-vereinigung-der-moldau-und-der-walachei","status":"publish","type":"post","link":"https:\/\/www.rri.ro\/de\/aktuell\/rri-aktuell\/rumaenen-feierten-158-jahre-seit-der-vereinigung-der-moldau-und-der-walachei-id460149.html","title":{"rendered":"Rum\u00e4nen feierten 158 Jahre seit der Vereinigung der Moldau und der Walachei"},"content":{"rendered":"<p>Am Dienstag, dem 24. Januar,  feierten die Rum\u00e4nen im In- und Ausland den 158. Jahrestag der Vereinigung der rum\u00e4nischen F\u00fcrstent\u00fcmer Moldau und der Walachei. Am 24. Januar 1859 war der bereits zum F\u00fcrsten der Moldau gew\u00e4hlte Alexandru Ioan Cuza von der Bukarester Wahlversammlung einstimmig auch zum Herrscher \u00fcber die Walachei gew\u00e4hlt worden. So wurde Cuza zum F\u00fcrsten der vereinten Rum\u00e4nischen F\u00fcrstent\u00fcmer ausgerufen. Drei Jahre sp\u00e4ter, am 24. Januar 1862, wurde die Vereinigung der rum\u00e4nischen F\u00fcrstent\u00fcmer auch international anerkannt und der somit entstandene Staat bekam den Namen Rum\u00e4nien. 59 Jahre sp\u00e4ter, im Jahr 1918 wurde der moderne Staat Rum\u00e4nien durch die Vereinigung des Rum\u00e4nischen K\u00f6nigreichs mit Bessarabien (Basarabia), der Bukowina (Bucovina) und Siebenb\u00fcrgen (Transilvania) gegr\u00fcndet. Die Herrscherzeit Cuzas (1859-1866)  gilt aufgrund der eingeleiteten radikalen Reformen als Beginn der Moderne in Rum\u00e4nien. 1918 endete der Gr\u00fcndungsprozess des Nationalstaates mit der Vereinigung der historischen F\u00fcrstent\u00fcmer mit dem Rum\u00e4nischen K\u00f6nigreich. Die historischen Provinzen waren unter der Herrschaft der multinationalen Reichen.<\/p>\n<p>&#13;<br \/>\n&#13;<\/p>\n<p>&#13;<br \/>\n&#13;<\/p>\n<p>&#13;<br \/>\n&#13;<\/p>\n<p>Die bedeutendsten Feierlichkeiten fanden wie immer in Jassy statt, der alten Hauptstadt der Moldau. Ein Volksmusikkonzert und ein Te Deum er\u00f6ffneten die Feierlichkeiten. Danach hielten die Vertreter der Beh\u00f6rden vor Tausenden Personen ihre Reden. Im Namen der Regierung sprach der sozialdemokratische Kulturminister Ionu\u0163 Vulpescu, der erkl\u00e4rte, die Vereinigng der rum\u00e4nischen F\u00fcrstent\u00fcmer sei ein Beispiel f\u00fcr Solidari\u00e4t und Konsensus, das von den heutigen Politikern gefolgt werden sollte:<\/p>\n<p>&#13;<br \/>\n&#13;<\/p>\n<p>&#13;<br \/>\n&#13;<\/p>\n<p>&#13;<br \/>\n&#13;<\/p>\n<p><em>Wir haben die Wahl. Entweder setzten wir die Rede der Zwiespalt  und der t\u00f6dlichen Ungebildetheit fort oder f\u00fchren eine radikale Ver\u00e4nderung durch in der Art und Weise, in der wir uns alle zu unserer Zukunft, unseren Beziehungen, der Notwendigkeit  der Solidarit\u00e4t und des Projekts  schauen.<\/em><\/p>\n<p>&#13;<br \/>\n&#13;<\/p>\n<p>&#13;<br \/>\n&#13;<\/p>\n<p>&#13;<br \/>\n&#13;<\/p>\n<p>Die Opposition wurde von der Vizevorsitzenderin des rum\u00e4nischen Senats, der Liberalin  Iuliana Sc\u00e2ntei, vertreten:<\/p>\n<p>&#13;<br \/>\n&#13;<\/p>\n<p>&#13;<br \/>\n&#13;<\/p>\n<p>&#13;<br \/>\n&#13;<\/p>\n<p> <em>Die Vereinigung der rum\u00e4nischen F\u00fcrstent\u00fcmer am 24. Januar  1859 war die mutigste Tat des modernen rum\u00e4nischen Staates und der politischen Elite in der Moldau und der Walachei.  Der Mut und die Zukunftsaussicht einiger Personen ist auch heute noch, nach 160 Jahren erstaunlich und kr\u00e4ftig. <\/em> <\/p>\n<p>&#13;<br \/>\n&#13;<\/p>\n<p>&#13;<br \/>\n&#13;<\/p>\n<p>&#13;<br \/>\n&#13;<\/p>\n<p>Im westrum\u00e4nischen  Arad feierten hunderte Personen die Vereinigung der rum\u00e4nischen F\u00fcrstent\u00fcmer. Ihre Gedanken waren an Bessarabien gerichtet,  der historischen rum\u00e4nischen Provinz, die im Sommer 1940 an die Sowjeten abgetreten wurde. Auf ihrem Territorium wurde die heutige Moldaurepublik gegr\u00fcndet:<\/p>\n<p>&#13;<br \/>\n&#13;<\/p>\n<p>&#13;<br \/>\n&#13;<\/p>\n<p>&#13;<br \/>\n&#13;<\/p>\n<p><em>Wenn diejenigen, die uns nicht lieben, drohend in Richtung Moldau blicken, dann m\u00fcssen wir diesem Ereignis seinen wahren Wert geben., erkl\u00e4rte ein Anwesender .<\/em><\/p>\n<p>&#13;<br \/>\n&#13;<\/p>\n<p>&#13;<br \/>\n&#13;<\/p>\n<p>&#13;<br \/>\n&#13;<\/p>\n<p><em>F\u00fcr die Zukunft w\u00fcnsche ich mir, dass sich auch Bessarabien mit Rum\u00e4nien vereinigt. Wir haben genug gewartet. Wir sollen uns freuen, dass Gott uns ein Land, ein Volk, eine Sprache geschenkt hat. Gott segne Rum\u00e4nien., meinte eine Dame, die an den Feierlichkeiten pr\u00e4sent war. <\/em><\/p>\n<p>&#13;<br \/>\n&#13;<\/p>\n<p>&#13;<br \/>\n&#13;<\/p>\n<p>&#13;<br \/>\n&#13;<\/p>\n<p>Die moldauische Kulturministerin Monica Babuc hat im Namen der prowestlichen Regierung der Moldaurepublik eine Botschaft mitgeteilt, in der gesagt wir, dass die gemeinsame Sprache, die Tradition und die nationale Kultur zur Erf\u00fcllung unserer Tr\u00e4ume  beitragen werden.  <\/p>\n<p>&#13;<\/p>\n","protected":false},"excerpt":{"rendered":"<p>Trotz des kalten Wetters und der hei\u00dfen Situation auf der politischen B\u00fchne, feierten die Rum\u00e4nen am Dienstag ihren ersten Nationalfeiertag in diesem Jahr.<\/p>\n","protected":false},"author":105,"featured_media":71794,"comment_status":"closed","ping_status":"closed","sticky":false,"template":"","format":"standard","meta":{"_acf_changed":false,"footnotes":""},"categories":[99583],"tags":[99899,100606,100575,103707,54583,96796,103708,100576,99589,100574,100577],"coauthors":[],"class_list":["post-460149","post","type-post","status-publish","format-standard","has-post-thumbnail","hentry","category-rri-aktuell","tag-bessarabien","tag-feierlichkeiten","tag-fuerst","tag-ioan-cuza","tag-iuliana-scantei","tag-jassy","tag-kulturminister-ionut-vulpescu","tag-moldau","tag-rumaenien","tag-vereinigung","tag-walachei"],"acf":[],"yoast_head":"<!-- This site is optimized with the Yoast SEO plugin v27.5 - https:\/\/yoast.com\/product\/yoast-seo-wordpress\/ -->\n<title>Rum\u00e4nen feierten 158 Jahre seit der Vereinigung der Moldau und der Walachei - Radio Rum\u00e4nien International<\/title>\n<meta name=\"robots\" content=\"index, follow, max-snippet:-1, max-image-preview:large, max-video-preview:-1\" \/>\n<link rel=\"canonical\" href=\"https:\/\/www.rri.ro\/de\/aktuell\/rri-aktuell\/rumaenen-feierten-158-jahre-seit-der-vereinigung-der-moldau-und-der-walachei-id460149.html\" \/>\n<meta property=\"og:locale\" content=\"de_DE\" \/>\n<meta property=\"og:type\" content=\"article\" \/>\n<meta property=\"og:title\" content=\"Rum\u00e4nen feierten 158 Jahre seit der Vereinigung der Moldau und der Walachei - Radio Rum\u00e4nien International\" \/>\n<meta property=\"og:description\" content=\"Trotz des kalten Wetters und der hei\u00dfen Situation auf der politischen B\u00fchne, feierten die Rum\u00e4nen am Dienstag ihren ersten Nationalfeiertag in diesem Jahr.\" \/>\n<meta property=\"og:url\" content=\"https:\/\/www.rri.ro\/de\/aktuell\/rri-aktuell\/rumaenen-feierten-158-jahre-seit-der-vereinigung-der-moldau-und-der-walachei-id460149.html\" \/>\n<meta property=\"og:site_name\" content=\"Radio Rum\u00e4nien International\" \/>\n<meta property=\"article:published_time\" content=\"2017-01-25T15:04:00+00:00\" \/>\n<meta property=\"article:modified_time\" content=\"2024-02-19T18:24:09+00:00\" \/>\n<meta property=\"og:image\" content=\"https:\/\/www.rri.ro\/wp-content\/uploads\/2023\/10\/ziua-unirii-24-ianuarie-la-iasi.png\" \/>\n\t<meta property=\"og:image:width\" content=\"640\" \/>\n\t<meta property=\"og:image:height\" content=\"427\" \/>\n\t<meta property=\"og:image:type\" content=\"image\/png\" \/>\n<meta name=\"author\" content=\"Bogdan Matei\" \/>\n<meta name=\"twitter:card\" content=\"summary_large_image\" \/>\n<meta name=\"twitter:label1\" content=\"Verfasst von\" \/>\n\t<meta name=\"twitter:data1\" content=\"Bogdan Matei\" \/>\n\t<meta name=\"twitter:label2\" content=\"Gesch\u00e4tzte Lesezeit\" \/>\n\t<meta name=\"twitter:data2\" content=\"3\u00a0Minuten\" \/>\n\t<meta name=\"twitter:label3\" content=\"Written by\" \/>\n\t<meta name=\"twitter:data3\" content=\"Bogdan Matei\" \/>\n<script type=\"application\/ld+json\" class=\"yoast-schema-graph\">{\"@context\":\"https:\\\/\\\/schema.org\",\"@graph\":[{\"@type\":\"Article\",\"@id\":\"https:\\\/\\\/www.rri.ro\\\/de\\\/aktuell\\\/rri-aktuell\\\/rumaenen-feierten-158-jahre-seit-der-vereinigung-der-moldau-und-der-walachei-id460149.html#article\",\"isPartOf\":{\"@id\":\"https:\\\/\\\/www.rri.ro\\\/de\\\/aktuell\\\/rri-aktuell\\\/rumaenen-feierten-158-jahre-seit-der-vereinigung-der-moldau-und-der-walachei-id460149.html\"},\"author\":{\"name\":\"Bogdan Matei\",\"@id\":\"https:\\\/\\\/www.rri.ro\\\/#\\\/schema\\\/person\\\/0ed327d40678578e6dbb840527e3ba32\"},\"headline\":\"Rum\u00e4nen feierten 158 Jahre seit der Vereinigung der Moldau und der Walachei\",\"datePublished\":\"2017-01-25T15:04:00+00:00\",\"dateModified\":\"2024-02-19T18:24:09+00:00\",\"mainEntityOfPage\":{\"@id\":\"https:\\\/\\\/www.rri.ro\\\/de\\\/aktuell\\\/rri-aktuell\\\/rumaenen-feierten-158-jahre-seit-der-vereinigung-der-moldau-und-der-walachei-id460149.html\"},\"wordCount\":527,\"image\":{\"@id\":\"https:\\\/\\\/www.rri.ro\\\/de\\\/aktuell\\\/rri-aktuell\\\/rumaenen-feierten-158-jahre-seit-der-vereinigung-der-moldau-und-der-walachei-id460149.html#primaryimage\"},\"thumbnailUrl\":\"https:\\\/\\\/www.rri.ro\\\/wp-content\\\/uploads\\\/2023\\\/10\\\/ziua-unirii-24-ianuarie-la-iasi.png\",\"keywords\":[\"Bessarabien\",\"Feierlichkeiten\",\"F\u00fcrst\",\"Ioan Cuza\",\"Iuliana Scantei\",\"Jassy\",\"Kulturminister Ionu\u0163 Vulpescu\",\"Moldau\",\"Rum\u00e4nien\",\"Vereinigung\",\"Walachei\"],\"articleSection\":[\"RRI Aktuell\"],\"inLanguage\":\"de\"},{\"@type\":\"WebPage\",\"@id\":\"https:\\\/\\\/www.rri.ro\\\/de\\\/aktuell\\\/rri-aktuell\\\/rumaenen-feierten-158-jahre-seit-der-vereinigung-der-moldau-und-der-walachei-id460149.html\",\"url\":\"https:\\\/\\\/www.rri.ro\\\/de\\\/aktuell\\\/rri-aktuell\\\/rumaenen-feierten-158-jahre-seit-der-vereinigung-der-moldau-und-der-walachei-id460149.html\",\"name\":\"Rum\u00e4nen feierten 158 Jahre seit der Vereinigung der Moldau und der Walachei - Radio Rum\u00e4nien International\",\"isPartOf\":{\"@id\":\"https:\\\/\\\/www.rri.ro\\\/#website\"},\"primaryImageOfPage\":{\"@id\":\"https:\\\/\\\/www.rri.ro\\\/de\\\/aktuell\\\/rri-aktuell\\\/rumaenen-feierten-158-jahre-seit-der-vereinigung-der-moldau-und-der-walachei-id460149.html#primaryimage\"},\"image\":{\"@id\":\"https:\\\/\\\/www.rri.ro\\\/de\\\/aktuell\\\/rri-aktuell\\\/rumaenen-feierten-158-jahre-seit-der-vereinigung-der-moldau-und-der-walachei-id460149.html#primaryimage\"},\"thumbnailUrl\":\"https:\\\/\\\/www.rri.ro\\\/wp-content\\\/uploads\\\/2023\\\/10\\\/ziua-unirii-24-ianuarie-la-iasi.png\",\"datePublished\":\"2017-01-25T15:04:00+00:00\",\"dateModified\":\"2024-02-19T18:24:09+00:00\",\"author\":{\"@id\":\"https:\\\/\\\/www.rri.ro\\\/#\\\/schema\\\/person\\\/0ed327d40678578e6dbb840527e3ba32\"},\"breadcrumb\":{\"@id\":\"https:\\\/\\\/www.rri.ro\\\/de\\\/aktuell\\\/rri-aktuell\\\/rumaenen-feierten-158-jahre-seit-der-vereinigung-der-moldau-und-der-walachei-id460149.html#breadcrumb\"},\"inLanguage\":\"de\",\"potentialAction\":[{\"@type\":\"ReadAction\",\"target\":[\"https:\\\/\\\/www.rri.ro\\\/de\\\/aktuell\\\/rri-aktuell\\\/rumaenen-feierten-158-jahre-seit-der-vereinigung-der-moldau-und-der-walachei-id460149.html\"]}]},{\"@type\":\"ImageObject\",\"inLanguage\":\"de\",\"@id\":\"https:\\\/\\\/www.rri.ro\\\/de\\\/aktuell\\\/rri-aktuell\\\/rumaenen-feierten-158-jahre-seit-der-vereinigung-der-moldau-und-der-walachei-id460149.html#primaryimage\",\"url\":\"https:\\\/\\\/www.rri.ro\\\/wp-content\\\/uploads\\\/2023\\\/10\\\/ziua-unirii-24-ianuarie-la-iasi.png\",\"contentUrl\":\"https:\\\/\\\/www.rri.ro\\\/wp-content\\\/uploads\\\/2023\\\/10\\\/ziua-unirii-24-ianuarie-la-iasi.png\",\"width\":640,\"height\":427},{\"@type\":\"BreadcrumbList\",\"@id\":\"https:\\\/\\\/www.rri.ro\\\/de\\\/aktuell\\\/rri-aktuell\\\/rumaenen-feierten-158-jahre-seit-der-vereinigung-der-moldau-und-der-walachei-id460149.html#breadcrumb\",\"itemListElement\":[{\"@type\":\"ListItem\",\"position\":1,\"name\":\"Startseite\",\"item\":\"https:\\\/\\\/www.rri.ro\\\/de\"},{\"@type\":\"ListItem\",\"position\":2,\"name\":\"Aktuell\",\"item\":\"https:\\\/\\\/www.rri.ro\\\/de\\\/aktuell\"},{\"@type\":\"ListItem\",\"position\":3,\"name\":\"RRI Aktuell\",\"item\":\"https:\\\/\\\/www.rri.ro\\\/de\\\/aktuell\\\/rri-aktuell\"},{\"@type\":\"ListItem\",\"position\":4,\"name\":\"Rum\u00e4nen feierten 158 Jahre seit der Vereinigung der Moldau und der Walachei\"}]},{\"@type\":\"WebSite\",\"@id\":\"https:\\\/\\\/www.rri.ro\\\/#website\",\"url\":\"https:\\\/\\\/www.rri.ro\\\/\",\"name\":\"Radio Rum\u00e4nien International\",\"description\":\"Totul despre Rom\u00e2nia \u015fi rom\u00e2ni, \u00een 13 limbi\\\/dialecte!\",\"inLanguage\":\"de\"},{\"@type\":\"Person\",\"@id\":\"https:\\\/\\\/www.rri.ro\\\/#\\\/schema\\\/person\\\/0ed327d40678578e6dbb840527e3ba32\",\"name\":\"Bogdan Matei\",\"url\":\"https:\\\/\\\/www.rri.ro\\\/de\\\/author\\\/bogdan-matei\"}]}<\/script>\n<!-- \/ Yoast SEO plugin. -->","yoast_head_json":{"title":"Rum\u00e4nen feierten 158 Jahre seit der Vereinigung der Moldau und der Walachei - Radio Rum\u00e4nien International","robots":{"index":"index","follow":"follow","max-snippet":"max-snippet:-1","max-image-preview":"max-image-preview:large","max-video-preview":"max-video-preview:-1"},"canonical":"https:\/\/www.rri.ro\/de\/aktuell\/rri-aktuell\/rumaenen-feierten-158-jahre-seit-der-vereinigung-der-moldau-und-der-walachei-id460149.html","og_locale":"de_DE","og_type":"article","og_title":"Rum\u00e4nen feierten 158 Jahre seit der Vereinigung der Moldau und der Walachei - Radio Rum\u00e4nien International","og_description":"Trotz des kalten Wetters und der hei\u00dfen Situation auf der politischen B\u00fchne, feierten die Rum\u00e4nen am Dienstag ihren ersten Nationalfeiertag in diesem Jahr.","og_url":"https:\/\/www.rri.ro\/de\/aktuell\/rri-aktuell\/rumaenen-feierten-158-jahre-seit-der-vereinigung-der-moldau-und-der-walachei-id460149.html","og_site_name":"Radio Rum\u00e4nien International","article_published_time":"2017-01-25T15:04:00+00:00","article_modified_time":"2024-02-19T18:24:09+00:00","og_image":[{"width":640,"height":427,"url":"https:\/\/www.rri.ro\/wp-content\/uploads\/2023\/10\/ziua-unirii-24-ianuarie-la-iasi.png","type":"image\/png"}],"author":"Bogdan Matei","twitter_card":"summary_large_image","twitter_misc":{"Verfasst von":"Bogdan Matei","Gesch\u00e4tzte Lesezeit":"3\u00a0Minuten","Written by":"Bogdan Matei"},"schema":{"@context":"https:\/\/schema.org","@graph":[{"@type":"Article","@id":"https:\/\/www.rri.ro\/de\/aktuell\/rri-aktuell\/rumaenen-feierten-158-jahre-seit-der-vereinigung-der-moldau-und-der-walachei-id460149.html#article","isPartOf":{"@id":"https:\/\/www.rri.ro\/de\/aktuell\/rri-aktuell\/rumaenen-feierten-158-jahre-seit-der-vereinigung-der-moldau-und-der-walachei-id460149.html"},"author":{"name":"Bogdan Matei","@id":"https:\/\/www.rri.ro\/#\/schema\/person\/0ed327d40678578e6dbb840527e3ba32"},"headline":"Rum\u00e4nen feierten 158 Jahre seit der Vereinigung der Moldau und der Walachei","datePublished":"2017-01-25T15:04:00+00:00","dateModified":"2024-02-19T18:24:09+00:00","mainEntityOfPage":{"@id":"https:\/\/www.rri.ro\/de\/aktuell\/rri-aktuell\/rumaenen-feierten-158-jahre-seit-der-vereinigung-der-moldau-und-der-walachei-id460149.html"},"wordCount":527,"image":{"@id":"https:\/\/www.rri.ro\/de\/aktuell\/rri-aktuell\/rumaenen-feierten-158-jahre-seit-der-vereinigung-der-moldau-und-der-walachei-id460149.html#primaryimage"},"thumbnailUrl":"https:\/\/www.rri.ro\/wp-content\/uploads\/2023\/10\/ziua-unirii-24-ianuarie-la-iasi.png","keywords":["Bessarabien","Feierlichkeiten","F\u00fcrst","Ioan Cuza","Iuliana Scantei","Jassy","Kulturminister Ionu\u0163 Vulpescu","Moldau","Rum\u00e4nien","Vereinigung","Walachei"],"articleSection":["RRI Aktuell"],"inLanguage":"de"},{"@type":"WebPage","@id":"https:\/\/www.rri.ro\/de\/aktuell\/rri-aktuell\/rumaenen-feierten-158-jahre-seit-der-vereinigung-der-moldau-und-der-walachei-id460149.html","url":"https:\/\/www.rri.ro\/de\/aktuell\/rri-aktuell\/rumaenen-feierten-158-jahre-seit-der-vereinigung-der-moldau-und-der-walachei-id460149.html","name":"Rum\u00e4nen feierten 158 Jahre seit der Vereinigung der Moldau und der Walachei - Radio Rum\u00e4nien International","isPartOf":{"@id":"https:\/\/www.rri.ro\/#website"},"primaryImageOfPage":{"@id":"https:\/\/www.rri.ro\/de\/aktuell\/rri-aktuell\/rumaenen-feierten-158-jahre-seit-der-vereinigung-der-moldau-und-der-walachei-id460149.html#primaryimage"},"image":{"@id":"https:\/\/www.rri.ro\/de\/aktuell\/rri-aktuell\/rumaenen-feierten-158-jahre-seit-der-vereinigung-der-moldau-und-der-walachei-id460149.html#primaryimage"},"thumbnailUrl":"https:\/\/www.rri.ro\/wp-content\/uploads\/2023\/10\/ziua-unirii-24-ianuarie-la-iasi.png","datePublished":"2017-01-25T15:04:00+00:00","dateModified":"2024-02-19T18:24:09+00:00","author":{"@id":"https:\/\/www.rri.ro\/#\/schema\/person\/0ed327d40678578e6dbb840527e3ba32"},"breadcrumb":{"@id":"https:\/\/www.rri.ro\/de\/aktuell\/rri-aktuell\/rumaenen-feierten-158-jahre-seit-der-vereinigung-der-moldau-und-der-walachei-id460149.html#breadcrumb"},"inLanguage":"de","potentialAction":[{"@type":"ReadAction","target":["https:\/\/www.rri.ro\/de\/aktuell\/rri-aktuell\/rumaenen-feierten-158-jahre-seit-der-vereinigung-der-moldau-und-der-walachei-id460149.html"]}]},{"@type":"ImageObject","inLanguage":"de","@id":"https:\/\/www.rri.ro\/de\/aktuell\/rri-aktuell\/rumaenen-feierten-158-jahre-seit-der-vereinigung-der-moldau-und-der-walachei-id460149.html#primaryimage","url":"https:\/\/www.rri.ro\/wp-content\/uploads\/2023\/10\/ziua-unirii-24-ianuarie-la-iasi.png","contentUrl":"https:\/\/www.rri.ro\/wp-content\/uploads\/2023\/10\/ziua-unirii-24-ianuarie-la-iasi.png","width":640,"height":427},{"@type":"BreadcrumbList","@id":"https:\/\/www.rri.ro\/de\/aktuell\/rri-aktuell\/rumaenen-feierten-158-jahre-seit-der-vereinigung-der-moldau-und-der-walachei-id460149.html#breadcrumb","itemListElement":[{"@type":"ListItem","position":1,"name":"Startseite","item":"https:\/\/www.rri.ro\/de"},{"@type":"ListItem","position":2,"name":"Aktuell","item":"https:\/\/www.rri.ro\/de\/aktuell"},{"@type":"ListItem","position":3,"name":"RRI Aktuell","item":"https:\/\/www.rri.ro\/de\/aktuell\/rri-aktuell"},{"@type":"ListItem","position":4,"name":"Rum\u00e4nen feierten 158 Jahre seit der Vereinigung der Moldau und der Walachei"}]},{"@type":"WebSite","@id":"https:\/\/www.rri.ro\/#website","url":"https:\/\/www.rri.ro\/","name":"Radio Rum\u00e4nien International","description":"Totul despre Rom\u00e2nia \u015fi rom\u00e2ni, \u00een 13 limbi\/dialecte!","inLanguage":"de"},{"@type":"Person","@id":"https:\/\/www.rri.ro\/#\/schema\/person\/0ed327d40678578e6dbb840527e3ba32","name":"Bogdan Matei","url":"https:\/\/www.rri.ro\/de\/author\/bogdan-matei"}]}},"_links":{"self":[{"href":"https:\/\/www.rri.ro\/de\/wp-json\/wp\/v2\/posts\/460149","targetHints":{"allow":["GET"]}}],"collection":[{"href":"https:\/\/www.rri.ro\/de\/wp-json\/wp\/v2\/posts"}],"about":[{"href":"https:\/\/www.rri.ro\/de\/wp-json\/wp\/v2\/types\/post"}],"author":[{"embeddable":true,"href":"https:\/\/www.rri.ro\/de\/wp-json\/wp\/v2\/users\/105"}],"replies":[{"embeddable":true,"href":"https:\/\/www.rri.ro\/de\/wp-json\/wp\/v2\/comments?post=460149"}],"version-history":[{"count":0,"href":"https:\/\/www.rri.ro\/de\/wp-json\/wp\/v2\/posts\/460149\/revisions"}],"wp:featuredmedia":[{"embeddable":true,"href":"https:\/\/www.rri.ro\/de\/wp-json\/wp\/v2\/media\/71794"}],"wp:attachment":[{"href":"https:\/\/www.rri.ro\/de\/wp-json\/wp\/v2\/media?parent=460149"}],"wp:term":[{"taxonomy":"category","embeddable":true,"href":"https:\/\/www.rri.ro\/de\/wp-json\/wp\/v2\/categories?post=460149"},{"taxonomy":"post_tag","embeddable":true,"href":"https:\/\/www.rri.ro\/de\/wp-json\/wp\/v2\/tags?post=460149"},{"taxonomy":"author","embeddable":true,"href":"https:\/\/www.rri.ro\/de\/wp-json\/wp\/v2\/coauthors?post=460149"}],"curies":[{"name":"wp","href":"https:\/\/api.w.org\/{rel}","templated":true}]}}