{"id":460164,"date":"2017-02-09T17:03:00","date_gmt":"2017-02-09T15:03:00","guid":{"rendered":"http:\/\/devrri.freshlemon.ro\/aktuell\/nato-soll-buero-in-chisinau-eroeffnen-id460164.html"},"modified":"2024-02-19T20:32:03","modified_gmt":"2024-02-19T18:32:03","slug":"nato-soll-buero-in-chisinau-eroeffnen","status":"publish","type":"post","link":"https:\/\/www.rri.ro\/de\/aktuell\/rri-aktuell\/nato-soll-buero-in-chisinau-eroeffnen-id460164.html","title":{"rendered":"NATO soll B\u00fcro in Chi\u015fin\u0103u er\u00f6ffnen"},"content":{"rendered":"<p>In der benachbarten Moldaurepublik ist es zur Tradition geworden, dass der Kurs der Au\u00dfenpolitik von dem ersten Auslandsbesuch eines hohen W\u00fcrdentr\u00e4gerns symbolisiert wird. Vor einem Jahr hatte der demokratische Premierminister des kleinen Exsowjetischen Staates Pavel Filip Bukarest einen Besuch abgestattet.  Dadurch hat er ein positives Zeichen f\u00fcr die Fortsetzung der europ\u00e4ischen  und euroatlantischen Richtung Chisinaus mithilfe Rum\u00e4niens gegeben.<\/p>\n<p>&#13;<br \/>\n&#13;<\/p>\n<p>&#13;<br \/>\n&#13;<\/p>\n<p>&#13;<br \/>\n&#13;<\/p>\n<p>Im Januar 2017 hat aber der neu gew\u00e4hlte Pr\u00e4sident Moldawiens, der pro-russische Sozialist  Igor Dodon, Moskau bevorzugt. Sein Ziel ist, dass die Moldaurepublik die strategische Partnerschaft mit Russland wiederaufnimmt.  Landespr\u00e4sident Dodon hat die M\u00f6glichkeit erw\u00e4hnt, dass das Assoziierungsabkommen zwischen Moldawien und der EU, das 2014 unterzeichnet wurde, korrigiert oder sogar annuliert werden kann. Am Anfang dieser Woche f\u00fchrte Igor Dodon in Br\u00fcssel Gespr\u00e4che mit den Vertretern der EU und NATO. Der moldawische Landespr\u00e4sident hat die Alliierten aufgefordert, sich mit der Er\u00f6ffnung  eines Nato-B\u00fcros in Chi\u015fin\u0103u nicht zu beeilen:<\/p>\n<p>&#13;<br \/>\n&#13;<\/p>\n<p>&#13;<br \/>\n&#13;<\/p>\n<p>&#13;<br \/>\n&#13;<\/p>\n<p><em>\u201cWir sind der Meinung, dass dieser Schritt in diesem Moment in demVerhandlungsprozess \u00fcber das transnistristrische Problem f\u00fcr Hindernisse sorgt.  Wir haben vorgeschlagen und der Vize-Generalsekret\u00e4rin verlangt, uns mit der Er\u00f6ffnung des Nato-B\u00fcros nicht zu beeilen.  Wenn ein deratiger Beschluss getroffen wird, die Abkommen wurden unterzeichnet und promulgiert, dann  schlie\u00dfe ich nicht aus, dass wir in der Zukunft auf das Statut dieses Nato-B\u00fcro in der Moldaurepublik  zur\u00fcckkommen werden. <\/em><\/p>\n<p>&#13;<br \/>\n&#13;<\/p>\n<p>&#13;<br \/>\n&#13;<\/p>\n<p>&#13;<br \/>\n&#13;<\/p>\n<p>Trotz Dodons Meinung soll das Nato-B\u00fcro im April er\u00f6ffnet werden, gab der stellvertretende moldawische Au\u00dfenminister Lilian Darie bekannt.<\/p>\n<p>&#13;<br \/>\n&#13;<\/p>\n<p>&#13;<br \/>\n&#13;<\/p>\n<p>&#13;<br \/>\n&#13;<\/p>\n<p>Wen st\u00f6rt aber das Nato-B\u00fcro in Chisinau? Die Frage scheint rhetorisch zu sein. Transnistrien ist  seit 1992 de facto nicht mehr unter der Kontrolle der Beh\u00f6rden in Chi\u015fin\u0103u, nach einem bewaffneten Konflikt, der hunderte Opfer gefordert hat. Obwohl Russland seine Truppen seit 1999 zur\u00fcckziehen sollte, sind diese auch heute in Transnistrien pr\u00e4sent. Der moldawische Pr\u00e4sident Igor Dodon forderte in Br\u00fcssel die NATO auf, die konstitutionelle Neutralit\u00e4t Moldawiens anzuerkennen. Das k\u00fcnftige Nato-B\u00fcro sei kein milit\u00e4rischer St\u00fctzpunkt, sondern eine diplomatische Vertretung  die Moldawien in Sache Reformen unterst\u00fctzen soll, so die Vize-Generalsekret\u00e4rin der Milit\u00e4rallianz Rose Gottemoeller, die hinzuf\u00fcgte, Neutralit\u00e4t bedeute nicht Isolierung.<\/p>\n<p>&#13;<br \/>\n&#13;<\/p>\n<p>&#13;<br \/>\n&#13;<\/p>\n<p>&#13;<br \/>\n&#13;<\/p>\n<p>Jede Nation hat das Recht, sich mit niemandem zu alliieren oder ihre eigenen Alliierten zu w\u00e4hlen. Igor Dodon will zum Beispiel dreiseitige Handelsbeziehungen EU &#8211; Moldaurepublik \u2013 Russland. Deshalb kommentieren einige, dass  der moldawische Staatschef in der EU die Interessen der Russischen F\u00f6deration und nicht jene der Republik Moldawien f\u00f6rdere.  <\/p>\n<p>&#13;<\/p>\n","protected":false},"excerpt":{"rendered":"<p>Das milit\u00e4rische B\u00fcndnis er\u00f6ffnet im April  ein Nato-B\u00fcro in  Chi\u015fin\u0103u, um die Reformen  der Moldaurepublik zu unterst\u00fctzen.<\/p>\n","protected":false},"author":109,"featured_media":72077,"comment_status":"closed","ping_status":"closed","sticky":false,"template":"","format":"standard","meta":{"_acf_changed":false,"footnotes":""},"categories":[99583],"tags":[99874,29120,31175,99678,99900,103724,99589,99829],"coauthors":[],"class_list":["post-460164","post","type-post","status-publish","format-standard","has-post-thumbnail","hentry","category-rri-aktuell","tag-assoziierungsabkommen","tag-eu","tag-igor-dodon","tag-moldaurepublik","tag-moskau","tag-nato-bueros","tag-rumaenien","tag-transnistrien"],"acf":[],"yoast_head":"<!-- This site is optimized with the Yoast SEO plugin v27.5 - https:\/\/yoast.com\/product\/yoast-seo-wordpress\/ -->\n<title>NATO soll B\u00fcro in Chi\u015fin\u0103u er\u00f6ffnen - Radio Rum\u00e4nien International<\/title>\n<meta name=\"robots\" content=\"index, follow, max-snippet:-1, max-image-preview:large, max-video-preview:-1\" \/>\n<link rel=\"canonical\" href=\"https:\/\/www.rri.ro\/de\/aktuell\/rri-aktuell\/nato-soll-buero-in-chisinau-eroeffnen-id460164.html\" \/>\n<meta property=\"og:locale\" content=\"de_DE\" \/>\n<meta property=\"og:type\" content=\"article\" \/>\n<meta property=\"og:title\" content=\"NATO soll B\u00fcro in Chi\u015fin\u0103u er\u00f6ffnen - Radio Rum\u00e4nien International\" \/>\n<meta property=\"og:description\" content=\"Das milit\u00e4rische B\u00fcndnis er\u00f6ffnet im April ein Nato-B\u00fcro in Chi\u015fin\u0103u, um die Reformen der Moldaurepublik zu unterst\u00fctzen.\" \/>\n<meta property=\"og:url\" content=\"https:\/\/www.rri.ro\/de\/aktuell\/rri-aktuell\/nato-soll-buero-in-chisinau-eroeffnen-id460164.html\" \/>\n<meta property=\"og:site_name\" content=\"Radio Rum\u00e4nien International\" \/>\n<meta property=\"article:published_time\" content=\"2017-02-09T15:03:00+00:00\" \/>\n<meta property=\"article:modified_time\" content=\"2024-02-19T18:32:03+00:00\" \/>\n<meta property=\"og:image\" content=\"https:\/\/www.rri.ro\/wp-content\/uploads\/2023\/10\/logo-nato-otan.png\" \/>\n\t<meta property=\"og:image:width\" content=\"640\" \/>\n\t<meta property=\"og:image:height\" content=\"480\" \/>\n\t<meta property=\"og:image:type\" content=\"image\/png\" \/>\n<meta name=\"author\" content=\"Roxana Vasile\" \/>\n<meta name=\"twitter:card\" content=\"summary_large_image\" \/>\n<meta name=\"twitter:label1\" content=\"Verfasst von\" \/>\n\t<meta name=\"twitter:data1\" content=\"Roxana Vasile\" \/>\n\t<meta name=\"twitter:label2\" content=\"Gesch\u00e4tzte Lesezeit\" \/>\n\t<meta name=\"twitter:data2\" content=\"2\u00a0Minuten\" \/>\n\t<meta name=\"twitter:label3\" content=\"Written by\" \/>\n\t<meta name=\"twitter:data3\" content=\"Roxana Vasile\" \/>\n<script type=\"application\/ld+json\" class=\"yoast-schema-graph\">{\"@context\":\"https:\\\/\\\/schema.org\",\"@graph\":[{\"@type\":\"Article\",\"@id\":\"https:\\\/\\\/www.rri.ro\\\/de\\\/aktuell\\\/rri-aktuell\\\/nato-soll-buero-in-chisinau-eroeffnen-id460164.html#article\",\"isPartOf\":{\"@id\":\"https:\\\/\\\/www.rri.ro\\\/de\\\/aktuell\\\/rri-aktuell\\\/nato-soll-buero-in-chisinau-eroeffnen-id460164.html\"},\"author\":{\"name\":\"Roxana Vasile\",\"@id\":\"https:\\\/\\\/www.rri.ro\\\/#\\\/schema\\\/person\\\/0745b519f2d1287783422f162c4112af\"},\"headline\":\"NATO soll B\u00fcro in Chi\u015fin\u0103u er\u00f6ffnen\",\"datePublished\":\"2017-02-09T15:03:00+00:00\",\"dateModified\":\"2024-02-19T18:32:03+00:00\",\"mainEntityOfPage\":{\"@id\":\"https:\\\/\\\/www.rri.ro\\\/de\\\/aktuell\\\/rri-aktuell\\\/nato-soll-buero-in-chisinau-eroeffnen-id460164.html\"},\"wordCount\":436,\"image\":{\"@id\":\"https:\\\/\\\/www.rri.ro\\\/de\\\/aktuell\\\/rri-aktuell\\\/nato-soll-buero-in-chisinau-eroeffnen-id460164.html#primaryimage\"},\"thumbnailUrl\":\"https:\\\/\\\/www.rri.ro\\\/wp-content\\\/uploads\\\/2023\\\/10\\\/logo-nato-otan.png\",\"keywords\":[\"Assoziierungsabkommen\",\"EU\",\"Igor Dodon\",\"Moldaurepublik\",\"Moskau\",\"Nato-B\u00fcros\",\"Rum\u00e4nien\",\"Transnistrien\"],\"articleSection\":[\"RRI Aktuell\"],\"inLanguage\":\"de\"},{\"@type\":\"WebPage\",\"@id\":\"https:\\\/\\\/www.rri.ro\\\/de\\\/aktuell\\\/rri-aktuell\\\/nato-soll-buero-in-chisinau-eroeffnen-id460164.html\",\"url\":\"https:\\\/\\\/www.rri.ro\\\/de\\\/aktuell\\\/rri-aktuell\\\/nato-soll-buero-in-chisinau-eroeffnen-id460164.html\",\"name\":\"NATO soll B\u00fcro in Chi\u015fin\u0103u er\u00f6ffnen - Radio Rum\u00e4nien International\",\"isPartOf\":{\"@id\":\"https:\\\/\\\/www.rri.ro\\\/#website\"},\"primaryImageOfPage\":{\"@id\":\"https:\\\/\\\/www.rri.ro\\\/de\\\/aktuell\\\/rri-aktuell\\\/nato-soll-buero-in-chisinau-eroeffnen-id460164.html#primaryimage\"},\"image\":{\"@id\":\"https:\\\/\\\/www.rri.ro\\\/de\\\/aktuell\\\/rri-aktuell\\\/nato-soll-buero-in-chisinau-eroeffnen-id460164.html#primaryimage\"},\"thumbnailUrl\":\"https:\\\/\\\/www.rri.ro\\\/wp-content\\\/uploads\\\/2023\\\/10\\\/logo-nato-otan.png\",\"datePublished\":\"2017-02-09T15:03:00+00:00\",\"dateModified\":\"2024-02-19T18:32:03+00:00\",\"author\":{\"@id\":\"https:\\\/\\\/www.rri.ro\\\/#\\\/schema\\\/person\\\/0745b519f2d1287783422f162c4112af\"},\"breadcrumb\":{\"@id\":\"https:\\\/\\\/www.rri.ro\\\/de\\\/aktuell\\\/rri-aktuell\\\/nato-soll-buero-in-chisinau-eroeffnen-id460164.html#breadcrumb\"},\"inLanguage\":\"de\",\"potentialAction\":[{\"@type\":\"ReadAction\",\"target\":[\"https:\\\/\\\/www.rri.ro\\\/de\\\/aktuell\\\/rri-aktuell\\\/nato-soll-buero-in-chisinau-eroeffnen-id460164.html\"]}]},{\"@type\":\"ImageObject\",\"inLanguage\":\"de\",\"@id\":\"https:\\\/\\\/www.rri.ro\\\/de\\\/aktuell\\\/rri-aktuell\\\/nato-soll-buero-in-chisinau-eroeffnen-id460164.html#primaryimage\",\"url\":\"https:\\\/\\\/www.rri.ro\\\/wp-content\\\/uploads\\\/2023\\\/10\\\/logo-nato-otan.png\",\"contentUrl\":\"https:\\\/\\\/www.rri.ro\\\/wp-content\\\/uploads\\\/2023\\\/10\\\/logo-nato-otan.png\",\"width\":640,\"height\":480},{\"@type\":\"BreadcrumbList\",\"@id\":\"https:\\\/\\\/www.rri.ro\\\/de\\\/aktuell\\\/rri-aktuell\\\/nato-soll-buero-in-chisinau-eroeffnen-id460164.html#breadcrumb\",\"itemListElement\":[{\"@type\":\"ListItem\",\"position\":1,\"name\":\"Startseite\",\"item\":\"https:\\\/\\\/www.rri.ro\\\/de\"},{\"@type\":\"ListItem\",\"position\":2,\"name\":\"Aktuell\",\"item\":\"https:\\\/\\\/www.rri.ro\\\/de\\\/aktuell\"},{\"@type\":\"ListItem\",\"position\":3,\"name\":\"RRI Aktuell\",\"item\":\"https:\\\/\\\/www.rri.ro\\\/de\\\/aktuell\\\/rri-aktuell\"},{\"@type\":\"ListItem\",\"position\":4,\"name\":\"NATO soll B\u00fcro in Chi\u015fin\u0103u er\u00f6ffnen\"}]},{\"@type\":\"WebSite\",\"@id\":\"https:\\\/\\\/www.rri.ro\\\/#website\",\"url\":\"https:\\\/\\\/www.rri.ro\\\/\",\"name\":\"Radio Rum\u00e4nien International\",\"description\":\"Totul despre Rom\u00e2nia \u015fi rom\u00e2ni, \u00een 13 limbi\\\/dialecte!\",\"inLanguage\":\"de\"},{\"@type\":\"Person\",\"@id\":\"https:\\\/\\\/www.rri.ro\\\/#\\\/schema\\\/person\\\/0745b519f2d1287783422f162c4112af\",\"name\":\"Roxana Vasile\",\"url\":\"https:\\\/\\\/www.rri.ro\\\/de\\\/author\\\/roxana-vasile\"}]}<\/script>\n<!-- \/ Yoast SEO plugin. -->","yoast_head_json":{"title":"NATO soll B\u00fcro in Chi\u015fin\u0103u er\u00f6ffnen - Radio Rum\u00e4nien International","robots":{"index":"index","follow":"follow","max-snippet":"max-snippet:-1","max-image-preview":"max-image-preview:large","max-video-preview":"max-video-preview:-1"},"canonical":"https:\/\/www.rri.ro\/de\/aktuell\/rri-aktuell\/nato-soll-buero-in-chisinau-eroeffnen-id460164.html","og_locale":"de_DE","og_type":"article","og_title":"NATO soll B\u00fcro in Chi\u015fin\u0103u er\u00f6ffnen - Radio Rum\u00e4nien International","og_description":"Das milit\u00e4rische B\u00fcndnis er\u00f6ffnet im April ein Nato-B\u00fcro in Chi\u015fin\u0103u, um die Reformen der Moldaurepublik zu unterst\u00fctzen.","og_url":"https:\/\/www.rri.ro\/de\/aktuell\/rri-aktuell\/nato-soll-buero-in-chisinau-eroeffnen-id460164.html","og_site_name":"Radio Rum\u00e4nien International","article_published_time":"2017-02-09T15:03:00+00:00","article_modified_time":"2024-02-19T18:32:03+00:00","og_image":[{"width":640,"height":480,"url":"https:\/\/www.rri.ro\/wp-content\/uploads\/2023\/10\/logo-nato-otan.png","type":"image\/png"}],"author":"Roxana Vasile","twitter_card":"summary_large_image","twitter_misc":{"Verfasst von":"Roxana Vasile","Gesch\u00e4tzte Lesezeit":"2\u00a0Minuten","Written by":"Roxana Vasile"},"schema":{"@context":"https:\/\/schema.org","@graph":[{"@type":"Article","@id":"https:\/\/www.rri.ro\/de\/aktuell\/rri-aktuell\/nato-soll-buero-in-chisinau-eroeffnen-id460164.html#article","isPartOf":{"@id":"https:\/\/www.rri.ro\/de\/aktuell\/rri-aktuell\/nato-soll-buero-in-chisinau-eroeffnen-id460164.html"},"author":{"name":"Roxana Vasile","@id":"https:\/\/www.rri.ro\/#\/schema\/person\/0745b519f2d1287783422f162c4112af"},"headline":"NATO soll B\u00fcro in Chi\u015fin\u0103u er\u00f6ffnen","datePublished":"2017-02-09T15:03:00+00:00","dateModified":"2024-02-19T18:32:03+00:00","mainEntityOfPage":{"@id":"https:\/\/www.rri.ro\/de\/aktuell\/rri-aktuell\/nato-soll-buero-in-chisinau-eroeffnen-id460164.html"},"wordCount":436,"image":{"@id":"https:\/\/www.rri.ro\/de\/aktuell\/rri-aktuell\/nato-soll-buero-in-chisinau-eroeffnen-id460164.html#primaryimage"},"thumbnailUrl":"https:\/\/www.rri.ro\/wp-content\/uploads\/2023\/10\/logo-nato-otan.png","keywords":["Assoziierungsabkommen","EU","Igor Dodon","Moldaurepublik","Moskau","Nato-B\u00fcros","Rum\u00e4nien","Transnistrien"],"articleSection":["RRI Aktuell"],"inLanguage":"de"},{"@type":"WebPage","@id":"https:\/\/www.rri.ro\/de\/aktuell\/rri-aktuell\/nato-soll-buero-in-chisinau-eroeffnen-id460164.html","url":"https:\/\/www.rri.ro\/de\/aktuell\/rri-aktuell\/nato-soll-buero-in-chisinau-eroeffnen-id460164.html","name":"NATO soll B\u00fcro in Chi\u015fin\u0103u er\u00f6ffnen - Radio Rum\u00e4nien International","isPartOf":{"@id":"https:\/\/www.rri.ro\/#website"},"primaryImageOfPage":{"@id":"https:\/\/www.rri.ro\/de\/aktuell\/rri-aktuell\/nato-soll-buero-in-chisinau-eroeffnen-id460164.html#primaryimage"},"image":{"@id":"https:\/\/www.rri.ro\/de\/aktuell\/rri-aktuell\/nato-soll-buero-in-chisinau-eroeffnen-id460164.html#primaryimage"},"thumbnailUrl":"https:\/\/www.rri.ro\/wp-content\/uploads\/2023\/10\/logo-nato-otan.png","datePublished":"2017-02-09T15:03:00+00:00","dateModified":"2024-02-19T18:32:03+00:00","author":{"@id":"https:\/\/www.rri.ro\/#\/schema\/person\/0745b519f2d1287783422f162c4112af"},"breadcrumb":{"@id":"https:\/\/www.rri.ro\/de\/aktuell\/rri-aktuell\/nato-soll-buero-in-chisinau-eroeffnen-id460164.html#breadcrumb"},"inLanguage":"de","potentialAction":[{"@type":"ReadAction","target":["https:\/\/www.rri.ro\/de\/aktuell\/rri-aktuell\/nato-soll-buero-in-chisinau-eroeffnen-id460164.html"]}]},{"@type":"ImageObject","inLanguage":"de","@id":"https:\/\/www.rri.ro\/de\/aktuell\/rri-aktuell\/nato-soll-buero-in-chisinau-eroeffnen-id460164.html#primaryimage","url":"https:\/\/www.rri.ro\/wp-content\/uploads\/2023\/10\/logo-nato-otan.png","contentUrl":"https:\/\/www.rri.ro\/wp-content\/uploads\/2023\/10\/logo-nato-otan.png","width":640,"height":480},{"@type":"BreadcrumbList","@id":"https:\/\/www.rri.ro\/de\/aktuell\/rri-aktuell\/nato-soll-buero-in-chisinau-eroeffnen-id460164.html#breadcrumb","itemListElement":[{"@type":"ListItem","position":1,"name":"Startseite","item":"https:\/\/www.rri.ro\/de"},{"@type":"ListItem","position":2,"name":"Aktuell","item":"https:\/\/www.rri.ro\/de\/aktuell"},{"@type":"ListItem","position":3,"name":"RRI Aktuell","item":"https:\/\/www.rri.ro\/de\/aktuell\/rri-aktuell"},{"@type":"ListItem","position":4,"name":"NATO soll B\u00fcro in Chi\u015fin\u0103u er\u00f6ffnen"}]},{"@type":"WebSite","@id":"https:\/\/www.rri.ro\/#website","url":"https:\/\/www.rri.ro\/","name":"Radio Rum\u00e4nien International","description":"Totul despre Rom\u00e2nia \u015fi rom\u00e2ni, \u00een 13 limbi\/dialecte!","inLanguage":"de"},{"@type":"Person","@id":"https:\/\/www.rri.ro\/#\/schema\/person\/0745b519f2d1287783422f162c4112af","name":"Roxana Vasile","url":"https:\/\/www.rri.ro\/de\/author\/roxana-vasile"}]}},"_links":{"self":[{"href":"https:\/\/www.rri.ro\/de\/wp-json\/wp\/v2\/posts\/460164","targetHints":{"allow":["GET"]}}],"collection":[{"href":"https:\/\/www.rri.ro\/de\/wp-json\/wp\/v2\/posts"}],"about":[{"href":"https:\/\/www.rri.ro\/de\/wp-json\/wp\/v2\/types\/post"}],"author":[{"embeddable":true,"href":"https:\/\/www.rri.ro\/de\/wp-json\/wp\/v2\/users\/109"}],"replies":[{"embeddable":true,"href":"https:\/\/www.rri.ro\/de\/wp-json\/wp\/v2\/comments?post=460164"}],"version-history":[{"count":0,"href":"https:\/\/www.rri.ro\/de\/wp-json\/wp\/v2\/posts\/460164\/revisions"}],"wp:featuredmedia":[{"embeddable":true,"href":"https:\/\/www.rri.ro\/de\/wp-json\/wp\/v2\/media\/72077"}],"wp:attachment":[{"href":"https:\/\/www.rri.ro\/de\/wp-json\/wp\/v2\/media?parent=460164"}],"wp:term":[{"taxonomy":"category","embeddable":true,"href":"https:\/\/www.rri.ro\/de\/wp-json\/wp\/v2\/categories?post=460164"},{"taxonomy":"post_tag","embeddable":true,"href":"https:\/\/www.rri.ro\/de\/wp-json\/wp\/v2\/tags?post=460164"},{"taxonomy":"author","embeddable":true,"href":"https:\/\/www.rri.ro\/de\/wp-json\/wp\/v2\/coauthors?post=460164"}],"curies":[{"name":"wp","href":"https:\/\/api.w.org\/{rel}","templated":true}]}}