{"id":460213,"date":"2017-03-13T15:00:00","date_gmt":"2017-03-13T13:00:00","guid":{"rendered":"http:\/\/devrri.freshlemon.ro\/aktuell\/strafgesetzgebung-bleibt-zankapfel-der-justiz-id460213.html"},"modified":"2024-02-19T20:32:38","modified_gmt":"2024-02-19T18:32:38","slug":"strafgesetzgebung-bleibt-zankapfel-der-justiz","status":"publish","type":"post","link":"https:\/\/www.rri.ro\/de\/aktuell\/rri-aktuell\/strafgesetzgebung-bleibt-zankapfel-der-justiz-id460213.html","title":{"rendered":"Strafgesetzgebung bleibt Zankapfel der Justiz"},"content":{"rendered":"<p>Hunderttausende emp\u00f6rte Rum\u00e4nen sind im Februar dieses Jahres jeden Tag auf die Stra\u200e\u00dfe gegangen, um an den gr\u00f6\u200e\u00dften Protestdemonstrationen nach dem Fall der kommunistischen Diktatur im Dezember 1989 teilzunehmen. Gleich nach ihrem Amtsantritt hatte die linksgerichtete Koalitionsregierung der Sozial-Demokratischen Partei PSD und der Allianz der Liberalen und Demokraten ALDE versucht, durch eine in einer Nacht-und Nebel-Aktion angenommene Eilverordnung eine kollektive Begnadigung und eine \u00c4nderung des Strafgesetzbuches durchzusetzen. Drei Wochen nach ihrer Verabschiedung am 31. Januar war die umstrittene Vorschrift Geschichte. Abgeordnete aller Fraktionen stimmten mit \u00fcberw\u00e4ltigender Mehrheit f\u00fcr die Ablehnung der Eilverordnung Nr. 13 und f\u00fcr die Annahme der Eilverordnung Nr. 14 zu ihrer Widerrufung. Die Mehrheit beugte sich dem Druck der Stra\u200e\u00dfe &#8212; in Massen hatten die B\u00fcrger gegen eine Abschw\u00e4chung der Strafvorschriften zugunsten korrupter Politiker protestiert. Unterst\u00fctzt wurden sie auch von der rechtsgerichteten Opposition in Rum\u00e4nien, von der Presse und von den westeurop\u00e4ischen Partnern Rum\u00e4niens.<\/p>\n<p>&#13;<br \/>\n&#13;<\/p>\n<p>&#13;<br \/>\n&#13;<\/p>\n<p>Die rum\u00e4nischen  B\u00fcrger bleiben aber mi\u200e\u00dftrauisch &#8212; es besteht der Verdacht, dass die Sozialdemokraten und ihre Regierungspartner, die Liberaldemokraten, weiterhin versuchen, prominente Politiker und Verantwortliche von der zentralen und kommunalen Verwaltung, die wegen Korruption sich vor Gericht verantworten m\u00fcssen, wei\u200e\u00df zu waschen. Am Sonntag, den 12. M\u00e4rz, gab es erneut in Bukarest und in mehreren rum\u00e4nischen Gro\u200e\u00dfst\u00e4dten Protestdemonstrationen gegen die Regierung und auch gegen das Parlament, das zur Zeit \u00fcber den neuen Entwurf des Begnadigungsgesetzes debattiert, das vom sozialdemokratischen Senator Serban Nicolae vorgeschlagen wurde. In Bukarest gingen etwa 3.000 Menschen auf die Stra\u200e\u00dfe, um gegen die neue Initiative zur \u00c4nderung des Strafgesetzbuches, die auch die Begnadigung gewisser Korruptionstaten einschlie\u200e\u00dft, zu protestieren. Die Demonstranten klagen auch \u00fcber eine sogenannte Politisierung des Verfassungsgerichts: Das Verfassungsgericht hatte n\u00e4mlich beschlossen, die Antikorruptionsbeh\u00f6rde DNA habe ihre Zust\u00e4ndigkeiten \u00fcberschritten, als sie die Annahme der Eilverordnung \u00fcber das Strafgesetzbuch untersuchte. Die protestierenden Rum\u00e4nen forderten erneut den R\u00fccktritt der Regierung:<\/p>\n<p>&#13;<br \/>\n&#13;<\/p>\n<p>&#13;<br \/>\n&#13;<\/p>\n<p><em>Diese Regierung mu\u200e\u00df weg! Die Regierenden haben nur ein paar kleine Ver\u00e4nderungen gemacht, um die Rum\u00e4nen \u00fcber den Tisch zu ziehen!\u201d<\/em><\/p>\n<p>&#13;<br \/>\n&#13;<\/p>\n<p>&#13;<br \/>\n&#13;<\/p>\n<p><em>Ich will keine Politiker mehr haben, die nur sich selbst vertreten! Ich will keine Karrierepolitiker mehr haben!\u201d<\/em><\/p>\n<p>&#13;<br \/>\n&#13;<\/p>\n<p>&#13;<br \/>\n&#13;<\/p>\n<p><em>Kaum hatten wir uns ein bi\u200e\u00dfchen beruhigt und dachten, jetzt verstehen wir worum es geht, da kommt pl\u00f6tzlich Serban Nicolae und sagt Ach, die armen Gefangenen! Ach, die haben es so schwer, im Knast gibt\u2019s Schimmel an den W\u00e4nden! Man k\u00f6nnte schon in Tr\u00e4nen ausbrechen wenn man nicht w\u00fc\u200e\u00dfte, um welche Haftinsassen es geht! Welche Priorit\u00e4ten hat denn diese Regierung? Haben die Regierenden jemals ein Krebskrankenhaus von Innen gesehen? Jetzt aber mal ehrlich, diese Regierung mu\u200e\u00df weg!\u201d<\/em><\/p>\n<p>&#13;<br \/>\n&#13;<\/p>\n<p>&#13;<br \/>\n&#13;<\/p>\n<p>Auf der anderen Seite der Barrikade pl\u00e4diert der neue Justizminister, Tudorel Toader, f\u00fcr Transparenz beim Treffen von Entscheidungen, gem\u00e4\u200e\u00df der rum\u00e4nischen Verfassung und den europ\u00e4ischen Standards. Tudorel Toader wurde Justizminister, nachdem sein unbeliebter Vorg\u00e4nger, der Autor der umstrittenen Eilverordnung Nr. 13, Florin Iordache, aus seinem Amt zur\u00fccktreten mu\u200e\u00dfte. Nun sagt der neue Justizminister Tudorel Toader, die Bukarester Beh\u00f6rden w\u00fcrden sich um die Aufhebung der Monitorisierung der Europ\u00e4ischen Union im Bereich Justiz bem\u00fchen:<\/p>\n<p>&#13;<br \/>\n&#13;<\/p>\n<p>&#13;<br \/>\n&#13;<\/p>\n<p><em>Wir bem\u00fchen uns um die Aufhebung  des Kooperations- und \u00dcberpr\u00fcfungsmechansimus (CVM), der seit 2007 in Kraft ist. Das werden wir nur mit einem transparenten Entscheidungsverfahren erreichen. Die EU-Monitorisierung wird erst dann aufgehoben, wenn wir juristische Regelungen und Normen haben, die den Standards der rum\u00e4nischen Verfassung und den Standards der Venedig-Kommision entsprechen.\u201d<\/em><\/p>\n<p>&#13;<br \/>\n&#13;<\/p>\n<p>&#13;<br \/>\n&#13;<\/p>\n<p>Ferner gab Justizminister Tudorel Toader bekannt, er werde mit dem Generalstaatsanwalt, Augustin Lazar, und mit der Chefin der Antikorruptionsbeh\u00f6rde, Laura Codruta K\u00f6vesi, \u00fcber die Untersuchung betreffend die Eilverordnung Nr. 13 diskutieren. In den n\u00e4chsten zwei Wochen werde er auch die Aktivit\u00e4t der Generalstaatsanwaltschaft untersuchen; in Betracht k\u00e4me auch die Entlassung der zwei Chefstaatsanw\u00e4lte, Augustin Lazar und Laura Codruta K\u00f6vesi, sagte noch der Justizminister. Die Politkommentatoren warnen aber, dass eine derartige Entscheidung zu neuen Stra\u200e\u00dfenprotesten f\u00fchren k\u00f6nnte.<\/p>\n<p>&#13;<br \/>\n&#13;<\/p>\n<p>&#13;<\/p>\n","protected":false},"excerpt":{"rendered":"<p>Laut einem bekannten Spruch kennen sich die Rum\u00e4nen vor allem mit Politik und Fu\u00dfball aus. Ab 2017 scheinen die Rum\u00e4nen auch Strafgesetzexperten geworden zu sein.<\/p>\n","protected":false},"author":105,"featured_media":72564,"comment_status":"closed","ping_status":"closed","sticky":false,"template":"","format":"standard","meta":{"_acf_changed":false,"footnotes":""},"categories":[99583],"tags":[100731,102860,164787,101875,99625,101822,99702,143778,145379,99599,161728,99586,100703,103789,100149],"coauthors":[],"class_list":["post-460213","post","type-post","status-publish","format-standard","has-post-thumbnail","hentry","category-rri-aktuell","tag-begnadigung","tag-demonstration","tag-dna-de","tag-eilverordnung","tag-justiz","tag-koalition","tag-korruption","tag-opposition-de","tag-parlament-de","tag-politiker","tag-protest-de","tag-regierung","tag-strafgesetzbuch","tag-strasse","tag-verfassung"],"acf":[],"yoast_head":"<!-- This site is optimized with the Yoast SEO plugin v27.5 - https:\/\/yoast.com\/product\/yoast-seo-wordpress\/ -->\n<title>Strafgesetzgebung bleibt Zankapfel der Justiz - Radio Rum\u00e4nien International<\/title>\n<meta name=\"robots\" content=\"index, follow, max-snippet:-1, max-image-preview:large, max-video-preview:-1\" \/>\n<link rel=\"canonical\" href=\"https:\/\/www.rri.ro\/de\/aktuell\/rri-aktuell\/strafgesetzgebung-bleibt-zankapfel-der-justiz-id460213.html\" \/>\n<meta property=\"og:locale\" content=\"de_DE\" \/>\n<meta property=\"og:type\" content=\"article\" \/>\n<meta property=\"og:title\" content=\"Strafgesetzgebung bleibt Zankapfel der Justiz - Radio Rum\u00e4nien International\" \/>\n<meta property=\"og:description\" content=\"Laut einem bekannten Spruch kennen sich die Rum\u00e4nen vor allem mit Politik und Fu\u00dfball aus. Ab 2017 scheinen die Rum\u00e4nen auch Strafgesetzexperten geworden zu sein.\" \/>\n<meta property=\"og:url\" content=\"https:\/\/www.rri.ro\/de\/aktuell\/rri-aktuell\/strafgesetzgebung-bleibt-zankapfel-der-justiz-id460213.html\" \/>\n<meta property=\"og:site_name\" content=\"Radio Rum\u00e4nien International\" \/>\n<meta property=\"article:published_time\" content=\"2017-03-13T13:00:00+00:00\" \/>\n<meta property=\"article:modified_time\" content=\"2024-02-19T18:32:38+00:00\" \/>\n<meta property=\"og:image\" content=\"https:\/\/www.rri.ro\/wp-content\/uploads\/2023\/10\/klaus-iohannis-summit-bruxelles.png\" \/>\n\t<meta property=\"og:image:width\" content=\"640\" \/>\n\t<meta property=\"og:image:height\" content=\"360\" \/>\n\t<meta property=\"og:image:type\" content=\"image\/png\" \/>\n<meta name=\"author\" content=\"Bogdan Matei\" \/>\n<meta name=\"twitter:card\" content=\"summary_large_image\" \/>\n<meta name=\"twitter:label1\" content=\"Verfasst von\" \/>\n\t<meta name=\"twitter:data1\" content=\"Bogdan Matei\" \/>\n\t<meta name=\"twitter:label2\" content=\"Gesch\u00e4tzte Lesezeit\" \/>\n\t<meta name=\"twitter:data2\" content=\"3\u00a0Minuten\" \/>\n\t<meta name=\"twitter:label3\" content=\"Written by\" \/>\n\t<meta name=\"twitter:data3\" content=\"Bogdan Matei\" \/>\n<script type=\"application\/ld+json\" class=\"yoast-schema-graph\">{\"@context\":\"https:\\\/\\\/schema.org\",\"@graph\":[{\"@type\":\"Article\",\"@id\":\"https:\\\/\\\/www.rri.ro\\\/de\\\/aktuell\\\/rri-aktuell\\\/strafgesetzgebung-bleibt-zankapfel-der-justiz-id460213.html#article\",\"isPartOf\":{\"@id\":\"https:\\\/\\\/www.rri.ro\\\/de\\\/aktuell\\\/rri-aktuell\\\/strafgesetzgebung-bleibt-zankapfel-der-justiz-id460213.html\"},\"author\":{\"name\":\"Bogdan Matei\",\"@id\":\"https:\\\/\\\/www.rri.ro\\\/#\\\/schema\\\/person\\\/0ed327d40678578e6dbb840527e3ba32\"},\"headline\":\"Strafgesetzgebung bleibt Zankapfel der Justiz\",\"datePublished\":\"2017-03-13T13:00:00+00:00\",\"dateModified\":\"2024-02-19T18:32:38+00:00\",\"mainEntityOfPage\":{\"@id\":\"https:\\\/\\\/www.rri.ro\\\/de\\\/aktuell\\\/rri-aktuell\\\/strafgesetzgebung-bleibt-zankapfel-der-justiz-id460213.html\"},\"wordCount\":672,\"image\":{\"@id\":\"https:\\\/\\\/www.rri.ro\\\/de\\\/aktuell\\\/rri-aktuell\\\/strafgesetzgebung-bleibt-zankapfel-der-justiz-id460213.html#primaryimage\"},\"thumbnailUrl\":\"https:\\\/\\\/www.rri.ro\\\/wp-content\\\/uploads\\\/2023\\\/10\\\/klaus-iohannis-summit-bruxelles.png\",\"keywords\":[\"Begnadigung\",\"Demonstration\",\"DNA\",\"Eilverordnung\",\"Justiz\",\"Koalition\",\"Korruption\",\"opposition\",\"Parlament\",\"Politiker\",\"protest\",\"Regierung\",\"Strafgesetzbuch\",\"Stra\u00dfe\",\"Verfassung\"],\"articleSection\":[\"RRI Aktuell\"],\"inLanguage\":\"de\"},{\"@type\":\"WebPage\",\"@id\":\"https:\\\/\\\/www.rri.ro\\\/de\\\/aktuell\\\/rri-aktuell\\\/strafgesetzgebung-bleibt-zankapfel-der-justiz-id460213.html\",\"url\":\"https:\\\/\\\/www.rri.ro\\\/de\\\/aktuell\\\/rri-aktuell\\\/strafgesetzgebung-bleibt-zankapfel-der-justiz-id460213.html\",\"name\":\"Strafgesetzgebung bleibt Zankapfel der Justiz - Radio Rum\u00e4nien International\",\"isPartOf\":{\"@id\":\"https:\\\/\\\/www.rri.ro\\\/#website\"},\"primaryImageOfPage\":{\"@id\":\"https:\\\/\\\/www.rri.ro\\\/de\\\/aktuell\\\/rri-aktuell\\\/strafgesetzgebung-bleibt-zankapfel-der-justiz-id460213.html#primaryimage\"},\"image\":{\"@id\":\"https:\\\/\\\/www.rri.ro\\\/de\\\/aktuell\\\/rri-aktuell\\\/strafgesetzgebung-bleibt-zankapfel-der-justiz-id460213.html#primaryimage\"},\"thumbnailUrl\":\"https:\\\/\\\/www.rri.ro\\\/wp-content\\\/uploads\\\/2023\\\/10\\\/klaus-iohannis-summit-bruxelles.png\",\"datePublished\":\"2017-03-13T13:00:00+00:00\",\"dateModified\":\"2024-02-19T18:32:38+00:00\",\"author\":{\"@id\":\"https:\\\/\\\/www.rri.ro\\\/#\\\/schema\\\/person\\\/0ed327d40678578e6dbb840527e3ba32\"},\"breadcrumb\":{\"@id\":\"https:\\\/\\\/www.rri.ro\\\/de\\\/aktuell\\\/rri-aktuell\\\/strafgesetzgebung-bleibt-zankapfel-der-justiz-id460213.html#breadcrumb\"},\"inLanguage\":\"de\",\"potentialAction\":[{\"@type\":\"ReadAction\",\"target\":[\"https:\\\/\\\/www.rri.ro\\\/de\\\/aktuell\\\/rri-aktuell\\\/strafgesetzgebung-bleibt-zankapfel-der-justiz-id460213.html\"]}]},{\"@type\":\"ImageObject\",\"inLanguage\":\"de\",\"@id\":\"https:\\\/\\\/www.rri.ro\\\/de\\\/aktuell\\\/rri-aktuell\\\/strafgesetzgebung-bleibt-zankapfel-der-justiz-id460213.html#primaryimage\",\"url\":\"https:\\\/\\\/www.rri.ro\\\/wp-content\\\/uploads\\\/2023\\\/10\\\/klaus-iohannis-summit-bruxelles.png\",\"contentUrl\":\"https:\\\/\\\/www.rri.ro\\\/wp-content\\\/uploads\\\/2023\\\/10\\\/klaus-iohannis-summit-bruxelles.png\",\"width\":640,\"height\":360},{\"@type\":\"BreadcrumbList\",\"@id\":\"https:\\\/\\\/www.rri.ro\\\/de\\\/aktuell\\\/rri-aktuell\\\/strafgesetzgebung-bleibt-zankapfel-der-justiz-id460213.html#breadcrumb\",\"itemListElement\":[{\"@type\":\"ListItem\",\"position\":1,\"name\":\"Startseite\",\"item\":\"https:\\\/\\\/www.rri.ro\\\/de\"},{\"@type\":\"ListItem\",\"position\":2,\"name\":\"Aktuell\",\"item\":\"https:\\\/\\\/www.rri.ro\\\/de\\\/aktuell\"},{\"@type\":\"ListItem\",\"position\":3,\"name\":\"RRI Aktuell\",\"item\":\"https:\\\/\\\/www.rri.ro\\\/de\\\/aktuell\\\/rri-aktuell\"},{\"@type\":\"ListItem\",\"position\":4,\"name\":\"Strafgesetzgebung bleibt Zankapfel der Justiz\"}]},{\"@type\":\"WebSite\",\"@id\":\"https:\\\/\\\/www.rri.ro\\\/#website\",\"url\":\"https:\\\/\\\/www.rri.ro\\\/\",\"name\":\"Radio Rum\u00e4nien International\",\"description\":\"Totul despre Rom\u00e2nia \u015fi rom\u00e2ni, \u00een 13 limbi\\\/dialecte!\",\"inLanguage\":\"de\"},{\"@type\":\"Person\",\"@id\":\"https:\\\/\\\/www.rri.ro\\\/#\\\/schema\\\/person\\\/0ed327d40678578e6dbb840527e3ba32\",\"name\":\"Bogdan Matei\",\"url\":\"https:\\\/\\\/www.rri.ro\\\/de\\\/author\\\/bogdan-matei\"}]}<\/script>\n<!-- \/ Yoast SEO plugin. -->","yoast_head_json":{"title":"Strafgesetzgebung bleibt Zankapfel der Justiz - Radio Rum\u00e4nien International","robots":{"index":"index","follow":"follow","max-snippet":"max-snippet:-1","max-image-preview":"max-image-preview:large","max-video-preview":"max-video-preview:-1"},"canonical":"https:\/\/www.rri.ro\/de\/aktuell\/rri-aktuell\/strafgesetzgebung-bleibt-zankapfel-der-justiz-id460213.html","og_locale":"de_DE","og_type":"article","og_title":"Strafgesetzgebung bleibt Zankapfel der Justiz - Radio Rum\u00e4nien International","og_description":"Laut einem bekannten Spruch kennen sich die Rum\u00e4nen vor allem mit Politik und Fu\u00dfball aus. Ab 2017 scheinen die Rum\u00e4nen auch Strafgesetzexperten geworden zu sein.","og_url":"https:\/\/www.rri.ro\/de\/aktuell\/rri-aktuell\/strafgesetzgebung-bleibt-zankapfel-der-justiz-id460213.html","og_site_name":"Radio Rum\u00e4nien International","article_published_time":"2017-03-13T13:00:00+00:00","article_modified_time":"2024-02-19T18:32:38+00:00","og_image":[{"width":640,"height":360,"url":"https:\/\/www.rri.ro\/wp-content\/uploads\/2023\/10\/klaus-iohannis-summit-bruxelles.png","type":"image\/png"}],"author":"Bogdan Matei","twitter_card":"summary_large_image","twitter_misc":{"Verfasst von":"Bogdan Matei","Gesch\u00e4tzte Lesezeit":"3\u00a0Minuten","Written by":"Bogdan Matei"},"schema":{"@context":"https:\/\/schema.org","@graph":[{"@type":"Article","@id":"https:\/\/www.rri.ro\/de\/aktuell\/rri-aktuell\/strafgesetzgebung-bleibt-zankapfel-der-justiz-id460213.html#article","isPartOf":{"@id":"https:\/\/www.rri.ro\/de\/aktuell\/rri-aktuell\/strafgesetzgebung-bleibt-zankapfel-der-justiz-id460213.html"},"author":{"name":"Bogdan Matei","@id":"https:\/\/www.rri.ro\/#\/schema\/person\/0ed327d40678578e6dbb840527e3ba32"},"headline":"Strafgesetzgebung bleibt Zankapfel der Justiz","datePublished":"2017-03-13T13:00:00+00:00","dateModified":"2024-02-19T18:32:38+00:00","mainEntityOfPage":{"@id":"https:\/\/www.rri.ro\/de\/aktuell\/rri-aktuell\/strafgesetzgebung-bleibt-zankapfel-der-justiz-id460213.html"},"wordCount":672,"image":{"@id":"https:\/\/www.rri.ro\/de\/aktuell\/rri-aktuell\/strafgesetzgebung-bleibt-zankapfel-der-justiz-id460213.html#primaryimage"},"thumbnailUrl":"https:\/\/www.rri.ro\/wp-content\/uploads\/2023\/10\/klaus-iohannis-summit-bruxelles.png","keywords":["Begnadigung","Demonstration","DNA","Eilverordnung","Justiz","Koalition","Korruption","opposition","Parlament","Politiker","protest","Regierung","Strafgesetzbuch","Stra\u00dfe","Verfassung"],"articleSection":["RRI Aktuell"],"inLanguage":"de"},{"@type":"WebPage","@id":"https:\/\/www.rri.ro\/de\/aktuell\/rri-aktuell\/strafgesetzgebung-bleibt-zankapfel-der-justiz-id460213.html","url":"https:\/\/www.rri.ro\/de\/aktuell\/rri-aktuell\/strafgesetzgebung-bleibt-zankapfel-der-justiz-id460213.html","name":"Strafgesetzgebung bleibt Zankapfel der Justiz - Radio Rum\u00e4nien International","isPartOf":{"@id":"https:\/\/www.rri.ro\/#website"},"primaryImageOfPage":{"@id":"https:\/\/www.rri.ro\/de\/aktuell\/rri-aktuell\/strafgesetzgebung-bleibt-zankapfel-der-justiz-id460213.html#primaryimage"},"image":{"@id":"https:\/\/www.rri.ro\/de\/aktuell\/rri-aktuell\/strafgesetzgebung-bleibt-zankapfel-der-justiz-id460213.html#primaryimage"},"thumbnailUrl":"https:\/\/www.rri.ro\/wp-content\/uploads\/2023\/10\/klaus-iohannis-summit-bruxelles.png","datePublished":"2017-03-13T13:00:00+00:00","dateModified":"2024-02-19T18:32:38+00:00","author":{"@id":"https:\/\/www.rri.ro\/#\/schema\/person\/0ed327d40678578e6dbb840527e3ba32"},"breadcrumb":{"@id":"https:\/\/www.rri.ro\/de\/aktuell\/rri-aktuell\/strafgesetzgebung-bleibt-zankapfel-der-justiz-id460213.html#breadcrumb"},"inLanguage":"de","potentialAction":[{"@type":"ReadAction","target":["https:\/\/www.rri.ro\/de\/aktuell\/rri-aktuell\/strafgesetzgebung-bleibt-zankapfel-der-justiz-id460213.html"]}]},{"@type":"ImageObject","inLanguage":"de","@id":"https:\/\/www.rri.ro\/de\/aktuell\/rri-aktuell\/strafgesetzgebung-bleibt-zankapfel-der-justiz-id460213.html#primaryimage","url":"https:\/\/www.rri.ro\/wp-content\/uploads\/2023\/10\/klaus-iohannis-summit-bruxelles.png","contentUrl":"https:\/\/www.rri.ro\/wp-content\/uploads\/2023\/10\/klaus-iohannis-summit-bruxelles.png","width":640,"height":360},{"@type":"BreadcrumbList","@id":"https:\/\/www.rri.ro\/de\/aktuell\/rri-aktuell\/strafgesetzgebung-bleibt-zankapfel-der-justiz-id460213.html#breadcrumb","itemListElement":[{"@type":"ListItem","position":1,"name":"Startseite","item":"https:\/\/www.rri.ro\/de"},{"@type":"ListItem","position":2,"name":"Aktuell","item":"https:\/\/www.rri.ro\/de\/aktuell"},{"@type":"ListItem","position":3,"name":"RRI Aktuell","item":"https:\/\/www.rri.ro\/de\/aktuell\/rri-aktuell"},{"@type":"ListItem","position":4,"name":"Strafgesetzgebung bleibt Zankapfel der Justiz"}]},{"@type":"WebSite","@id":"https:\/\/www.rri.ro\/#website","url":"https:\/\/www.rri.ro\/","name":"Radio Rum\u00e4nien International","description":"Totul despre Rom\u00e2nia \u015fi rom\u00e2ni, \u00een 13 limbi\/dialecte!","inLanguage":"de"},{"@type":"Person","@id":"https:\/\/www.rri.ro\/#\/schema\/person\/0ed327d40678578e6dbb840527e3ba32","name":"Bogdan Matei","url":"https:\/\/www.rri.ro\/de\/author\/bogdan-matei"}]}},"_links":{"self":[{"href":"https:\/\/www.rri.ro\/de\/wp-json\/wp\/v2\/posts\/460213","targetHints":{"allow":["GET"]}}],"collection":[{"href":"https:\/\/www.rri.ro\/de\/wp-json\/wp\/v2\/posts"}],"about":[{"href":"https:\/\/www.rri.ro\/de\/wp-json\/wp\/v2\/types\/post"}],"author":[{"embeddable":true,"href":"https:\/\/www.rri.ro\/de\/wp-json\/wp\/v2\/users\/105"}],"replies":[{"embeddable":true,"href":"https:\/\/www.rri.ro\/de\/wp-json\/wp\/v2\/comments?post=460213"}],"version-history":[{"count":0,"href":"https:\/\/www.rri.ro\/de\/wp-json\/wp\/v2\/posts\/460213\/revisions"}],"wp:featuredmedia":[{"embeddable":true,"href":"https:\/\/www.rri.ro\/de\/wp-json\/wp\/v2\/media\/72564"}],"wp:attachment":[{"href":"https:\/\/www.rri.ro\/de\/wp-json\/wp\/v2\/media?parent=460213"}],"wp:term":[{"taxonomy":"category","embeddable":true,"href":"https:\/\/www.rri.ro\/de\/wp-json\/wp\/v2\/categories?post=460213"},{"taxonomy":"post_tag","embeddable":true,"href":"https:\/\/www.rri.ro\/de\/wp-json\/wp\/v2\/tags?post=460213"},{"taxonomy":"author","embeddable":true,"href":"https:\/\/www.rri.ro\/de\/wp-json\/wp\/v2\/coauthors?post=460213"}],"curies":[{"name":"wp","href":"https:\/\/api.w.org\/{rel}","templated":true}]}}