{"id":460238,"date":"2017-03-27T17:31:00","date_gmt":"2017-03-27T14:31:00","guid":{"rendered":"http:\/\/devrri.freshlemon.ro\/aktuell\/bleibt-die-europaeische-union-noch-einheitlich-und-stark-id460238.html"},"modified":"2024-02-19T20:32:54","modified_gmt":"2024-02-19T18:32:54","slug":"bleibt-die-europaeische-union-noch-einheitlich-und-stark","status":"publish","type":"post","link":"https:\/\/www.rri.ro\/de\/aktuell\/rri-aktuell\/bleibt-die-europaeische-union-noch-einheitlich-und-stark-id460238.html","title":{"rendered":"Bleibt die Europ\u00e4ische Union noch einheitlich und stark?"},"content":{"rendered":"<p>Die Staats- und Regierungschefs der EU-Mitgliedsl\u00e4nder sind am Samstag bei einem Jubil\u00e4umsgipfel am Samstag in Rom zusammengekommen, um die Gr\u00fcndung des Staatenbunds zu feiern und einen Fahrplan f\u00fcr die Herausforderungen der Zukunft zu erstellen. Am Freitag hatte Papst Franziskus den 27 Staats- und Regierungschefs ins Gewissen geredet und sie zu Solidarit\u00e4t und Zusammenhalt aufgerufen. Bei einer Audienz im Vatikan sagte er, Solidarit\u00e4t sei das wirksamste Heilmittel gegen die modernen Formen des Populismus. Beim Sondergipfel zum 60. Jubil\u00e4um der R\u00f6mischen Vertr\u00e4ge verabschiedeten die Teilnehmer erneut eine Erkl\u00e4rung von Rom. Damit bekr\u00e4ftigen die EU-Staaten ihr Engagement f\u00fcr ein starkes Europa, das den neuen Herausforderungen gewachsen ist. Europa ist unsere gemeinsame Zukunft, hei\u00dft es in dem Text. Laut Politkommentatoren war die neue Erkl\u00e4rung von Rom ein Appell zur Einheit und Solidarit\u00e4t, damit alle EU-B\u00fcrger so schnell wie m\u00f6glich positive \u00c4nderungen erleben und wieder Vertrauen an die Zukunft der Europ\u00e4ischen Union bekommen. In dem tr\u00fcben Kontext, der durch den Brexit und infolge der schwachen Leistungen der EU-Einrichtungen und der EU\u2013Politiker, die Migration, den Terrorismus und das Entwicklungsgef\u00e4lle innerhalb der Europ\u00e4ischen Union zu managen, brauchte man die Best\u00e4tigung des Engagements f\u00fcr die Zukunft Europas.<\/p>\n<p>&#13;<br \/>\n&#13;<\/p>\n<p>&#13;<br \/>\n&#13;<\/p>\n<p>Der Gastgeber des Gipfels, Italiens Regierungschef Paolo Gentiloni, w\u00fcrdigte 60 Jahre Frieden in Europa. Daran m\u00fcsse zu Ehren des Mutes der Gr\u00fcndungsv\u00e4ter angekn\u00fcpft werden. Nach den j\u00fcngsten Krisen m\u00fcsse Europa neu beginnen und wir haben die St\u00e4rke daf\u00fcr, sagte er. Die Erkl\u00e4rung sei ein Schritt vorw\u00e4rts f\u00fcr die Europ\u00e4ische Union und die Grundlage f\u00fcr weitere Reformen; dadurch wurden die gemeinsamen Werte und Zielsetzungen, der Zusammenhalt der EU-Mitgliedsstaaten und eine zuk\u00fcnftig st\u00e4rkere  Kooperation best\u00e4tigt, so Paolo Gentiloni.<\/p>\n<p>&#13;<br \/>\n&#13;<\/p>\n<p>&#13;<br \/>\n&#13;<\/p>\n<p>Das seit einiger Zeit immer wieder verwendete Syntagma <strong>\u201cEuropa der zwei Geschwindigkeiten<\/strong> ist aus dem Erkl\u00e4rungstext gestrichen worden. In der Erkl\u00e4rung von Rom steht nun (wir zitieren): Zusammenhalt gibt uns die beste Chance, auf diese Dynamik Einfluss zu nehmen und unsere gemeinsamen Interessen und Werte zu verteidigen. Wir werden gemeinsam \u2013 <strong>wenn n\u00f6tig mit unterschiedlicher Gangart und Intensit\u00e4t<\/strong> \u2013 handeln, w\u00e4hrend wir uns in dieselbe Richtung bewegen, so wie wir es schon in der Vergangenheit getan haben; dies wird im Einklang mit den Vertr\u00e4gen geschehen und die T\u00fcr wird allen offen stehen, die sich sp\u00e4ter anschlie\u00dfen m\u00f6chten. Unsere Union ist ungeteilt und unteilbar. (Zitatende)<\/p>\n<p>&#13;<br \/>\n&#13;<\/p>\n<p>&#13;<br \/>\n&#13;<\/p>\n<p>Der rum\u00e4nische Staatspr\u00e4sident Klaus Iohannis sagte in diesem Zusammenhang:<\/p>\n<p>&#13;<br \/>\n&#13;<\/p>\n<p>&#13;<br \/>\n&#13;<\/p>\n<p><em>\u201cWenn wir ein Europa der zwei Geschwindigkeiten akzeptiert h\u00e4tten, so w\u00e4ren die osteurop\u00e4ischen L\u00e4nder fr\u00fcher oder sp\u00e4ter in die zweite Geschwindigkeit ger\u00fcckt, und die tiefen Bef\u00fcrchtungen der Osteurop\u00e4er, zur\u00fcckgelassen zu werden, w\u00e4ren dadurch wieder ans Licht gekommen. Die Europ\u00e4ische Union darf nicht einen Zustand erreichen, in dem die Europ\u00e4er, anstatt mit Optimismus und voller Vertrauen an ihr gemeinsames Projekt zu glauben, sich vor dem europ\u00e4ischen Projekt f\u00fcrchten k\u00f6nnten. <\/em><\/p>\n<p>&#13;<br \/>\n&#13;<\/p>\n<p>&#13;<br \/>\n&#13;<\/p>\n<p>Bei einem Treffen an der Accademia di Romania in Rom sprach Pr\u00e4sident Iohannis \u00fcber den Sondergipfel zum 60. Jubil\u00e4um der R\u00f6mischen Vertr\u00e4ge. Dabei sagte Iohannis, dass die Europ\u00e4ische Union vereint und stark bleiben m\u00fcsse, und auch anderer Staaten erm\u00f6glichen sollte, sich den Prinzipien dieser Gemeinschaft anzuschlie\u00dfen. Das europ\u00e4ishe Projekt k\u00f6nnte wieder glaubw\u00fcrdig werden, aber nur als Ganzes, nicht in Gruppen, nicht in kleineren oder konzentrischen Kreisen, so der rum\u00e4nische Staatschef. Rum\u00e4nien setzt sich daf\u00fcr ein, dass die Europ\u00e4ische Union solidarisch und widerstandsf\u00e4hig bleibt. Klaus Iohannis:<\/p>\n<p>&#13;<br \/>\n&#13;<\/p>\n<p>&#13;<br \/>\n&#13;<\/p>\n<p><em>\u201cIch glaube, dass wir besser und \u00f6fter dar\u00fcber sprechen sollten, was die Europ\u00e4ische Union f\u00fcr die Menschen bedeutet. Die Vorteile der europ\u00e4ischen Staatengemeinschaft werden oft ignoriert, weil sie selbstverst\u00e4ndlich sind, und daher sollten wir die Vorteile der Zugeh\u00f6rigkeit zur gro\u00dfen europ\u00e4ischen Familie wieder in den Vordergrund bringen.<\/em><\/p>\n<p>&#13;<br \/>\n&#13;<\/p>\n<p>&#13;<br \/>\n&#13;<\/p>\n<p>Nach dem Sondergipfel in Rom gab der rum\u00e4nische Staatspr\u00e4sident bekannt, er werde die rum\u00e4nischen Politiker zu Gespr\u00e4chen \u00fcber die Zukunft Europas einladen.<\/p>\n<p>&#13;<\/p>\n","protected":false},"excerpt":{"rendered":"<p>Mit einem Appell zur Einheit haben 27 EU-Mitgliedsl\u00e4nder die Gr\u00fcndung des Staatenbunds gefeiert und einen Fahrplan f\u00fcr die Herausforderungen der Zukunft erstellt.<\/p>\n","protected":false},"author":110,"featured_media":72806,"comment_status":"closed","ping_status":"closed","sticky":false,"template":"","format":"standard","meta":{"_acf_changed":false,"footnotes":""},"categories":[99583],"tags":[100573,100614,134270,158459,103810,100418,100502,101388,99599,169707,102225,102868,147524,100344],"coauthors":[],"class_list":["post-460238","post","type-post","status-publish","format-standard","has-post-thumbnail","hentry","category-rri-aktuell","tag-einheit","tag-erklaerung","tag-eu-de","tag-europa-de","tag-gemeinschaft","tag-geschwindigkeit","tag-gipfel","tag-jubilaeum","tag-politiker","tag-rom-de","tag-solidaritaet","tag-sondergipfel","tag-union-de","tag-zukunft"],"acf":[],"yoast_head":"<!-- This site is optimized with the Yoast SEO plugin v27.3 - https:\/\/yoast.com\/product\/yoast-seo-wordpress\/ -->\n<title>Bleibt die Europ\u00e4ische Union noch einheitlich und stark? - Radio Rum\u00e4nien International<\/title>\n<meta name=\"robots\" content=\"index, follow, max-snippet:-1, max-image-preview:large, max-video-preview:-1\" \/>\n<link rel=\"canonical\" href=\"https:\/\/www.rri.ro\/de\/aktuell\/rri-aktuell\/bleibt-die-europaeische-union-noch-einheitlich-und-stark-id460238.html\" \/>\n<meta property=\"og:locale\" content=\"de_DE\" \/>\n<meta property=\"og:type\" content=\"article\" \/>\n<meta property=\"og:title\" content=\"Bleibt die Europ\u00e4ische Union noch einheitlich und stark? - Radio Rum\u00e4nien International\" \/>\n<meta property=\"og:description\" content=\"Mit einem Appell zur Einheit haben 27 EU-Mitgliedsl\u00e4nder die Gr\u00fcndung des Staatenbunds gefeiert und einen Fahrplan f\u00fcr die Herausforderungen der Zukunft erstellt.\" \/>\n<meta property=\"og:url\" content=\"https:\/\/www.rri.ro\/de\/aktuell\/rri-aktuell\/bleibt-die-europaeische-union-noch-einheitlich-und-stark-id460238.html\" \/>\n<meta property=\"og:site_name\" content=\"Radio Rum\u00e4nien International\" \/>\n<meta property=\"article:published_time\" content=\"2017-03-27T14:31:00+00:00\" \/>\n<meta property=\"article:modified_time\" content=\"2024-02-19T18:32:54+00:00\" \/>\n<meta property=\"og:image\" content=\"https:\/\/www.rri.ro\/wp-content\/uploads\/2023\/10\/iohannis-roma60-reuniune.jpg\" \/>\n\t<meta property=\"og:image:width\" content=\"640\" \/>\n\t<meta property=\"og:image:height\" content=\"360\" \/>\n\t<meta property=\"og:image:type\" content=\"image\/jpeg\" \/>\n<meta name=\"author\" content=\"\u015etefan Stoica\" \/>\n<meta name=\"twitter:card\" content=\"summary_large_image\" \/>\n<meta name=\"twitter:label1\" content=\"Verfasst von\" \/>\n\t<meta name=\"twitter:data1\" content=\"\u015etefan Stoica\" \/>\n\t<meta name=\"twitter:label2\" content=\"Gesch\u00e4tzte Lesezeit\" \/>\n\t<meta name=\"twitter:data2\" content=\"3\u00a0Minuten\" \/>\n\t<meta name=\"twitter:label3\" content=\"Written by\" \/>\n\t<meta name=\"twitter:data3\" content=\"\u015etefan Stoica\" \/>\n<script type=\"application\/ld+json\" class=\"yoast-schema-graph\">{\"@context\":\"https:\\\/\\\/schema.org\",\"@graph\":[{\"@type\":\"Article\",\"@id\":\"https:\\\/\\\/www.rri.ro\\\/de\\\/aktuell\\\/rri-aktuell\\\/bleibt-die-europaeische-union-noch-einheitlich-und-stark-id460238.html#article\",\"isPartOf\":{\"@id\":\"https:\\\/\\\/www.rri.ro\\\/de\\\/aktuell\\\/rri-aktuell\\\/bleibt-die-europaeische-union-noch-einheitlich-und-stark-id460238.html\"},\"author\":{\"name\":\"\u015etefan Stoica\",\"@id\":\"https:\\\/\\\/www.rri.ro\\\/#\\\/schema\\\/person\\\/2d81d5dc94d44190d13245f64551d334\"},\"headline\":\"Bleibt die Europ\u00e4ische Union noch einheitlich und stark?\",\"datePublished\":\"2017-03-27T14:31:00+00:00\",\"dateModified\":\"2024-02-19T18:32:54+00:00\",\"mainEntityOfPage\":{\"@id\":\"https:\\\/\\\/www.rri.ro\\\/de\\\/aktuell\\\/rri-aktuell\\\/bleibt-die-europaeische-union-noch-einheitlich-und-stark-id460238.html\"},\"wordCount\":700,\"image\":{\"@id\":\"https:\\\/\\\/www.rri.ro\\\/de\\\/aktuell\\\/rri-aktuell\\\/bleibt-die-europaeische-union-noch-einheitlich-und-stark-id460238.html#primaryimage\"},\"thumbnailUrl\":\"https:\\\/\\\/www.rri.ro\\\/wp-content\\\/uploads\\\/2023\\\/10\\\/iohannis-roma60-reuniune.jpg\",\"keywords\":[\"Einheit\",\"Erkl\u00e4rung\",\"EU\",\"Europa\",\"Gemeinschaft\",\"Geschwindigkeit\",\"Gipfel\",\"Jubil\u00e4um\",\"Politiker\",\"rom\",\"Solidarit\u00e4t\",\"Sondergipfel\",\"union\",\"Zukunft\"],\"articleSection\":[\"RRI Aktuell\"],\"inLanguage\":\"de\"},{\"@type\":\"WebPage\",\"@id\":\"https:\\\/\\\/www.rri.ro\\\/de\\\/aktuell\\\/rri-aktuell\\\/bleibt-die-europaeische-union-noch-einheitlich-und-stark-id460238.html\",\"url\":\"https:\\\/\\\/www.rri.ro\\\/de\\\/aktuell\\\/rri-aktuell\\\/bleibt-die-europaeische-union-noch-einheitlich-und-stark-id460238.html\",\"name\":\"Bleibt die Europ\u00e4ische Union noch einheitlich und stark? - Radio Rum\u00e4nien International\",\"isPartOf\":{\"@id\":\"https:\\\/\\\/www.rri.ro\\\/#website\"},\"primaryImageOfPage\":{\"@id\":\"https:\\\/\\\/www.rri.ro\\\/de\\\/aktuell\\\/rri-aktuell\\\/bleibt-die-europaeische-union-noch-einheitlich-und-stark-id460238.html#primaryimage\"},\"image\":{\"@id\":\"https:\\\/\\\/www.rri.ro\\\/de\\\/aktuell\\\/rri-aktuell\\\/bleibt-die-europaeische-union-noch-einheitlich-und-stark-id460238.html#primaryimage\"},\"thumbnailUrl\":\"https:\\\/\\\/www.rri.ro\\\/wp-content\\\/uploads\\\/2023\\\/10\\\/iohannis-roma60-reuniune.jpg\",\"datePublished\":\"2017-03-27T14:31:00+00:00\",\"dateModified\":\"2024-02-19T18:32:54+00:00\",\"author\":{\"@id\":\"https:\\\/\\\/www.rri.ro\\\/#\\\/schema\\\/person\\\/2d81d5dc94d44190d13245f64551d334\"},\"breadcrumb\":{\"@id\":\"https:\\\/\\\/www.rri.ro\\\/de\\\/aktuell\\\/rri-aktuell\\\/bleibt-die-europaeische-union-noch-einheitlich-und-stark-id460238.html#breadcrumb\"},\"inLanguage\":\"de\",\"potentialAction\":[{\"@type\":\"ReadAction\",\"target\":[\"https:\\\/\\\/www.rri.ro\\\/de\\\/aktuell\\\/rri-aktuell\\\/bleibt-die-europaeische-union-noch-einheitlich-und-stark-id460238.html\"]}]},{\"@type\":\"ImageObject\",\"inLanguage\":\"de\",\"@id\":\"https:\\\/\\\/www.rri.ro\\\/de\\\/aktuell\\\/rri-aktuell\\\/bleibt-die-europaeische-union-noch-einheitlich-und-stark-id460238.html#primaryimage\",\"url\":\"https:\\\/\\\/www.rri.ro\\\/wp-content\\\/uploads\\\/2023\\\/10\\\/iohannis-roma60-reuniune.jpg\",\"contentUrl\":\"https:\\\/\\\/www.rri.ro\\\/wp-content\\\/uploads\\\/2023\\\/10\\\/iohannis-roma60-reuniune.jpg\",\"width\":640,\"height\":360},{\"@type\":\"BreadcrumbList\",\"@id\":\"https:\\\/\\\/www.rri.ro\\\/de\\\/aktuell\\\/rri-aktuell\\\/bleibt-die-europaeische-union-noch-einheitlich-und-stark-id460238.html#breadcrumb\",\"itemListElement\":[{\"@type\":\"ListItem\",\"position\":1,\"name\":\"Startseite\",\"item\":\"https:\\\/\\\/www.rri.ro\\\/de\"},{\"@type\":\"ListItem\",\"position\":2,\"name\":\"Aktuell\",\"item\":\"https:\\\/\\\/www.rri.ro\\\/de\\\/aktuell\"},{\"@type\":\"ListItem\",\"position\":3,\"name\":\"RRI Aktuell\",\"item\":\"https:\\\/\\\/www.rri.ro\\\/de\\\/aktuell\\\/rri-aktuell\"},{\"@type\":\"ListItem\",\"position\":4,\"name\":\"Bleibt die Europ\u00e4ische Union noch einheitlich und stark?\"}]},{\"@type\":\"WebSite\",\"@id\":\"https:\\\/\\\/www.rri.ro\\\/#website\",\"url\":\"https:\\\/\\\/www.rri.ro\\\/\",\"name\":\"Radio Rum\u00e4nien International\",\"description\":\"Totul despre Rom\u00e2nia \u015fi rom\u00e2ni, \u00een 13 limbi\\\/dialecte!\",\"inLanguage\":\"de\"},{\"@type\":\"Person\",\"@id\":\"https:\\\/\\\/www.rri.ro\\\/#\\\/schema\\\/person\\\/2d81d5dc94d44190d13245f64551d334\",\"name\":\"\u015etefan Stoica\",\"url\":\"https:\\\/\\\/www.rri.ro\\\/de\\\/author\\\/stefan-stoica\"}]}<\/script>\n<!-- \/ Yoast SEO plugin. -->","yoast_head_json":{"title":"Bleibt die Europ\u00e4ische Union noch einheitlich und stark? - Radio Rum\u00e4nien International","robots":{"index":"index","follow":"follow","max-snippet":"max-snippet:-1","max-image-preview":"max-image-preview:large","max-video-preview":"max-video-preview:-1"},"canonical":"https:\/\/www.rri.ro\/de\/aktuell\/rri-aktuell\/bleibt-die-europaeische-union-noch-einheitlich-und-stark-id460238.html","og_locale":"de_DE","og_type":"article","og_title":"Bleibt die Europ\u00e4ische Union noch einheitlich und stark? - Radio Rum\u00e4nien International","og_description":"Mit einem Appell zur Einheit haben 27 EU-Mitgliedsl\u00e4nder die Gr\u00fcndung des Staatenbunds gefeiert und einen Fahrplan f\u00fcr die Herausforderungen der Zukunft erstellt.","og_url":"https:\/\/www.rri.ro\/de\/aktuell\/rri-aktuell\/bleibt-die-europaeische-union-noch-einheitlich-und-stark-id460238.html","og_site_name":"Radio Rum\u00e4nien International","article_published_time":"2017-03-27T14:31:00+00:00","article_modified_time":"2024-02-19T18:32:54+00:00","og_image":[{"width":640,"height":360,"url":"https:\/\/www.rri.ro\/wp-content\/uploads\/2023\/10\/iohannis-roma60-reuniune.jpg","type":"image\/jpeg"}],"author":"\u015etefan Stoica","twitter_card":"summary_large_image","twitter_misc":{"Verfasst von":"\u015etefan Stoica","Gesch\u00e4tzte Lesezeit":"3\u00a0Minuten","Written by":"\u015etefan Stoica"},"schema":{"@context":"https:\/\/schema.org","@graph":[{"@type":"Article","@id":"https:\/\/www.rri.ro\/de\/aktuell\/rri-aktuell\/bleibt-die-europaeische-union-noch-einheitlich-und-stark-id460238.html#article","isPartOf":{"@id":"https:\/\/www.rri.ro\/de\/aktuell\/rri-aktuell\/bleibt-die-europaeische-union-noch-einheitlich-und-stark-id460238.html"},"author":{"name":"\u015etefan Stoica","@id":"https:\/\/www.rri.ro\/#\/schema\/person\/2d81d5dc94d44190d13245f64551d334"},"headline":"Bleibt die Europ\u00e4ische Union noch einheitlich und stark?","datePublished":"2017-03-27T14:31:00+00:00","dateModified":"2024-02-19T18:32:54+00:00","mainEntityOfPage":{"@id":"https:\/\/www.rri.ro\/de\/aktuell\/rri-aktuell\/bleibt-die-europaeische-union-noch-einheitlich-und-stark-id460238.html"},"wordCount":700,"image":{"@id":"https:\/\/www.rri.ro\/de\/aktuell\/rri-aktuell\/bleibt-die-europaeische-union-noch-einheitlich-und-stark-id460238.html#primaryimage"},"thumbnailUrl":"https:\/\/www.rri.ro\/wp-content\/uploads\/2023\/10\/iohannis-roma60-reuniune.jpg","keywords":["Einheit","Erkl\u00e4rung","EU","Europa","Gemeinschaft","Geschwindigkeit","Gipfel","Jubil\u00e4um","Politiker","rom","Solidarit\u00e4t","Sondergipfel","union","Zukunft"],"articleSection":["RRI Aktuell"],"inLanguage":"de"},{"@type":"WebPage","@id":"https:\/\/www.rri.ro\/de\/aktuell\/rri-aktuell\/bleibt-die-europaeische-union-noch-einheitlich-und-stark-id460238.html","url":"https:\/\/www.rri.ro\/de\/aktuell\/rri-aktuell\/bleibt-die-europaeische-union-noch-einheitlich-und-stark-id460238.html","name":"Bleibt die Europ\u00e4ische Union noch einheitlich und stark? - Radio Rum\u00e4nien International","isPartOf":{"@id":"https:\/\/www.rri.ro\/#website"},"primaryImageOfPage":{"@id":"https:\/\/www.rri.ro\/de\/aktuell\/rri-aktuell\/bleibt-die-europaeische-union-noch-einheitlich-und-stark-id460238.html#primaryimage"},"image":{"@id":"https:\/\/www.rri.ro\/de\/aktuell\/rri-aktuell\/bleibt-die-europaeische-union-noch-einheitlich-und-stark-id460238.html#primaryimage"},"thumbnailUrl":"https:\/\/www.rri.ro\/wp-content\/uploads\/2023\/10\/iohannis-roma60-reuniune.jpg","datePublished":"2017-03-27T14:31:00+00:00","dateModified":"2024-02-19T18:32:54+00:00","author":{"@id":"https:\/\/www.rri.ro\/#\/schema\/person\/2d81d5dc94d44190d13245f64551d334"},"breadcrumb":{"@id":"https:\/\/www.rri.ro\/de\/aktuell\/rri-aktuell\/bleibt-die-europaeische-union-noch-einheitlich-und-stark-id460238.html#breadcrumb"},"inLanguage":"de","potentialAction":[{"@type":"ReadAction","target":["https:\/\/www.rri.ro\/de\/aktuell\/rri-aktuell\/bleibt-die-europaeische-union-noch-einheitlich-und-stark-id460238.html"]}]},{"@type":"ImageObject","inLanguage":"de","@id":"https:\/\/www.rri.ro\/de\/aktuell\/rri-aktuell\/bleibt-die-europaeische-union-noch-einheitlich-und-stark-id460238.html#primaryimage","url":"https:\/\/www.rri.ro\/wp-content\/uploads\/2023\/10\/iohannis-roma60-reuniune.jpg","contentUrl":"https:\/\/www.rri.ro\/wp-content\/uploads\/2023\/10\/iohannis-roma60-reuniune.jpg","width":640,"height":360},{"@type":"BreadcrumbList","@id":"https:\/\/www.rri.ro\/de\/aktuell\/rri-aktuell\/bleibt-die-europaeische-union-noch-einheitlich-und-stark-id460238.html#breadcrumb","itemListElement":[{"@type":"ListItem","position":1,"name":"Startseite","item":"https:\/\/www.rri.ro\/de"},{"@type":"ListItem","position":2,"name":"Aktuell","item":"https:\/\/www.rri.ro\/de\/aktuell"},{"@type":"ListItem","position":3,"name":"RRI Aktuell","item":"https:\/\/www.rri.ro\/de\/aktuell\/rri-aktuell"},{"@type":"ListItem","position":4,"name":"Bleibt die Europ\u00e4ische Union noch einheitlich und stark?"}]},{"@type":"WebSite","@id":"https:\/\/www.rri.ro\/#website","url":"https:\/\/www.rri.ro\/","name":"Radio Rum\u00e4nien International","description":"Totul despre Rom\u00e2nia \u015fi rom\u00e2ni, \u00een 13 limbi\/dialecte!","inLanguage":"de"},{"@type":"Person","@id":"https:\/\/www.rri.ro\/#\/schema\/person\/2d81d5dc94d44190d13245f64551d334","name":"\u015etefan Stoica","url":"https:\/\/www.rri.ro\/de\/author\/stefan-stoica"}]}},"_links":{"self":[{"href":"https:\/\/www.rri.ro\/de\/wp-json\/wp\/v2\/posts\/460238","targetHints":{"allow":["GET"]}}],"collection":[{"href":"https:\/\/www.rri.ro\/de\/wp-json\/wp\/v2\/posts"}],"about":[{"href":"https:\/\/www.rri.ro\/de\/wp-json\/wp\/v2\/types\/post"}],"author":[{"embeddable":true,"href":"https:\/\/www.rri.ro\/de\/wp-json\/wp\/v2\/users\/110"}],"replies":[{"embeddable":true,"href":"https:\/\/www.rri.ro\/de\/wp-json\/wp\/v2\/comments?post=460238"}],"version-history":[{"count":0,"href":"https:\/\/www.rri.ro\/de\/wp-json\/wp\/v2\/posts\/460238\/revisions"}],"wp:featuredmedia":[{"embeddable":true,"href":"https:\/\/www.rri.ro\/de\/wp-json\/wp\/v2\/media\/72806"}],"wp:attachment":[{"href":"https:\/\/www.rri.ro\/de\/wp-json\/wp\/v2\/media?parent=460238"}],"wp:term":[{"taxonomy":"category","embeddable":true,"href":"https:\/\/www.rri.ro\/de\/wp-json\/wp\/v2\/categories?post=460238"},{"taxonomy":"post_tag","embeddable":true,"href":"https:\/\/www.rri.ro\/de\/wp-json\/wp\/v2\/tags?post=460238"},{"taxonomy":"author","embeddable":true,"href":"https:\/\/www.rri.ro\/de\/wp-json\/wp\/v2\/coauthors?post=460238"}],"curies":[{"name":"wp","href":"https:\/\/api.w.org\/{rel}","templated":true}]}}