{"id":460255,"date":"2017-04-20T17:13:00","date_gmt":"2017-04-20T14:13:00","guid":{"rendered":"http:\/\/devrri.freshlemon.ro\/aktuell\/iwf-veroeffentlicht-internationale-wirtschaftsprognosen-id460255.html"},"modified":"2024-02-19T20:33:08","modified_gmt":"2024-02-19T18:33:08","slug":"iwf-veroeffentlicht-internationale-wirtschaftsprognosen","status":"publish","type":"post","link":"https:\/\/www.rri.ro\/de\/aktuell\/rri-aktuell\/iwf-veroeffentlicht-internationale-wirtschaftsprognosen-id460255.html","title":{"rendered":"IWF ver\u00f6ffentlicht internationale Wirtschaftsprognosen"},"content":{"rendered":"<p>Der Internationale W\u00e4hrungsfonds hat seine Prognosen \u00fcber die Weltwirtschaft f\u00fcr die Jahre 2017 und 2018 verbessert. Dies verlautet aus dem Bericht, der am Dienstag von der internationalen Finanzanstalt vor ihrem Fr\u00fchlingstreffen ver\u00f6ffentlicht wurde. Der IWF geht von einem globalen Wirtschaftswachstum von 3,1% 2016, 3,5% 2017 und 3,6% n\u00e4chstes Jahr aus. Die Beschleunigung soll sowohl in den entwickelten L\u00e4ndern als auch in den Schwellenl\u00e4ndern und den schwachen Wirtschafen weitgehend sp\u00fcrbar sein.<\/p>\n<p>&#13;<br \/>\n&#13;<\/p>\n<p>&#13;<br \/>\n&#13;<\/p>\n<p>Die Konsolidierung soll vor allem in der Fertigungsindustrie und im Handel stattfinden. Die positiven Bewertungen st\u00fctzen sich teilweise auf das beschleunigte Wirtschaftswachstum und sind auf die Fortschritte in Europa, Japan, China und den USA zur\u00fcckzuf\u00fchren. Dar\u00fcber hinaus haben viele Bankanstalten, darunter auch jene in Europa und den Schwellenl\u00e4ndern ihr Kapital wiederaufgebaut, sodass diese wieder an Elastizit\u00e4t gewonnen haben.<\/p>\n<p>&#13;<br \/>\n&#13;<\/p>\n<p>&#13;<br \/>\n&#13;<\/p>\n<p>Es gibt aber auch Risiken, warnt der IWF. Der Chefwirtschaftler der Anstalt Maurice Obstfeld meint, dass die gr\u00f6\u200e\u00dften Risiken von den ersten zwei Wirtschaften der Welt kommen &#8212; die USA und China. Er erkl\u00e4rte, dass die Politik der amerikanischen Zentralbank, auf den Null-Zins zu verzichten und die Ank\u00fcndigung der Washingtoner Verwaltung bez\u00fcglich einer breiten Investitionspolitik das Inflationsrisiko versch\u00e4rfen k\u00f6nnten. Das w\u00fcrde zur Aufwertung des Dollars f\u00fchren, was die Schwellenl\u00e4nder, die Schuldverschreibungen in Dollar besitzen, in eine heikle Situation versetzen k\u00f6nnte.<\/p>\n<p>&#13;<br \/>\n&#13;<\/p>\n<p>&#13;<br \/>\n&#13;<\/p>\n<p>Was China angeht, entspringen die Risiken aus dem Vorhaben Pekings die Handelsbilanz auszugleichen und die Industrieproduktion zugunsten der Dienstleistungen zu reduzieren. Dazu kommt die Explosion des Kreditmarktes, die das ganze Finanzwesen beeintr\u00e4chtigen und auch auf andere L\u00e4nder negative Folgen haben k\u00f6nnte, sagt der IWF-Chefwirtschaftler noch. Dieser warnte auch, dass auch die protektionistische Politik die Wiederankurbelung der Wirtschaft gef\u00e4hrdet.<\/p>\n<p>&#13;<br \/>\n&#13;<\/p>\n<p>&#13;<br \/>\n&#13;<\/p>\n<p>Europa soll ein Wirtschaftswachstum von 2% verzeichnen. Das Schwelleneuropa, wo auch Rum\u00e4nien dazu z\u00e4hlt, soll ein Wachstum von 3% des BIP verzeichnen. Der Fonds hat die Prognose des Wirtschaftswachstums Rum\u00e4niens f\u00fcr 2017 von 3,8% auf 4,2%, und f\u00fcr 2018 von 3, 3% auf 3,4% revidiert. Laut dem IWF-Bericht soll Rum\u00e4nien dieses Jahr das zweitgr\u00f6\u200e\u00dfte Wirtschaftswachstum Europas nach Island mit 5,7% verzeichnen. Der Hauptantrieb des Wirtschaftswachstums ist der Konsum infolge der Senkung der MwSt.,  der Lohnerh\u00f6hungen und der Senkung der Zinsen sowoh bei der Landesw\u00e4hrung Lei als auch beim Euro.<\/p>\n<p>&#13;<br \/>\n&#13;<\/p>\n<p>&#13;<br \/>\n&#13;<\/p>\n<p>Unterdessen revidierte die internationale Finanzanstalt auch die Sch\u00e4tzungen bez\u00fcglich Arbeitslosigkeit in Rum\u00e4nien nach unten. Diese soll 2017 massiv, bis auf 5,4% von den urspr\u00fcnglich gesch\u00e4tzten 6,2% sinken. 2018 soll diese 5,2% erreichen. Die Exprerten des W\u00e4hrugnsfonds haben auch die Inflationsprognosen \u00fcberarbeitet. Diese werden von &#8211;1,6% im letzen Jahr auf 1,3 2017 und auf \u00fcber 3% n\u00e4chstes Jahr steigen. Die Haupteinw\u00e4nge des IWF beziehen sich auf die Tragf\u00e4higkeit der \u00f6ffentlichen Finanzen vor dem Hintergrund der Lohnanhebungen.<\/p>\n<p>&#13;<\/p>\n","protected":false},"excerpt":{"rendered":"<p>Einige Tage vor dem Fr\u00fchlingstreffen hat der IWF seine Prognosen \u00fcber die Weltwirtschaft f\u00fcr die n\u00e4chsten zwei Jahre ver\u00f6ffentlicht.<\/p>\n","protected":false},"author":2,"featured_media":63758,"comment_status":"closed","ping_status":"closed","sticky":false,"template":"","format":"standard","meta":{"_acf_changed":false,"footnotes":""},"categories":[99583],"tags":[103838,99590,99716],"coauthors":[],"class_list":["post-460255","post","type-post","status-publish","format-standard","has-post-thumbnail","hentry","category-rri-aktuell","tag-der-internationale-waehrungsfonds","tag-iwf","tag-wirtschaftsprognosen"],"acf":[],"yoast_head":"<!-- This site is optimized with the Yoast SEO plugin v27.3 - https:\/\/yoast.com\/product\/yoast-seo-wordpress\/ -->\n<title>IWF ver\u00f6ffentlicht internationale Wirtschaftsprognosen - Radio Rum\u00e4nien International<\/title>\n<meta name=\"robots\" content=\"index, follow, max-snippet:-1, max-image-preview:large, max-video-preview:-1\" \/>\n<link rel=\"canonical\" href=\"https:\/\/www.rri.ro\/de\/aktuell\/rri-aktuell\/iwf-veroeffentlicht-internationale-wirtschaftsprognosen-id460255.html\" \/>\n<meta property=\"og:locale\" content=\"de_DE\" \/>\n<meta property=\"og:type\" content=\"article\" \/>\n<meta property=\"og:title\" content=\"IWF ver\u00f6ffentlicht internationale Wirtschaftsprognosen - Radio Rum\u00e4nien International\" \/>\n<meta property=\"og:description\" content=\"Einige Tage vor dem Fr\u00fchlingstreffen hat der IWF seine Prognosen \u00fcber die Weltwirtschaft f\u00fcr die n\u00e4chsten zwei Jahre ver\u00f6ffentlicht.\" \/>\n<meta property=\"og:url\" content=\"https:\/\/www.rri.ro\/de\/aktuell\/rri-aktuell\/iwf-veroeffentlicht-internationale-wirtschaftsprognosen-id460255.html\" \/>\n<meta property=\"og:site_name\" content=\"Radio Rum\u00e4nien International\" \/>\n<meta property=\"article:published_time\" content=\"2017-04-20T14:13:00+00:00\" \/>\n<meta property=\"article:modified_time\" content=\"2024-02-19T18:33:08+00:00\" \/>\n<meta property=\"og:image\" content=\"https:\/\/www.rri.ro\/wp-content\/uploads\/2023\/10\/grafic-ascendent.png\" \/>\n\t<meta property=\"og:image:width\" content=\"640\" \/>\n\t<meta property=\"og:image:height\" content=\"480\" \/>\n\t<meta property=\"og:image:type\" content=\"image\/png\" \/>\n<meta name=\"author\" content=\"Rom\u00e2nia Interna\u021bional\" \/>\n<meta name=\"twitter:card\" content=\"summary_large_image\" \/>\n<meta name=\"twitter:label1\" content=\"Verfasst von\" \/>\n\t<meta name=\"twitter:data1\" content=\"Rom\u00e2nia Interna\u021bional\" \/>\n\t<meta name=\"twitter:label2\" content=\"Gesch\u00e4tzte Lesezeit\" \/>\n\t<meta name=\"twitter:data2\" content=\"2\u00a0Minuten\" \/>\n\t<meta name=\"twitter:label3\" content=\"Written by\" \/>\n\t<meta name=\"twitter:data3\" content=\"Rom\u00e2nia Interna\u021bional\" \/>\n<script type=\"application\/ld+json\" class=\"yoast-schema-graph\">{\"@context\":\"https:\\\/\\\/schema.org\",\"@graph\":[{\"@type\":\"Article\",\"@id\":\"https:\\\/\\\/www.rri.ro\\\/de\\\/aktuell\\\/rri-aktuell\\\/iwf-veroeffentlicht-internationale-wirtschaftsprognosen-id460255.html#article\",\"isPartOf\":{\"@id\":\"https:\\\/\\\/www.rri.ro\\\/de\\\/aktuell\\\/rri-aktuell\\\/iwf-veroeffentlicht-internationale-wirtschaftsprognosen-id460255.html\"},\"author\":{\"name\":\"Rom\u00e2nia Interna\u021bional\",\"@id\":\"https:\\\/\\\/www.rri.ro\\\/#\\\/schema\\\/person\\\/18fac491bccbfe149b92aea77ad60abd\"},\"headline\":\"IWF ver\u00f6ffentlicht internationale Wirtschaftsprognosen\",\"datePublished\":\"2017-04-20T14:13:00+00:00\",\"dateModified\":\"2024-02-19T18:33:08+00:00\",\"mainEntityOfPage\":{\"@id\":\"https:\\\/\\\/www.rri.ro\\\/de\\\/aktuell\\\/rri-aktuell\\\/iwf-veroeffentlicht-internationale-wirtschaftsprognosen-id460255.html\"},\"wordCount\":456,\"image\":{\"@id\":\"https:\\\/\\\/www.rri.ro\\\/de\\\/aktuell\\\/rri-aktuell\\\/iwf-veroeffentlicht-internationale-wirtschaftsprognosen-id460255.html#primaryimage\"},\"thumbnailUrl\":\"https:\\\/\\\/www.rri.ro\\\/wp-content\\\/uploads\\\/2023\\\/10\\\/grafic-ascendent.png\",\"keywords\":[\"Der Internationale W\u00e4hrungsfonds\",\"IWF\",\"Wirtschaftsprognosen\"],\"articleSection\":[\"RRI Aktuell\"],\"inLanguage\":\"de\"},{\"@type\":\"WebPage\",\"@id\":\"https:\\\/\\\/www.rri.ro\\\/de\\\/aktuell\\\/rri-aktuell\\\/iwf-veroeffentlicht-internationale-wirtschaftsprognosen-id460255.html\",\"url\":\"https:\\\/\\\/www.rri.ro\\\/de\\\/aktuell\\\/rri-aktuell\\\/iwf-veroeffentlicht-internationale-wirtschaftsprognosen-id460255.html\",\"name\":\"IWF ver\u00f6ffentlicht internationale Wirtschaftsprognosen - Radio Rum\u00e4nien International\",\"isPartOf\":{\"@id\":\"https:\\\/\\\/www.rri.ro\\\/#website\"},\"primaryImageOfPage\":{\"@id\":\"https:\\\/\\\/www.rri.ro\\\/de\\\/aktuell\\\/rri-aktuell\\\/iwf-veroeffentlicht-internationale-wirtschaftsprognosen-id460255.html#primaryimage\"},\"image\":{\"@id\":\"https:\\\/\\\/www.rri.ro\\\/de\\\/aktuell\\\/rri-aktuell\\\/iwf-veroeffentlicht-internationale-wirtschaftsprognosen-id460255.html#primaryimage\"},\"thumbnailUrl\":\"https:\\\/\\\/www.rri.ro\\\/wp-content\\\/uploads\\\/2023\\\/10\\\/grafic-ascendent.png\",\"datePublished\":\"2017-04-20T14:13:00+00:00\",\"dateModified\":\"2024-02-19T18:33:08+00:00\",\"author\":{\"@id\":\"https:\\\/\\\/www.rri.ro\\\/#\\\/schema\\\/person\\\/18fac491bccbfe149b92aea77ad60abd\"},\"breadcrumb\":{\"@id\":\"https:\\\/\\\/www.rri.ro\\\/de\\\/aktuell\\\/rri-aktuell\\\/iwf-veroeffentlicht-internationale-wirtschaftsprognosen-id460255.html#breadcrumb\"},\"inLanguage\":\"de\",\"potentialAction\":[{\"@type\":\"ReadAction\",\"target\":[\"https:\\\/\\\/www.rri.ro\\\/de\\\/aktuell\\\/rri-aktuell\\\/iwf-veroeffentlicht-internationale-wirtschaftsprognosen-id460255.html\"]}]},{\"@type\":\"ImageObject\",\"inLanguage\":\"de\",\"@id\":\"https:\\\/\\\/www.rri.ro\\\/de\\\/aktuell\\\/rri-aktuell\\\/iwf-veroeffentlicht-internationale-wirtschaftsprognosen-id460255.html#primaryimage\",\"url\":\"https:\\\/\\\/www.rri.ro\\\/wp-content\\\/uploads\\\/2023\\\/10\\\/grafic-ascendent.png\",\"contentUrl\":\"https:\\\/\\\/www.rri.ro\\\/wp-content\\\/uploads\\\/2023\\\/10\\\/grafic-ascendent.png\",\"width\":640,\"height\":480},{\"@type\":\"BreadcrumbList\",\"@id\":\"https:\\\/\\\/www.rri.ro\\\/de\\\/aktuell\\\/rri-aktuell\\\/iwf-veroeffentlicht-internationale-wirtschaftsprognosen-id460255.html#breadcrumb\",\"itemListElement\":[{\"@type\":\"ListItem\",\"position\":1,\"name\":\"Startseite\",\"item\":\"https:\\\/\\\/www.rri.ro\\\/de\"},{\"@type\":\"ListItem\",\"position\":2,\"name\":\"Aktuell\",\"item\":\"https:\\\/\\\/www.rri.ro\\\/de\\\/aktuell\"},{\"@type\":\"ListItem\",\"position\":3,\"name\":\"RRI Aktuell\",\"item\":\"https:\\\/\\\/www.rri.ro\\\/de\\\/aktuell\\\/rri-aktuell\"},{\"@type\":\"ListItem\",\"position\":4,\"name\":\"IWF ver\u00f6ffentlicht internationale Wirtschaftsprognosen\"}]},{\"@type\":\"WebSite\",\"@id\":\"https:\\\/\\\/www.rri.ro\\\/#website\",\"url\":\"https:\\\/\\\/www.rri.ro\\\/\",\"name\":\"Radio Rum\u00e4nien International\",\"description\":\"Totul despre Rom\u00e2nia \u015fi rom\u00e2ni, \u00een 13 limbi\\\/dialecte!\",\"inLanguage\":\"de\"},{\"@type\":\"Person\",\"@id\":\"https:\\\/\\\/www.rri.ro\\\/#\\\/schema\\\/person\\\/18fac491bccbfe149b92aea77ad60abd\",\"name\":\"Rom\u00e2nia Interna\u021bional\",\"url\":\"https:\\\/\\\/www.rri.ro\\\/de\\\/author\\\/redactia\"}]}<\/script>\n<!-- \/ Yoast SEO plugin. -->","yoast_head_json":{"title":"IWF ver\u00f6ffentlicht internationale Wirtschaftsprognosen - Radio Rum\u00e4nien International","robots":{"index":"index","follow":"follow","max-snippet":"max-snippet:-1","max-image-preview":"max-image-preview:large","max-video-preview":"max-video-preview:-1"},"canonical":"https:\/\/www.rri.ro\/de\/aktuell\/rri-aktuell\/iwf-veroeffentlicht-internationale-wirtschaftsprognosen-id460255.html","og_locale":"de_DE","og_type":"article","og_title":"IWF ver\u00f6ffentlicht internationale Wirtschaftsprognosen - Radio Rum\u00e4nien International","og_description":"Einige Tage vor dem Fr\u00fchlingstreffen hat der IWF seine Prognosen \u00fcber die Weltwirtschaft f\u00fcr die n\u00e4chsten zwei Jahre ver\u00f6ffentlicht.","og_url":"https:\/\/www.rri.ro\/de\/aktuell\/rri-aktuell\/iwf-veroeffentlicht-internationale-wirtschaftsprognosen-id460255.html","og_site_name":"Radio Rum\u00e4nien International","article_published_time":"2017-04-20T14:13:00+00:00","article_modified_time":"2024-02-19T18:33:08+00:00","og_image":[{"width":640,"height":480,"url":"https:\/\/www.rri.ro\/wp-content\/uploads\/2023\/10\/grafic-ascendent.png","type":"image\/png"}],"author":"Rom\u00e2nia Interna\u021bional","twitter_card":"summary_large_image","twitter_misc":{"Verfasst von":"Rom\u00e2nia Interna\u021bional","Gesch\u00e4tzte Lesezeit":"2\u00a0Minuten","Written by":"Rom\u00e2nia Interna\u021bional"},"schema":{"@context":"https:\/\/schema.org","@graph":[{"@type":"Article","@id":"https:\/\/www.rri.ro\/de\/aktuell\/rri-aktuell\/iwf-veroeffentlicht-internationale-wirtschaftsprognosen-id460255.html#article","isPartOf":{"@id":"https:\/\/www.rri.ro\/de\/aktuell\/rri-aktuell\/iwf-veroeffentlicht-internationale-wirtschaftsprognosen-id460255.html"},"author":{"name":"Rom\u00e2nia Interna\u021bional","@id":"https:\/\/www.rri.ro\/#\/schema\/person\/18fac491bccbfe149b92aea77ad60abd"},"headline":"IWF ver\u00f6ffentlicht internationale Wirtschaftsprognosen","datePublished":"2017-04-20T14:13:00+00:00","dateModified":"2024-02-19T18:33:08+00:00","mainEntityOfPage":{"@id":"https:\/\/www.rri.ro\/de\/aktuell\/rri-aktuell\/iwf-veroeffentlicht-internationale-wirtschaftsprognosen-id460255.html"},"wordCount":456,"image":{"@id":"https:\/\/www.rri.ro\/de\/aktuell\/rri-aktuell\/iwf-veroeffentlicht-internationale-wirtschaftsprognosen-id460255.html#primaryimage"},"thumbnailUrl":"https:\/\/www.rri.ro\/wp-content\/uploads\/2023\/10\/grafic-ascendent.png","keywords":["Der Internationale W\u00e4hrungsfonds","IWF","Wirtschaftsprognosen"],"articleSection":["RRI Aktuell"],"inLanguage":"de"},{"@type":"WebPage","@id":"https:\/\/www.rri.ro\/de\/aktuell\/rri-aktuell\/iwf-veroeffentlicht-internationale-wirtschaftsprognosen-id460255.html","url":"https:\/\/www.rri.ro\/de\/aktuell\/rri-aktuell\/iwf-veroeffentlicht-internationale-wirtschaftsprognosen-id460255.html","name":"IWF ver\u00f6ffentlicht internationale Wirtschaftsprognosen - Radio Rum\u00e4nien International","isPartOf":{"@id":"https:\/\/www.rri.ro\/#website"},"primaryImageOfPage":{"@id":"https:\/\/www.rri.ro\/de\/aktuell\/rri-aktuell\/iwf-veroeffentlicht-internationale-wirtschaftsprognosen-id460255.html#primaryimage"},"image":{"@id":"https:\/\/www.rri.ro\/de\/aktuell\/rri-aktuell\/iwf-veroeffentlicht-internationale-wirtschaftsprognosen-id460255.html#primaryimage"},"thumbnailUrl":"https:\/\/www.rri.ro\/wp-content\/uploads\/2023\/10\/grafic-ascendent.png","datePublished":"2017-04-20T14:13:00+00:00","dateModified":"2024-02-19T18:33:08+00:00","author":{"@id":"https:\/\/www.rri.ro\/#\/schema\/person\/18fac491bccbfe149b92aea77ad60abd"},"breadcrumb":{"@id":"https:\/\/www.rri.ro\/de\/aktuell\/rri-aktuell\/iwf-veroeffentlicht-internationale-wirtschaftsprognosen-id460255.html#breadcrumb"},"inLanguage":"de","potentialAction":[{"@type":"ReadAction","target":["https:\/\/www.rri.ro\/de\/aktuell\/rri-aktuell\/iwf-veroeffentlicht-internationale-wirtschaftsprognosen-id460255.html"]}]},{"@type":"ImageObject","inLanguage":"de","@id":"https:\/\/www.rri.ro\/de\/aktuell\/rri-aktuell\/iwf-veroeffentlicht-internationale-wirtschaftsprognosen-id460255.html#primaryimage","url":"https:\/\/www.rri.ro\/wp-content\/uploads\/2023\/10\/grafic-ascendent.png","contentUrl":"https:\/\/www.rri.ro\/wp-content\/uploads\/2023\/10\/grafic-ascendent.png","width":640,"height":480},{"@type":"BreadcrumbList","@id":"https:\/\/www.rri.ro\/de\/aktuell\/rri-aktuell\/iwf-veroeffentlicht-internationale-wirtschaftsprognosen-id460255.html#breadcrumb","itemListElement":[{"@type":"ListItem","position":1,"name":"Startseite","item":"https:\/\/www.rri.ro\/de"},{"@type":"ListItem","position":2,"name":"Aktuell","item":"https:\/\/www.rri.ro\/de\/aktuell"},{"@type":"ListItem","position":3,"name":"RRI Aktuell","item":"https:\/\/www.rri.ro\/de\/aktuell\/rri-aktuell"},{"@type":"ListItem","position":4,"name":"IWF ver\u00f6ffentlicht internationale Wirtschaftsprognosen"}]},{"@type":"WebSite","@id":"https:\/\/www.rri.ro\/#website","url":"https:\/\/www.rri.ro\/","name":"Radio Rum\u00e4nien International","description":"Totul despre Rom\u00e2nia \u015fi rom\u00e2ni, \u00een 13 limbi\/dialecte!","inLanguage":"de"},{"@type":"Person","@id":"https:\/\/www.rri.ro\/#\/schema\/person\/18fac491bccbfe149b92aea77ad60abd","name":"Rom\u00e2nia Interna\u021bional","url":"https:\/\/www.rri.ro\/de\/author\/redactia"}]}},"_links":{"self":[{"href":"https:\/\/www.rri.ro\/de\/wp-json\/wp\/v2\/posts\/460255","targetHints":{"allow":["GET"]}}],"collection":[{"href":"https:\/\/www.rri.ro\/de\/wp-json\/wp\/v2\/posts"}],"about":[{"href":"https:\/\/www.rri.ro\/de\/wp-json\/wp\/v2\/types\/post"}],"author":[{"embeddable":true,"href":"https:\/\/www.rri.ro\/de\/wp-json\/wp\/v2\/users\/2"}],"replies":[{"embeddable":true,"href":"https:\/\/www.rri.ro\/de\/wp-json\/wp\/v2\/comments?post=460255"}],"version-history":[{"count":0,"href":"https:\/\/www.rri.ro\/de\/wp-json\/wp\/v2\/posts\/460255\/revisions"}],"wp:featuredmedia":[{"embeddable":true,"href":"https:\/\/www.rri.ro\/de\/wp-json\/wp\/v2\/media\/63758"}],"wp:attachment":[{"href":"https:\/\/www.rri.ro\/de\/wp-json\/wp\/v2\/media?parent=460255"}],"wp:term":[{"taxonomy":"category","embeddable":true,"href":"https:\/\/www.rri.ro\/de\/wp-json\/wp\/v2\/categories?post=460255"},{"taxonomy":"post_tag","embeddable":true,"href":"https:\/\/www.rri.ro\/de\/wp-json\/wp\/v2\/tags?post=460255"},{"taxonomy":"author","embeddable":true,"href":"https:\/\/www.rri.ro\/de\/wp-json\/wp\/v2\/coauthors?post=460255"}],"curies":[{"name":"wp","href":"https:\/\/api.w.org\/{rel}","templated":true}]}}