{"id":460323,"date":"2017-06-22T15:48:00","date_gmt":"2017-06-22T12:48:00","guid":{"rendered":"http:\/\/devrri.freshlemon.ro\/aktuell\/nach-misstrauensvotum-im-parlament-praesident-iohannis-laedt-parteien-zu-beratungen-ein-id460323.html"},"modified":"2024-02-19T20:33:54","modified_gmt":"2024-02-19T18:33:54","slug":"nach-misstrauensvotum-im-parlament-praesident-iohannis-laedt-parteien-zu-beratungen-ein","status":"publish","type":"post","link":"https:\/\/www.rri.ro\/de\/aktuell\/rri-aktuell\/nach-misstrauensvotum-im-parlament-praesident-iohannis-laedt-parteien-zu-beratungen-ein-id460323.html","title":{"rendered":"Nach Misstrauensvotum im Parlament: Pr\u00e4sident Iohannis l\u00e4dt Parteien zu Beratungen ein"},"content":{"rendered":"<p>Der Misstrauensantrag gegen den sozialdemokratischen Premier Sorin Grindeanu erhielt am Mittwoch im rum\u00e4nischen Parlament 241 Ja-Stimmen. Lediglich zehn Abgeordnete waren dagegen. Im Regierungsteam stimmten nur der Generalsekr\u00e4ter des Kabinetts Grindeanu und ehemaliger Premierminister Victor Ponta und der Kommunikationsminister Augustin Jianu mit Nein. An der Misstrauensabstimmung  beteiligten sich nur die Regierungsparteien, die Opposition weigerte sich am internen Kampf der sozial-demokratischen Partei teilzunehmen, w\u00e4hrend die Gruppe nationaler Minderheiten, die jedes Mal dieselbe Stellung wie die Regierungsparteien einnimmt, ihren Mitgliedern diesmal freie Hand bei der Abstimmung lie\u00df.<\/p>\n<p>&#13;<br \/>\n&#13;<\/p>\n<p>&#13;<br \/>\n&#13;<\/p>\n<p>Nach 20 Jahren Mitgliedschaft in der PSD und knapp einem halben Jahr im Amt des Premiers, wurde Sorin Grindeanu aus der Partei ausgeschlossen. Der Parteichef Liviu Dragnea warf ihm vor, er habe das Regierungsprogramm nicht umgesetzt und die Wahlversprechen nicht gehalten, die Dezember 2016 die Sozial-Demokraten an die Macht gebracht hatten. Laut Dragnea, sei der Stand der Umsetzung entsprechender Wirtschaftsreformen gr\u00fcndlich \u00fcberpr\u00fcft worden. Das unbefriedigende Ergebnis f\u00fchrte dazu, dass dem Premier die politische Unterst\u00fctzung entzogen wurde. Sorin Grindeanu wies die Vorw\u00fcrfe zur\u00fcck und lehnte den R\u00fccktritt ab, infolgedessen brachte seine eigene Partei einen Misstrauensantrag gegen ihn ein.<\/p>\n<p>&#13;<br \/>\n&#13;<\/p>\n<p>&#13;<br \/>\n&#13;<\/p>\n<p>Nachdem er das Misstrauensvotum des Parlaments erhielt, rief der abgew\u00e4hlte Premier zur Einigkeit in der Partei auf und versicherte, dass er das Amt interimistisch bekleiden wird, bis die Legislative einem neuen Kabinett gr\u00fcnes Licht gibt: Was in diesen Momenten z\u00e4hlt, ist, dass wir die Krise \u00fcberwinden und alles tun, damit Rum\u00e4nien bei ausl\u00e4ndischen Investoren und den Regierungen aller L\u00e4nder  nach wie vor als stabiles und vorhersehbares Land gilt. Nach der Misstrauensabstimmung im Parlament sei die sozial-demokratische Partei nicht zerstritten, sondern hingegen st\u00e4rker als zuvor, sagte der PSD-Chef und Initiator des Misstrauensantrags, Liviu Dragnea. <\/p>\n<p>&#13;<br \/>\n&#13;<\/p>\n<p>&#13;<br \/>\n&#13;<\/p>\n<p>Bei den bevorstehenden Beratungen mit dem Staatschef Klaus Iohannis \u00fcber eine neue Regierungsbildung, werde Dragnea einen Kandidaten vorschlagen, der von seiner F\u00e4higkeit \u00fcberzeugt, die Ziele des Regierungsprogramms zu erf\u00fcllen: Rum\u00e4nien ist zur Normalit\u00e4t zur\u00fcckgekehrt. PSD zusammen mit ihren Koalitionspartnern, den Liberalen von ALDE, haben die Verantwortung f\u00fcr ihr politisches Handeln \u00fcbernommen, denn wir m\u00f6chten kein Risiko eingehen, das ein ambitioniertes Regierungsprogramm infrage stellen k\u00f6nnte. Laut dem Vorsitzenden des Juniopartners der PSD, der Allianz der Liberalen und Demokraten ALDE, C\u0103lin Popescu T\u0103riceanu, sei der Erfolg des Misstrauensantrags von Mittwoch der klare Beweis daf\u00fcr, dass es im rum\u00e4nischen Parlament eine funktionierende Mehrheit gebe.<\/p>\n<p>&#13;<br \/>\n&#13;<\/p>\n<p>&#13;<br \/>\n&#13;<\/p>\n<p>Die wichtigste Partei aus dem rechten Oppositionslager, PNL, hat sich an der Abstimmung nicht beteiligt. Laut dem Chef der Liberalen, Ludovic Orban, k\u00f6nnten die Vorw\u00fcrfe der Koalitionsregierung PSD-ALDE an Grindeanu der Koalition selber zur Last gelegt werden. Die sozial-liberale Regierungskoalition sei auf keinen Fall eine echte europ\u00e4ische Regierung, so Ludovic Orban: Am Montag soll unser nationaler Vorstand mit den Parlamentsgruppen zusammentreffen, um die Strategie der National-Liberalen Partei festzulegen. Das Land wird zur Normalit\u00e4t zur\u00fcckkehren, erst wenn die die Sozial-Demokraten die Macht verlieren. Dieselbe Ansicht vertritt auch der Vorsitzende der Volkspartei PMP, Traian B\u0103sescu. Der ehemalige Staatschef sagte: Die sozial-demokratische Partei und ihr Koalitionspartner ALDE haben gerade den Beweis geliefert, dass sie regierungsunf\u00e4hig sind. Der Weg, den die parlamentarische Mehrheit von nun an einschlagen soll ist die Opposition.<\/p>\n<p>&#13;<br \/>\n&#13;<\/p>\n<p>&#13;<br \/>\n&#13;<\/p>\n<p>Weder die Mitglieder der Demokratischen Union der Ungarn in Rum\u00e4nien UDMR noch der sich in der Oppositon befindenden Union Rettet Rum\u00e4nien USR haben  an der Misstrauensabstimmung teilgenommen. Der USR-Abgerordnete Dan Barna sagte, dasselbe Engagement, das die Regierungsparteien jetzt bewiesen, h\u00e4tten sie lieber f\u00fcr einen guten Zweck gezeigt.<\/p>\n<p>&#13;<\/p>\n","protected":false},"excerpt":{"rendered":"<p>Erstmals in der Geschichte Rum\u00e4niens hat die Regierungspartei ihren eigenen Premier abgew\u00e4hlt. Nach dem Erfolg des Misstrauensantrags gegen den PSD-Premier Grindeanu, will der Staatschef mit den Parlamentsparteien \u00fcber eine neue Regierungsbildung beraten<\/p>\n","protected":false},"author":108,"featured_media":267763,"comment_status":"closed","ping_status":"closed","sticky":false,"template":"","format":"standard","meta":{"_acf_changed":false,"footnotes":""},"categories":[99583],"tags":[31338,101925,29080,99681,143778,145379,103945,172070,143776,102790,170393,29414,101290],"coauthors":[],"class_list":["post-460323","post","type-post","status-publish","format-standard","has-post-thumbnail","hentry","category-rri-aktuell","tag-alde","tag-beratungen","tag-liviu-dragnea","tag-misstrauensantrag","tag-opposition-de","tag-parlament-de","tag-praesident-iohannis","tag-premier-de","tag-psd-de","tag-regierungsbildung","tag-sorin-grindeanu-de","tag-traian-basescu","tag-wahlen"],"acf":[],"yoast_head":"<!-- This site is optimized with the Yoast SEO plugin v27.3 - https:\/\/yoast.com\/product\/yoast-seo-wordpress\/ -->\n<title>Nach Misstrauensvotum im Parlament: Pr\u00e4sident Iohannis l\u00e4dt Parteien zu Beratungen ein - Radio Rum\u00e4nien International<\/title>\n<meta name=\"robots\" content=\"index, follow, max-snippet:-1, max-image-preview:large, max-video-preview:-1\" \/>\n<link rel=\"canonical\" href=\"https:\/\/www.rri.ro\/de\/aktuell\/rri-aktuell\/nach-misstrauensvotum-im-parlament-praesident-iohannis-laedt-parteien-zu-beratungen-ein-id460323.html\" \/>\n<meta property=\"og:locale\" content=\"de_DE\" \/>\n<meta property=\"og:type\" content=\"article\" \/>\n<meta property=\"og:title\" content=\"Nach Misstrauensvotum im Parlament: Pr\u00e4sident Iohannis l\u00e4dt Parteien zu Beratungen ein - Radio Rum\u00e4nien International\" \/>\n<meta property=\"og:description\" content=\"Erstmals in der Geschichte Rum\u00e4niens hat die Regierungspartei ihren eigenen Premier abgew\u00e4hlt. Nach dem Erfolg des Misstrauensantrags gegen den PSD-Premier Grindeanu, will der Staatschef mit den Parlamentsparteien \u00fcber eine neue Regierungsbildung beraten\" \/>\n<meta property=\"og:url\" content=\"https:\/\/www.rri.ro\/de\/aktuell\/rri-aktuell\/nach-misstrauensvotum-im-parlament-praesident-iohannis-laedt-parteien-zu-beratungen-ein-id460323.html\" \/>\n<meta property=\"og:site_name\" content=\"Radio Rum\u00e4nien International\" \/>\n<meta property=\"article:published_time\" content=\"2017-06-22T12:48:00+00:00\" \/>\n<meta property=\"article:modified_time\" content=\"2024-02-19T18:33:54+00:00\" \/>\n<meta property=\"og:image\" content=\"https:\/\/www.rri.ro\/wp-content\/uploads\/2023\/10\/sorin-grindeanu-pv-iun2017.jpg\" \/>\n\t<meta property=\"og:image:width\" content=\"640\" \/>\n\t<meta property=\"og:image:height\" content=\"427\" \/>\n\t<meta property=\"og:image:type\" content=\"image\/jpeg\" \/>\n<meta name=\"author\" content=\"Corina Cristea\" \/>\n<meta name=\"twitter:card\" content=\"summary_large_image\" \/>\n<meta name=\"twitter:label1\" content=\"Verfasst von\" \/>\n\t<meta name=\"twitter:data1\" content=\"Corina Cristea\" \/>\n\t<meta name=\"twitter:label2\" content=\"Gesch\u00e4tzte Lesezeit\" \/>\n\t<meta name=\"twitter:data2\" content=\"3\u00a0Minuten\" \/>\n\t<meta name=\"twitter:label3\" content=\"Written by\" \/>\n\t<meta name=\"twitter:data3\" content=\"Corina Cristea\" \/>\n<script type=\"application\/ld+json\" class=\"yoast-schema-graph\">{\"@context\":\"https:\\\/\\\/schema.org\",\"@graph\":[{\"@type\":\"Article\",\"@id\":\"https:\\\/\\\/www.rri.ro\\\/de\\\/aktuell\\\/rri-aktuell\\\/nach-misstrauensvotum-im-parlament-praesident-iohannis-laedt-parteien-zu-beratungen-ein-id460323.html#article\",\"isPartOf\":{\"@id\":\"https:\\\/\\\/www.rri.ro\\\/de\\\/aktuell\\\/rri-aktuell\\\/nach-misstrauensvotum-im-parlament-praesident-iohannis-laedt-parteien-zu-beratungen-ein-id460323.html\"},\"author\":{\"name\":\"Corina Cristea\",\"@id\":\"https:\\\/\\\/www.rri.ro\\\/#\\\/schema\\\/person\\\/f9ab1cb3569dee1b2c033a814bb7f0fc\"},\"headline\":\"Nach Misstrauensvotum im Parlament: Pr\u00e4sident Iohannis l\u00e4dt Parteien zu Beratungen ein\",\"datePublished\":\"2017-06-22T12:48:00+00:00\",\"dateModified\":\"2024-02-19T18:33:54+00:00\",\"mainEntityOfPage\":{\"@id\":\"https:\\\/\\\/www.rri.ro\\\/de\\\/aktuell\\\/rri-aktuell\\\/nach-misstrauensvotum-im-parlament-praesident-iohannis-laedt-parteien-zu-beratungen-ein-id460323.html\"},\"wordCount\":599,\"image\":{\"@id\":\"https:\\\/\\\/www.rri.ro\\\/de\\\/aktuell\\\/rri-aktuell\\\/nach-misstrauensvotum-im-parlament-praesident-iohannis-laedt-parteien-zu-beratungen-ein-id460323.html#primaryimage\"},\"thumbnailUrl\":\"https:\\\/\\\/www.rri.ro\\\/wp-content\\\/uploads\\\/2023\\\/10\\\/sorin-grindeanu-pv-iun2017.jpg\",\"keywords\":[\"ALDE\",\"Beratungen\",\"Liviu Dragnea\",\"Misstrauensantrag\",\"opposition\",\"Parlament\",\"Pr\u00e4sident Iohannis\",\"premier\",\"PSD\",\"Regierungsbildung\",\"Sorin Grindeanu\",\"Traian Basescu\",\"Wahlen\"],\"articleSection\":[\"RRI Aktuell\"],\"inLanguage\":\"de\"},{\"@type\":\"WebPage\",\"@id\":\"https:\\\/\\\/www.rri.ro\\\/de\\\/aktuell\\\/rri-aktuell\\\/nach-misstrauensvotum-im-parlament-praesident-iohannis-laedt-parteien-zu-beratungen-ein-id460323.html\",\"url\":\"https:\\\/\\\/www.rri.ro\\\/de\\\/aktuell\\\/rri-aktuell\\\/nach-misstrauensvotum-im-parlament-praesident-iohannis-laedt-parteien-zu-beratungen-ein-id460323.html\",\"name\":\"Nach Misstrauensvotum im Parlament: Pr\u00e4sident Iohannis l\u00e4dt Parteien zu Beratungen ein - Radio Rum\u00e4nien International\",\"isPartOf\":{\"@id\":\"https:\\\/\\\/www.rri.ro\\\/#website\"},\"primaryImageOfPage\":{\"@id\":\"https:\\\/\\\/www.rri.ro\\\/de\\\/aktuell\\\/rri-aktuell\\\/nach-misstrauensvotum-im-parlament-praesident-iohannis-laedt-parteien-zu-beratungen-ein-id460323.html#primaryimage\"},\"image\":{\"@id\":\"https:\\\/\\\/www.rri.ro\\\/de\\\/aktuell\\\/rri-aktuell\\\/nach-misstrauensvotum-im-parlament-praesident-iohannis-laedt-parteien-zu-beratungen-ein-id460323.html#primaryimage\"},\"thumbnailUrl\":\"https:\\\/\\\/www.rri.ro\\\/wp-content\\\/uploads\\\/2023\\\/10\\\/sorin-grindeanu-pv-iun2017.jpg\",\"datePublished\":\"2017-06-22T12:48:00+00:00\",\"dateModified\":\"2024-02-19T18:33:54+00:00\",\"author\":{\"@id\":\"https:\\\/\\\/www.rri.ro\\\/#\\\/schema\\\/person\\\/f9ab1cb3569dee1b2c033a814bb7f0fc\"},\"breadcrumb\":{\"@id\":\"https:\\\/\\\/www.rri.ro\\\/de\\\/aktuell\\\/rri-aktuell\\\/nach-misstrauensvotum-im-parlament-praesident-iohannis-laedt-parteien-zu-beratungen-ein-id460323.html#breadcrumb\"},\"inLanguage\":\"de\",\"potentialAction\":[{\"@type\":\"ReadAction\",\"target\":[\"https:\\\/\\\/www.rri.ro\\\/de\\\/aktuell\\\/rri-aktuell\\\/nach-misstrauensvotum-im-parlament-praesident-iohannis-laedt-parteien-zu-beratungen-ein-id460323.html\"]}]},{\"@type\":\"ImageObject\",\"inLanguage\":\"de\",\"@id\":\"https:\\\/\\\/www.rri.ro\\\/de\\\/aktuell\\\/rri-aktuell\\\/nach-misstrauensvotum-im-parlament-praesident-iohannis-laedt-parteien-zu-beratungen-ein-id460323.html#primaryimage\",\"url\":\"https:\\\/\\\/www.rri.ro\\\/wp-content\\\/uploads\\\/2023\\\/10\\\/sorin-grindeanu-pv-iun2017.jpg\",\"contentUrl\":\"https:\\\/\\\/www.rri.ro\\\/wp-content\\\/uploads\\\/2023\\\/10\\\/sorin-grindeanu-pv-iun2017.jpg\",\"width\":640,\"height\":427},{\"@type\":\"BreadcrumbList\",\"@id\":\"https:\\\/\\\/www.rri.ro\\\/de\\\/aktuell\\\/rri-aktuell\\\/nach-misstrauensvotum-im-parlament-praesident-iohannis-laedt-parteien-zu-beratungen-ein-id460323.html#breadcrumb\",\"itemListElement\":[{\"@type\":\"ListItem\",\"position\":1,\"name\":\"Startseite\",\"item\":\"https:\\\/\\\/www.rri.ro\\\/de\"},{\"@type\":\"ListItem\",\"position\":2,\"name\":\"Aktuell\",\"item\":\"https:\\\/\\\/www.rri.ro\\\/de\\\/aktuell\"},{\"@type\":\"ListItem\",\"position\":3,\"name\":\"RRI Aktuell\",\"item\":\"https:\\\/\\\/www.rri.ro\\\/de\\\/aktuell\\\/rri-aktuell\"},{\"@type\":\"ListItem\",\"position\":4,\"name\":\"Nach Misstrauensvotum im Parlament: Pr\u00e4sident Iohannis l\u00e4dt Parteien zu Beratungen ein\"}]},{\"@type\":\"WebSite\",\"@id\":\"https:\\\/\\\/www.rri.ro\\\/#website\",\"url\":\"https:\\\/\\\/www.rri.ro\\\/\",\"name\":\"Radio Rum\u00e4nien International\",\"description\":\"Totul despre Rom\u00e2nia \u015fi rom\u00e2ni, \u00een 13 limbi\\\/dialecte!\",\"inLanguage\":\"de\"},{\"@type\":\"Person\",\"@id\":\"https:\\\/\\\/www.rri.ro\\\/#\\\/schema\\\/person\\\/f9ab1cb3569dee1b2c033a814bb7f0fc\",\"name\":\"Corina Cristea\",\"url\":\"https:\\\/\\\/www.rri.ro\\\/de\\\/author\\\/corina-cristea\"}]}<\/script>\n<!-- \/ Yoast SEO plugin. -->","yoast_head_json":{"title":"Nach Misstrauensvotum im Parlament: Pr\u00e4sident Iohannis l\u00e4dt Parteien zu Beratungen ein - Radio Rum\u00e4nien International","robots":{"index":"index","follow":"follow","max-snippet":"max-snippet:-1","max-image-preview":"max-image-preview:large","max-video-preview":"max-video-preview:-1"},"canonical":"https:\/\/www.rri.ro\/de\/aktuell\/rri-aktuell\/nach-misstrauensvotum-im-parlament-praesident-iohannis-laedt-parteien-zu-beratungen-ein-id460323.html","og_locale":"de_DE","og_type":"article","og_title":"Nach Misstrauensvotum im Parlament: Pr\u00e4sident Iohannis l\u00e4dt Parteien zu Beratungen ein - Radio Rum\u00e4nien International","og_description":"Erstmals in der Geschichte Rum\u00e4niens hat die Regierungspartei ihren eigenen Premier abgew\u00e4hlt. Nach dem Erfolg des Misstrauensantrags gegen den PSD-Premier Grindeanu, will der Staatschef mit den Parlamentsparteien \u00fcber eine neue Regierungsbildung beraten","og_url":"https:\/\/www.rri.ro\/de\/aktuell\/rri-aktuell\/nach-misstrauensvotum-im-parlament-praesident-iohannis-laedt-parteien-zu-beratungen-ein-id460323.html","og_site_name":"Radio Rum\u00e4nien International","article_published_time":"2017-06-22T12:48:00+00:00","article_modified_time":"2024-02-19T18:33:54+00:00","og_image":[{"width":640,"height":427,"url":"https:\/\/www.rri.ro\/wp-content\/uploads\/2023\/10\/sorin-grindeanu-pv-iun2017.jpg","type":"image\/jpeg"}],"author":"Corina Cristea","twitter_card":"summary_large_image","twitter_misc":{"Verfasst von":"Corina Cristea","Gesch\u00e4tzte Lesezeit":"3\u00a0Minuten","Written by":"Corina Cristea"},"schema":{"@context":"https:\/\/schema.org","@graph":[{"@type":"Article","@id":"https:\/\/www.rri.ro\/de\/aktuell\/rri-aktuell\/nach-misstrauensvotum-im-parlament-praesident-iohannis-laedt-parteien-zu-beratungen-ein-id460323.html#article","isPartOf":{"@id":"https:\/\/www.rri.ro\/de\/aktuell\/rri-aktuell\/nach-misstrauensvotum-im-parlament-praesident-iohannis-laedt-parteien-zu-beratungen-ein-id460323.html"},"author":{"name":"Corina Cristea","@id":"https:\/\/www.rri.ro\/#\/schema\/person\/f9ab1cb3569dee1b2c033a814bb7f0fc"},"headline":"Nach Misstrauensvotum im Parlament: Pr\u00e4sident Iohannis l\u00e4dt Parteien zu Beratungen ein","datePublished":"2017-06-22T12:48:00+00:00","dateModified":"2024-02-19T18:33:54+00:00","mainEntityOfPage":{"@id":"https:\/\/www.rri.ro\/de\/aktuell\/rri-aktuell\/nach-misstrauensvotum-im-parlament-praesident-iohannis-laedt-parteien-zu-beratungen-ein-id460323.html"},"wordCount":599,"image":{"@id":"https:\/\/www.rri.ro\/de\/aktuell\/rri-aktuell\/nach-misstrauensvotum-im-parlament-praesident-iohannis-laedt-parteien-zu-beratungen-ein-id460323.html#primaryimage"},"thumbnailUrl":"https:\/\/www.rri.ro\/wp-content\/uploads\/2023\/10\/sorin-grindeanu-pv-iun2017.jpg","keywords":["ALDE","Beratungen","Liviu Dragnea","Misstrauensantrag","opposition","Parlament","Pr\u00e4sident Iohannis","premier","PSD","Regierungsbildung","Sorin Grindeanu","Traian Basescu","Wahlen"],"articleSection":["RRI Aktuell"],"inLanguage":"de"},{"@type":"WebPage","@id":"https:\/\/www.rri.ro\/de\/aktuell\/rri-aktuell\/nach-misstrauensvotum-im-parlament-praesident-iohannis-laedt-parteien-zu-beratungen-ein-id460323.html","url":"https:\/\/www.rri.ro\/de\/aktuell\/rri-aktuell\/nach-misstrauensvotum-im-parlament-praesident-iohannis-laedt-parteien-zu-beratungen-ein-id460323.html","name":"Nach Misstrauensvotum im Parlament: Pr\u00e4sident Iohannis l\u00e4dt Parteien zu Beratungen ein - Radio Rum\u00e4nien International","isPartOf":{"@id":"https:\/\/www.rri.ro\/#website"},"primaryImageOfPage":{"@id":"https:\/\/www.rri.ro\/de\/aktuell\/rri-aktuell\/nach-misstrauensvotum-im-parlament-praesident-iohannis-laedt-parteien-zu-beratungen-ein-id460323.html#primaryimage"},"image":{"@id":"https:\/\/www.rri.ro\/de\/aktuell\/rri-aktuell\/nach-misstrauensvotum-im-parlament-praesident-iohannis-laedt-parteien-zu-beratungen-ein-id460323.html#primaryimage"},"thumbnailUrl":"https:\/\/www.rri.ro\/wp-content\/uploads\/2023\/10\/sorin-grindeanu-pv-iun2017.jpg","datePublished":"2017-06-22T12:48:00+00:00","dateModified":"2024-02-19T18:33:54+00:00","author":{"@id":"https:\/\/www.rri.ro\/#\/schema\/person\/f9ab1cb3569dee1b2c033a814bb7f0fc"},"breadcrumb":{"@id":"https:\/\/www.rri.ro\/de\/aktuell\/rri-aktuell\/nach-misstrauensvotum-im-parlament-praesident-iohannis-laedt-parteien-zu-beratungen-ein-id460323.html#breadcrumb"},"inLanguage":"de","potentialAction":[{"@type":"ReadAction","target":["https:\/\/www.rri.ro\/de\/aktuell\/rri-aktuell\/nach-misstrauensvotum-im-parlament-praesident-iohannis-laedt-parteien-zu-beratungen-ein-id460323.html"]}]},{"@type":"ImageObject","inLanguage":"de","@id":"https:\/\/www.rri.ro\/de\/aktuell\/rri-aktuell\/nach-misstrauensvotum-im-parlament-praesident-iohannis-laedt-parteien-zu-beratungen-ein-id460323.html#primaryimage","url":"https:\/\/www.rri.ro\/wp-content\/uploads\/2023\/10\/sorin-grindeanu-pv-iun2017.jpg","contentUrl":"https:\/\/www.rri.ro\/wp-content\/uploads\/2023\/10\/sorin-grindeanu-pv-iun2017.jpg","width":640,"height":427},{"@type":"BreadcrumbList","@id":"https:\/\/www.rri.ro\/de\/aktuell\/rri-aktuell\/nach-misstrauensvotum-im-parlament-praesident-iohannis-laedt-parteien-zu-beratungen-ein-id460323.html#breadcrumb","itemListElement":[{"@type":"ListItem","position":1,"name":"Startseite","item":"https:\/\/www.rri.ro\/de"},{"@type":"ListItem","position":2,"name":"Aktuell","item":"https:\/\/www.rri.ro\/de\/aktuell"},{"@type":"ListItem","position":3,"name":"RRI Aktuell","item":"https:\/\/www.rri.ro\/de\/aktuell\/rri-aktuell"},{"@type":"ListItem","position":4,"name":"Nach Misstrauensvotum im Parlament: Pr\u00e4sident Iohannis l\u00e4dt Parteien zu Beratungen ein"}]},{"@type":"WebSite","@id":"https:\/\/www.rri.ro\/#website","url":"https:\/\/www.rri.ro\/","name":"Radio Rum\u00e4nien International","description":"Totul despre Rom\u00e2nia \u015fi rom\u00e2ni, \u00een 13 limbi\/dialecte!","inLanguage":"de"},{"@type":"Person","@id":"https:\/\/www.rri.ro\/#\/schema\/person\/f9ab1cb3569dee1b2c033a814bb7f0fc","name":"Corina Cristea","url":"https:\/\/www.rri.ro\/de\/author\/corina-cristea"}]}},"_links":{"self":[{"href":"https:\/\/www.rri.ro\/de\/wp-json\/wp\/v2\/posts\/460323","targetHints":{"allow":["GET"]}}],"collection":[{"href":"https:\/\/www.rri.ro\/de\/wp-json\/wp\/v2\/posts"}],"about":[{"href":"https:\/\/www.rri.ro\/de\/wp-json\/wp\/v2\/types\/post"}],"author":[{"embeddable":true,"href":"https:\/\/www.rri.ro\/de\/wp-json\/wp\/v2\/users\/108"}],"replies":[{"embeddable":true,"href":"https:\/\/www.rri.ro\/de\/wp-json\/wp\/v2\/comments?post=460323"}],"version-history":[{"count":0,"href":"https:\/\/www.rri.ro\/de\/wp-json\/wp\/v2\/posts\/460323\/revisions"}],"wp:featuredmedia":[{"embeddable":true,"href":"https:\/\/www.rri.ro\/de\/wp-json\/wp\/v2\/media\/267763"}],"wp:attachment":[{"href":"https:\/\/www.rri.ro\/de\/wp-json\/wp\/v2\/media?parent=460323"}],"wp:term":[{"taxonomy":"category","embeddable":true,"href":"https:\/\/www.rri.ro\/de\/wp-json\/wp\/v2\/categories?post=460323"},{"taxonomy":"post_tag","embeddable":true,"href":"https:\/\/www.rri.ro\/de\/wp-json\/wp\/v2\/tags?post=460323"},{"taxonomy":"author","embeddable":true,"href":"https:\/\/www.rri.ro\/de\/wp-json\/wp\/v2\/coauthors?post=460323"}],"curies":[{"name":"wp","href":"https:\/\/api.w.org\/{rel}","templated":true}]}}