{"id":460427,"date":"2017-10-05T17:05:00","date_gmt":"2017-10-05T14:05:00","guid":{"rendered":"http:\/\/devrri.freshlemon.ro\/aktuell\/gewerkschaften-kuendigen-weitgehende-protestaktionen-an-id460427.html"},"modified":"2024-02-19T20:34:47","modified_gmt":"2024-02-19T18:34:47","slug":"gewerkschaften-kuendigen-weitgehende-protestaktionen-an","status":"publish","type":"post","link":"https:\/\/www.rri.ro\/de\/aktuell\/rri-aktuell\/gewerkschaften-kuendigen-weitgehende-protestaktionen-an-id460427.html","title":{"rendered":"Gewerkschaften k\u00fcndigen weitgehende Protestaktionen an"},"content":{"rendered":"<p><strong>Seit fast zwei Wochen protestieren Gewerkschaftler in Rum\u00e4nien, einschlie\u200e\u00dflich in der Landeshauptstadt Bukarest, wo am Mittwoch mehrere Tausend Menschen zusammengekommen sind. Die Menschen sind vor allem von der Absicht der Regierung aufgebracht, die Sozialbeitr\u00e4ge vom Arbeitgeber zum Arbeitnehmer zu \u00fcbertragen. F\u00fcr Unmut sorgen auch das Lohgesetz f\u00fcr Beamte und das Gesetz \u00fcber den Sozialdialog. Gewerkschaften und Regierung suchen nun gemeinsam nach L\u00f6sungen.<\/strong><\/p>\n<p>&#13;<br \/>\n&#13;<\/p>\n<p>&#13;<br \/>\n&#13;<\/p>\n<p>Regierung und Gewerkschaften kommen am Freitag erneut zusammen, um \u00fcber den Vorschlag der sozialdemokratischen Regierung, die Sozialbeitr\u00e4ge vom Arbeitgeber zum Arbeitnehmer zu \u00fcbertragen, zu sprechen. Die Gewerkschaftler und einige Finanzexperten wenden ein, diese Ma\u200e\u00dfnahme k\u00f6nnten die Nettoeinkommen der Arbeitnehmer um 20 % k\u00fcrzen. Dies wiederum w\u00fcrde die Gehaltsanstiege f\u00fcr einige Beamte, welche die Regierung in diesem Jahr gew\u00e4hrt hat, zunichtemachen. Die Gewerkschaften sind auch mit dem neuen Gesetz, das die Geh\u00e4lter in \u00f6ffentlichen Bereich regelt und dem Gesetz \u00fcber den Sozialdialog unzufrieden.<\/p>\n<p>&#13;<br \/>\n&#13;<\/p>\n<p>&#13;<br \/>\n&#13;<\/p>\n<p>Zuvor haben, am Mittwoch, Tausende Menschen vor der Regierung demonstriert. Zum Protest hat eine der bedeutendsten Dachorganisationen der Einzelgewerkschaften in Rum\u00e4nien, Cartel Alfa aufgerufen. Die Delegation, die sich gestern zu einem ersten Gespr\u00e4ch in der Regierung eingefunden hat, war aus Vertretern der Polizei, des Gesundheitswesens, des Transportwesens und der \u00f6ffentlichen Verwaltung gebildet. Am Ende des Treffens erkl\u00e4rte der Vorsitzende des Cartel Alfa, Bogdan Hossu, die Beh\u00f6rden werden die Auswirkungen einer Nicht\u00fcbertragung der Sozialgeb\u00fchren vom Arbeitgeber zum Arbeitnehmer untersuchen und nach anderen L\u00f6sungen suchen.<\/p>\n<p>&#13;<br \/>\n&#13;<\/p>\n<p>&#13;<br \/>\n&#13;<\/p>\n<p>Der Ministerpr\u00e4sident widerspricht ihm jedoch. Er behauptet, die Regierung sei von dem Vorhaben nicht abger\u00fcckt. Sie werde lediglich versuchen, die mit der \u00dcbertragung der Sozialbeitr\u00e4ge einhergehenden Gehaltsverluste, mit einem Anstieg der Bruttogeh\u00e4lter auszugleichen.<\/p>\n<p>&#13;<br \/>\n&#13;<\/p>\n<p>&#13;<br \/>\n&#13;<\/p>\n<p>Mihai Tudose: <em>Wir denken nicht daran, wir haben nicht beschlossen auf die \u00dcbertragung zu verzichten. Wir werden versuchen die Verluste auszugleichen oder das Lohngesetz umzusetzen. Wenn wir diese Kosten nicht \u00fcbertragen, dann m\u00fcssen wir sehen, was wir ausgleichen. Da ist die L\u00f6sung zu suchen. Ab Freitag haben wir eine Arbeitsgruppe, wir m\u00fcssen mit allen gewerkschaftlichen Dachverb\u00e4nden sprechen, damit alle ihre Zustimmung geben\u201c.<\/em><\/p>\n<p>&#13;<br \/>\n&#13;<\/p>\n<p>&#13;<br \/>\n&#13;<\/p>\n<p>Der Vorsitzende des Sanitas-Verbands, Leonard B\u0103r\u0103scu erkl\u00e4rte, er warte immer noch auf die eine positive Antwort auf ihre Forderung.<\/p>\n<p>&#13;<br \/>\n&#13;<\/p>\n<p>&#13;<br \/>\n&#13;<\/p>\n<p>Leonard B\u0103r\u0103scu: <em>Die Stimmung im Lande ist \u00fcberhaupt nicht gut. Unsere Mitglieder haben die hohlen Versprechen satt \u2026 Sie sind \u00fcberzeugt, nur mit einer Arbeitsniederlegung oder mit K\u00fcndigungen in Massen kann diese Regierung, die dieses Gesetz ausgearbeitet hat, \u00fcberzeugt werden es zu \u00fcberarbeiten\u201c.<\/em><\/p>\n<p>&#13;<br \/>\n&#13;<\/p>\n<p>&#13;<br \/>\n&#13;<\/p>\n<p>Die Gewerkschafter aus dem Gesundheitsbereich k\u00fcndigten an, die Proteste fortzusetzen und die Verfahren f\u00fcr einen Generalstreik einzuleiten. Sie fordern die Abschaffung der H\u00f6chstgrenze von 30 % f\u00fcr Zulagen, Umsetzung der Gehaltsanhebungen f\u00fcr alle Angestellten im Gesundheitswesen und in der Sozialf\u00fcrsorge, beginnend mit dem 1. M\u00e4rz 2018.<\/p>\n<p>&#13;<br \/>\n&#13;<\/p>\n<p>&#13;<br \/>\n&#13;<\/p>\n<p>Die Lehrer klagen ihrerseits die Unterfinanzierung des Unterrichtswesens und die niedrigen L\u00f6hne in ihrem Bereich an. Sie sind unzufrieden, weil die angek\u00fcndigten Gehaltsanhebungen um 25 % gestrichen, gerichtlich best\u00e4tigte Gehaltsforderungen nicht ausgezahlt, Gehaltszusch\u00fcssen falsch berechnet wurden und weil die Renten derjenigen, die im Unterrichtswesen gearbeitet haben weiterhin im Landesdurchschnitt niedrig sind.<\/p>\n<p>&#13;<\/p>\n","protected":false},"excerpt":{"rendered":"<p>Seit fast zwei Wochen protestieren Gewerkschaftler in Rum\u00e4nien, einschlie\u00dflich in der Landeshauptstadt Bukarest, wo am Mittwoch mehrere Tausend Menschen zusammengekommen sind.<\/p>\n","protected":false},"author":2,"featured_media":75002,"comment_status":"closed","ping_status":"closed","sticky":false,"template":"","format":"standard","meta":{"_acf_changed":false,"footnotes":""},"categories":[99583],"tags":[104058,100206,143895],"coauthors":[],"class_list":["post-460427","post","type-post","status-publish","format-standard","has-post-thumbnail","hentry","category-rri-aktuell","tag-gewekschaftsverband-cartel-alfa","tag-gewerkschaften","tag-proteste-de"],"acf":[],"yoast_head":"<!-- This site is optimized with the Yoast SEO plugin v27.3 - https:\/\/yoast.com\/product\/yoast-seo-wordpress\/ -->\n<title>Gewerkschaften k\u00fcndigen weitgehende Protestaktionen an - Radio Rum\u00e4nien International<\/title>\n<meta name=\"robots\" content=\"index, follow, max-snippet:-1, max-image-preview:large, max-video-preview:-1\" \/>\n<link rel=\"canonical\" href=\"https:\/\/www.rri.ro\/de\/aktuell\/rri-aktuell\/gewerkschaften-kuendigen-weitgehende-protestaktionen-an-id460427.html\" \/>\n<meta property=\"og:locale\" content=\"de_DE\" \/>\n<meta property=\"og:type\" content=\"article\" \/>\n<meta property=\"og:title\" content=\"Gewerkschaften k\u00fcndigen weitgehende Protestaktionen an - Radio Rum\u00e4nien International\" \/>\n<meta property=\"og:description\" content=\"Seit fast zwei Wochen protestieren Gewerkschaftler in Rum\u00e4nien, einschlie\u00dflich in der Landeshauptstadt Bukarest, wo am Mittwoch mehrere Tausend Menschen zusammengekommen sind.\" \/>\n<meta property=\"og:url\" content=\"https:\/\/www.rri.ro\/de\/aktuell\/rri-aktuell\/gewerkschaften-kuendigen-weitgehende-protestaktionen-an-id460427.html\" \/>\n<meta property=\"og:site_name\" content=\"Radio Rum\u00e4nien International\" \/>\n<meta property=\"article:published_time\" content=\"2017-10-05T14:05:00+00:00\" \/>\n<meta property=\"article:modified_time\" content=\"2024-02-19T18:34:47+00:00\" \/>\n<meta property=\"og:image\" content=\"https:\/\/www.rri.ro\/wp-content\/uploads\/2023\/10\/protest-cartel-alfa-la-guvern.png\" \/>\n\t<meta property=\"og:image:width\" content=\"640\" \/>\n\t<meta property=\"og:image:height\" content=\"480\" \/>\n\t<meta property=\"og:image:type\" content=\"image\/png\" \/>\n<meta name=\"author\" content=\"Rom\u00e2nia Interna\u021bional\" \/>\n<meta name=\"twitter:card\" content=\"summary_large_image\" \/>\n<meta name=\"twitter:label1\" content=\"Verfasst von\" \/>\n\t<meta name=\"twitter:data1\" content=\"Rom\u00e2nia Interna\u021bional\" \/>\n\t<meta name=\"twitter:label2\" content=\"Gesch\u00e4tzte Lesezeit\" \/>\n\t<meta name=\"twitter:data2\" content=\"3\u00a0Minuten\" \/>\n\t<meta name=\"twitter:label3\" content=\"Written by\" \/>\n\t<meta name=\"twitter:data3\" content=\"Rom\u00e2nia Interna\u021bional\" \/>\n<script type=\"application\/ld+json\" class=\"yoast-schema-graph\">{\"@context\":\"https:\\\/\\\/schema.org\",\"@graph\":[{\"@type\":\"Article\",\"@id\":\"https:\\\/\\\/www.rri.ro\\\/de\\\/aktuell\\\/rri-aktuell\\\/gewerkschaften-kuendigen-weitgehende-protestaktionen-an-id460427.html#article\",\"isPartOf\":{\"@id\":\"https:\\\/\\\/www.rri.ro\\\/de\\\/aktuell\\\/rri-aktuell\\\/gewerkschaften-kuendigen-weitgehende-protestaktionen-an-id460427.html\"},\"author\":{\"name\":\"Rom\u00e2nia Interna\u021bional\",\"@id\":\"https:\\\/\\\/www.rri.ro\\\/#\\\/schema\\\/person\\\/18fac491bccbfe149b92aea77ad60abd\"},\"headline\":\"Gewerkschaften k\u00fcndigen weitgehende Protestaktionen an\",\"datePublished\":\"2017-10-05T14:05:00+00:00\",\"dateModified\":\"2024-02-19T18:34:47+00:00\",\"mainEntityOfPage\":{\"@id\":\"https:\\\/\\\/www.rri.ro\\\/de\\\/aktuell\\\/rri-aktuell\\\/gewerkschaften-kuendigen-weitgehende-protestaktionen-an-id460427.html\"},\"wordCount\":524,\"image\":{\"@id\":\"https:\\\/\\\/www.rri.ro\\\/de\\\/aktuell\\\/rri-aktuell\\\/gewerkschaften-kuendigen-weitgehende-protestaktionen-an-id460427.html#primaryimage\"},\"thumbnailUrl\":\"https:\\\/\\\/www.rri.ro\\\/wp-content\\\/uploads\\\/2023\\\/10\\\/protest-cartel-alfa-la-guvern.png\",\"keywords\":[\"Gewekschaftsverband Cartel Alfa\",\"Gewerkschaften\",\"proteste\"],\"articleSection\":[\"RRI Aktuell\"],\"inLanguage\":\"de\"},{\"@type\":\"WebPage\",\"@id\":\"https:\\\/\\\/www.rri.ro\\\/de\\\/aktuell\\\/rri-aktuell\\\/gewerkschaften-kuendigen-weitgehende-protestaktionen-an-id460427.html\",\"url\":\"https:\\\/\\\/www.rri.ro\\\/de\\\/aktuell\\\/rri-aktuell\\\/gewerkschaften-kuendigen-weitgehende-protestaktionen-an-id460427.html\",\"name\":\"Gewerkschaften k\u00fcndigen weitgehende Protestaktionen an - Radio Rum\u00e4nien International\",\"isPartOf\":{\"@id\":\"https:\\\/\\\/www.rri.ro\\\/#website\"},\"primaryImageOfPage\":{\"@id\":\"https:\\\/\\\/www.rri.ro\\\/de\\\/aktuell\\\/rri-aktuell\\\/gewerkschaften-kuendigen-weitgehende-protestaktionen-an-id460427.html#primaryimage\"},\"image\":{\"@id\":\"https:\\\/\\\/www.rri.ro\\\/de\\\/aktuell\\\/rri-aktuell\\\/gewerkschaften-kuendigen-weitgehende-protestaktionen-an-id460427.html#primaryimage\"},\"thumbnailUrl\":\"https:\\\/\\\/www.rri.ro\\\/wp-content\\\/uploads\\\/2023\\\/10\\\/protest-cartel-alfa-la-guvern.png\",\"datePublished\":\"2017-10-05T14:05:00+00:00\",\"dateModified\":\"2024-02-19T18:34:47+00:00\",\"author\":{\"@id\":\"https:\\\/\\\/www.rri.ro\\\/#\\\/schema\\\/person\\\/18fac491bccbfe149b92aea77ad60abd\"},\"breadcrumb\":{\"@id\":\"https:\\\/\\\/www.rri.ro\\\/de\\\/aktuell\\\/rri-aktuell\\\/gewerkschaften-kuendigen-weitgehende-protestaktionen-an-id460427.html#breadcrumb\"},\"inLanguage\":\"de\",\"potentialAction\":[{\"@type\":\"ReadAction\",\"target\":[\"https:\\\/\\\/www.rri.ro\\\/de\\\/aktuell\\\/rri-aktuell\\\/gewerkschaften-kuendigen-weitgehende-protestaktionen-an-id460427.html\"]}]},{\"@type\":\"ImageObject\",\"inLanguage\":\"de\",\"@id\":\"https:\\\/\\\/www.rri.ro\\\/de\\\/aktuell\\\/rri-aktuell\\\/gewerkschaften-kuendigen-weitgehende-protestaktionen-an-id460427.html#primaryimage\",\"url\":\"https:\\\/\\\/www.rri.ro\\\/wp-content\\\/uploads\\\/2023\\\/10\\\/protest-cartel-alfa-la-guvern.png\",\"contentUrl\":\"https:\\\/\\\/www.rri.ro\\\/wp-content\\\/uploads\\\/2023\\\/10\\\/protest-cartel-alfa-la-guvern.png\",\"width\":640,\"height\":480},{\"@type\":\"BreadcrumbList\",\"@id\":\"https:\\\/\\\/www.rri.ro\\\/de\\\/aktuell\\\/rri-aktuell\\\/gewerkschaften-kuendigen-weitgehende-protestaktionen-an-id460427.html#breadcrumb\",\"itemListElement\":[{\"@type\":\"ListItem\",\"position\":1,\"name\":\"Startseite\",\"item\":\"https:\\\/\\\/www.rri.ro\\\/de\"},{\"@type\":\"ListItem\",\"position\":2,\"name\":\"Aktuell\",\"item\":\"https:\\\/\\\/www.rri.ro\\\/de\\\/aktuell\"},{\"@type\":\"ListItem\",\"position\":3,\"name\":\"RRI Aktuell\",\"item\":\"https:\\\/\\\/www.rri.ro\\\/de\\\/aktuell\\\/rri-aktuell\"},{\"@type\":\"ListItem\",\"position\":4,\"name\":\"Gewerkschaften k\u00fcndigen weitgehende Protestaktionen an\"}]},{\"@type\":\"WebSite\",\"@id\":\"https:\\\/\\\/www.rri.ro\\\/#website\",\"url\":\"https:\\\/\\\/www.rri.ro\\\/\",\"name\":\"Radio Rum\u00e4nien International\",\"description\":\"Totul despre Rom\u00e2nia \u015fi rom\u00e2ni, \u00een 13 limbi\\\/dialecte!\",\"inLanguage\":\"de\"},{\"@type\":\"Person\",\"@id\":\"https:\\\/\\\/www.rri.ro\\\/#\\\/schema\\\/person\\\/18fac491bccbfe149b92aea77ad60abd\",\"name\":\"Rom\u00e2nia Interna\u021bional\",\"url\":\"https:\\\/\\\/www.rri.ro\\\/de\\\/author\\\/redactia\"}]}<\/script>\n<!-- \/ Yoast SEO plugin. -->","yoast_head_json":{"title":"Gewerkschaften k\u00fcndigen weitgehende Protestaktionen an - Radio Rum\u00e4nien International","robots":{"index":"index","follow":"follow","max-snippet":"max-snippet:-1","max-image-preview":"max-image-preview:large","max-video-preview":"max-video-preview:-1"},"canonical":"https:\/\/www.rri.ro\/de\/aktuell\/rri-aktuell\/gewerkschaften-kuendigen-weitgehende-protestaktionen-an-id460427.html","og_locale":"de_DE","og_type":"article","og_title":"Gewerkschaften k\u00fcndigen weitgehende Protestaktionen an - Radio Rum\u00e4nien International","og_description":"Seit fast zwei Wochen protestieren Gewerkschaftler in Rum\u00e4nien, einschlie\u00dflich in der Landeshauptstadt Bukarest, wo am Mittwoch mehrere Tausend Menschen zusammengekommen sind.","og_url":"https:\/\/www.rri.ro\/de\/aktuell\/rri-aktuell\/gewerkschaften-kuendigen-weitgehende-protestaktionen-an-id460427.html","og_site_name":"Radio Rum\u00e4nien International","article_published_time":"2017-10-05T14:05:00+00:00","article_modified_time":"2024-02-19T18:34:47+00:00","og_image":[{"width":640,"height":480,"url":"https:\/\/www.rri.ro\/wp-content\/uploads\/2023\/10\/protest-cartel-alfa-la-guvern.png","type":"image\/png"}],"author":"Rom\u00e2nia Interna\u021bional","twitter_card":"summary_large_image","twitter_misc":{"Verfasst von":"Rom\u00e2nia Interna\u021bional","Gesch\u00e4tzte Lesezeit":"3\u00a0Minuten","Written by":"Rom\u00e2nia Interna\u021bional"},"schema":{"@context":"https:\/\/schema.org","@graph":[{"@type":"Article","@id":"https:\/\/www.rri.ro\/de\/aktuell\/rri-aktuell\/gewerkschaften-kuendigen-weitgehende-protestaktionen-an-id460427.html#article","isPartOf":{"@id":"https:\/\/www.rri.ro\/de\/aktuell\/rri-aktuell\/gewerkschaften-kuendigen-weitgehende-protestaktionen-an-id460427.html"},"author":{"name":"Rom\u00e2nia Interna\u021bional","@id":"https:\/\/www.rri.ro\/#\/schema\/person\/18fac491bccbfe149b92aea77ad60abd"},"headline":"Gewerkschaften k\u00fcndigen weitgehende Protestaktionen an","datePublished":"2017-10-05T14:05:00+00:00","dateModified":"2024-02-19T18:34:47+00:00","mainEntityOfPage":{"@id":"https:\/\/www.rri.ro\/de\/aktuell\/rri-aktuell\/gewerkschaften-kuendigen-weitgehende-protestaktionen-an-id460427.html"},"wordCount":524,"image":{"@id":"https:\/\/www.rri.ro\/de\/aktuell\/rri-aktuell\/gewerkschaften-kuendigen-weitgehende-protestaktionen-an-id460427.html#primaryimage"},"thumbnailUrl":"https:\/\/www.rri.ro\/wp-content\/uploads\/2023\/10\/protest-cartel-alfa-la-guvern.png","keywords":["Gewekschaftsverband Cartel Alfa","Gewerkschaften","proteste"],"articleSection":["RRI Aktuell"],"inLanguage":"de"},{"@type":"WebPage","@id":"https:\/\/www.rri.ro\/de\/aktuell\/rri-aktuell\/gewerkschaften-kuendigen-weitgehende-protestaktionen-an-id460427.html","url":"https:\/\/www.rri.ro\/de\/aktuell\/rri-aktuell\/gewerkschaften-kuendigen-weitgehende-protestaktionen-an-id460427.html","name":"Gewerkschaften k\u00fcndigen weitgehende Protestaktionen an - Radio Rum\u00e4nien International","isPartOf":{"@id":"https:\/\/www.rri.ro\/#website"},"primaryImageOfPage":{"@id":"https:\/\/www.rri.ro\/de\/aktuell\/rri-aktuell\/gewerkschaften-kuendigen-weitgehende-protestaktionen-an-id460427.html#primaryimage"},"image":{"@id":"https:\/\/www.rri.ro\/de\/aktuell\/rri-aktuell\/gewerkschaften-kuendigen-weitgehende-protestaktionen-an-id460427.html#primaryimage"},"thumbnailUrl":"https:\/\/www.rri.ro\/wp-content\/uploads\/2023\/10\/protest-cartel-alfa-la-guvern.png","datePublished":"2017-10-05T14:05:00+00:00","dateModified":"2024-02-19T18:34:47+00:00","author":{"@id":"https:\/\/www.rri.ro\/#\/schema\/person\/18fac491bccbfe149b92aea77ad60abd"},"breadcrumb":{"@id":"https:\/\/www.rri.ro\/de\/aktuell\/rri-aktuell\/gewerkschaften-kuendigen-weitgehende-protestaktionen-an-id460427.html#breadcrumb"},"inLanguage":"de","potentialAction":[{"@type":"ReadAction","target":["https:\/\/www.rri.ro\/de\/aktuell\/rri-aktuell\/gewerkschaften-kuendigen-weitgehende-protestaktionen-an-id460427.html"]}]},{"@type":"ImageObject","inLanguage":"de","@id":"https:\/\/www.rri.ro\/de\/aktuell\/rri-aktuell\/gewerkschaften-kuendigen-weitgehende-protestaktionen-an-id460427.html#primaryimage","url":"https:\/\/www.rri.ro\/wp-content\/uploads\/2023\/10\/protest-cartel-alfa-la-guvern.png","contentUrl":"https:\/\/www.rri.ro\/wp-content\/uploads\/2023\/10\/protest-cartel-alfa-la-guvern.png","width":640,"height":480},{"@type":"BreadcrumbList","@id":"https:\/\/www.rri.ro\/de\/aktuell\/rri-aktuell\/gewerkschaften-kuendigen-weitgehende-protestaktionen-an-id460427.html#breadcrumb","itemListElement":[{"@type":"ListItem","position":1,"name":"Startseite","item":"https:\/\/www.rri.ro\/de"},{"@type":"ListItem","position":2,"name":"Aktuell","item":"https:\/\/www.rri.ro\/de\/aktuell"},{"@type":"ListItem","position":3,"name":"RRI Aktuell","item":"https:\/\/www.rri.ro\/de\/aktuell\/rri-aktuell"},{"@type":"ListItem","position":4,"name":"Gewerkschaften k\u00fcndigen weitgehende Protestaktionen an"}]},{"@type":"WebSite","@id":"https:\/\/www.rri.ro\/#website","url":"https:\/\/www.rri.ro\/","name":"Radio Rum\u00e4nien International","description":"Totul despre Rom\u00e2nia \u015fi rom\u00e2ni, \u00een 13 limbi\/dialecte!","inLanguage":"de"},{"@type":"Person","@id":"https:\/\/www.rri.ro\/#\/schema\/person\/18fac491bccbfe149b92aea77ad60abd","name":"Rom\u00e2nia Interna\u021bional","url":"https:\/\/www.rri.ro\/de\/author\/redactia"}]}},"_links":{"self":[{"href":"https:\/\/www.rri.ro\/de\/wp-json\/wp\/v2\/posts\/460427","targetHints":{"allow":["GET"]}}],"collection":[{"href":"https:\/\/www.rri.ro\/de\/wp-json\/wp\/v2\/posts"}],"about":[{"href":"https:\/\/www.rri.ro\/de\/wp-json\/wp\/v2\/types\/post"}],"author":[{"embeddable":true,"href":"https:\/\/www.rri.ro\/de\/wp-json\/wp\/v2\/users\/2"}],"replies":[{"embeddable":true,"href":"https:\/\/www.rri.ro\/de\/wp-json\/wp\/v2\/comments?post=460427"}],"version-history":[{"count":0,"href":"https:\/\/www.rri.ro\/de\/wp-json\/wp\/v2\/posts\/460427\/revisions"}],"wp:featuredmedia":[{"embeddable":true,"href":"https:\/\/www.rri.ro\/de\/wp-json\/wp\/v2\/media\/75002"}],"wp:attachment":[{"href":"https:\/\/www.rri.ro\/de\/wp-json\/wp\/v2\/media?parent=460427"}],"wp:term":[{"taxonomy":"category","embeddable":true,"href":"https:\/\/www.rri.ro\/de\/wp-json\/wp\/v2\/categories?post=460427"},{"taxonomy":"post_tag","embeddable":true,"href":"https:\/\/www.rri.ro\/de\/wp-json\/wp\/v2\/tags?post=460427"},{"taxonomy":"author","embeddable":true,"href":"https:\/\/www.rri.ro\/de\/wp-json\/wp\/v2\/coauthors?post=460427"}],"curies":[{"name":"wp","href":"https:\/\/api.w.org\/{rel}","templated":true}]}}