{"id":460470,"date":"2017-11-06T17:03:00","date_gmt":"2017-11-06T15:03:00","guid":{"rendered":"http:\/\/devrri.freshlemon.ro\/aktuell\/rumaenen-in-grossbritannien-vor-und-nach-brexit-id460470.html"},"modified":"2024-02-19T20:35:11","modified_gmt":"2024-02-19T18:35:11","slug":"rumaenen-in-grossbritannien-vor-und-nach-brexit","status":"publish","type":"post","link":"https:\/\/www.rri.ro\/de\/aktuell\/rri-aktuell\/rumaenen-in-grossbritannien-vor-und-nach-brexit-id460470.html","title":{"rendered":"Rum\u00e4nen in Gro\u00dfbritannien \u2013 vor und nach Brexit"},"content":{"rendered":"<p>Gro\u200e\u00dfbritannien hat im Sommer 2016 durch ein Referendum beschlosssen, die Europ\u00e4ische Union zu verlassen. Die Regierung in London hat im M\u00e4rz 2017  die Prozeduren f\u00fcr den Austritt aus der EU begonnen, so wie es der Artikel 50 des Vertrags  vorsieht. Die Verhandlungen \u00fcber die Frist des Austritts k\u00f6nnen h\u00f6chstens zwei Jahre dauern. Der Tag des Austritts Gro\u200e\u00dfbritanniens ist der 30. M\u00e4rz 2019, also w\u00e4hrend der EU-Ratspr\u00e4sidentschaft Rum\u00e4niens. Was wird vor und nach dem Brexit mit den Rum\u00e4nen, die im Gro\u200e\u00dfbritannien leben, passieren? Einige behaupten, der Brexit k\u00f6nne unberechenbare Folgen f\u00fcr diejenigen, die in Gro\u200e\u00dfbritannien arbeiten oder studieren, haben. Rum\u00e4nien ist bereit, die rum\u00e4nischen B\u00fcrger und Unternehmer w\u00e4hrend dieses Prozesses zu informieren und zu unterst\u00fctzen, so  Victor Negrescu, Minister f\u00fcr Europaangelegenheiten. Er hat am 3. und 4. November einen Arbeitsbesuch in Gro\u200e\u00dfbritannien und Nordirland unternommen und kam mit den Vertretern der Rum\u00e4nen und mit W\u00fcrdentr\u00e4gern der lokalen Verwaltung aus Brent-London zusammen.<\/p>\n<p>&#13;<br \/>\n&#13;<\/p>\n<p>&#13;<br \/>\n&#13;<\/p>\n<p>&#13;<br \/>\n&#13;<\/p>\n<p>Nach dem EU-Beitritt Rum\u00e4niens stieg die Zahl der Rum\u00e4nen im Vereinigten K\u00f6nigreich konstant. Laut dem Statistikamt leben 328.000 Rum\u00e4nen in Gro\u200e\u00dfbritannien. Die rum\u00e4nischen B\u00fcrger sind eine sehr bedeutende Gemeinschaft, die dritte in der Reihe der EU-Staaten, nach der polnischen und der irl\u00e4ndischen. Sie hat sich in der britischen Gesellschaft sehr gut integriert und tr\u00e4gt zum Wohlstand dieser bei\u201d, sagte Negrescu und hob hervor, der rum\u00e4nische Staat bem\u00fche sich, dass die Rechte und Interessen der Rum\u00e4nen behalten und gesch\u00fctzt werden.<\/p>\n<p>&#13;<br \/>\n&#13;<\/p>\n<p>&#13;<br \/>\n&#13;<\/p>\n<p>&#13;<br \/>\n&#13;<\/p>\n<p>Laut Einsch\u00e4tzungen einer  Profi-Organisation, arbeiten in Gro\u200e\u00dfbritannien mehr als 2.000 rum\u00e4nische \u00c4rzte. Hinzu kommen Fachleute im Bankensektor, K\u00fcnstler, Architekten, Professoren, IT-Spezalisten und Forscher. Rund 10.000 rum\u00e4nische Jugendlichen besuchen eine Uni in Gro\u200e\u00dfbritannien.<\/p>\n<p>&#13;<br \/>\n&#13;<\/p>\n<p>&#13;<br \/>\n&#13;<\/p>\n<p>&#13;<br \/>\n&#13;<\/p>\n<p>Der britische Au\u200e\u00dfenminister Boris Johnson erkl\u00e4rte w\u00e4hrend seines Bukarestbesuches im September, die Rum\u00e4nen m\u00fcssen sich keine Sorgen hinsichtlich des Brexits machen, weil sie wertvolle Mitglieder der britischen Gesellschaft seien.<\/p>\n<p>&#13;<\/p>\n","protected":false},"excerpt":{"rendered":"<p>Rum\u00e4nien ist bereit, die rum\u00e4nischen B\u00fcrger und Unternehmer w\u00e4hrend des Brexit Prozesses zu informieren und zu unterst\u00fctzen. Das erkl\u00e4rte der rum\u00e4nische Minister f\u00fcr Europaangelegenheiten Victor Negrescu w\u00e4hrend seines Besuches in Gro\u00dfbritannien.<\/p>\n","protected":false},"author":46,"featured_media":75382,"comment_status":"closed","ping_status":"closed","sticky":false,"template":"","format":"standard","meta":{"_acf_changed":false,"footnotes":""},"categories":[99583],"tags":[103539,14005,134270,104109,103810,99644,153294,172868,103771,99930,153413],"coauthors":[],"class_list":["post-460470","post","type-post","status-publish","format-standard","has-post-thumbnail","hentry","category-rri-aktuell","tag-austritt","tag-brexit","tag-eu-de","tag-europaangelegenheiten","tag-gemeinschaft","tag-grossbritannien","tag-london-de","tag-minister-de","tag-mitglied","tag-rumaenen","tag-victor-negrescu-de"],"acf":[],"yoast_head":"<!-- This site is optimized with the Yoast SEO plugin v27.3 - https:\/\/yoast.com\/product\/yoast-seo-wordpress\/ -->\n<title>Rum\u00e4nen in Gro\u00dfbritannien \u2013 vor und nach Brexit - Radio Rum\u00e4nien International<\/title>\n<meta name=\"robots\" content=\"index, follow, max-snippet:-1, max-image-preview:large, max-video-preview:-1\" \/>\n<link rel=\"canonical\" href=\"https:\/\/www.rri.ro\/de\/aktuell\/rri-aktuell\/rumaenen-in-grossbritannien-vor-und-nach-brexit-id460470.html\" \/>\n<meta property=\"og:locale\" content=\"de_DE\" \/>\n<meta property=\"og:type\" content=\"article\" \/>\n<meta property=\"og:title\" content=\"Rum\u00e4nen in Gro\u00dfbritannien \u2013 vor und nach Brexit - Radio Rum\u00e4nien International\" \/>\n<meta property=\"og:description\" content=\"Rum\u00e4nien ist bereit, die rum\u00e4nischen B\u00fcrger und Unternehmer w\u00e4hrend des Brexit Prozesses zu informieren und zu unterst\u00fctzen. Das erkl\u00e4rte der rum\u00e4nische Minister f\u00fcr Europaangelegenheiten Victor Negrescu w\u00e4hrend seines Besuches in Gro\u00dfbritannien.\" \/>\n<meta property=\"og:url\" content=\"https:\/\/www.rri.ro\/de\/aktuell\/rri-aktuell\/rumaenen-in-grossbritannien-vor-und-nach-brexit-id460470.html\" \/>\n<meta property=\"og:site_name\" content=\"Radio Rum\u00e4nien International\" \/>\n<meta property=\"article:published_time\" content=\"2017-11-06T15:03:00+00:00\" \/>\n<meta property=\"article:modified_time\" content=\"2024-02-19T18:35:11+00:00\" \/>\n<meta property=\"og:image\" content=\"https:\/\/www.rri.ro\/wp-content\/uploads\/2023\/10\/victor-negrescu-marea-britanie.png\" \/>\n\t<meta property=\"og:image:width\" content=\"640\" \/>\n\t<meta property=\"og:image:height\" content=\"480\" \/>\n\t<meta property=\"og:image:type\" content=\"image\/png\" \/>\n<meta name=\"author\" content=\"Leyla Cheamil\" \/>\n<meta name=\"twitter:card\" content=\"summary_large_image\" \/>\n<meta name=\"twitter:label1\" content=\"Verfasst von\" \/>\n\t<meta name=\"twitter:data1\" content=\"Leyla Cheamil\" \/>\n\t<meta name=\"twitter:label2\" content=\"Gesch\u00e4tzte Lesezeit\" \/>\n\t<meta name=\"twitter:data2\" content=\"2\u00a0Minuten\" \/>\n\t<meta name=\"twitter:label3\" content=\"Written by\" \/>\n\t<meta name=\"twitter:data3\" content=\"Leyla Cheamil\" \/>\n<script type=\"application\/ld+json\" class=\"yoast-schema-graph\">{\"@context\":\"https:\\\/\\\/schema.org\",\"@graph\":[{\"@type\":\"Article\",\"@id\":\"https:\\\/\\\/www.rri.ro\\\/de\\\/aktuell\\\/rri-aktuell\\\/rumaenen-in-grossbritannien-vor-und-nach-brexit-id460470.html#article\",\"isPartOf\":{\"@id\":\"https:\\\/\\\/www.rri.ro\\\/de\\\/aktuell\\\/rri-aktuell\\\/rumaenen-in-grossbritannien-vor-und-nach-brexit-id460470.html\"},\"author\":{\"name\":\"Leyla Cheamil\",\"@id\":\"https:\\\/\\\/www.rri.ro\\\/#\\\/schema\\\/person\\\/e6364ed2d4b6af207a82ca66000d07e0\"},\"headline\":\"Rum\u00e4nen in Gro\u00dfbritannien \u2013 vor und nach Brexit\",\"datePublished\":\"2017-11-06T15:03:00+00:00\",\"dateModified\":\"2024-02-19T18:35:11+00:00\",\"mainEntityOfPage\":{\"@id\":\"https:\\\/\\\/www.rri.ro\\\/de\\\/aktuell\\\/rri-aktuell\\\/rumaenen-in-grossbritannien-vor-und-nach-brexit-id460470.html\"},\"wordCount\":339,\"image\":{\"@id\":\"https:\\\/\\\/www.rri.ro\\\/de\\\/aktuell\\\/rri-aktuell\\\/rumaenen-in-grossbritannien-vor-und-nach-brexit-id460470.html#primaryimage\"},\"thumbnailUrl\":\"https:\\\/\\\/www.rri.ro\\\/wp-content\\\/uploads\\\/2023\\\/10\\\/victor-negrescu-marea-britanie.png\",\"keywords\":[\"Austritt\",\"Brexit\",\"EU\",\"Europaangelegenheiten\",\"Gemeinschaft\",\"Gro\u00dfbritannien\",\"London\",\"minister\",\"Mitglied\",\"Rum\u00e4nen\",\"Victor Negrescu\"],\"articleSection\":[\"RRI Aktuell\"],\"inLanguage\":\"de\"},{\"@type\":\"WebPage\",\"@id\":\"https:\\\/\\\/www.rri.ro\\\/de\\\/aktuell\\\/rri-aktuell\\\/rumaenen-in-grossbritannien-vor-und-nach-brexit-id460470.html\",\"url\":\"https:\\\/\\\/www.rri.ro\\\/de\\\/aktuell\\\/rri-aktuell\\\/rumaenen-in-grossbritannien-vor-und-nach-brexit-id460470.html\",\"name\":\"Rum\u00e4nen in Gro\u00dfbritannien \u2013 vor und nach Brexit - Radio Rum\u00e4nien International\",\"isPartOf\":{\"@id\":\"https:\\\/\\\/www.rri.ro\\\/#website\"},\"primaryImageOfPage\":{\"@id\":\"https:\\\/\\\/www.rri.ro\\\/de\\\/aktuell\\\/rri-aktuell\\\/rumaenen-in-grossbritannien-vor-und-nach-brexit-id460470.html#primaryimage\"},\"image\":{\"@id\":\"https:\\\/\\\/www.rri.ro\\\/de\\\/aktuell\\\/rri-aktuell\\\/rumaenen-in-grossbritannien-vor-und-nach-brexit-id460470.html#primaryimage\"},\"thumbnailUrl\":\"https:\\\/\\\/www.rri.ro\\\/wp-content\\\/uploads\\\/2023\\\/10\\\/victor-negrescu-marea-britanie.png\",\"datePublished\":\"2017-11-06T15:03:00+00:00\",\"dateModified\":\"2024-02-19T18:35:11+00:00\",\"author\":{\"@id\":\"https:\\\/\\\/www.rri.ro\\\/#\\\/schema\\\/person\\\/e6364ed2d4b6af207a82ca66000d07e0\"},\"breadcrumb\":{\"@id\":\"https:\\\/\\\/www.rri.ro\\\/de\\\/aktuell\\\/rri-aktuell\\\/rumaenen-in-grossbritannien-vor-und-nach-brexit-id460470.html#breadcrumb\"},\"inLanguage\":\"de\",\"potentialAction\":[{\"@type\":\"ReadAction\",\"target\":[\"https:\\\/\\\/www.rri.ro\\\/de\\\/aktuell\\\/rri-aktuell\\\/rumaenen-in-grossbritannien-vor-und-nach-brexit-id460470.html\"]}]},{\"@type\":\"ImageObject\",\"inLanguage\":\"de\",\"@id\":\"https:\\\/\\\/www.rri.ro\\\/de\\\/aktuell\\\/rri-aktuell\\\/rumaenen-in-grossbritannien-vor-und-nach-brexit-id460470.html#primaryimage\",\"url\":\"https:\\\/\\\/www.rri.ro\\\/wp-content\\\/uploads\\\/2023\\\/10\\\/victor-negrescu-marea-britanie.png\",\"contentUrl\":\"https:\\\/\\\/www.rri.ro\\\/wp-content\\\/uploads\\\/2023\\\/10\\\/victor-negrescu-marea-britanie.png\",\"width\":640,\"height\":480},{\"@type\":\"BreadcrumbList\",\"@id\":\"https:\\\/\\\/www.rri.ro\\\/de\\\/aktuell\\\/rri-aktuell\\\/rumaenen-in-grossbritannien-vor-und-nach-brexit-id460470.html#breadcrumb\",\"itemListElement\":[{\"@type\":\"ListItem\",\"position\":1,\"name\":\"Startseite\",\"item\":\"https:\\\/\\\/www.rri.ro\\\/de\"},{\"@type\":\"ListItem\",\"position\":2,\"name\":\"Aktuell\",\"item\":\"https:\\\/\\\/www.rri.ro\\\/de\\\/aktuell\"},{\"@type\":\"ListItem\",\"position\":3,\"name\":\"RRI Aktuell\",\"item\":\"https:\\\/\\\/www.rri.ro\\\/de\\\/aktuell\\\/rri-aktuell\"},{\"@type\":\"ListItem\",\"position\":4,\"name\":\"Rum\u00e4nen in Gro\u00dfbritannien \u2013 vor und nach Brexit\"}]},{\"@type\":\"WebSite\",\"@id\":\"https:\\\/\\\/www.rri.ro\\\/#website\",\"url\":\"https:\\\/\\\/www.rri.ro\\\/\",\"name\":\"Radio Rum\u00e4nien International\",\"description\":\"Totul despre Rom\u00e2nia \u015fi rom\u00e2ni, \u00een 13 limbi\\\/dialecte!\",\"inLanguage\":\"de\"},{\"@type\":\"Person\",\"@id\":\"https:\\\/\\\/www.rri.ro\\\/#\\\/schema\\\/person\\\/e6364ed2d4b6af207a82ca66000d07e0\",\"name\":\"Leyla Cheamil\",\"url\":\"https:\\\/\\\/www.rri.ro\\\/de\\\/author\\\/leyla-cheamil\"}]}<\/script>\n<!-- \/ Yoast SEO plugin. -->","yoast_head_json":{"title":"Rum\u00e4nen in Gro\u00dfbritannien \u2013 vor und nach Brexit - Radio Rum\u00e4nien International","robots":{"index":"index","follow":"follow","max-snippet":"max-snippet:-1","max-image-preview":"max-image-preview:large","max-video-preview":"max-video-preview:-1"},"canonical":"https:\/\/www.rri.ro\/de\/aktuell\/rri-aktuell\/rumaenen-in-grossbritannien-vor-und-nach-brexit-id460470.html","og_locale":"de_DE","og_type":"article","og_title":"Rum\u00e4nen in Gro\u00dfbritannien \u2013 vor und nach Brexit - Radio Rum\u00e4nien International","og_description":"Rum\u00e4nien ist bereit, die rum\u00e4nischen B\u00fcrger und Unternehmer w\u00e4hrend des Brexit Prozesses zu informieren und zu unterst\u00fctzen. Das erkl\u00e4rte der rum\u00e4nische Minister f\u00fcr Europaangelegenheiten Victor Negrescu w\u00e4hrend seines Besuches in Gro\u00dfbritannien.","og_url":"https:\/\/www.rri.ro\/de\/aktuell\/rri-aktuell\/rumaenen-in-grossbritannien-vor-und-nach-brexit-id460470.html","og_site_name":"Radio Rum\u00e4nien International","article_published_time":"2017-11-06T15:03:00+00:00","article_modified_time":"2024-02-19T18:35:11+00:00","og_image":[{"width":640,"height":480,"url":"https:\/\/www.rri.ro\/wp-content\/uploads\/2023\/10\/victor-negrescu-marea-britanie.png","type":"image\/png"}],"author":"Leyla Cheamil","twitter_card":"summary_large_image","twitter_misc":{"Verfasst von":"Leyla Cheamil","Gesch\u00e4tzte Lesezeit":"2\u00a0Minuten","Written by":"Leyla Cheamil"},"schema":{"@context":"https:\/\/schema.org","@graph":[{"@type":"Article","@id":"https:\/\/www.rri.ro\/de\/aktuell\/rri-aktuell\/rumaenen-in-grossbritannien-vor-und-nach-brexit-id460470.html#article","isPartOf":{"@id":"https:\/\/www.rri.ro\/de\/aktuell\/rri-aktuell\/rumaenen-in-grossbritannien-vor-und-nach-brexit-id460470.html"},"author":{"name":"Leyla Cheamil","@id":"https:\/\/www.rri.ro\/#\/schema\/person\/e6364ed2d4b6af207a82ca66000d07e0"},"headline":"Rum\u00e4nen in Gro\u00dfbritannien \u2013 vor und nach Brexit","datePublished":"2017-11-06T15:03:00+00:00","dateModified":"2024-02-19T18:35:11+00:00","mainEntityOfPage":{"@id":"https:\/\/www.rri.ro\/de\/aktuell\/rri-aktuell\/rumaenen-in-grossbritannien-vor-und-nach-brexit-id460470.html"},"wordCount":339,"image":{"@id":"https:\/\/www.rri.ro\/de\/aktuell\/rri-aktuell\/rumaenen-in-grossbritannien-vor-und-nach-brexit-id460470.html#primaryimage"},"thumbnailUrl":"https:\/\/www.rri.ro\/wp-content\/uploads\/2023\/10\/victor-negrescu-marea-britanie.png","keywords":["Austritt","Brexit","EU","Europaangelegenheiten","Gemeinschaft","Gro\u00dfbritannien","London","minister","Mitglied","Rum\u00e4nen","Victor Negrescu"],"articleSection":["RRI Aktuell"],"inLanguage":"de"},{"@type":"WebPage","@id":"https:\/\/www.rri.ro\/de\/aktuell\/rri-aktuell\/rumaenen-in-grossbritannien-vor-und-nach-brexit-id460470.html","url":"https:\/\/www.rri.ro\/de\/aktuell\/rri-aktuell\/rumaenen-in-grossbritannien-vor-und-nach-brexit-id460470.html","name":"Rum\u00e4nen in Gro\u00dfbritannien \u2013 vor und nach Brexit - Radio Rum\u00e4nien International","isPartOf":{"@id":"https:\/\/www.rri.ro\/#website"},"primaryImageOfPage":{"@id":"https:\/\/www.rri.ro\/de\/aktuell\/rri-aktuell\/rumaenen-in-grossbritannien-vor-und-nach-brexit-id460470.html#primaryimage"},"image":{"@id":"https:\/\/www.rri.ro\/de\/aktuell\/rri-aktuell\/rumaenen-in-grossbritannien-vor-und-nach-brexit-id460470.html#primaryimage"},"thumbnailUrl":"https:\/\/www.rri.ro\/wp-content\/uploads\/2023\/10\/victor-negrescu-marea-britanie.png","datePublished":"2017-11-06T15:03:00+00:00","dateModified":"2024-02-19T18:35:11+00:00","author":{"@id":"https:\/\/www.rri.ro\/#\/schema\/person\/e6364ed2d4b6af207a82ca66000d07e0"},"breadcrumb":{"@id":"https:\/\/www.rri.ro\/de\/aktuell\/rri-aktuell\/rumaenen-in-grossbritannien-vor-und-nach-brexit-id460470.html#breadcrumb"},"inLanguage":"de","potentialAction":[{"@type":"ReadAction","target":["https:\/\/www.rri.ro\/de\/aktuell\/rri-aktuell\/rumaenen-in-grossbritannien-vor-und-nach-brexit-id460470.html"]}]},{"@type":"ImageObject","inLanguage":"de","@id":"https:\/\/www.rri.ro\/de\/aktuell\/rri-aktuell\/rumaenen-in-grossbritannien-vor-und-nach-brexit-id460470.html#primaryimage","url":"https:\/\/www.rri.ro\/wp-content\/uploads\/2023\/10\/victor-negrescu-marea-britanie.png","contentUrl":"https:\/\/www.rri.ro\/wp-content\/uploads\/2023\/10\/victor-negrescu-marea-britanie.png","width":640,"height":480},{"@type":"BreadcrumbList","@id":"https:\/\/www.rri.ro\/de\/aktuell\/rri-aktuell\/rumaenen-in-grossbritannien-vor-und-nach-brexit-id460470.html#breadcrumb","itemListElement":[{"@type":"ListItem","position":1,"name":"Startseite","item":"https:\/\/www.rri.ro\/de"},{"@type":"ListItem","position":2,"name":"Aktuell","item":"https:\/\/www.rri.ro\/de\/aktuell"},{"@type":"ListItem","position":3,"name":"RRI Aktuell","item":"https:\/\/www.rri.ro\/de\/aktuell\/rri-aktuell"},{"@type":"ListItem","position":4,"name":"Rum\u00e4nen in Gro\u00dfbritannien \u2013 vor und nach Brexit"}]},{"@type":"WebSite","@id":"https:\/\/www.rri.ro\/#website","url":"https:\/\/www.rri.ro\/","name":"Radio Rum\u00e4nien International","description":"Totul despre Rom\u00e2nia \u015fi rom\u00e2ni, \u00een 13 limbi\/dialecte!","inLanguage":"de"},{"@type":"Person","@id":"https:\/\/www.rri.ro\/#\/schema\/person\/e6364ed2d4b6af207a82ca66000d07e0","name":"Leyla Cheamil","url":"https:\/\/www.rri.ro\/de\/author\/leyla-cheamil"}]}},"_links":{"self":[{"href":"https:\/\/www.rri.ro\/de\/wp-json\/wp\/v2\/posts\/460470","targetHints":{"allow":["GET"]}}],"collection":[{"href":"https:\/\/www.rri.ro\/de\/wp-json\/wp\/v2\/posts"}],"about":[{"href":"https:\/\/www.rri.ro\/de\/wp-json\/wp\/v2\/types\/post"}],"author":[{"embeddable":true,"href":"https:\/\/www.rri.ro\/de\/wp-json\/wp\/v2\/users\/46"}],"replies":[{"embeddable":true,"href":"https:\/\/www.rri.ro\/de\/wp-json\/wp\/v2\/comments?post=460470"}],"version-history":[{"count":0,"href":"https:\/\/www.rri.ro\/de\/wp-json\/wp\/v2\/posts\/460470\/revisions"}],"wp:featuredmedia":[{"embeddable":true,"href":"https:\/\/www.rri.ro\/de\/wp-json\/wp\/v2\/media\/75382"}],"wp:attachment":[{"href":"https:\/\/www.rri.ro\/de\/wp-json\/wp\/v2\/media?parent=460470"}],"wp:term":[{"taxonomy":"category","embeddable":true,"href":"https:\/\/www.rri.ro\/de\/wp-json\/wp\/v2\/categories?post=460470"},{"taxonomy":"post_tag","embeddable":true,"href":"https:\/\/www.rri.ro\/de\/wp-json\/wp\/v2\/tags?post=460470"},{"taxonomy":"author","embeddable":true,"href":"https:\/\/www.rri.ro\/de\/wp-json\/wp\/v2\/coauthors?post=460470"}],"curies":[{"name":"wp","href":"https:\/\/api.w.org\/{rel}","templated":true}]}}