{"id":460493,"date":"2017-11-17T16:44:00","date_gmt":"2017-11-17T14:44:00","guid":{"rendered":"http:\/\/devrri.freshlemon.ro\/aktuell\/die-touristikmesse-rumaeniens-hat-ihre-tore-geoeffnet-id460493.html"},"modified":"2024-02-19T20:35:28","modified_gmt":"2024-02-19T18:35:28","slug":"die-touristikmesse-rumaeniens-hat-ihre-tore-geoeffnet","status":"publish","type":"post","link":"https:\/\/www.rri.ro\/de\/aktuell\/rri-aktuell\/die-touristikmesse-rumaeniens-hat-ihre-tore-geoeffnet-id460493.html","title":{"rendered":"Die Touristikmesse Rum\u00e4niens hat ihre Tore ge\u00f6ffnet"},"content":{"rendered":"<p>Die Touristikmesse Rum\u00e4niens, die ihre 38. Auflage erreicht hat, ist ein guter Anla\u200e\u00df, das immer noch d\u00fcrftige Image des rum\u00e4nischen Tourismus zu verbessern. Messeteilnehmer aus 12 L\u00e4ndern, darunter Verb\u00e4nde zur Tourismusf\u00f6rderung, Versicherungs-unternehmen, Fluggesellschaften und auch Landkreisr\u00e4te aus Rum\u00e4nien pr\u00e4sentieren ihre Angebote an den St\u00e4nden auf dem Messegel\u00e4nde in Bukarest. Sibiu\/Hermannstadt, das in zwei Jahren Europ\u00e4ische Gastronomie-Region wird, hat auf der Messe in Bukarest einen speziellen Stand f\u00fcr Gastronomie ge\u00f6ffnet. Bis einschlie\u200e\u00dflich Sonntag warten mehr als 200 Touroperatoren und Reiseb\u00fcros mit Sonderangeboten auf ihre Kunden.<\/p>\n<p>&#13;<br \/>\n&#13;<\/p>\n<p>&#13;<br \/>\n&#13;<\/p>\n<p>Einige Informationen und Angebote von Marius Berca, Vertreter eines Reiseb\u00fcros:<\/p>\n<p>&#13;<br \/>\n&#13;<\/p>\n<p>&#13;<br \/>\n&#13;<\/p>\n<p><em>Wer jetzt, auf der Messe, einen Ferienaufenthalt bei uns bucht, bezahlt nur 25 Euro als Anzahlung; andererseits mu\u200e\u00df man bis zum 31. Januar eine Anzahlung von 30% entrichten, und den Rest bezahlt man 21 Tage vor der Abreise. Wir haben mehrere solche First Minute Angebote f\u00fcr unsere Kunden. Die Ratenzahlung ist eine gute L\u00f6sung f\u00fcr alle. Neben den traditionellen Reisezielen interessieren sich unsere Kunden immer mehr f\u00fcr exotische Ferienorten. Wir haben noch viele Discounts und andere \u00dcberraschungen f\u00fcr die Messeg\u00e4ste vorbereitet.<\/em><\/p>\n<p>&#13;<br \/>\n&#13;<\/p>\n<p>&#13;<br \/>\n&#13;<\/p>\n<p>Rum\u00e4nien hat ein gro\u200e\u00dfz\u00fcgiges touristisches Potenzial, das aber viel zu wenig verwertet wird &#8212; das Thema kommt immer wieder in \u00f6ffentlichen Debatten vor. Der Vorsitzende des Nationalen Reiseb\u00fcroverbandes, Alin Burcea, hat es zugegeben:<\/p>\n<p>&#13;<br \/>\n&#13;<\/p>\n<p>&#13;<br \/>\n&#13;<\/p>\n<p><em>Betrachten wir die Anzahl der ausl\u00e4ndischen Touristen, die Ferien in Rum\u00e4nien verbringen, so sieht die Situation nicht sehr gut aus, auch wenn prozentm\u00e4\u200e\u00dfig jedes Jahr eine Steigerung von 10% bis 15% verzeichnet wird.\u201c<\/em><\/p>\n<p>&#13;<br \/>\n&#13;<\/p>\n<p>&#13;<br \/>\n&#13;<\/p>\n<p>Die Ferienorte an der Schwarzmeerk\u00fcste, die Skipisten in den Karpaten, das in Europa einmalige Donaudelta, die mittelalterlichen orthodoxen Kl\u00f6ster in der Bukowina, die siebenb\u00fcrgischen Kirchenburgen, die orientalischen Kultst\u00e4tten in der Dobrudscha, das Schlo\u200e\u00df Pelesch in Sinaia oder der gigantische Parlamentspalast in Bukarest sind nur einige interessante Ferienziele in Rum\u00e4nien.<\/p>\n<p>&#13;<br \/>\n&#13;<\/p>\n<p>&#13;<br \/>\n&#13;<\/p>\n<p>Ferien in Rum\u00e4nien sind immer noch g\u00fcnstig, mit interessanten Preisen f\u00fcr alle Kategorien von Touristen. Dar\u00fcber hinaus ist Rum\u00e4nien ein sicheres Land, mit einer niedrigen Kriminalit\u00e4t. Leider werden die westlichen Touristen durch die schlechte Infrastruktur mit nur einigen Hundert Kilometern Autobahn, durch die veralteten Hotels und durch die mittelm\u00e4\u200e\u00dfigen Dienstleistungen oft entmutigt, ihre Ferien in Rum\u00e4nien zu verbringen. Deshalb macht Rum\u00e4nien weniger Gewinn aus dem Tourismus als die kleineren Nachbarl\u00e4nder Ungarn und Bulgarien.<\/p>\n<p>&#13;<\/p>\n","protected":false},"excerpt":{"rendered":"<p>In Bukarest l\u00e4uft zur Zeit die 38. Auflage der Touristikmesse Rum\u00e4niens. Bis einschlie\u00dflich Sonntag pr\u00e4sentieren mehr als 200 Reiseb\u00fcros aus 12 L\u00e4ndern ihre Ferienangebote f\u00fcr das Jahr 2018.<\/p>\n","protected":false},"author":105,"featured_media":75504,"comment_status":"closed","ping_status":"closed","sticky":false,"template":"","format":"standard","meta":{"_acf_changed":false,"footnotes":""},"categories":[99583],"tags":[104128,103047,53308,99927,159235,102008,100329,101308,104127],"coauthors":[],"class_list":["post-460493","post","type-post","status-publish","format-standard","has-post-thumbnail","hentry","category-rri-aktuell","tag-angebot","tag-ferien","tag-hotel","tag-infrastruktur","tag-messe-de","tag-reise","tag-tourismus","tag-touristen","tag-touristikmesse"],"acf":[],"yoast_head":"<!-- This site is optimized with the Yoast SEO plugin v27.5 - https:\/\/yoast.com\/product\/yoast-seo-wordpress\/ -->\n<title>Die Touristikmesse Rum\u00e4niens hat ihre Tore ge\u00f6ffnet - Radio Rum\u00e4nien International<\/title>\n<meta name=\"robots\" content=\"index, follow, max-snippet:-1, max-image-preview:large, max-video-preview:-1\" \/>\n<link rel=\"canonical\" href=\"https:\/\/www.rri.ro\/de\/aktuell\/rri-aktuell\/die-touristikmesse-rumaeniens-hat-ihre-tore-geoeffnet-id460493.html\" \/>\n<meta property=\"og:locale\" content=\"de_DE\" \/>\n<meta property=\"og:type\" content=\"article\" \/>\n<meta property=\"og:title\" content=\"Die Touristikmesse Rum\u00e4niens hat ihre Tore ge\u00f6ffnet - Radio Rum\u00e4nien International\" \/>\n<meta property=\"og:description\" content=\"In Bukarest l\u00e4uft zur Zeit die 38. Auflage der Touristikmesse Rum\u00e4niens. Bis einschlie\u00dflich Sonntag pr\u00e4sentieren mehr als 200 Reiseb\u00fcros aus 12 L\u00e4ndern ihre Ferienangebote f\u00fcr das Jahr 2018.\" \/>\n<meta property=\"og:url\" content=\"https:\/\/www.rri.ro\/de\/aktuell\/rri-aktuell\/die-touristikmesse-rumaeniens-hat-ihre-tore-geoeffnet-id460493.html\" \/>\n<meta property=\"og:site_name\" content=\"Radio Rum\u00e4nien International\" \/>\n<meta property=\"article:published_time\" content=\"2017-11-17T14:44:00+00:00\" \/>\n<meta property=\"article:modified_time\" content=\"2024-02-19T18:35:28+00:00\" \/>\n<meta property=\"og:image\" content=\"https:\/\/www.rri.ro\/wp-content\/uploads\/2023\/10\/targ-turism-deschidere-nov2017.jpg\" \/>\n\t<meta property=\"og:image:width\" content=\"640\" \/>\n\t<meta property=\"og:image:height\" content=\"480\" \/>\n\t<meta property=\"og:image:type\" content=\"image\/png\" \/>\n<meta name=\"author\" content=\"Bogdan Matei\" \/>\n<meta name=\"twitter:card\" content=\"summary_large_image\" \/>\n<meta name=\"twitter:label1\" content=\"Verfasst von\" \/>\n\t<meta name=\"twitter:data1\" content=\"Bogdan Matei\" \/>\n\t<meta name=\"twitter:label2\" content=\"Gesch\u00e4tzte Lesezeit\" \/>\n\t<meta name=\"twitter:data2\" content=\"2\u00a0Minuten\" \/>\n\t<meta name=\"twitter:label3\" content=\"Written by\" \/>\n\t<meta name=\"twitter:data3\" content=\"Bogdan Matei\" \/>\n<script type=\"application\/ld+json\" class=\"yoast-schema-graph\">{\"@context\":\"https:\\\/\\\/schema.org\",\"@graph\":[{\"@type\":\"Article\",\"@id\":\"https:\\\/\\\/www.rri.ro\\\/de\\\/aktuell\\\/rri-aktuell\\\/die-touristikmesse-rumaeniens-hat-ihre-tore-geoeffnet-id460493.html#article\",\"isPartOf\":{\"@id\":\"https:\\\/\\\/www.rri.ro\\\/de\\\/aktuell\\\/rri-aktuell\\\/die-touristikmesse-rumaeniens-hat-ihre-tore-geoeffnet-id460493.html\"},\"author\":{\"name\":\"Bogdan Matei\",\"@id\":\"https:\\\/\\\/www.rri.ro\\\/#\\\/schema\\\/person\\\/0ed327d40678578e6dbb840527e3ba32\"},\"headline\":\"Die Touristikmesse Rum\u00e4niens hat ihre Tore ge\u00f6ffnet\",\"datePublished\":\"2017-11-17T14:44:00+00:00\",\"dateModified\":\"2024-02-19T18:35:28+00:00\",\"mainEntityOfPage\":{\"@id\":\"https:\\\/\\\/www.rri.ro\\\/de\\\/aktuell\\\/rri-aktuell\\\/die-touristikmesse-rumaeniens-hat-ihre-tore-geoeffnet-id460493.html\"},\"wordCount\":409,\"image\":{\"@id\":\"https:\\\/\\\/www.rri.ro\\\/de\\\/aktuell\\\/rri-aktuell\\\/die-touristikmesse-rumaeniens-hat-ihre-tore-geoeffnet-id460493.html#primaryimage\"},\"thumbnailUrl\":\"https:\\\/\\\/www.rri.ro\\\/wp-content\\\/uploads\\\/2023\\\/10\\\/targ-turism-deschidere-nov2017.jpg\",\"keywords\":[\"Angebot\",\"Ferien\",\"hotel\",\"Infrastruktur\",\"messe\",\"Reise\",\"Tourismus\",\"Touristen\",\"Touristikmesse\"],\"articleSection\":[\"RRI Aktuell\"],\"inLanguage\":\"de\"},{\"@type\":\"WebPage\",\"@id\":\"https:\\\/\\\/www.rri.ro\\\/de\\\/aktuell\\\/rri-aktuell\\\/die-touristikmesse-rumaeniens-hat-ihre-tore-geoeffnet-id460493.html\",\"url\":\"https:\\\/\\\/www.rri.ro\\\/de\\\/aktuell\\\/rri-aktuell\\\/die-touristikmesse-rumaeniens-hat-ihre-tore-geoeffnet-id460493.html\",\"name\":\"Die Touristikmesse Rum\u00e4niens hat ihre Tore ge\u00f6ffnet - Radio Rum\u00e4nien International\",\"isPartOf\":{\"@id\":\"https:\\\/\\\/www.rri.ro\\\/#website\"},\"primaryImageOfPage\":{\"@id\":\"https:\\\/\\\/www.rri.ro\\\/de\\\/aktuell\\\/rri-aktuell\\\/die-touristikmesse-rumaeniens-hat-ihre-tore-geoeffnet-id460493.html#primaryimage\"},\"image\":{\"@id\":\"https:\\\/\\\/www.rri.ro\\\/de\\\/aktuell\\\/rri-aktuell\\\/die-touristikmesse-rumaeniens-hat-ihre-tore-geoeffnet-id460493.html#primaryimage\"},\"thumbnailUrl\":\"https:\\\/\\\/www.rri.ro\\\/wp-content\\\/uploads\\\/2023\\\/10\\\/targ-turism-deschidere-nov2017.jpg\",\"datePublished\":\"2017-11-17T14:44:00+00:00\",\"dateModified\":\"2024-02-19T18:35:28+00:00\",\"author\":{\"@id\":\"https:\\\/\\\/www.rri.ro\\\/#\\\/schema\\\/person\\\/0ed327d40678578e6dbb840527e3ba32\"},\"breadcrumb\":{\"@id\":\"https:\\\/\\\/www.rri.ro\\\/de\\\/aktuell\\\/rri-aktuell\\\/die-touristikmesse-rumaeniens-hat-ihre-tore-geoeffnet-id460493.html#breadcrumb\"},\"inLanguage\":\"de\",\"potentialAction\":[{\"@type\":\"ReadAction\",\"target\":[\"https:\\\/\\\/www.rri.ro\\\/de\\\/aktuell\\\/rri-aktuell\\\/die-touristikmesse-rumaeniens-hat-ihre-tore-geoeffnet-id460493.html\"]}]},{\"@type\":\"ImageObject\",\"inLanguage\":\"de\",\"@id\":\"https:\\\/\\\/www.rri.ro\\\/de\\\/aktuell\\\/rri-aktuell\\\/die-touristikmesse-rumaeniens-hat-ihre-tore-geoeffnet-id460493.html#primaryimage\",\"url\":\"https:\\\/\\\/www.rri.ro\\\/wp-content\\\/uploads\\\/2023\\\/10\\\/targ-turism-deschidere-nov2017.jpg\",\"contentUrl\":\"https:\\\/\\\/www.rri.ro\\\/wp-content\\\/uploads\\\/2023\\\/10\\\/targ-turism-deschidere-nov2017.jpg\",\"width\":640,\"height\":480},{\"@type\":\"BreadcrumbList\",\"@id\":\"https:\\\/\\\/www.rri.ro\\\/de\\\/aktuell\\\/rri-aktuell\\\/die-touristikmesse-rumaeniens-hat-ihre-tore-geoeffnet-id460493.html#breadcrumb\",\"itemListElement\":[{\"@type\":\"ListItem\",\"position\":1,\"name\":\"Startseite\",\"item\":\"https:\\\/\\\/www.rri.ro\\\/de\"},{\"@type\":\"ListItem\",\"position\":2,\"name\":\"Aktuell\",\"item\":\"https:\\\/\\\/www.rri.ro\\\/de\\\/aktuell\"},{\"@type\":\"ListItem\",\"position\":3,\"name\":\"RRI Aktuell\",\"item\":\"https:\\\/\\\/www.rri.ro\\\/de\\\/aktuell\\\/rri-aktuell\"},{\"@type\":\"ListItem\",\"position\":4,\"name\":\"Die Touristikmesse Rum\u00e4niens hat ihre Tore ge\u00f6ffnet\"}]},{\"@type\":\"WebSite\",\"@id\":\"https:\\\/\\\/www.rri.ro\\\/#website\",\"url\":\"https:\\\/\\\/www.rri.ro\\\/\",\"name\":\"Radio Rum\u00e4nien International\",\"description\":\"Totul despre Rom\u00e2nia \u015fi rom\u00e2ni, \u00een 13 limbi\\\/dialecte!\",\"inLanguage\":\"de\"},{\"@type\":\"Person\",\"@id\":\"https:\\\/\\\/www.rri.ro\\\/#\\\/schema\\\/person\\\/0ed327d40678578e6dbb840527e3ba32\",\"name\":\"Bogdan Matei\",\"url\":\"https:\\\/\\\/www.rri.ro\\\/de\\\/author\\\/bogdan-matei\"}]}<\/script>\n<!-- \/ Yoast SEO plugin. -->","yoast_head_json":{"title":"Die Touristikmesse Rum\u00e4niens hat ihre Tore ge\u00f6ffnet - Radio Rum\u00e4nien International","robots":{"index":"index","follow":"follow","max-snippet":"max-snippet:-1","max-image-preview":"max-image-preview:large","max-video-preview":"max-video-preview:-1"},"canonical":"https:\/\/www.rri.ro\/de\/aktuell\/rri-aktuell\/die-touristikmesse-rumaeniens-hat-ihre-tore-geoeffnet-id460493.html","og_locale":"de_DE","og_type":"article","og_title":"Die Touristikmesse Rum\u00e4niens hat ihre Tore ge\u00f6ffnet - Radio Rum\u00e4nien International","og_description":"In Bukarest l\u00e4uft zur Zeit die 38. Auflage der Touristikmesse Rum\u00e4niens. Bis einschlie\u00dflich Sonntag pr\u00e4sentieren mehr als 200 Reiseb\u00fcros aus 12 L\u00e4ndern ihre Ferienangebote f\u00fcr das Jahr 2018.","og_url":"https:\/\/www.rri.ro\/de\/aktuell\/rri-aktuell\/die-touristikmesse-rumaeniens-hat-ihre-tore-geoeffnet-id460493.html","og_site_name":"Radio Rum\u00e4nien International","article_published_time":"2017-11-17T14:44:00+00:00","article_modified_time":"2024-02-19T18:35:28+00:00","og_image":[{"width":640,"height":480,"url":"https:\/\/www.rri.ro\/wp-content\/uploads\/2023\/10\/targ-turism-deschidere-nov2017.jpg","type":"image\/png"}],"author":"Bogdan Matei","twitter_card":"summary_large_image","twitter_misc":{"Verfasst von":"Bogdan Matei","Gesch\u00e4tzte Lesezeit":"2\u00a0Minuten","Written by":"Bogdan Matei"},"schema":{"@context":"https:\/\/schema.org","@graph":[{"@type":"Article","@id":"https:\/\/www.rri.ro\/de\/aktuell\/rri-aktuell\/die-touristikmesse-rumaeniens-hat-ihre-tore-geoeffnet-id460493.html#article","isPartOf":{"@id":"https:\/\/www.rri.ro\/de\/aktuell\/rri-aktuell\/die-touristikmesse-rumaeniens-hat-ihre-tore-geoeffnet-id460493.html"},"author":{"name":"Bogdan Matei","@id":"https:\/\/www.rri.ro\/#\/schema\/person\/0ed327d40678578e6dbb840527e3ba32"},"headline":"Die Touristikmesse Rum\u00e4niens hat ihre Tore ge\u00f6ffnet","datePublished":"2017-11-17T14:44:00+00:00","dateModified":"2024-02-19T18:35:28+00:00","mainEntityOfPage":{"@id":"https:\/\/www.rri.ro\/de\/aktuell\/rri-aktuell\/die-touristikmesse-rumaeniens-hat-ihre-tore-geoeffnet-id460493.html"},"wordCount":409,"image":{"@id":"https:\/\/www.rri.ro\/de\/aktuell\/rri-aktuell\/die-touristikmesse-rumaeniens-hat-ihre-tore-geoeffnet-id460493.html#primaryimage"},"thumbnailUrl":"https:\/\/www.rri.ro\/wp-content\/uploads\/2023\/10\/targ-turism-deschidere-nov2017.jpg","keywords":["Angebot","Ferien","hotel","Infrastruktur","messe","Reise","Tourismus","Touristen","Touristikmesse"],"articleSection":["RRI Aktuell"],"inLanguage":"de"},{"@type":"WebPage","@id":"https:\/\/www.rri.ro\/de\/aktuell\/rri-aktuell\/die-touristikmesse-rumaeniens-hat-ihre-tore-geoeffnet-id460493.html","url":"https:\/\/www.rri.ro\/de\/aktuell\/rri-aktuell\/die-touristikmesse-rumaeniens-hat-ihre-tore-geoeffnet-id460493.html","name":"Die Touristikmesse Rum\u00e4niens hat ihre Tore ge\u00f6ffnet - Radio Rum\u00e4nien International","isPartOf":{"@id":"https:\/\/www.rri.ro\/#website"},"primaryImageOfPage":{"@id":"https:\/\/www.rri.ro\/de\/aktuell\/rri-aktuell\/die-touristikmesse-rumaeniens-hat-ihre-tore-geoeffnet-id460493.html#primaryimage"},"image":{"@id":"https:\/\/www.rri.ro\/de\/aktuell\/rri-aktuell\/die-touristikmesse-rumaeniens-hat-ihre-tore-geoeffnet-id460493.html#primaryimage"},"thumbnailUrl":"https:\/\/www.rri.ro\/wp-content\/uploads\/2023\/10\/targ-turism-deschidere-nov2017.jpg","datePublished":"2017-11-17T14:44:00+00:00","dateModified":"2024-02-19T18:35:28+00:00","author":{"@id":"https:\/\/www.rri.ro\/#\/schema\/person\/0ed327d40678578e6dbb840527e3ba32"},"breadcrumb":{"@id":"https:\/\/www.rri.ro\/de\/aktuell\/rri-aktuell\/die-touristikmesse-rumaeniens-hat-ihre-tore-geoeffnet-id460493.html#breadcrumb"},"inLanguage":"de","potentialAction":[{"@type":"ReadAction","target":["https:\/\/www.rri.ro\/de\/aktuell\/rri-aktuell\/die-touristikmesse-rumaeniens-hat-ihre-tore-geoeffnet-id460493.html"]}]},{"@type":"ImageObject","inLanguage":"de","@id":"https:\/\/www.rri.ro\/de\/aktuell\/rri-aktuell\/die-touristikmesse-rumaeniens-hat-ihre-tore-geoeffnet-id460493.html#primaryimage","url":"https:\/\/www.rri.ro\/wp-content\/uploads\/2023\/10\/targ-turism-deschidere-nov2017.jpg","contentUrl":"https:\/\/www.rri.ro\/wp-content\/uploads\/2023\/10\/targ-turism-deschidere-nov2017.jpg","width":640,"height":480},{"@type":"BreadcrumbList","@id":"https:\/\/www.rri.ro\/de\/aktuell\/rri-aktuell\/die-touristikmesse-rumaeniens-hat-ihre-tore-geoeffnet-id460493.html#breadcrumb","itemListElement":[{"@type":"ListItem","position":1,"name":"Startseite","item":"https:\/\/www.rri.ro\/de"},{"@type":"ListItem","position":2,"name":"Aktuell","item":"https:\/\/www.rri.ro\/de\/aktuell"},{"@type":"ListItem","position":3,"name":"RRI Aktuell","item":"https:\/\/www.rri.ro\/de\/aktuell\/rri-aktuell"},{"@type":"ListItem","position":4,"name":"Die Touristikmesse Rum\u00e4niens hat ihre Tore ge\u00f6ffnet"}]},{"@type":"WebSite","@id":"https:\/\/www.rri.ro\/#website","url":"https:\/\/www.rri.ro\/","name":"Radio Rum\u00e4nien International","description":"Totul despre Rom\u00e2nia \u015fi rom\u00e2ni, \u00een 13 limbi\/dialecte!","inLanguage":"de"},{"@type":"Person","@id":"https:\/\/www.rri.ro\/#\/schema\/person\/0ed327d40678578e6dbb840527e3ba32","name":"Bogdan Matei","url":"https:\/\/www.rri.ro\/de\/author\/bogdan-matei"}]}},"_links":{"self":[{"href":"https:\/\/www.rri.ro\/de\/wp-json\/wp\/v2\/posts\/460493","targetHints":{"allow":["GET"]}}],"collection":[{"href":"https:\/\/www.rri.ro\/de\/wp-json\/wp\/v2\/posts"}],"about":[{"href":"https:\/\/www.rri.ro\/de\/wp-json\/wp\/v2\/types\/post"}],"author":[{"embeddable":true,"href":"https:\/\/www.rri.ro\/de\/wp-json\/wp\/v2\/users\/105"}],"replies":[{"embeddable":true,"href":"https:\/\/www.rri.ro\/de\/wp-json\/wp\/v2\/comments?post=460493"}],"version-history":[{"count":0,"href":"https:\/\/www.rri.ro\/de\/wp-json\/wp\/v2\/posts\/460493\/revisions"}],"wp:featuredmedia":[{"embeddable":true,"href":"https:\/\/www.rri.ro\/de\/wp-json\/wp\/v2\/media\/75504"}],"wp:attachment":[{"href":"https:\/\/www.rri.ro\/de\/wp-json\/wp\/v2\/media?parent=460493"}],"wp:term":[{"taxonomy":"category","embeddable":true,"href":"https:\/\/www.rri.ro\/de\/wp-json\/wp\/v2\/categories?post=460493"},{"taxonomy":"post_tag","embeddable":true,"href":"https:\/\/www.rri.ro\/de\/wp-json\/wp\/v2\/tags?post=460493"},{"taxonomy":"author","embeddable":true,"href":"https:\/\/www.rri.ro\/de\/wp-json\/wp\/v2\/coauthors?post=460493"}],"curies":[{"name":"wp","href":"https:\/\/api.w.org\/{rel}","templated":true}]}}