{"id":460533,"date":"2017-12-15T17:00:00","date_gmt":"2017-12-15T15:00:00","guid":{"rendered":"http:\/\/devrri.freshlemon.ro\/aktuell\/eu-schliesst-sich-zusammen-fuer-die-verteidigung-id460533.html"},"modified":"2024-02-19T20:35:55","modified_gmt":"2024-02-19T18:35:55","slug":"eu-schliesst-sich-zusammen-fuer-die-verteidigung","status":"publish","type":"post","link":"https:\/\/www.rri.ro\/de\/aktuell\/rri-aktuell\/eu-schliesst-sich-zusammen-fuer-die-verteidigung-id460533.html","title":{"rendered":"EU schlie\u00dft sich zusammen f\u00fcr die Verteidigung"},"content":{"rendered":"<p>Die Staatsoberh\u00e4upte der EU-L\u00e4nder, die in Br\u00fcssel zusammengekommen sind, haben am Donnerstag den Plan zur St\u00e4ndigen Strukturierten Zusammenarbeit (PESCO) offiziell genehmigt. Es handelt sich dabei um ein Vorhaben zur Intensivierung der milit\u00e4rischen Zusammenarbeit. An dem Vorhaben werden sich 25 der EU-L\u00e4nder, mit Ausnahme D\u00e4nemarks, Maltas und nat\u00fcrlich Gro\u200e\u00dfbritanniens, die den Gemeinschaftsblock im M\u00e4rz 2019 verlassen wird, beteiligen. Das Ziel von PESCO ist die Integration der milit\u00e4rischen Kommandos, der Einheiten der Milit\u00e4rindustrie und der operativen Strukturen der 25 Staaten.<\/p>\n<p>&#13;<br \/>\n&#13;<\/p>\n<p>&#13;<br \/>\n&#13;<\/p>\n<p>In Br\u00fcssel anwesend, betonte Pr\u00e4sident Klaus Iohannis das Engagement Rum\u00e4niens, an der Operationalisierung dieses Werkzeugs beizutragen. Laut dem Staatschef, m\u00fcsste dessen Umsetzung zu einer effizienteren Entwicklung der milit\u00e4rischen Kapazit\u00e4ten, einschlie\u200e\u00dflich indem man eine NATO-\u00dcberlappung vermeidet, sowie zur Koh\u00e4sionssteigerung zwischen den EU-Staaten beitragen.<\/p>\n<p>&#13;<br \/>\n&#13;<\/p>\n<p>&#13;<br \/>\n&#13;<\/p>\n<p>Es ist ein historischer Tag\u201c f\u00fcr die Wiederankurbelung der europ\u00e4ischen Verteidigung, erkl\u00e4rte EU-Ratspr\u00e4sident Donald Tusk. Heute rufen wir PESCO ins Leben &#8212; ein praktischer Ausdruck unseres Willens eine europ\u00e4ische Verteidigung aufzubauen\u201c, sagte Tusk noch. Er betonte auch, dass es einge gute Nachricht f\u00fcr die EU-Allierten und eine schlechte f\u00fcr deren Feinde ist.<\/p>\n<p>&#13;<br \/>\n&#13;<\/p>\n<p>&#13;<br \/>\n&#13;<\/p>\n<p>Ich denke, dass dieses gut f\u00fcr die EU, gut f\u00fcr Europa und gut f\u00fcr die Nato sein wird\u201c, erkl\u00e4rte seinerseits der Generalsekret\u00e4r der Allianz Jens Stoltenberg, der als eingeladener Gast an dem Gipfel der Staats- und Regierungschefs teilgenommen hat. Er pr\u00e4zisierte, dass PESCO viele Kapazit\u00e4ten bieten wird, mehr Verteidigungsausgaben und eine bessere Aufgabenverteilung herbeif\u00fchren wird.\u201c<\/p>\n<p>&#13;<br \/>\n&#13;<\/p>\n<p>&#13;<br \/>\n&#13;<\/p>\n<p>Auch die europ\u00e4ische Chediplomatin Federica Mogherini begr\u00fcsste diese historische Entscheidung\u201c, die aus der EU einen vertrauensw\u00fcrdigen Sicherheitslieferanten der Welt\u201c macht. Sie erinnerte, dass die Union, die sich lange Zeit mit der Soft Power\u201c-Rolle ohne milit\u00e4rische Bedeutung zufrieden gegeben hat, ihre Anstrengungen zur St\u00e4rkung ihrer Verteidigung nach dem Ausbruch der ukrainischen Krise, im Fr\u00fchling 2014, vermehrt hat.<\/p>\n<p>&#13;<br \/>\n&#13;<\/p>\n<p>&#13;<br \/>\n&#13;<\/p>\n<p>Der Europ\u00e4ische Rat hat die Mitgliedsstaaten eingeladen, ihren nationalen Verpflichtungen hinsichtlich der Umsetzung der PESCO nachzugehen. Gleichzeitig verlangt man von diesen die Fortsetzung der Arbeiten an der Aufstellung des Verteidigungsfonds. Dieser Fonds soll nach 2020 mit 1,5 Milliarden Euro f\u00fcr die F\u00f6rderung der Forschungs- und Entwicklungsprojekte der Industrie und f\u00fcr die Unterst\u00fctzung der europ\u00e4ischen KMU im Verteidigungsbereich versorgt werden. Der besagte Fonds m\u00fcsste 2018 ins Leben gerufen werden.<\/p>\n<p>&#13;<br \/>\n&#13;<\/p>\n<p>&#13;<br \/>\n&#13;<\/p>\n<p>Die EU wird die Nutzung der taktischen Gruppen\u201c vermitteln. Diese sind Bataillons die in Krisensituationen eingreifen sollen. Sie wurden seit \u00fcber einem Jahrzehnt vor dem Hintergrund eines sehr schwierigen politischen und verwaltungstechnischen Etnscheidungsverfahrens nicht mehr ausgerollt. Laut EuObserver werden im Rahmen von PESCO 17 Projekte milit\u00e4rischer Zusammenarbeit durch eine urspr\u00fcngliche Finanzierung von f\u00fcnf Milliarden Euro umgesetzt werden.<\/p>\n<p>&#13;<\/p>\n","protected":false},"excerpt":{"rendered":"<p>Die Staatsoberh\u00e4upte der EU-L\u00e4nder haben in Br\u00fcssel den Plan zur St\u00e4ndigen Strukturierten Zusammenarbeit (PESCO) offiziell genehmigt. Es handelt sich dabei um ein Vorhaben zur Intensivierung der milit\u00e4rischen Zusammenarbeit.<\/p>\n","protected":false},"author":2,"featured_media":75803,"comment_status":"closed","ping_status":"closed","sticky":false,"template":"","format":"standard","meta":{"_acf_changed":false,"footnotes":""},"categories":[99583],"tags":[104166,104165,32680],"coauthors":[],"class_list":["post-460533","post","type-post","status-publish","format-standard","has-post-thumbnail","hentry","category-rri-aktuell","tag-eu-verteidigung","tag-militaerische-zusammenarbeit","tag-pesco"],"acf":[],"yoast_head":"<!-- This site is optimized with the Yoast SEO plugin v27.3 - https:\/\/yoast.com\/product\/yoast-seo-wordpress\/ -->\n<title>EU schlie\u00dft sich zusammen f\u00fcr die Verteidigung - Radio Rum\u00e4nien International<\/title>\n<meta name=\"robots\" content=\"index, follow, max-snippet:-1, max-image-preview:large, max-video-preview:-1\" \/>\n<link rel=\"canonical\" href=\"https:\/\/www.rri.ro\/de\/aktuell\/rri-aktuell\/eu-schliesst-sich-zusammen-fuer-die-verteidigung-id460533.html\" \/>\n<meta property=\"og:locale\" content=\"de_DE\" \/>\n<meta property=\"og:type\" content=\"article\" \/>\n<meta property=\"og:title\" content=\"EU schlie\u00dft sich zusammen f\u00fcr die Verteidigung - Radio Rum\u00e4nien International\" \/>\n<meta property=\"og:description\" content=\"Die Staatsoberh\u00e4upte der EU-L\u00e4nder haben in Br\u00fcssel den Plan zur St\u00e4ndigen Strukturierten Zusammenarbeit (PESCO) offiziell genehmigt. Es handelt sich dabei um ein Vorhaben zur Intensivierung der milit\u00e4rischen Zusammenarbeit.\" \/>\n<meta property=\"og:url\" content=\"https:\/\/www.rri.ro\/de\/aktuell\/rri-aktuell\/eu-schliesst-sich-zusammen-fuer-die-verteidigung-id460533.html\" \/>\n<meta property=\"og:site_name\" content=\"Radio Rum\u00e4nien International\" \/>\n<meta property=\"article:published_time\" content=\"2017-12-15T15:00:00+00:00\" \/>\n<meta property=\"article:modified_time\" content=\"2024-02-19T18:35:55+00:00\" \/>\n<meta property=\"og:image\" content=\"https:\/\/www.rri.ro\/wp-content\/uploads\/2023\/10\/iohannis-consiliu-bruxelles-dec2017.jpg\" \/>\n\t<meta property=\"og:image:width\" content=\"640\" \/>\n\t<meta property=\"og:image:height\" content=\"406\" \/>\n\t<meta property=\"og:image:type\" content=\"image\/jpeg\" \/>\n<meta name=\"author\" content=\"Rom\u00e2nia Interna\u021bional\" \/>\n<meta name=\"twitter:card\" content=\"summary_large_image\" \/>\n<meta name=\"twitter:label1\" content=\"Verfasst von\" \/>\n\t<meta name=\"twitter:data1\" content=\"Rom\u00e2nia Interna\u021bional\" \/>\n\t<meta name=\"twitter:label2\" content=\"Gesch\u00e4tzte Lesezeit\" \/>\n\t<meta name=\"twitter:data2\" content=\"2\u00a0Minuten\" \/>\n\t<meta name=\"twitter:label3\" content=\"Written by\" \/>\n\t<meta name=\"twitter:data3\" content=\"Rom\u00e2nia Interna\u021bional\" \/>\n<script type=\"application\/ld+json\" class=\"yoast-schema-graph\">{\"@context\":\"https:\\\/\\\/schema.org\",\"@graph\":[{\"@type\":\"Article\",\"@id\":\"https:\\\/\\\/www.rri.ro\\\/de\\\/aktuell\\\/rri-aktuell\\\/eu-schliesst-sich-zusammen-fuer-die-verteidigung-id460533.html#article\",\"isPartOf\":{\"@id\":\"https:\\\/\\\/www.rri.ro\\\/de\\\/aktuell\\\/rri-aktuell\\\/eu-schliesst-sich-zusammen-fuer-die-verteidigung-id460533.html\"},\"author\":{\"name\":\"Rom\u00e2nia Interna\u021bional\",\"@id\":\"https:\\\/\\\/www.rri.ro\\\/#\\\/schema\\\/person\\\/18fac491bccbfe149b92aea77ad60abd\"},\"headline\":\"EU schlie\u00dft sich zusammen f\u00fcr die Verteidigung\",\"datePublished\":\"2017-12-15T15:00:00+00:00\",\"dateModified\":\"2024-02-19T18:35:55+00:00\",\"mainEntityOfPage\":{\"@id\":\"https:\\\/\\\/www.rri.ro\\\/de\\\/aktuell\\\/rri-aktuell\\\/eu-schliesst-sich-zusammen-fuer-die-verteidigung-id460533.html\"},\"wordCount\":462,\"image\":{\"@id\":\"https:\\\/\\\/www.rri.ro\\\/de\\\/aktuell\\\/rri-aktuell\\\/eu-schliesst-sich-zusammen-fuer-die-verteidigung-id460533.html#primaryimage\"},\"thumbnailUrl\":\"https:\\\/\\\/www.rri.ro\\\/wp-content\\\/uploads\\\/2023\\\/10\\\/iohannis-consiliu-bruxelles-dec2017.jpg\",\"keywords\":[\"EU-Verteidigung\",\"milit\u00e4rische Zusammenarbeit\",\"pesco\"],\"articleSection\":[\"RRI Aktuell\"],\"inLanguage\":\"de\"},{\"@type\":\"WebPage\",\"@id\":\"https:\\\/\\\/www.rri.ro\\\/de\\\/aktuell\\\/rri-aktuell\\\/eu-schliesst-sich-zusammen-fuer-die-verteidigung-id460533.html\",\"url\":\"https:\\\/\\\/www.rri.ro\\\/de\\\/aktuell\\\/rri-aktuell\\\/eu-schliesst-sich-zusammen-fuer-die-verteidigung-id460533.html\",\"name\":\"EU schlie\u00dft sich zusammen f\u00fcr die Verteidigung - Radio Rum\u00e4nien International\",\"isPartOf\":{\"@id\":\"https:\\\/\\\/www.rri.ro\\\/#website\"},\"primaryImageOfPage\":{\"@id\":\"https:\\\/\\\/www.rri.ro\\\/de\\\/aktuell\\\/rri-aktuell\\\/eu-schliesst-sich-zusammen-fuer-die-verteidigung-id460533.html#primaryimage\"},\"image\":{\"@id\":\"https:\\\/\\\/www.rri.ro\\\/de\\\/aktuell\\\/rri-aktuell\\\/eu-schliesst-sich-zusammen-fuer-die-verteidigung-id460533.html#primaryimage\"},\"thumbnailUrl\":\"https:\\\/\\\/www.rri.ro\\\/wp-content\\\/uploads\\\/2023\\\/10\\\/iohannis-consiliu-bruxelles-dec2017.jpg\",\"datePublished\":\"2017-12-15T15:00:00+00:00\",\"dateModified\":\"2024-02-19T18:35:55+00:00\",\"author\":{\"@id\":\"https:\\\/\\\/www.rri.ro\\\/#\\\/schema\\\/person\\\/18fac491bccbfe149b92aea77ad60abd\"},\"breadcrumb\":{\"@id\":\"https:\\\/\\\/www.rri.ro\\\/de\\\/aktuell\\\/rri-aktuell\\\/eu-schliesst-sich-zusammen-fuer-die-verteidigung-id460533.html#breadcrumb\"},\"inLanguage\":\"de\",\"potentialAction\":[{\"@type\":\"ReadAction\",\"target\":[\"https:\\\/\\\/www.rri.ro\\\/de\\\/aktuell\\\/rri-aktuell\\\/eu-schliesst-sich-zusammen-fuer-die-verteidigung-id460533.html\"]}]},{\"@type\":\"ImageObject\",\"inLanguage\":\"de\",\"@id\":\"https:\\\/\\\/www.rri.ro\\\/de\\\/aktuell\\\/rri-aktuell\\\/eu-schliesst-sich-zusammen-fuer-die-verteidigung-id460533.html#primaryimage\",\"url\":\"https:\\\/\\\/www.rri.ro\\\/wp-content\\\/uploads\\\/2023\\\/10\\\/iohannis-consiliu-bruxelles-dec2017.jpg\",\"contentUrl\":\"https:\\\/\\\/www.rri.ro\\\/wp-content\\\/uploads\\\/2023\\\/10\\\/iohannis-consiliu-bruxelles-dec2017.jpg\",\"width\":640,\"height\":406},{\"@type\":\"BreadcrumbList\",\"@id\":\"https:\\\/\\\/www.rri.ro\\\/de\\\/aktuell\\\/rri-aktuell\\\/eu-schliesst-sich-zusammen-fuer-die-verteidigung-id460533.html#breadcrumb\",\"itemListElement\":[{\"@type\":\"ListItem\",\"position\":1,\"name\":\"Startseite\",\"item\":\"https:\\\/\\\/www.rri.ro\\\/de\"},{\"@type\":\"ListItem\",\"position\":2,\"name\":\"Aktuell\",\"item\":\"https:\\\/\\\/www.rri.ro\\\/de\\\/aktuell\"},{\"@type\":\"ListItem\",\"position\":3,\"name\":\"RRI Aktuell\",\"item\":\"https:\\\/\\\/www.rri.ro\\\/de\\\/aktuell\\\/rri-aktuell\"},{\"@type\":\"ListItem\",\"position\":4,\"name\":\"EU schlie\u00dft sich zusammen f\u00fcr die Verteidigung\"}]},{\"@type\":\"WebSite\",\"@id\":\"https:\\\/\\\/www.rri.ro\\\/#website\",\"url\":\"https:\\\/\\\/www.rri.ro\\\/\",\"name\":\"Radio Rum\u00e4nien International\",\"description\":\"Totul despre Rom\u00e2nia \u015fi rom\u00e2ni, \u00een 13 limbi\\\/dialecte!\",\"inLanguage\":\"de\"},{\"@type\":\"Person\",\"@id\":\"https:\\\/\\\/www.rri.ro\\\/#\\\/schema\\\/person\\\/18fac491bccbfe149b92aea77ad60abd\",\"name\":\"Rom\u00e2nia Interna\u021bional\",\"url\":\"https:\\\/\\\/www.rri.ro\\\/de\\\/author\\\/redactia\"}]}<\/script>\n<!-- \/ Yoast SEO plugin. -->","yoast_head_json":{"title":"EU schlie\u00dft sich zusammen f\u00fcr die Verteidigung - Radio Rum\u00e4nien International","robots":{"index":"index","follow":"follow","max-snippet":"max-snippet:-1","max-image-preview":"max-image-preview:large","max-video-preview":"max-video-preview:-1"},"canonical":"https:\/\/www.rri.ro\/de\/aktuell\/rri-aktuell\/eu-schliesst-sich-zusammen-fuer-die-verteidigung-id460533.html","og_locale":"de_DE","og_type":"article","og_title":"EU schlie\u00dft sich zusammen f\u00fcr die Verteidigung - Radio Rum\u00e4nien International","og_description":"Die Staatsoberh\u00e4upte der EU-L\u00e4nder haben in Br\u00fcssel den Plan zur St\u00e4ndigen Strukturierten Zusammenarbeit (PESCO) offiziell genehmigt. Es handelt sich dabei um ein Vorhaben zur Intensivierung der milit\u00e4rischen Zusammenarbeit.","og_url":"https:\/\/www.rri.ro\/de\/aktuell\/rri-aktuell\/eu-schliesst-sich-zusammen-fuer-die-verteidigung-id460533.html","og_site_name":"Radio Rum\u00e4nien International","article_published_time":"2017-12-15T15:00:00+00:00","article_modified_time":"2024-02-19T18:35:55+00:00","og_image":[{"width":640,"height":406,"url":"https:\/\/www.rri.ro\/wp-content\/uploads\/2023\/10\/iohannis-consiliu-bruxelles-dec2017.jpg","type":"image\/jpeg"}],"author":"Rom\u00e2nia Interna\u021bional","twitter_card":"summary_large_image","twitter_misc":{"Verfasst von":"Rom\u00e2nia Interna\u021bional","Gesch\u00e4tzte Lesezeit":"2\u00a0Minuten","Written by":"Rom\u00e2nia Interna\u021bional"},"schema":{"@context":"https:\/\/schema.org","@graph":[{"@type":"Article","@id":"https:\/\/www.rri.ro\/de\/aktuell\/rri-aktuell\/eu-schliesst-sich-zusammen-fuer-die-verteidigung-id460533.html#article","isPartOf":{"@id":"https:\/\/www.rri.ro\/de\/aktuell\/rri-aktuell\/eu-schliesst-sich-zusammen-fuer-die-verteidigung-id460533.html"},"author":{"name":"Rom\u00e2nia Interna\u021bional","@id":"https:\/\/www.rri.ro\/#\/schema\/person\/18fac491bccbfe149b92aea77ad60abd"},"headline":"EU schlie\u00dft sich zusammen f\u00fcr die Verteidigung","datePublished":"2017-12-15T15:00:00+00:00","dateModified":"2024-02-19T18:35:55+00:00","mainEntityOfPage":{"@id":"https:\/\/www.rri.ro\/de\/aktuell\/rri-aktuell\/eu-schliesst-sich-zusammen-fuer-die-verteidigung-id460533.html"},"wordCount":462,"image":{"@id":"https:\/\/www.rri.ro\/de\/aktuell\/rri-aktuell\/eu-schliesst-sich-zusammen-fuer-die-verteidigung-id460533.html#primaryimage"},"thumbnailUrl":"https:\/\/www.rri.ro\/wp-content\/uploads\/2023\/10\/iohannis-consiliu-bruxelles-dec2017.jpg","keywords":["EU-Verteidigung","milit\u00e4rische Zusammenarbeit","pesco"],"articleSection":["RRI Aktuell"],"inLanguage":"de"},{"@type":"WebPage","@id":"https:\/\/www.rri.ro\/de\/aktuell\/rri-aktuell\/eu-schliesst-sich-zusammen-fuer-die-verteidigung-id460533.html","url":"https:\/\/www.rri.ro\/de\/aktuell\/rri-aktuell\/eu-schliesst-sich-zusammen-fuer-die-verteidigung-id460533.html","name":"EU schlie\u00dft sich zusammen f\u00fcr die Verteidigung - Radio Rum\u00e4nien International","isPartOf":{"@id":"https:\/\/www.rri.ro\/#website"},"primaryImageOfPage":{"@id":"https:\/\/www.rri.ro\/de\/aktuell\/rri-aktuell\/eu-schliesst-sich-zusammen-fuer-die-verteidigung-id460533.html#primaryimage"},"image":{"@id":"https:\/\/www.rri.ro\/de\/aktuell\/rri-aktuell\/eu-schliesst-sich-zusammen-fuer-die-verteidigung-id460533.html#primaryimage"},"thumbnailUrl":"https:\/\/www.rri.ro\/wp-content\/uploads\/2023\/10\/iohannis-consiliu-bruxelles-dec2017.jpg","datePublished":"2017-12-15T15:00:00+00:00","dateModified":"2024-02-19T18:35:55+00:00","author":{"@id":"https:\/\/www.rri.ro\/#\/schema\/person\/18fac491bccbfe149b92aea77ad60abd"},"breadcrumb":{"@id":"https:\/\/www.rri.ro\/de\/aktuell\/rri-aktuell\/eu-schliesst-sich-zusammen-fuer-die-verteidigung-id460533.html#breadcrumb"},"inLanguage":"de","potentialAction":[{"@type":"ReadAction","target":["https:\/\/www.rri.ro\/de\/aktuell\/rri-aktuell\/eu-schliesst-sich-zusammen-fuer-die-verteidigung-id460533.html"]}]},{"@type":"ImageObject","inLanguage":"de","@id":"https:\/\/www.rri.ro\/de\/aktuell\/rri-aktuell\/eu-schliesst-sich-zusammen-fuer-die-verteidigung-id460533.html#primaryimage","url":"https:\/\/www.rri.ro\/wp-content\/uploads\/2023\/10\/iohannis-consiliu-bruxelles-dec2017.jpg","contentUrl":"https:\/\/www.rri.ro\/wp-content\/uploads\/2023\/10\/iohannis-consiliu-bruxelles-dec2017.jpg","width":640,"height":406},{"@type":"BreadcrumbList","@id":"https:\/\/www.rri.ro\/de\/aktuell\/rri-aktuell\/eu-schliesst-sich-zusammen-fuer-die-verteidigung-id460533.html#breadcrumb","itemListElement":[{"@type":"ListItem","position":1,"name":"Startseite","item":"https:\/\/www.rri.ro\/de"},{"@type":"ListItem","position":2,"name":"Aktuell","item":"https:\/\/www.rri.ro\/de\/aktuell"},{"@type":"ListItem","position":3,"name":"RRI Aktuell","item":"https:\/\/www.rri.ro\/de\/aktuell\/rri-aktuell"},{"@type":"ListItem","position":4,"name":"EU schlie\u00dft sich zusammen f\u00fcr die Verteidigung"}]},{"@type":"WebSite","@id":"https:\/\/www.rri.ro\/#website","url":"https:\/\/www.rri.ro\/","name":"Radio Rum\u00e4nien International","description":"Totul despre Rom\u00e2nia \u015fi rom\u00e2ni, \u00een 13 limbi\/dialecte!","inLanguage":"de"},{"@type":"Person","@id":"https:\/\/www.rri.ro\/#\/schema\/person\/18fac491bccbfe149b92aea77ad60abd","name":"Rom\u00e2nia Interna\u021bional","url":"https:\/\/www.rri.ro\/de\/author\/redactia"}]}},"_links":{"self":[{"href":"https:\/\/www.rri.ro\/de\/wp-json\/wp\/v2\/posts\/460533","targetHints":{"allow":["GET"]}}],"collection":[{"href":"https:\/\/www.rri.ro\/de\/wp-json\/wp\/v2\/posts"}],"about":[{"href":"https:\/\/www.rri.ro\/de\/wp-json\/wp\/v2\/types\/post"}],"author":[{"embeddable":true,"href":"https:\/\/www.rri.ro\/de\/wp-json\/wp\/v2\/users\/2"}],"replies":[{"embeddable":true,"href":"https:\/\/www.rri.ro\/de\/wp-json\/wp\/v2\/comments?post=460533"}],"version-history":[{"count":0,"href":"https:\/\/www.rri.ro\/de\/wp-json\/wp\/v2\/posts\/460533\/revisions"}],"wp:featuredmedia":[{"embeddable":true,"href":"https:\/\/www.rri.ro\/de\/wp-json\/wp\/v2\/media\/75803"}],"wp:attachment":[{"href":"https:\/\/www.rri.ro\/de\/wp-json\/wp\/v2\/media?parent=460533"}],"wp:term":[{"taxonomy":"category","embeddable":true,"href":"https:\/\/www.rri.ro\/de\/wp-json\/wp\/v2\/categories?post=460533"},{"taxonomy":"post_tag","embeddable":true,"href":"https:\/\/www.rri.ro\/de\/wp-json\/wp\/v2\/tags?post=460533"},{"taxonomy":"author","embeddable":true,"href":"https:\/\/www.rri.ro\/de\/wp-json\/wp\/v2\/coauthors?post=460533"}],"curies":[{"name":"wp","href":"https:\/\/api.w.org\/{rel}","templated":true}]}}