{"id":460558,"date":"2018-01-22T17:03:00","date_gmt":"2018-01-22T15:03:00","guid":{"rendered":"http:\/\/devrri.freshlemon.ro\/aktuell\/europa-nach-dem-brexit-id460558.html"},"modified":"2024-02-19T20:36:16","modified_gmt":"2024-02-19T18:36:16","slug":"europa-nach-dem-brexit","status":"publish","type":"post","link":"https:\/\/www.rri.ro\/de\/aktuell\/rri-aktuell\/europa-nach-dem-brexit-id460558.html","title":{"rendered":"Europa nach dem Brexit"},"content":{"rendered":"<p>Ein vereintes, friedliches und bl\u00fchendes Europa ist das Ideal der Sch\u00f6pfer  der Europ\u00e4ischen Union. Die Wirtschaftskrise am Ende des vergangenen Jahrzehntes, die wirtschaftlichen Unterschiede zwischen den Mitgliedsstaaten, die Fl\u00fcchtlingskrise, das Problem der Sicherheit trugen stufenweise zu einem immer steigenden Euroskeptizismus.   Wohin will die EU? In welche Richtung bewegt sie sich? Das sind Fragen, worauf die Beschl\u00fcsse der EU-Spitzen eine Antwort geben soll. <\/p>\n<p>&#13;<br \/>\n&#13;<\/p>\n<p>&#13;<br \/>\n&#13;<\/p>\n<p>In der letzten Zeitspanne wurde die Koh\u00e4sion der EU in Frage gestellt, nachdem die Briten sich 2016 f\u00fcr den Austritt aus der Union \u00e4u\u00dferten, was vor Jahren unvorstellbar war. Das kann ein Pr\u00e4zendenzfall und ein Beispiel f\u00fcr andere, die unzufrieden sind, sein. Das Unterhaus des britischen Parlaments hat vergangene Woche mit 324 zu 295 Stimmen ein wichtiges Brexit-Gesetz verabschiedet.  Der angenommene Entwurf beendet den Vorrang von EU-Recht vor nationalem und ist f\u00fcr das Ausscheiden aus der EU grundlegend. Noch muss das Oberhaus zustimmen. Das Austritts-Gesetz bereitet das Land f\u00fcr ein historisches Moment vor, sagte  Brexit-Minister David Davis. Das Austrittsdatum ist der 29. M\u00e4rz 2019. &#8218;Wir verlassen die Europ\u00e4ische Union und nicht Europa&#8216;, hatte die britische Premierministerin Theresa May in einem Interview f\u00fcr Bild, das am Samstag ver\u00f6ffentlicht wurde, erkl\u00e4rt.  Sie behauptete, die Uberlegung hinsichtlich des Brexits sei keine Option und lehnte ein Angebot der EU-Spitze, dass das Vereinigte K\u00f6nigreich in der Union bleiben soll, ab.  Theresa May erkl\u00e4rte, Gro\u00dfbritannien behalte seine Engagements hinsichtlich der Verteidigung und Sicherheit Europas. London wolle seine Beziehungen  mit Br\u00fcssel nicht  abbrechen.<\/p>\n<p>&#13;<br \/>\n&#13;<\/p>\n<p>&#13;<br \/>\n&#13;<\/p>\n<p> <span style=font-size: 1em;>Der franz\u00f6sische Staatschef Emmanuel Macron sagte in einem Gespr\u00e4ch f\u00fcr BBC, nach dem Brexit k\u00f6nnte ein Sonderabkommen zwischen Gro\u00dfbritannien und Frankreich unterzeichnet werden.  Er f\u00fcgte hinzu, dieser Sonderweg m\u00fcsse mit der Beibehaltung des Binnenmarktes der EU und den kollektiven Interessen kompatibel sein.<\/span><\/p>\n<p>&#13;<br \/>\n&#13;<\/p>\n<p>&#13;<br \/>\n&#13;<\/p>\n<p> <span style=font-size: 1em;>Die deutsche Bundeskanzlerin Angela Merkel und der franz\u00f6sische Staatspr\u00e4sident   Emmanuel Macron bereiten sich ebenfalls f\u00fcr die post Brexit Periode vor und haben am Sonntag erneut ihren Beschluss hevorgehoben, die Zusammenarbeit zwischen Paris und Berlin zu vertiefen. Emmanuel Macron hatte vergangene Woche  erkl\u00e4rt, Frankreich brauche Deutschland, um Europa zu reformieren. Ihrerseits hatte  Angela Merkel in Paris gesagt, die Stabilit\u00e4t der Regierung sei f\u00fcr die europ\u00e4ische Konstruktion  wesentlich. Infolge der Abstimmung von Sonntag haben die deutschen Sozialisten beschlossen, Verhandlungen f\u00fcr die Fortsetzung der Gro\u00dfen Koalition neben den Konservativen zu starten.  <\/span><\/p>\n<p>&#13;<\/p>\n","protected":false},"excerpt":{"rendered":"<p>Wohin will die Europ\u00e4ische Union nach dem Austritt Gro\u00dfbritaniens, das ist die Frage, auf die man noch keine klare Antwort hat.<\/p>\n","protected":false},"author":46,"featured_media":76167,"comment_status":"closed","ping_status":"closed","sticky":false,"template":"","format":"standard","meta":{"_acf_changed":false,"footnotes":""},"categories":[99583],"tags":[29073,158421,100506,14005,49763,99686,147260,158459,99633,99644,144362,104204,101708],"coauthors":[],"class_list":["post-460558","post","type-post","status-publish","format-standard","has-post-thumbnail","hentry","category-rri-aktuell","tag-angela-merkel","tag-berlin-de","tag-binnenmarkt","tag-brexit","tag-david-davis","tag-deutschland","tag-emmanuel-macron-de","tag-europa-de","tag-frankreich","tag-grossbritannien","tag-paris-de","tag-wirtschftskrise","tag-zusammenarbeit"],"acf":[],"yoast_head":"<!-- This site is optimized with the Yoast SEO plugin v27.5 - https:\/\/yoast.com\/product\/yoast-seo-wordpress\/ -->\n<title>Europa nach dem Brexit - Radio Rum\u00e4nien International<\/title>\n<meta name=\"robots\" content=\"index, follow, max-snippet:-1, max-image-preview:large, max-video-preview:-1\" \/>\n<link rel=\"canonical\" href=\"https:\/\/www.rri.ro\/de\/aktuell\/rri-aktuell\/europa-nach-dem-brexit-id460558.html\" \/>\n<meta property=\"og:locale\" content=\"de_DE\" \/>\n<meta property=\"og:type\" content=\"article\" \/>\n<meta property=\"og:title\" content=\"Europa nach dem Brexit - Radio Rum\u00e4nien International\" \/>\n<meta property=\"og:description\" content=\"Wohin will die Europ\u00e4ische Union nach dem Austritt Gro\u00dfbritaniens, das ist die Frage, auf die man noch keine klare Antwort hat.\" \/>\n<meta property=\"og:url\" content=\"https:\/\/www.rri.ro\/de\/aktuell\/rri-aktuell\/europa-nach-dem-brexit-id460558.html\" \/>\n<meta property=\"og:site_name\" content=\"Radio Rum\u00e4nien International\" \/>\n<meta property=\"article:published_time\" content=\"2018-01-22T15:03:00+00:00\" \/>\n<meta property=\"article:modified_time\" content=\"2024-02-19T18:36:16+00:00\" \/>\n<meta property=\"og:image\" content=\"https:\/\/www.rri.ro\/wp-content\/uploads\/2023\/10\/theresa-may-juncker.jpg\" \/>\n\t<meta property=\"og:image:width\" content=\"640\" \/>\n\t<meta property=\"og:image:height\" content=\"426\" \/>\n\t<meta property=\"og:image:type\" content=\"image\/jpeg\" \/>\n<meta name=\"author\" content=\"Leyla Cheamil\" \/>\n<meta name=\"twitter:card\" content=\"summary_large_image\" \/>\n<meta name=\"twitter:label1\" content=\"Verfasst von\" \/>\n\t<meta name=\"twitter:data1\" content=\"Leyla Cheamil\" \/>\n\t<meta name=\"twitter:label2\" content=\"Gesch\u00e4tzte Lesezeit\" \/>\n\t<meta name=\"twitter:data2\" content=\"2\u00a0Minuten\" \/>\n\t<meta name=\"twitter:label3\" content=\"Written by\" \/>\n\t<meta name=\"twitter:data3\" content=\"Leyla Cheamil\" \/>\n<script type=\"application\/ld+json\" class=\"yoast-schema-graph\">{\"@context\":\"https:\\\/\\\/schema.org\",\"@graph\":[{\"@type\":\"Article\",\"@id\":\"https:\\\/\\\/www.rri.ro\\\/de\\\/aktuell\\\/rri-aktuell\\\/europa-nach-dem-brexit-id460558.html#article\",\"isPartOf\":{\"@id\":\"https:\\\/\\\/www.rri.ro\\\/de\\\/aktuell\\\/rri-aktuell\\\/europa-nach-dem-brexit-id460558.html\"},\"author\":{\"name\":\"Leyla Cheamil\",\"@id\":\"https:\\\/\\\/www.rri.ro\\\/#\\\/schema\\\/person\\\/e6364ed2d4b6af207a82ca66000d07e0\"},\"headline\":\"Europa nach dem Brexit\",\"datePublished\":\"2018-01-22T15:03:00+00:00\",\"dateModified\":\"2024-02-19T18:36:16+00:00\",\"mainEntityOfPage\":{\"@id\":\"https:\\\/\\\/www.rri.ro\\\/de\\\/aktuell\\\/rri-aktuell\\\/europa-nach-dem-brexit-id460558.html\"},\"wordCount\":404,\"image\":{\"@id\":\"https:\\\/\\\/www.rri.ro\\\/de\\\/aktuell\\\/rri-aktuell\\\/europa-nach-dem-brexit-id460558.html#primaryimage\"},\"thumbnailUrl\":\"https:\\\/\\\/www.rri.ro\\\/wp-content\\\/uploads\\\/2023\\\/10\\\/theresa-may-juncker.jpg\",\"keywords\":[\"Angela Merkel\",\"Berlin\",\"Binnenmarkt\",\"Brexit\",\"David Davis\",\"Deutschland\",\"Emmanuel Macron\",\"Europa\",\"Frankreich\",\"Gro\u00dfbritannien\",\"Paris\",\"Wirtschftskrise\",\"Zusammenarbeit\"],\"articleSection\":[\"RRI Aktuell\"],\"inLanguage\":\"de\"},{\"@type\":\"WebPage\",\"@id\":\"https:\\\/\\\/www.rri.ro\\\/de\\\/aktuell\\\/rri-aktuell\\\/europa-nach-dem-brexit-id460558.html\",\"url\":\"https:\\\/\\\/www.rri.ro\\\/de\\\/aktuell\\\/rri-aktuell\\\/europa-nach-dem-brexit-id460558.html\",\"name\":\"Europa nach dem Brexit - Radio Rum\u00e4nien International\",\"isPartOf\":{\"@id\":\"https:\\\/\\\/www.rri.ro\\\/#website\"},\"primaryImageOfPage\":{\"@id\":\"https:\\\/\\\/www.rri.ro\\\/de\\\/aktuell\\\/rri-aktuell\\\/europa-nach-dem-brexit-id460558.html#primaryimage\"},\"image\":{\"@id\":\"https:\\\/\\\/www.rri.ro\\\/de\\\/aktuell\\\/rri-aktuell\\\/europa-nach-dem-brexit-id460558.html#primaryimage\"},\"thumbnailUrl\":\"https:\\\/\\\/www.rri.ro\\\/wp-content\\\/uploads\\\/2023\\\/10\\\/theresa-may-juncker.jpg\",\"datePublished\":\"2018-01-22T15:03:00+00:00\",\"dateModified\":\"2024-02-19T18:36:16+00:00\",\"author\":{\"@id\":\"https:\\\/\\\/www.rri.ro\\\/#\\\/schema\\\/person\\\/e6364ed2d4b6af207a82ca66000d07e0\"},\"breadcrumb\":{\"@id\":\"https:\\\/\\\/www.rri.ro\\\/de\\\/aktuell\\\/rri-aktuell\\\/europa-nach-dem-brexit-id460558.html#breadcrumb\"},\"inLanguage\":\"de\",\"potentialAction\":[{\"@type\":\"ReadAction\",\"target\":[\"https:\\\/\\\/www.rri.ro\\\/de\\\/aktuell\\\/rri-aktuell\\\/europa-nach-dem-brexit-id460558.html\"]}]},{\"@type\":\"ImageObject\",\"inLanguage\":\"de\",\"@id\":\"https:\\\/\\\/www.rri.ro\\\/de\\\/aktuell\\\/rri-aktuell\\\/europa-nach-dem-brexit-id460558.html#primaryimage\",\"url\":\"https:\\\/\\\/www.rri.ro\\\/wp-content\\\/uploads\\\/2023\\\/10\\\/theresa-may-juncker.jpg\",\"contentUrl\":\"https:\\\/\\\/www.rri.ro\\\/wp-content\\\/uploads\\\/2023\\\/10\\\/theresa-may-juncker.jpg\",\"width\":640,\"height\":426},{\"@type\":\"BreadcrumbList\",\"@id\":\"https:\\\/\\\/www.rri.ro\\\/de\\\/aktuell\\\/rri-aktuell\\\/europa-nach-dem-brexit-id460558.html#breadcrumb\",\"itemListElement\":[{\"@type\":\"ListItem\",\"position\":1,\"name\":\"Startseite\",\"item\":\"https:\\\/\\\/www.rri.ro\\\/de\"},{\"@type\":\"ListItem\",\"position\":2,\"name\":\"Aktuell\",\"item\":\"https:\\\/\\\/www.rri.ro\\\/de\\\/aktuell\"},{\"@type\":\"ListItem\",\"position\":3,\"name\":\"RRI Aktuell\",\"item\":\"https:\\\/\\\/www.rri.ro\\\/de\\\/aktuell\\\/rri-aktuell\"},{\"@type\":\"ListItem\",\"position\":4,\"name\":\"Europa nach dem Brexit\"}]},{\"@type\":\"WebSite\",\"@id\":\"https:\\\/\\\/www.rri.ro\\\/#website\",\"url\":\"https:\\\/\\\/www.rri.ro\\\/\",\"name\":\"Radio Rum\u00e4nien International\",\"description\":\"Totul despre Rom\u00e2nia \u015fi rom\u00e2ni, \u00een 13 limbi\\\/dialecte!\",\"inLanguage\":\"de\"},{\"@type\":\"Person\",\"@id\":\"https:\\\/\\\/www.rri.ro\\\/#\\\/schema\\\/person\\\/e6364ed2d4b6af207a82ca66000d07e0\",\"name\":\"Leyla Cheamil\",\"url\":\"https:\\\/\\\/www.rri.ro\\\/de\\\/author\\\/leyla-cheamil\"}]}<\/script>\n<!-- \/ Yoast SEO plugin. -->","yoast_head_json":{"title":"Europa nach dem Brexit - Radio Rum\u00e4nien International","robots":{"index":"index","follow":"follow","max-snippet":"max-snippet:-1","max-image-preview":"max-image-preview:large","max-video-preview":"max-video-preview:-1"},"canonical":"https:\/\/www.rri.ro\/de\/aktuell\/rri-aktuell\/europa-nach-dem-brexit-id460558.html","og_locale":"de_DE","og_type":"article","og_title":"Europa nach dem Brexit - Radio Rum\u00e4nien International","og_description":"Wohin will die Europ\u00e4ische Union nach dem Austritt Gro\u00dfbritaniens, das ist die Frage, auf die man noch keine klare Antwort hat.","og_url":"https:\/\/www.rri.ro\/de\/aktuell\/rri-aktuell\/europa-nach-dem-brexit-id460558.html","og_site_name":"Radio Rum\u00e4nien International","article_published_time":"2018-01-22T15:03:00+00:00","article_modified_time":"2024-02-19T18:36:16+00:00","og_image":[{"width":640,"height":426,"url":"https:\/\/www.rri.ro\/wp-content\/uploads\/2023\/10\/theresa-may-juncker.jpg","type":"image\/jpeg"}],"author":"Leyla Cheamil","twitter_card":"summary_large_image","twitter_misc":{"Verfasst von":"Leyla Cheamil","Gesch\u00e4tzte Lesezeit":"2\u00a0Minuten","Written by":"Leyla Cheamil"},"schema":{"@context":"https:\/\/schema.org","@graph":[{"@type":"Article","@id":"https:\/\/www.rri.ro\/de\/aktuell\/rri-aktuell\/europa-nach-dem-brexit-id460558.html#article","isPartOf":{"@id":"https:\/\/www.rri.ro\/de\/aktuell\/rri-aktuell\/europa-nach-dem-brexit-id460558.html"},"author":{"name":"Leyla Cheamil","@id":"https:\/\/www.rri.ro\/#\/schema\/person\/e6364ed2d4b6af207a82ca66000d07e0"},"headline":"Europa nach dem Brexit","datePublished":"2018-01-22T15:03:00+00:00","dateModified":"2024-02-19T18:36:16+00:00","mainEntityOfPage":{"@id":"https:\/\/www.rri.ro\/de\/aktuell\/rri-aktuell\/europa-nach-dem-brexit-id460558.html"},"wordCount":404,"image":{"@id":"https:\/\/www.rri.ro\/de\/aktuell\/rri-aktuell\/europa-nach-dem-brexit-id460558.html#primaryimage"},"thumbnailUrl":"https:\/\/www.rri.ro\/wp-content\/uploads\/2023\/10\/theresa-may-juncker.jpg","keywords":["Angela Merkel","Berlin","Binnenmarkt","Brexit","David Davis","Deutschland","Emmanuel Macron","Europa","Frankreich","Gro\u00dfbritannien","Paris","Wirtschftskrise","Zusammenarbeit"],"articleSection":["RRI Aktuell"],"inLanguage":"de"},{"@type":"WebPage","@id":"https:\/\/www.rri.ro\/de\/aktuell\/rri-aktuell\/europa-nach-dem-brexit-id460558.html","url":"https:\/\/www.rri.ro\/de\/aktuell\/rri-aktuell\/europa-nach-dem-brexit-id460558.html","name":"Europa nach dem Brexit - Radio Rum\u00e4nien International","isPartOf":{"@id":"https:\/\/www.rri.ro\/#website"},"primaryImageOfPage":{"@id":"https:\/\/www.rri.ro\/de\/aktuell\/rri-aktuell\/europa-nach-dem-brexit-id460558.html#primaryimage"},"image":{"@id":"https:\/\/www.rri.ro\/de\/aktuell\/rri-aktuell\/europa-nach-dem-brexit-id460558.html#primaryimage"},"thumbnailUrl":"https:\/\/www.rri.ro\/wp-content\/uploads\/2023\/10\/theresa-may-juncker.jpg","datePublished":"2018-01-22T15:03:00+00:00","dateModified":"2024-02-19T18:36:16+00:00","author":{"@id":"https:\/\/www.rri.ro\/#\/schema\/person\/e6364ed2d4b6af207a82ca66000d07e0"},"breadcrumb":{"@id":"https:\/\/www.rri.ro\/de\/aktuell\/rri-aktuell\/europa-nach-dem-brexit-id460558.html#breadcrumb"},"inLanguage":"de","potentialAction":[{"@type":"ReadAction","target":["https:\/\/www.rri.ro\/de\/aktuell\/rri-aktuell\/europa-nach-dem-brexit-id460558.html"]}]},{"@type":"ImageObject","inLanguage":"de","@id":"https:\/\/www.rri.ro\/de\/aktuell\/rri-aktuell\/europa-nach-dem-brexit-id460558.html#primaryimage","url":"https:\/\/www.rri.ro\/wp-content\/uploads\/2023\/10\/theresa-may-juncker.jpg","contentUrl":"https:\/\/www.rri.ro\/wp-content\/uploads\/2023\/10\/theresa-may-juncker.jpg","width":640,"height":426},{"@type":"BreadcrumbList","@id":"https:\/\/www.rri.ro\/de\/aktuell\/rri-aktuell\/europa-nach-dem-brexit-id460558.html#breadcrumb","itemListElement":[{"@type":"ListItem","position":1,"name":"Startseite","item":"https:\/\/www.rri.ro\/de"},{"@type":"ListItem","position":2,"name":"Aktuell","item":"https:\/\/www.rri.ro\/de\/aktuell"},{"@type":"ListItem","position":3,"name":"RRI Aktuell","item":"https:\/\/www.rri.ro\/de\/aktuell\/rri-aktuell"},{"@type":"ListItem","position":4,"name":"Europa nach dem Brexit"}]},{"@type":"WebSite","@id":"https:\/\/www.rri.ro\/#website","url":"https:\/\/www.rri.ro\/","name":"Radio Rum\u00e4nien International","description":"Totul despre Rom\u00e2nia \u015fi rom\u00e2ni, \u00een 13 limbi\/dialecte!","inLanguage":"de"},{"@type":"Person","@id":"https:\/\/www.rri.ro\/#\/schema\/person\/e6364ed2d4b6af207a82ca66000d07e0","name":"Leyla Cheamil","url":"https:\/\/www.rri.ro\/de\/author\/leyla-cheamil"}]}},"_links":{"self":[{"href":"https:\/\/www.rri.ro\/de\/wp-json\/wp\/v2\/posts\/460558","targetHints":{"allow":["GET"]}}],"collection":[{"href":"https:\/\/www.rri.ro\/de\/wp-json\/wp\/v2\/posts"}],"about":[{"href":"https:\/\/www.rri.ro\/de\/wp-json\/wp\/v2\/types\/post"}],"author":[{"embeddable":true,"href":"https:\/\/www.rri.ro\/de\/wp-json\/wp\/v2\/users\/46"}],"replies":[{"embeddable":true,"href":"https:\/\/www.rri.ro\/de\/wp-json\/wp\/v2\/comments?post=460558"}],"version-history":[{"count":0,"href":"https:\/\/www.rri.ro\/de\/wp-json\/wp\/v2\/posts\/460558\/revisions"}],"wp:featuredmedia":[{"embeddable":true,"href":"https:\/\/www.rri.ro\/de\/wp-json\/wp\/v2\/media\/76167"}],"wp:attachment":[{"href":"https:\/\/www.rri.ro\/de\/wp-json\/wp\/v2\/media?parent=460558"}],"wp:term":[{"taxonomy":"category","embeddable":true,"href":"https:\/\/www.rri.ro\/de\/wp-json\/wp\/v2\/categories?post=460558"},{"taxonomy":"post_tag","embeddable":true,"href":"https:\/\/www.rri.ro\/de\/wp-json\/wp\/v2\/tags?post=460558"},{"taxonomy":"author","embeddable":true,"href":"https:\/\/www.rri.ro\/de\/wp-json\/wp\/v2\/coauthors?post=460558"}],"curies":[{"name":"wp","href":"https:\/\/api.w.org\/{rel}","templated":true}]}}