{"id":460607,"date":"2018-02-27T17:30:00","date_gmt":"2018-02-27T15:30:00","guid":{"rendered":"http:\/\/devrri.freshlemon.ro\/aktuell\/biberkaelte-erfasst-rumaenien-id460607.html"},"modified":"2024-02-19T20:36:55","modified_gmt":"2024-02-19T18:36:55","slug":"biberkaelte-erfasst-rumaenien","status":"publish","type":"post","link":"https:\/\/www.rri.ro\/de\/aktuell\/rri-aktuell\/biberkaelte-erfasst-rumaenien-id460607.html","title":{"rendered":"Biberk\u00e4lte erfasst Rum\u00e4nien"},"content":{"rendered":"<p>Von Russland bis nach England zittert ganz Europa vor K\u00e4lte. Und die K\u00e4ltewelle scheint nicht bald nachlassen zu wollen. In Frankreich wurden seit 2005 keine Temperaturen von bis zu minus 18 Grad Celsius verzeichnet. Im benachbarten Belgien wurde die Ingewahrsamnahme der obdachlosen Menschen, die die Unterbringung ablehnen, angeordnet. Die Ma\u200e\u00dfnahme wurde von den Beh\u00f6rden wegen der hohen Lebensgefahr getroffen. In Rom wurden die Stra\u200e\u00dfen zum ersten Mal in den letzten sechs Jahren von einer d\u00fcnnen Schneeschicht bedeckt. Teile der Donau sind gefroren, in Bulgarien wurde in zwei s\u00fcdlichen Regionen die Warnstufe Rot ausgerufen.  Und auf der Adriak\u00fcste hat es geschneit, was sehr selten geschieht.<\/p>\n<p>&#13;<br \/>\n&#13;<\/p>\n<p>Auch im Osten von England hat es geschneit und der Verkehr in Schweden wurde gest\u00f6rt. Die Zahl der durch die sibirische K\u00e4ltewelle in Europa verursachten Todesf\u00e4lle hat bereits 10 \u00fcberschritten, und auch Rum\u00e4nien steht auf dieser traurigen Liste. In allen Landkreisen im S\u00fcden und Osten des Landes sowie in Bukarest wurde am Dienstag f\u00fcr den zweiten Tag in Folge die Warnstufe Gelb oder Orange f\u00fcr starke Schneef\u00e4lle und Schneeverwehungen ausgerufen. Zugleich hat das Wetteramt f\u00fcr den gr\u00f6\u200e\u00dften Teil Rum\u00e4niens eine Warnung Stufe Orange f\u00fcr K\u00e4lte ausgerufen. Die Tagesh\u00f6chsttemperaturen erreichen nur &#8211;8 Grad. Aus diesem Grund blieben die Schulen in Bukarest und in 10 Landkreisen auch am Dienstag geschlossen. Zumindest in Bukarest werden diese die ganze Woche geschlossen bleiben, k\u00fcndigte schon das Bukarester Rathaus an.<\/p>\n<p>&#13;<br \/>\n&#13;<\/p>\n<p>Wegen der Schneeverwehungen wurden zwei Autobahnen, sowie viele nationale und lokale Stra\u200e\u00dfen gesperrt. Dutzende Z\u00fcge wurden gestrichen, manche verzeichneten Versp\u00e4tungen von bis zu 120 Minuten. Die Schwarzmeerh\u00e4fen und die Donauh\u00e4fen wurden auch geschlossen und der F\u00e4hren-Berkehr zwischen Rum\u00e4nien und Bulgarien eingestellt.<\/p>\n<p>&#13;<br \/>\n&#13;<\/p>\n<p>Das rum\u00e4nische Wetteramt k\u00f6nnte  die Warnung f\u00fcr K\u00e4lte auf das gesamte Land bis zum 2. M\u00e4rz verl\u00e4ngern, da die K\u00e4ltewelle anhalten wird und die Temperaturen am Donnerstagmorgen bis auf &#8211; 22 Grad fallen werden. Aus diesem Grund empfahl das Gesundheitsministerium in Bukarest, dass die Menschen die Ratschl\u00e4gen der \u00c4rzte befolgen und das Verweilen im Freien vermeiden. Weiter wird empfohlen sich an die Hygienevorschriften halten, um Viruserkrankungen der Atemwege zu vermeiden und proteinreiche Lebensmittel, Obst und Gem\u00fcse zu essen. Au\u200e\u00dferdem wurden die Krankenh\u00e4user gebeten, bereit zu sein, w\u00e4hrend der Wetterwarnungen eine gr\u00f6\u200e\u00dfere Anzahl von Patienten zu empfangen und zu behandeln.<\/p>\n<p>&#13;<\/p>\n","protected":false},"excerpt":{"rendered":"<p>Im S\u00fcden blieben die Schulen geschlossen und zwei Autobahnen wurden gesperrt<\/p>\n","protected":false},"author":109,"featured_media":76673,"comment_status":"closed","ping_status":"closed","sticky":false,"template":"","format":"standard","meta":{"_acf_changed":false,"footnotes":""},"categories":[99583],"tags":[184704,102200,102204,99589,101806],"coauthors":[],"class_list":["post-460607","post","type-post","status-publish","format-standard","has-post-thumbnail","hentry","category-rri-aktuell","tag-frost-de","tag-kaelte","tag-kaeltewelle","tag-rumaenien","tag-wetter"],"acf":[],"yoast_head":"<!-- This site is optimized with the Yoast SEO plugin v27.3 - https:\/\/yoast.com\/product\/yoast-seo-wordpress\/ -->\n<title>Biberk\u00e4lte erfasst Rum\u00e4nien - Radio Rum\u00e4nien International<\/title>\n<meta name=\"robots\" content=\"index, follow, max-snippet:-1, max-image-preview:large, max-video-preview:-1\" \/>\n<link rel=\"canonical\" href=\"https:\/\/www.rri.ro\/de\/aktuell\/rri-aktuell\/biberkaelte-erfasst-rumaenien-id460607.html\" \/>\n<meta property=\"og:locale\" content=\"de_DE\" \/>\n<meta property=\"og:type\" content=\"article\" \/>\n<meta property=\"og:title\" content=\"Biberk\u00e4lte erfasst Rum\u00e4nien - Radio Rum\u00e4nien International\" \/>\n<meta property=\"og:description\" content=\"Im S\u00fcden blieben die Schulen geschlossen und zwei Autobahnen wurden gesperrt\" \/>\n<meta property=\"og:url\" content=\"https:\/\/www.rri.ro\/de\/aktuell\/rri-aktuell\/biberkaelte-erfasst-rumaenien-id460607.html\" \/>\n<meta property=\"og:site_name\" content=\"Radio Rum\u00e4nien International\" \/>\n<meta property=\"article:published_time\" content=\"2018-02-27T15:30:00+00:00\" \/>\n<meta property=\"article:modified_time\" content=\"2024-02-19T18:36:55+00:00\" \/>\n<meta property=\"og:image\" content=\"https:\/\/www.rri.ro\/wp-content\/uploads\/2023\/10\/nameti-zapada-igsu-ialomita-01.jpg\" \/>\n\t<meta property=\"og:image:width\" content=\"640\" \/>\n\t<meta property=\"og:image:height\" content=\"480\" \/>\n\t<meta property=\"og:image:type\" content=\"image\/jpeg\" \/>\n<meta name=\"author\" content=\"Roxana Vasile\" \/>\n<meta name=\"twitter:card\" content=\"summary_large_image\" \/>\n<meta name=\"twitter:label1\" content=\"Verfasst von\" \/>\n\t<meta name=\"twitter:data1\" content=\"Roxana Vasile\" \/>\n\t<meta name=\"twitter:label2\" content=\"Gesch\u00e4tzte Lesezeit\" \/>\n\t<meta name=\"twitter:data2\" content=\"2\u00a0Minuten\" \/>\n\t<meta name=\"twitter:label3\" content=\"Written by\" \/>\n\t<meta name=\"twitter:data3\" content=\"Roxana Vasile\" \/>\n<script type=\"application\/ld+json\" class=\"yoast-schema-graph\">{\"@context\":\"https:\\\/\\\/schema.org\",\"@graph\":[{\"@type\":\"Article\",\"@id\":\"https:\\\/\\\/www.rri.ro\\\/de\\\/aktuell\\\/rri-aktuell\\\/biberkaelte-erfasst-rumaenien-id460607.html#article\",\"isPartOf\":{\"@id\":\"https:\\\/\\\/www.rri.ro\\\/de\\\/aktuell\\\/rri-aktuell\\\/biberkaelte-erfasst-rumaenien-id460607.html\"},\"author\":{\"name\":\"Roxana Vasile\",\"@id\":\"https:\\\/\\\/www.rri.ro\\\/#\\\/schema\\\/person\\\/0745b519f2d1287783422f162c4112af\"},\"headline\":\"Biberk\u00e4lte erfasst Rum\u00e4nien\",\"datePublished\":\"2018-02-27T15:30:00+00:00\",\"dateModified\":\"2024-02-19T18:36:55+00:00\",\"mainEntityOfPage\":{\"@id\":\"https:\\\/\\\/www.rri.ro\\\/de\\\/aktuell\\\/rri-aktuell\\\/biberkaelte-erfasst-rumaenien-id460607.html\"},\"wordCount\":409,\"image\":{\"@id\":\"https:\\\/\\\/www.rri.ro\\\/de\\\/aktuell\\\/rri-aktuell\\\/biberkaelte-erfasst-rumaenien-id460607.html#primaryimage\"},\"thumbnailUrl\":\"https:\\\/\\\/www.rri.ro\\\/wp-content\\\/uploads\\\/2023\\\/10\\\/nameti-zapada-igsu-ialomita-01.jpg\",\"keywords\":[\"Frost\",\"K\u00e4lte\",\"K\u00e4ltewelle\",\"Rum\u00e4nien\",\"Wetter\"],\"articleSection\":[\"RRI Aktuell\"],\"inLanguage\":\"de\"},{\"@type\":\"WebPage\",\"@id\":\"https:\\\/\\\/www.rri.ro\\\/de\\\/aktuell\\\/rri-aktuell\\\/biberkaelte-erfasst-rumaenien-id460607.html\",\"url\":\"https:\\\/\\\/www.rri.ro\\\/de\\\/aktuell\\\/rri-aktuell\\\/biberkaelte-erfasst-rumaenien-id460607.html\",\"name\":\"Biberk\u00e4lte erfasst Rum\u00e4nien - Radio Rum\u00e4nien International\",\"isPartOf\":{\"@id\":\"https:\\\/\\\/www.rri.ro\\\/#website\"},\"primaryImageOfPage\":{\"@id\":\"https:\\\/\\\/www.rri.ro\\\/de\\\/aktuell\\\/rri-aktuell\\\/biberkaelte-erfasst-rumaenien-id460607.html#primaryimage\"},\"image\":{\"@id\":\"https:\\\/\\\/www.rri.ro\\\/de\\\/aktuell\\\/rri-aktuell\\\/biberkaelte-erfasst-rumaenien-id460607.html#primaryimage\"},\"thumbnailUrl\":\"https:\\\/\\\/www.rri.ro\\\/wp-content\\\/uploads\\\/2023\\\/10\\\/nameti-zapada-igsu-ialomita-01.jpg\",\"datePublished\":\"2018-02-27T15:30:00+00:00\",\"dateModified\":\"2024-02-19T18:36:55+00:00\",\"author\":{\"@id\":\"https:\\\/\\\/www.rri.ro\\\/#\\\/schema\\\/person\\\/0745b519f2d1287783422f162c4112af\"},\"breadcrumb\":{\"@id\":\"https:\\\/\\\/www.rri.ro\\\/de\\\/aktuell\\\/rri-aktuell\\\/biberkaelte-erfasst-rumaenien-id460607.html#breadcrumb\"},\"inLanguage\":\"de\",\"potentialAction\":[{\"@type\":\"ReadAction\",\"target\":[\"https:\\\/\\\/www.rri.ro\\\/de\\\/aktuell\\\/rri-aktuell\\\/biberkaelte-erfasst-rumaenien-id460607.html\"]}]},{\"@type\":\"ImageObject\",\"inLanguage\":\"de\",\"@id\":\"https:\\\/\\\/www.rri.ro\\\/de\\\/aktuell\\\/rri-aktuell\\\/biberkaelte-erfasst-rumaenien-id460607.html#primaryimage\",\"url\":\"https:\\\/\\\/www.rri.ro\\\/wp-content\\\/uploads\\\/2023\\\/10\\\/nameti-zapada-igsu-ialomita-01.jpg\",\"contentUrl\":\"https:\\\/\\\/www.rri.ro\\\/wp-content\\\/uploads\\\/2023\\\/10\\\/nameti-zapada-igsu-ialomita-01.jpg\",\"width\":640,\"height\":480},{\"@type\":\"BreadcrumbList\",\"@id\":\"https:\\\/\\\/www.rri.ro\\\/de\\\/aktuell\\\/rri-aktuell\\\/biberkaelte-erfasst-rumaenien-id460607.html#breadcrumb\",\"itemListElement\":[{\"@type\":\"ListItem\",\"position\":1,\"name\":\"Startseite\",\"item\":\"https:\\\/\\\/www.rri.ro\\\/de\"},{\"@type\":\"ListItem\",\"position\":2,\"name\":\"Aktuell\",\"item\":\"https:\\\/\\\/www.rri.ro\\\/de\\\/aktuell\"},{\"@type\":\"ListItem\",\"position\":3,\"name\":\"RRI Aktuell\",\"item\":\"https:\\\/\\\/www.rri.ro\\\/de\\\/aktuell\\\/rri-aktuell\"},{\"@type\":\"ListItem\",\"position\":4,\"name\":\"Biberk\u00e4lte erfasst Rum\u00e4nien\"}]},{\"@type\":\"WebSite\",\"@id\":\"https:\\\/\\\/www.rri.ro\\\/#website\",\"url\":\"https:\\\/\\\/www.rri.ro\\\/\",\"name\":\"Radio Rum\u00e4nien International\",\"description\":\"Totul despre Rom\u00e2nia \u015fi rom\u00e2ni, \u00een 13 limbi\\\/dialecte!\",\"inLanguage\":\"de\"},{\"@type\":\"Person\",\"@id\":\"https:\\\/\\\/www.rri.ro\\\/#\\\/schema\\\/person\\\/0745b519f2d1287783422f162c4112af\",\"name\":\"Roxana Vasile\",\"url\":\"https:\\\/\\\/www.rri.ro\\\/de\\\/author\\\/roxana-vasile\"}]}<\/script>\n<!-- \/ Yoast SEO plugin. -->","yoast_head_json":{"title":"Biberk\u00e4lte erfasst Rum\u00e4nien - Radio Rum\u00e4nien International","robots":{"index":"index","follow":"follow","max-snippet":"max-snippet:-1","max-image-preview":"max-image-preview:large","max-video-preview":"max-video-preview:-1"},"canonical":"https:\/\/www.rri.ro\/de\/aktuell\/rri-aktuell\/biberkaelte-erfasst-rumaenien-id460607.html","og_locale":"de_DE","og_type":"article","og_title":"Biberk\u00e4lte erfasst Rum\u00e4nien - Radio Rum\u00e4nien International","og_description":"Im S\u00fcden blieben die Schulen geschlossen und zwei Autobahnen wurden gesperrt","og_url":"https:\/\/www.rri.ro\/de\/aktuell\/rri-aktuell\/biberkaelte-erfasst-rumaenien-id460607.html","og_site_name":"Radio Rum\u00e4nien International","article_published_time":"2018-02-27T15:30:00+00:00","article_modified_time":"2024-02-19T18:36:55+00:00","og_image":[{"width":640,"height":480,"url":"https:\/\/www.rri.ro\/wp-content\/uploads\/2023\/10\/nameti-zapada-igsu-ialomita-01.jpg","type":"image\/jpeg"}],"author":"Roxana Vasile","twitter_card":"summary_large_image","twitter_misc":{"Verfasst von":"Roxana Vasile","Gesch\u00e4tzte Lesezeit":"2\u00a0Minuten","Written by":"Roxana Vasile"},"schema":{"@context":"https:\/\/schema.org","@graph":[{"@type":"Article","@id":"https:\/\/www.rri.ro\/de\/aktuell\/rri-aktuell\/biberkaelte-erfasst-rumaenien-id460607.html#article","isPartOf":{"@id":"https:\/\/www.rri.ro\/de\/aktuell\/rri-aktuell\/biberkaelte-erfasst-rumaenien-id460607.html"},"author":{"name":"Roxana Vasile","@id":"https:\/\/www.rri.ro\/#\/schema\/person\/0745b519f2d1287783422f162c4112af"},"headline":"Biberk\u00e4lte erfasst Rum\u00e4nien","datePublished":"2018-02-27T15:30:00+00:00","dateModified":"2024-02-19T18:36:55+00:00","mainEntityOfPage":{"@id":"https:\/\/www.rri.ro\/de\/aktuell\/rri-aktuell\/biberkaelte-erfasst-rumaenien-id460607.html"},"wordCount":409,"image":{"@id":"https:\/\/www.rri.ro\/de\/aktuell\/rri-aktuell\/biberkaelte-erfasst-rumaenien-id460607.html#primaryimage"},"thumbnailUrl":"https:\/\/www.rri.ro\/wp-content\/uploads\/2023\/10\/nameti-zapada-igsu-ialomita-01.jpg","keywords":["Frost","K\u00e4lte","K\u00e4ltewelle","Rum\u00e4nien","Wetter"],"articleSection":["RRI Aktuell"],"inLanguage":"de"},{"@type":"WebPage","@id":"https:\/\/www.rri.ro\/de\/aktuell\/rri-aktuell\/biberkaelte-erfasst-rumaenien-id460607.html","url":"https:\/\/www.rri.ro\/de\/aktuell\/rri-aktuell\/biberkaelte-erfasst-rumaenien-id460607.html","name":"Biberk\u00e4lte erfasst Rum\u00e4nien - Radio Rum\u00e4nien International","isPartOf":{"@id":"https:\/\/www.rri.ro\/#website"},"primaryImageOfPage":{"@id":"https:\/\/www.rri.ro\/de\/aktuell\/rri-aktuell\/biberkaelte-erfasst-rumaenien-id460607.html#primaryimage"},"image":{"@id":"https:\/\/www.rri.ro\/de\/aktuell\/rri-aktuell\/biberkaelte-erfasst-rumaenien-id460607.html#primaryimage"},"thumbnailUrl":"https:\/\/www.rri.ro\/wp-content\/uploads\/2023\/10\/nameti-zapada-igsu-ialomita-01.jpg","datePublished":"2018-02-27T15:30:00+00:00","dateModified":"2024-02-19T18:36:55+00:00","author":{"@id":"https:\/\/www.rri.ro\/#\/schema\/person\/0745b519f2d1287783422f162c4112af"},"breadcrumb":{"@id":"https:\/\/www.rri.ro\/de\/aktuell\/rri-aktuell\/biberkaelte-erfasst-rumaenien-id460607.html#breadcrumb"},"inLanguage":"de","potentialAction":[{"@type":"ReadAction","target":["https:\/\/www.rri.ro\/de\/aktuell\/rri-aktuell\/biberkaelte-erfasst-rumaenien-id460607.html"]}]},{"@type":"ImageObject","inLanguage":"de","@id":"https:\/\/www.rri.ro\/de\/aktuell\/rri-aktuell\/biberkaelte-erfasst-rumaenien-id460607.html#primaryimage","url":"https:\/\/www.rri.ro\/wp-content\/uploads\/2023\/10\/nameti-zapada-igsu-ialomita-01.jpg","contentUrl":"https:\/\/www.rri.ro\/wp-content\/uploads\/2023\/10\/nameti-zapada-igsu-ialomita-01.jpg","width":640,"height":480},{"@type":"BreadcrumbList","@id":"https:\/\/www.rri.ro\/de\/aktuell\/rri-aktuell\/biberkaelte-erfasst-rumaenien-id460607.html#breadcrumb","itemListElement":[{"@type":"ListItem","position":1,"name":"Startseite","item":"https:\/\/www.rri.ro\/de"},{"@type":"ListItem","position":2,"name":"Aktuell","item":"https:\/\/www.rri.ro\/de\/aktuell"},{"@type":"ListItem","position":3,"name":"RRI Aktuell","item":"https:\/\/www.rri.ro\/de\/aktuell\/rri-aktuell"},{"@type":"ListItem","position":4,"name":"Biberk\u00e4lte erfasst Rum\u00e4nien"}]},{"@type":"WebSite","@id":"https:\/\/www.rri.ro\/#website","url":"https:\/\/www.rri.ro\/","name":"Radio Rum\u00e4nien International","description":"Totul despre Rom\u00e2nia \u015fi rom\u00e2ni, \u00een 13 limbi\/dialecte!","inLanguage":"de"},{"@type":"Person","@id":"https:\/\/www.rri.ro\/#\/schema\/person\/0745b519f2d1287783422f162c4112af","name":"Roxana Vasile","url":"https:\/\/www.rri.ro\/de\/author\/roxana-vasile"}]}},"_links":{"self":[{"href":"https:\/\/www.rri.ro\/de\/wp-json\/wp\/v2\/posts\/460607","targetHints":{"allow":["GET"]}}],"collection":[{"href":"https:\/\/www.rri.ro\/de\/wp-json\/wp\/v2\/posts"}],"about":[{"href":"https:\/\/www.rri.ro\/de\/wp-json\/wp\/v2\/types\/post"}],"author":[{"embeddable":true,"href":"https:\/\/www.rri.ro\/de\/wp-json\/wp\/v2\/users\/109"}],"replies":[{"embeddable":true,"href":"https:\/\/www.rri.ro\/de\/wp-json\/wp\/v2\/comments?post=460607"}],"version-history":[{"count":0,"href":"https:\/\/www.rri.ro\/de\/wp-json\/wp\/v2\/posts\/460607\/revisions"}],"wp:featuredmedia":[{"embeddable":true,"href":"https:\/\/www.rri.ro\/de\/wp-json\/wp\/v2\/media\/76673"}],"wp:attachment":[{"href":"https:\/\/www.rri.ro\/de\/wp-json\/wp\/v2\/media?parent=460607"}],"wp:term":[{"taxonomy":"category","embeddable":true,"href":"https:\/\/www.rri.ro\/de\/wp-json\/wp\/v2\/categories?post=460607"},{"taxonomy":"post_tag","embeddable":true,"href":"https:\/\/www.rri.ro\/de\/wp-json\/wp\/v2\/tags?post=460607"},{"taxonomy":"author","embeddable":true,"href":"https:\/\/www.rri.ro\/de\/wp-json\/wp\/v2\/coauthors?post=460607"}],"curies":[{"name":"wp","href":"https:\/\/api.w.org\/{rel}","templated":true}]}}