{"id":460643,"date":"2018-03-23T17:05:00","date_gmt":"2018-03-23T15:05:00","guid":{"rendered":"http:\/\/devrri.freshlemon.ro\/aktuell\/rumaenien-wird-mit-starken-scheefaellen-und-eisigen-temperaturen-konfrontiert-id460643.html"},"modified":"2024-02-19T20:37:23","modified_gmt":"2024-02-19T18:37:23","slug":"rumaenien-wird-mit-starken-scheefaellen-und-eisigen-temperaturen-konfrontiert","status":"publish","type":"post","link":"https:\/\/www.rri.ro\/de\/aktuell\/rri-aktuell\/rumaenien-wird-mit-starken-scheefaellen-und-eisigen-temperaturen-konfrontiert-id460643.html","title":{"rendered":"Rum\u00e4nien wird mit starken Scheef\u00e4llen und eisigen Temperaturen konfrontiert"},"content":{"rendered":"<p>Am 23. M\u00e4rz 2018, den Welttag der Meteorologie, herrschten in mehr als halb Rum\u00e4nien Warnungen wegen starken Schnees, Sturms und niedriger Sichtbarkeit. Die Weltorganisation verweist unterdessen auf die Auswirkungen des Klimawandels, wie St\u00fcrme und \u00e4u\u200e\u00dferst niedrige Temperaturen, tropische Zyklone, Hitzewellen und D\u00fcrre. Der Fr\u00fchling hat, laut Kalender, am 1. M\u00e4rz und astronomisch am 20. M\u00e4rz begonnen. Wie dem auch sei, befand sich Rum\u00e4nien die ganze Woche unter Warnungen Stufe Gelb und Orange wegen des Sturms und des Hochwassers und es hat ein weniger \u00fcbliches Ph\u00e4nomen experimentiert &#8212; Eisregen &#8212; das zur Bildung von Glatteis gef\u00fchrt und den Stra\u200e\u00dfen-, Eisenbahn- und Flugverkehrt beeintr\u00e4chtigt hat.<\/p>\n<p>&#13;<br \/>\n&#13;<\/p>\n<p>Am Freitag wurde der Verkehr auf den s\u00fcdlichen Autobahnen von der niedrigen Sichtbarkeit betroffen. Probleme gab es auch auf mehreren Landes- und Kreisstra\u200e\u00dfen im s\u00fcdlichen Teil Rum\u00e4niens, wo der Verkehr wegen des Sturms und des Schnees auf den Stra\u200e\u00dfen oder der gefallenen B\u00e4ume, die die Fahrt unm\u00f6glich machen, eingestellt wurde. Auf der Eisenbahn wurden dutzende Z\u00fcge gestrichen. Auch wegen des Wetters blieben die Sch\u00fcler und die Kinder im Vorschulalter in Bukarest und mehreren s\u00fcdlichen Landkreisen am Freitag zuhause. Um die Situationen zu bew\u00e4ltigen, die durch die Wettererscheinungen verursacht wurden, wurden \u00fcber 13.000 Polizisten, Feuerwehrleute und Gendarmen mobil gemacht.<\/p>\n<p>&#13;<br \/>\n&#13;<\/p>\n<p>Innenministerin Carmen Dan: Ich empfehle den B\u00fcrgern die Anweisungen der Beh\u00f6rden zu befolgen und nicht auf Stra\u200e\u00dfen zu fahren, die wegen des Sturms oder der Schneef\u00e4lle geschlossen wurden. Denn die Eingriffe f\u00fcr ihre Rettung schr\u00e4nken den Bereich der Einsatzkr\u00e4fte ein und gef\u00e4hrden dar\u00fcber hinaus auch das Leben der Rettungskr\u00e4fte\u201c. Ihrerseits forderte Gesundheitsministerin Sorina Pintea den Anstalten f\u00fcr \u00f6ffentliche Gesundheit alle Ma\u200e\u00dfnahmen zu treffen, die zu dieser Zeit notwendig sind um Sondersituationen, die durch die schlechten Wetterbedingungen verursacht werden, zu beheben.<\/p>\n<p>&#13;<br \/>\n&#13;<\/p>\n<p>Das Wetter bleibt zum Wochenende besonders Kalt, insbesondere in der s\u00fcd\u00f6stlichen H\u00e4lfte, wo die zeitweiligen Windintensivierungen das K\u00e4ltegef\u00fchl verst\u00e4rken werden, wie auch die Leiterin der Nationalen Wetterbeh\u00f6rde Elena Mateescu sagte: Erst ab Montag oder Dienstag k\u00f6nnen wir \u00fcber eine Steigerung der Temperaturwerte in den positiven Bereich, bis auf 6 &#8212; 10 Grad Celsius in den meisten Teilen und 14 &#8212; 15 Grad im S\u00fcden sprechen. Im zweiten Teil der Woche wird auch die Regenwahrscheinlichkeit steigen.\u201c<\/p>\n<p>&#13;<br \/>\n&#13;<\/p>\n<p>Die Fachleute des Inspektorats f\u00fcr Notsituationen warnen, dass nach dieser Schneewelle eine weitere Gefahr auf uns zukommt: das Hochwasser. Die Donau weist eine Steigerungstendenz auf und die Beh\u00f6rden haben beschlossen, die Donau\u00fcberquerung mit der F\u00e4hre am s\u00fcdlichen Grenz\u00fcbergang bei Bechet, wegen des steigenden Wasserpegels und der \u00dcberschwemmung des Zugangsweges zur F\u00e4hre aufzuheben.<\/p>\n<p>&#13;<\/p>\n","protected":false},"excerpt":{"rendered":"<p>Obwohl der Fr\u00fchling, laut Kalender, bereits am 1. M\u00e4rz und astronomisch wenigstens, am 20. M\u00e4rz gekommen ist, l\u00e4sst sich der Winter nicht so einfach aus Rum\u00e4nien vertreiben. Zumindest aus der s\u00fcdlichen H\u00e4lfte nicht.<\/p>\n","protected":false},"author":107,"featured_media":71525,"comment_status":"closed","ping_status":"closed","sticky":false,"template":"","format":"standard","meta":{"_acf_changed":false,"footnotes":""},"categories":[99583],"tags":[104297,102200,104296,100171,99723,163919],"coauthors":[],"class_list":["post-460643","post","type-post","status-publish","format-standard","has-post-thumbnail","hentry","category-rri-aktuell","tag-eis","tag-kaelte","tag-schlechtes-wetter","tag-schnee","tag-ueberschwemmungen","tag-winter-de"],"acf":[],"yoast_head":"<!-- This site is optimized with the Yoast SEO plugin v27.3 - https:\/\/yoast.com\/product\/yoast-seo-wordpress\/ -->\n<title>Rum\u00e4nien wird mit starken Scheef\u00e4llen und eisigen Temperaturen konfrontiert - Radio Rum\u00e4nien International<\/title>\n<meta name=\"robots\" content=\"index, follow, max-snippet:-1, max-image-preview:large, max-video-preview:-1\" \/>\n<link rel=\"canonical\" href=\"https:\/\/www.rri.ro\/de\/aktuell\/rri-aktuell\/rumaenien-wird-mit-starken-scheefaellen-und-eisigen-temperaturen-konfrontiert-id460643.html\" \/>\n<meta property=\"og:locale\" content=\"de_DE\" \/>\n<meta property=\"og:type\" content=\"article\" \/>\n<meta property=\"og:title\" content=\"Rum\u00e4nien wird mit starken Scheef\u00e4llen und eisigen Temperaturen konfrontiert - Radio Rum\u00e4nien International\" \/>\n<meta property=\"og:description\" content=\"Obwohl der Fr\u00fchling, laut Kalender, bereits am 1. M\u00e4rz und astronomisch wenigstens, am 20. M\u00e4rz gekommen ist, l\u00e4sst sich der Winter nicht so einfach aus Rum\u00e4nien vertreiben. Zumindest aus der s\u00fcdlichen H\u00e4lfte nicht.\" \/>\n<meta property=\"og:url\" content=\"https:\/\/www.rri.ro\/de\/aktuell\/rri-aktuell\/rumaenien-wird-mit-starken-scheefaellen-und-eisigen-temperaturen-konfrontiert-id460643.html\" \/>\n<meta property=\"og:site_name\" content=\"Radio Rum\u00e4nien International\" \/>\n<meta property=\"article:published_time\" content=\"2018-03-23T15:05:00+00:00\" \/>\n<meta property=\"article:modified_time\" content=\"2024-02-19T18:37:23+00:00\" \/>\n<meta property=\"og:image\" content=\"https:\/\/www.rri.ro\/wp-content\/uploads\/2023\/10\/viscol-zapada-interventii-ian2017.jpg\" \/>\n\t<meta property=\"og:image:width\" content=\"640\" \/>\n\t<meta property=\"og:image:height\" content=\"480\" \/>\n\t<meta property=\"og:image:type\" content=\"image\/png\" \/>\n<meta name=\"author\" content=\"Daniela Budu\" \/>\n<meta name=\"twitter:card\" content=\"summary_large_image\" \/>\n<meta name=\"twitter:label1\" content=\"Verfasst von\" \/>\n\t<meta name=\"twitter:data1\" content=\"Daniela Budu\" \/>\n\t<meta name=\"twitter:label2\" content=\"Gesch\u00e4tzte Lesezeit\" \/>\n\t<meta name=\"twitter:data2\" content=\"2\u00a0Minuten\" \/>\n\t<meta name=\"twitter:label3\" content=\"Written by\" \/>\n\t<meta name=\"twitter:data3\" content=\"Daniela Budu\" \/>\n<script type=\"application\/ld+json\" class=\"yoast-schema-graph\">{\"@context\":\"https:\\\/\\\/schema.org\",\"@graph\":[{\"@type\":\"Article\",\"@id\":\"https:\\\/\\\/www.rri.ro\\\/de\\\/aktuell\\\/rri-aktuell\\\/rumaenien-wird-mit-starken-scheefaellen-und-eisigen-temperaturen-konfrontiert-id460643.html#article\",\"isPartOf\":{\"@id\":\"https:\\\/\\\/www.rri.ro\\\/de\\\/aktuell\\\/rri-aktuell\\\/rumaenien-wird-mit-starken-scheefaellen-und-eisigen-temperaturen-konfrontiert-id460643.html\"},\"author\":{\"name\":\"Daniela Budu\",\"@id\":\"https:\\\/\\\/www.rri.ro\\\/#\\\/schema\\\/person\\\/b46b8f80d7d6e4b5ac9f14f0acbad0c4\"},\"headline\":\"Rum\u00e4nien wird mit starken Scheef\u00e4llen und eisigen Temperaturen konfrontiert\",\"datePublished\":\"2018-03-23T15:05:00+00:00\",\"dateModified\":\"2024-02-19T18:37:23+00:00\",\"mainEntityOfPage\":{\"@id\":\"https:\\\/\\\/www.rri.ro\\\/de\\\/aktuell\\\/rri-aktuell\\\/rumaenien-wird-mit-starken-scheefaellen-und-eisigen-temperaturen-konfrontiert-id460643.html\"},\"wordCount\":462,\"image\":{\"@id\":\"https:\\\/\\\/www.rri.ro\\\/de\\\/aktuell\\\/rri-aktuell\\\/rumaenien-wird-mit-starken-scheefaellen-und-eisigen-temperaturen-konfrontiert-id460643.html#primaryimage\"},\"thumbnailUrl\":\"https:\\\/\\\/www.rri.ro\\\/wp-content\\\/uploads\\\/2023\\\/10\\\/viscol-zapada-interventii-ian2017.jpg\",\"keywords\":[\"Eis\",\"K\u00e4lte\",\"Schlechtes Wetter\",\"Schnee\",\"\u00dcberschwemmungen\",\"winter\"],\"articleSection\":[\"RRI Aktuell\"],\"inLanguage\":\"de\"},{\"@type\":\"WebPage\",\"@id\":\"https:\\\/\\\/www.rri.ro\\\/de\\\/aktuell\\\/rri-aktuell\\\/rumaenien-wird-mit-starken-scheefaellen-und-eisigen-temperaturen-konfrontiert-id460643.html\",\"url\":\"https:\\\/\\\/www.rri.ro\\\/de\\\/aktuell\\\/rri-aktuell\\\/rumaenien-wird-mit-starken-scheefaellen-und-eisigen-temperaturen-konfrontiert-id460643.html\",\"name\":\"Rum\u00e4nien wird mit starken Scheef\u00e4llen und eisigen Temperaturen konfrontiert - Radio Rum\u00e4nien International\",\"isPartOf\":{\"@id\":\"https:\\\/\\\/www.rri.ro\\\/#website\"},\"primaryImageOfPage\":{\"@id\":\"https:\\\/\\\/www.rri.ro\\\/de\\\/aktuell\\\/rri-aktuell\\\/rumaenien-wird-mit-starken-scheefaellen-und-eisigen-temperaturen-konfrontiert-id460643.html#primaryimage\"},\"image\":{\"@id\":\"https:\\\/\\\/www.rri.ro\\\/de\\\/aktuell\\\/rri-aktuell\\\/rumaenien-wird-mit-starken-scheefaellen-und-eisigen-temperaturen-konfrontiert-id460643.html#primaryimage\"},\"thumbnailUrl\":\"https:\\\/\\\/www.rri.ro\\\/wp-content\\\/uploads\\\/2023\\\/10\\\/viscol-zapada-interventii-ian2017.jpg\",\"datePublished\":\"2018-03-23T15:05:00+00:00\",\"dateModified\":\"2024-02-19T18:37:23+00:00\",\"author\":{\"@id\":\"https:\\\/\\\/www.rri.ro\\\/#\\\/schema\\\/person\\\/b46b8f80d7d6e4b5ac9f14f0acbad0c4\"},\"breadcrumb\":{\"@id\":\"https:\\\/\\\/www.rri.ro\\\/de\\\/aktuell\\\/rri-aktuell\\\/rumaenien-wird-mit-starken-scheefaellen-und-eisigen-temperaturen-konfrontiert-id460643.html#breadcrumb\"},\"inLanguage\":\"de\",\"potentialAction\":[{\"@type\":\"ReadAction\",\"target\":[\"https:\\\/\\\/www.rri.ro\\\/de\\\/aktuell\\\/rri-aktuell\\\/rumaenien-wird-mit-starken-scheefaellen-und-eisigen-temperaturen-konfrontiert-id460643.html\"]}]},{\"@type\":\"ImageObject\",\"inLanguage\":\"de\",\"@id\":\"https:\\\/\\\/www.rri.ro\\\/de\\\/aktuell\\\/rri-aktuell\\\/rumaenien-wird-mit-starken-scheefaellen-und-eisigen-temperaturen-konfrontiert-id460643.html#primaryimage\",\"url\":\"https:\\\/\\\/www.rri.ro\\\/wp-content\\\/uploads\\\/2023\\\/10\\\/viscol-zapada-interventii-ian2017.jpg\",\"contentUrl\":\"https:\\\/\\\/www.rri.ro\\\/wp-content\\\/uploads\\\/2023\\\/10\\\/viscol-zapada-interventii-ian2017.jpg\",\"width\":640,\"height\":480},{\"@type\":\"BreadcrumbList\",\"@id\":\"https:\\\/\\\/www.rri.ro\\\/de\\\/aktuell\\\/rri-aktuell\\\/rumaenien-wird-mit-starken-scheefaellen-und-eisigen-temperaturen-konfrontiert-id460643.html#breadcrumb\",\"itemListElement\":[{\"@type\":\"ListItem\",\"position\":1,\"name\":\"Startseite\",\"item\":\"https:\\\/\\\/www.rri.ro\\\/de\"},{\"@type\":\"ListItem\",\"position\":2,\"name\":\"Aktuell\",\"item\":\"https:\\\/\\\/www.rri.ro\\\/de\\\/aktuell\"},{\"@type\":\"ListItem\",\"position\":3,\"name\":\"RRI Aktuell\",\"item\":\"https:\\\/\\\/www.rri.ro\\\/de\\\/aktuell\\\/rri-aktuell\"},{\"@type\":\"ListItem\",\"position\":4,\"name\":\"Rum\u00e4nien wird mit starken Scheef\u00e4llen und eisigen Temperaturen konfrontiert\"}]},{\"@type\":\"WebSite\",\"@id\":\"https:\\\/\\\/www.rri.ro\\\/#website\",\"url\":\"https:\\\/\\\/www.rri.ro\\\/\",\"name\":\"Radio Rum\u00e4nien International\",\"description\":\"Totul despre Rom\u00e2nia \u015fi rom\u00e2ni, \u00een 13 limbi\\\/dialecte!\",\"inLanguage\":\"de\"},{\"@type\":\"Person\",\"@id\":\"https:\\\/\\\/www.rri.ro\\\/#\\\/schema\\\/person\\\/b46b8f80d7d6e4b5ac9f14f0acbad0c4\",\"name\":\"Daniela Budu\",\"url\":\"https:\\\/\\\/www.rri.ro\\\/de\\\/author\\\/daniela-budu\"}]}<\/script>\n<!-- \/ Yoast SEO plugin. -->","yoast_head_json":{"title":"Rum\u00e4nien wird mit starken Scheef\u00e4llen und eisigen Temperaturen konfrontiert - Radio Rum\u00e4nien International","robots":{"index":"index","follow":"follow","max-snippet":"max-snippet:-1","max-image-preview":"max-image-preview:large","max-video-preview":"max-video-preview:-1"},"canonical":"https:\/\/www.rri.ro\/de\/aktuell\/rri-aktuell\/rumaenien-wird-mit-starken-scheefaellen-und-eisigen-temperaturen-konfrontiert-id460643.html","og_locale":"de_DE","og_type":"article","og_title":"Rum\u00e4nien wird mit starken Scheef\u00e4llen und eisigen Temperaturen konfrontiert - Radio Rum\u00e4nien International","og_description":"Obwohl der Fr\u00fchling, laut Kalender, bereits am 1. M\u00e4rz und astronomisch wenigstens, am 20. M\u00e4rz gekommen ist, l\u00e4sst sich der Winter nicht so einfach aus Rum\u00e4nien vertreiben. Zumindest aus der s\u00fcdlichen H\u00e4lfte nicht.","og_url":"https:\/\/www.rri.ro\/de\/aktuell\/rri-aktuell\/rumaenien-wird-mit-starken-scheefaellen-und-eisigen-temperaturen-konfrontiert-id460643.html","og_site_name":"Radio Rum\u00e4nien International","article_published_time":"2018-03-23T15:05:00+00:00","article_modified_time":"2024-02-19T18:37:23+00:00","og_image":[{"width":640,"height":480,"url":"https:\/\/www.rri.ro\/wp-content\/uploads\/2023\/10\/viscol-zapada-interventii-ian2017.jpg","type":"image\/png"}],"author":"Daniela Budu","twitter_card":"summary_large_image","twitter_misc":{"Verfasst von":"Daniela Budu","Gesch\u00e4tzte Lesezeit":"2\u00a0Minuten","Written by":"Daniela Budu"},"schema":{"@context":"https:\/\/schema.org","@graph":[{"@type":"Article","@id":"https:\/\/www.rri.ro\/de\/aktuell\/rri-aktuell\/rumaenien-wird-mit-starken-scheefaellen-und-eisigen-temperaturen-konfrontiert-id460643.html#article","isPartOf":{"@id":"https:\/\/www.rri.ro\/de\/aktuell\/rri-aktuell\/rumaenien-wird-mit-starken-scheefaellen-und-eisigen-temperaturen-konfrontiert-id460643.html"},"author":{"name":"Daniela Budu","@id":"https:\/\/www.rri.ro\/#\/schema\/person\/b46b8f80d7d6e4b5ac9f14f0acbad0c4"},"headline":"Rum\u00e4nien wird mit starken Scheef\u00e4llen und eisigen Temperaturen konfrontiert","datePublished":"2018-03-23T15:05:00+00:00","dateModified":"2024-02-19T18:37:23+00:00","mainEntityOfPage":{"@id":"https:\/\/www.rri.ro\/de\/aktuell\/rri-aktuell\/rumaenien-wird-mit-starken-scheefaellen-und-eisigen-temperaturen-konfrontiert-id460643.html"},"wordCount":462,"image":{"@id":"https:\/\/www.rri.ro\/de\/aktuell\/rri-aktuell\/rumaenien-wird-mit-starken-scheefaellen-und-eisigen-temperaturen-konfrontiert-id460643.html#primaryimage"},"thumbnailUrl":"https:\/\/www.rri.ro\/wp-content\/uploads\/2023\/10\/viscol-zapada-interventii-ian2017.jpg","keywords":["Eis","K\u00e4lte","Schlechtes Wetter","Schnee","\u00dcberschwemmungen","winter"],"articleSection":["RRI Aktuell"],"inLanguage":"de"},{"@type":"WebPage","@id":"https:\/\/www.rri.ro\/de\/aktuell\/rri-aktuell\/rumaenien-wird-mit-starken-scheefaellen-und-eisigen-temperaturen-konfrontiert-id460643.html","url":"https:\/\/www.rri.ro\/de\/aktuell\/rri-aktuell\/rumaenien-wird-mit-starken-scheefaellen-und-eisigen-temperaturen-konfrontiert-id460643.html","name":"Rum\u00e4nien wird mit starken Scheef\u00e4llen und eisigen Temperaturen konfrontiert - Radio Rum\u00e4nien International","isPartOf":{"@id":"https:\/\/www.rri.ro\/#website"},"primaryImageOfPage":{"@id":"https:\/\/www.rri.ro\/de\/aktuell\/rri-aktuell\/rumaenien-wird-mit-starken-scheefaellen-und-eisigen-temperaturen-konfrontiert-id460643.html#primaryimage"},"image":{"@id":"https:\/\/www.rri.ro\/de\/aktuell\/rri-aktuell\/rumaenien-wird-mit-starken-scheefaellen-und-eisigen-temperaturen-konfrontiert-id460643.html#primaryimage"},"thumbnailUrl":"https:\/\/www.rri.ro\/wp-content\/uploads\/2023\/10\/viscol-zapada-interventii-ian2017.jpg","datePublished":"2018-03-23T15:05:00+00:00","dateModified":"2024-02-19T18:37:23+00:00","author":{"@id":"https:\/\/www.rri.ro\/#\/schema\/person\/b46b8f80d7d6e4b5ac9f14f0acbad0c4"},"breadcrumb":{"@id":"https:\/\/www.rri.ro\/de\/aktuell\/rri-aktuell\/rumaenien-wird-mit-starken-scheefaellen-und-eisigen-temperaturen-konfrontiert-id460643.html#breadcrumb"},"inLanguage":"de","potentialAction":[{"@type":"ReadAction","target":["https:\/\/www.rri.ro\/de\/aktuell\/rri-aktuell\/rumaenien-wird-mit-starken-scheefaellen-und-eisigen-temperaturen-konfrontiert-id460643.html"]}]},{"@type":"ImageObject","inLanguage":"de","@id":"https:\/\/www.rri.ro\/de\/aktuell\/rri-aktuell\/rumaenien-wird-mit-starken-scheefaellen-und-eisigen-temperaturen-konfrontiert-id460643.html#primaryimage","url":"https:\/\/www.rri.ro\/wp-content\/uploads\/2023\/10\/viscol-zapada-interventii-ian2017.jpg","contentUrl":"https:\/\/www.rri.ro\/wp-content\/uploads\/2023\/10\/viscol-zapada-interventii-ian2017.jpg","width":640,"height":480},{"@type":"BreadcrumbList","@id":"https:\/\/www.rri.ro\/de\/aktuell\/rri-aktuell\/rumaenien-wird-mit-starken-scheefaellen-und-eisigen-temperaturen-konfrontiert-id460643.html#breadcrumb","itemListElement":[{"@type":"ListItem","position":1,"name":"Startseite","item":"https:\/\/www.rri.ro\/de"},{"@type":"ListItem","position":2,"name":"Aktuell","item":"https:\/\/www.rri.ro\/de\/aktuell"},{"@type":"ListItem","position":3,"name":"RRI Aktuell","item":"https:\/\/www.rri.ro\/de\/aktuell\/rri-aktuell"},{"@type":"ListItem","position":4,"name":"Rum\u00e4nien wird mit starken Scheef\u00e4llen und eisigen Temperaturen konfrontiert"}]},{"@type":"WebSite","@id":"https:\/\/www.rri.ro\/#website","url":"https:\/\/www.rri.ro\/","name":"Radio Rum\u00e4nien International","description":"Totul despre Rom\u00e2nia \u015fi rom\u00e2ni, \u00een 13 limbi\/dialecte!","inLanguage":"de"},{"@type":"Person","@id":"https:\/\/www.rri.ro\/#\/schema\/person\/b46b8f80d7d6e4b5ac9f14f0acbad0c4","name":"Daniela Budu","url":"https:\/\/www.rri.ro\/de\/author\/daniela-budu"}]}},"_links":{"self":[{"href":"https:\/\/www.rri.ro\/de\/wp-json\/wp\/v2\/posts\/460643","targetHints":{"allow":["GET"]}}],"collection":[{"href":"https:\/\/www.rri.ro\/de\/wp-json\/wp\/v2\/posts"}],"about":[{"href":"https:\/\/www.rri.ro\/de\/wp-json\/wp\/v2\/types\/post"}],"author":[{"embeddable":true,"href":"https:\/\/www.rri.ro\/de\/wp-json\/wp\/v2\/users\/107"}],"replies":[{"embeddable":true,"href":"https:\/\/www.rri.ro\/de\/wp-json\/wp\/v2\/comments?post=460643"}],"version-history":[{"count":0,"href":"https:\/\/www.rri.ro\/de\/wp-json\/wp\/v2\/posts\/460643\/revisions"}],"wp:featuredmedia":[{"embeddable":true,"href":"https:\/\/www.rri.ro\/de\/wp-json\/wp\/v2\/media\/71525"}],"wp:attachment":[{"href":"https:\/\/www.rri.ro\/de\/wp-json\/wp\/v2\/media?parent=460643"}],"wp:term":[{"taxonomy":"category","embeddable":true,"href":"https:\/\/www.rri.ro\/de\/wp-json\/wp\/v2\/categories?post=460643"},{"taxonomy":"post_tag","embeddable":true,"href":"https:\/\/www.rri.ro\/de\/wp-json\/wp\/v2\/tags?post=460643"},{"taxonomy":"author","embeddable":true,"href":"https:\/\/www.rri.ro\/de\/wp-json\/wp\/v2\/coauthors?post=460643"}],"curies":[{"name":"wp","href":"https:\/\/api.w.org\/{rel}","templated":true}]}}