{"id":460645,"date":"2018-03-27T16:51:00","date_gmt":"2018-03-27T13:51:00","guid":{"rendered":"http:\/\/devrri.freshlemon.ro\/aktuell\/freie-bahn-fuer-rumaenische-justizreform-id460645.html"},"modified":"2024-02-19T20:37:26","modified_gmt":"2024-02-19T18:37:26","slug":"freie-bahn-fuer-rumaenische-justizreform","status":"publish","type":"post","link":"https:\/\/www.rri.ro\/de\/aktuell\/rri-aktuell\/freie-bahn-fuer-rumaenische-justizreform-id460645.html","title":{"rendered":"Freie Bahn f\u00fcr rum\u00e4nische Justizreform"},"content":{"rendered":"<p dir=ltr style=line-height:1.7999999999999998;margin-top:0pt;margin-bottom:0pt;>Der Senat winkte die drei Gesetze durch, ohne grunds\u00e4tzliche \u00c4nderungen daran vorzunehmen. Es ging wieder einmal schnell, da die Mehrheit an den wichtigsten Bestimmungen festh\u00e4lt: der Staatspr\u00e4sident hat bei der Ernennung der F\u00fchrung des OGH nichts mehr zu melden und tritt diese Befugnisse an den CSM ab. Der im Amt begangene Justizirrtum wurde neu definiert und das Finanzministerium muss die Justizpr\u00fcfstelle kl\u00e4ren lassen, ob der jeweilige Richter oder Staatsanwalt vors\u00e4tzlich oder grob fahrl\u00e4ssig gehandelt hat.<\/p>\n<p>&#13;<br \/>\n&#13;<\/p>\n<p>&#13;<br \/>\nAuch die Opposition hielt an der Ablehnung fest: in ihrer neuen Form \u00f6ffnen die Gesetze der Willk\u00fcr T\u00fcr und Tor und gef\u00e4hrden die Unabh\u00e4ngigkeit der Justiz.  Die Senatoren der drei Oppositionsparteien kritisierten auch die Eile der Verabschiedung und die zu kurze Zeit f\u00fcr Diskussionen. Ihr \u00c4nderungsantr\u00e4ge prallten an der Mehrheit ab, aber zumindest die PNL will das Verfassungsgericht ersuchen, die Gesetze erneut zu pr\u00fcfen.<\/p>\n<p>&#13;<br \/>\n&#13;<\/p>\n<p>&#13;<br \/>\n&#13;<\/p>\n<p><em>\u201cEs wurden diesmal auch Vorschriften abge\u00e4ndert, die das Verfassungsgericht nicht f\u00fcr rechtswidrig gehalten hat und die in keine direkten Zusammenhang mit jenen stehen, die das Gericht ger\u00fcgt hat. Die neuen Texte verletzen also andere Entscheidungen des Verfassungsgerichts und die Rechtspraxis,<\/em>\u201d klagte Senator Ioan Cup\u015fa von den Liberalen.<\/p>\n<p>&#13;<br \/>\n&#13;<\/p>\n<p>&#13;<br \/>\n&#13;<\/p>\n<p>Senator \u015eerban Nicolae von den Sozialdemokraten lieferte sein Gegenargument: 90% der verabschiedeten Vorschriften stammten von den Berufsvereinen der Richter und Staatsanw\u00e4lte. Die Gesetze seien professionell und in gutem Glauben geschrieben worden: \u201c<em>Bis heute konnte niemand, weder in Br\u00fcssel noch in Bukarest, zeigen, welcher Passus das Justizsystem unter politische Kontrolle stellt und seine Unabh\u00e4ngigkeit beeintr\u00e4chtigt &#8211; und es ist leicht zu sagen, warum: es gibt n\u00e4mlich keinen solchen Passus,\u201d<\/em> \u00e4u\u200e\u00dferte sich Nicolae.<\/p>\n<p>&#13;<\/p>\n","protected":false},"excerpt":{"rendered":"<p>Die drei novellierten Justizverwaltungsgesetze haben auch die vorerst letzte H\u00fcrde genommen &#8211; sie passierten am Montag das Oberhaus als entscheidende Kammer und werden nun dem Pr\u00e4sidenten zwecks Inkraftsetzung \u00fcberstellt.<\/p>\n","protected":false},"author":106,"featured_media":72978,"comment_status":"closed","ping_status":"closed","sticky":false,"template":"","format":"standard","meta":{"_acf_changed":false,"footnotes":""},"categories":[99583],"tags":[103242,99625,99589],"coauthors":[],"class_list":["post-460645","post","type-post","status-publish","format-standard","has-post-thumbnail","hentry","category-rri-aktuell","tag-innenpolitik","tag-justiz","tag-rumaenien"],"acf":[],"yoast_head":"<!-- This site is optimized with the Yoast SEO plugin v27.3 - https:\/\/yoast.com\/product\/yoast-seo-wordpress\/ -->\n<title>Freie Bahn f\u00fcr rum\u00e4nische Justizreform - Radio Rum\u00e4nien International<\/title>\n<meta name=\"robots\" content=\"index, follow, max-snippet:-1, max-image-preview:large, max-video-preview:-1\" \/>\n<link rel=\"canonical\" href=\"https:\/\/www.rri.ro\/de\/aktuell\/rri-aktuell\/freie-bahn-fuer-rumaenische-justizreform-id460645.html\" \/>\n<meta property=\"og:locale\" content=\"de_DE\" \/>\n<meta property=\"og:type\" content=\"article\" \/>\n<meta property=\"og:title\" content=\"Freie Bahn f\u00fcr rum\u00e4nische Justizreform - Radio Rum\u00e4nien International\" \/>\n<meta property=\"og:description\" content=\"Die drei novellierten Justizverwaltungsgesetze haben auch die vorerst letzte H\u00fcrde genommen - sie passierten am Montag das Oberhaus als entscheidende Kammer und werden nun dem Pr\u00e4sidenten zwecks Inkraftsetzung \u00fcberstellt.\" \/>\n<meta property=\"og:url\" content=\"https:\/\/www.rri.ro\/de\/aktuell\/rri-aktuell\/freie-bahn-fuer-rumaenische-justizreform-id460645.html\" \/>\n<meta property=\"og:site_name\" content=\"Radio Rum\u00e4nien International\" \/>\n<meta property=\"article:published_time\" content=\"2018-03-27T13:51:00+00:00\" \/>\n<meta property=\"article:modified_time\" content=\"2024-02-19T18:37:26+00:00\" \/>\n<meta property=\"og:image\" content=\"https:\/\/www.rri.ro\/wp-content\/uploads\/2023\/10\/justitie-coruptie-lege-foto-facebook-gov.png\" \/>\n\t<meta property=\"og:image:width\" content=\"640\" \/>\n\t<meta property=\"og:image:height\" content=\"480\" \/>\n\t<meta property=\"og:image:type\" content=\"image\/png\" \/>\n<meta name=\"author\" content=\"Mihai Pelin\" \/>\n<meta name=\"twitter:card\" content=\"summary_large_image\" \/>\n<meta name=\"twitter:label1\" content=\"Verfasst von\" \/>\n\t<meta name=\"twitter:data1\" content=\"Mihai Pelin\" \/>\n\t<meta name=\"twitter:label2\" content=\"Gesch\u00e4tzte Lesezeit\" \/>\n\t<meta name=\"twitter:data2\" content=\"1\u00a0Minute\" \/>\n\t<meta name=\"twitter:label3\" content=\"Written by\" \/>\n\t<meta name=\"twitter:data3\" content=\"Mihai Pelin\" \/>\n<script type=\"application\/ld+json\" class=\"yoast-schema-graph\">{\"@context\":\"https:\\\/\\\/schema.org\",\"@graph\":[{\"@type\":\"Article\",\"@id\":\"https:\\\/\\\/www.rri.ro\\\/de\\\/aktuell\\\/rri-aktuell\\\/freie-bahn-fuer-rumaenische-justizreform-id460645.html#article\",\"isPartOf\":{\"@id\":\"https:\\\/\\\/www.rri.ro\\\/de\\\/aktuell\\\/rri-aktuell\\\/freie-bahn-fuer-rumaenische-justizreform-id460645.html\"},\"author\":{\"name\":\"Mihai Pelin\",\"@id\":\"https:\\\/\\\/www.rri.ro\\\/#\\\/schema\\\/person\\\/c6036c822534c855dc3aad41a484f05d\"},\"headline\":\"Freie Bahn f\u00fcr rum\u00e4nische Justizreform\",\"datePublished\":\"2018-03-27T13:51:00+00:00\",\"dateModified\":\"2024-02-19T18:37:26+00:00\",\"mainEntityOfPage\":{\"@id\":\"https:\\\/\\\/www.rri.ro\\\/de\\\/aktuell\\\/rri-aktuell\\\/freie-bahn-fuer-rumaenische-justizreform-id460645.html\"},\"wordCount\":288,\"image\":{\"@id\":\"https:\\\/\\\/www.rri.ro\\\/de\\\/aktuell\\\/rri-aktuell\\\/freie-bahn-fuer-rumaenische-justizreform-id460645.html#primaryimage\"},\"thumbnailUrl\":\"https:\\\/\\\/www.rri.ro\\\/wp-content\\\/uploads\\\/2023\\\/10\\\/justitie-coruptie-lege-foto-facebook-gov.png\",\"keywords\":[\"Innenpolitik\",\"Justiz\",\"Rum\u00e4nien\"],\"articleSection\":[\"RRI Aktuell\"],\"inLanguage\":\"de\"},{\"@type\":\"WebPage\",\"@id\":\"https:\\\/\\\/www.rri.ro\\\/de\\\/aktuell\\\/rri-aktuell\\\/freie-bahn-fuer-rumaenische-justizreform-id460645.html\",\"url\":\"https:\\\/\\\/www.rri.ro\\\/de\\\/aktuell\\\/rri-aktuell\\\/freie-bahn-fuer-rumaenische-justizreform-id460645.html\",\"name\":\"Freie Bahn f\u00fcr rum\u00e4nische Justizreform - Radio Rum\u00e4nien International\",\"isPartOf\":{\"@id\":\"https:\\\/\\\/www.rri.ro\\\/#website\"},\"primaryImageOfPage\":{\"@id\":\"https:\\\/\\\/www.rri.ro\\\/de\\\/aktuell\\\/rri-aktuell\\\/freie-bahn-fuer-rumaenische-justizreform-id460645.html#primaryimage\"},\"image\":{\"@id\":\"https:\\\/\\\/www.rri.ro\\\/de\\\/aktuell\\\/rri-aktuell\\\/freie-bahn-fuer-rumaenische-justizreform-id460645.html#primaryimage\"},\"thumbnailUrl\":\"https:\\\/\\\/www.rri.ro\\\/wp-content\\\/uploads\\\/2023\\\/10\\\/justitie-coruptie-lege-foto-facebook-gov.png\",\"datePublished\":\"2018-03-27T13:51:00+00:00\",\"dateModified\":\"2024-02-19T18:37:26+00:00\",\"author\":{\"@id\":\"https:\\\/\\\/www.rri.ro\\\/#\\\/schema\\\/person\\\/c6036c822534c855dc3aad41a484f05d\"},\"breadcrumb\":{\"@id\":\"https:\\\/\\\/www.rri.ro\\\/de\\\/aktuell\\\/rri-aktuell\\\/freie-bahn-fuer-rumaenische-justizreform-id460645.html#breadcrumb\"},\"inLanguage\":\"de\",\"potentialAction\":[{\"@type\":\"ReadAction\",\"target\":[\"https:\\\/\\\/www.rri.ro\\\/de\\\/aktuell\\\/rri-aktuell\\\/freie-bahn-fuer-rumaenische-justizreform-id460645.html\"]}]},{\"@type\":\"ImageObject\",\"inLanguage\":\"de\",\"@id\":\"https:\\\/\\\/www.rri.ro\\\/de\\\/aktuell\\\/rri-aktuell\\\/freie-bahn-fuer-rumaenische-justizreform-id460645.html#primaryimage\",\"url\":\"https:\\\/\\\/www.rri.ro\\\/wp-content\\\/uploads\\\/2023\\\/10\\\/justitie-coruptie-lege-foto-facebook-gov.png\",\"contentUrl\":\"https:\\\/\\\/www.rri.ro\\\/wp-content\\\/uploads\\\/2023\\\/10\\\/justitie-coruptie-lege-foto-facebook-gov.png\",\"width\":640,\"height\":480},{\"@type\":\"BreadcrumbList\",\"@id\":\"https:\\\/\\\/www.rri.ro\\\/de\\\/aktuell\\\/rri-aktuell\\\/freie-bahn-fuer-rumaenische-justizreform-id460645.html#breadcrumb\",\"itemListElement\":[{\"@type\":\"ListItem\",\"position\":1,\"name\":\"Startseite\",\"item\":\"https:\\\/\\\/www.rri.ro\\\/de\"},{\"@type\":\"ListItem\",\"position\":2,\"name\":\"Aktuell\",\"item\":\"https:\\\/\\\/www.rri.ro\\\/de\\\/aktuell\"},{\"@type\":\"ListItem\",\"position\":3,\"name\":\"RRI Aktuell\",\"item\":\"https:\\\/\\\/www.rri.ro\\\/de\\\/aktuell\\\/rri-aktuell\"},{\"@type\":\"ListItem\",\"position\":4,\"name\":\"Freie Bahn f\u00fcr rum\u00e4nische Justizreform\"}]},{\"@type\":\"WebSite\",\"@id\":\"https:\\\/\\\/www.rri.ro\\\/#website\",\"url\":\"https:\\\/\\\/www.rri.ro\\\/\",\"name\":\"Radio Rum\u00e4nien International\",\"description\":\"Totul despre Rom\u00e2nia \u015fi rom\u00e2ni, \u00een 13 limbi\\\/dialecte!\",\"inLanguage\":\"de\"},{\"@type\":\"Person\",\"@id\":\"https:\\\/\\\/www.rri.ro\\\/#\\\/schema\\\/person\\\/c6036c822534c855dc3aad41a484f05d\",\"name\":\"Mihai Pelin\",\"url\":\"https:\\\/\\\/www.rri.ro\\\/de\\\/author\\\/mihai-pelin\"}]}<\/script>\n<!-- \/ Yoast SEO plugin. -->","yoast_head_json":{"title":"Freie Bahn f\u00fcr rum\u00e4nische Justizreform - Radio Rum\u00e4nien International","robots":{"index":"index","follow":"follow","max-snippet":"max-snippet:-1","max-image-preview":"max-image-preview:large","max-video-preview":"max-video-preview:-1"},"canonical":"https:\/\/www.rri.ro\/de\/aktuell\/rri-aktuell\/freie-bahn-fuer-rumaenische-justizreform-id460645.html","og_locale":"de_DE","og_type":"article","og_title":"Freie Bahn f\u00fcr rum\u00e4nische Justizreform - Radio Rum\u00e4nien International","og_description":"Die drei novellierten Justizverwaltungsgesetze haben auch die vorerst letzte H\u00fcrde genommen - sie passierten am Montag das Oberhaus als entscheidende Kammer und werden nun dem Pr\u00e4sidenten zwecks Inkraftsetzung \u00fcberstellt.","og_url":"https:\/\/www.rri.ro\/de\/aktuell\/rri-aktuell\/freie-bahn-fuer-rumaenische-justizreform-id460645.html","og_site_name":"Radio Rum\u00e4nien International","article_published_time":"2018-03-27T13:51:00+00:00","article_modified_time":"2024-02-19T18:37:26+00:00","og_image":[{"width":640,"height":480,"url":"https:\/\/www.rri.ro\/wp-content\/uploads\/2023\/10\/justitie-coruptie-lege-foto-facebook-gov.png","type":"image\/png"}],"author":"Mihai Pelin","twitter_card":"summary_large_image","twitter_misc":{"Verfasst von":"Mihai Pelin","Gesch\u00e4tzte Lesezeit":"1\u00a0Minute","Written by":"Mihai Pelin"},"schema":{"@context":"https:\/\/schema.org","@graph":[{"@type":"Article","@id":"https:\/\/www.rri.ro\/de\/aktuell\/rri-aktuell\/freie-bahn-fuer-rumaenische-justizreform-id460645.html#article","isPartOf":{"@id":"https:\/\/www.rri.ro\/de\/aktuell\/rri-aktuell\/freie-bahn-fuer-rumaenische-justizreform-id460645.html"},"author":{"name":"Mihai Pelin","@id":"https:\/\/www.rri.ro\/#\/schema\/person\/c6036c822534c855dc3aad41a484f05d"},"headline":"Freie Bahn f\u00fcr rum\u00e4nische Justizreform","datePublished":"2018-03-27T13:51:00+00:00","dateModified":"2024-02-19T18:37:26+00:00","mainEntityOfPage":{"@id":"https:\/\/www.rri.ro\/de\/aktuell\/rri-aktuell\/freie-bahn-fuer-rumaenische-justizreform-id460645.html"},"wordCount":288,"image":{"@id":"https:\/\/www.rri.ro\/de\/aktuell\/rri-aktuell\/freie-bahn-fuer-rumaenische-justizreform-id460645.html#primaryimage"},"thumbnailUrl":"https:\/\/www.rri.ro\/wp-content\/uploads\/2023\/10\/justitie-coruptie-lege-foto-facebook-gov.png","keywords":["Innenpolitik","Justiz","Rum\u00e4nien"],"articleSection":["RRI Aktuell"],"inLanguage":"de"},{"@type":"WebPage","@id":"https:\/\/www.rri.ro\/de\/aktuell\/rri-aktuell\/freie-bahn-fuer-rumaenische-justizreform-id460645.html","url":"https:\/\/www.rri.ro\/de\/aktuell\/rri-aktuell\/freie-bahn-fuer-rumaenische-justizreform-id460645.html","name":"Freie Bahn f\u00fcr rum\u00e4nische Justizreform - Radio Rum\u00e4nien International","isPartOf":{"@id":"https:\/\/www.rri.ro\/#website"},"primaryImageOfPage":{"@id":"https:\/\/www.rri.ro\/de\/aktuell\/rri-aktuell\/freie-bahn-fuer-rumaenische-justizreform-id460645.html#primaryimage"},"image":{"@id":"https:\/\/www.rri.ro\/de\/aktuell\/rri-aktuell\/freie-bahn-fuer-rumaenische-justizreform-id460645.html#primaryimage"},"thumbnailUrl":"https:\/\/www.rri.ro\/wp-content\/uploads\/2023\/10\/justitie-coruptie-lege-foto-facebook-gov.png","datePublished":"2018-03-27T13:51:00+00:00","dateModified":"2024-02-19T18:37:26+00:00","author":{"@id":"https:\/\/www.rri.ro\/#\/schema\/person\/c6036c822534c855dc3aad41a484f05d"},"breadcrumb":{"@id":"https:\/\/www.rri.ro\/de\/aktuell\/rri-aktuell\/freie-bahn-fuer-rumaenische-justizreform-id460645.html#breadcrumb"},"inLanguage":"de","potentialAction":[{"@type":"ReadAction","target":["https:\/\/www.rri.ro\/de\/aktuell\/rri-aktuell\/freie-bahn-fuer-rumaenische-justizreform-id460645.html"]}]},{"@type":"ImageObject","inLanguage":"de","@id":"https:\/\/www.rri.ro\/de\/aktuell\/rri-aktuell\/freie-bahn-fuer-rumaenische-justizreform-id460645.html#primaryimage","url":"https:\/\/www.rri.ro\/wp-content\/uploads\/2023\/10\/justitie-coruptie-lege-foto-facebook-gov.png","contentUrl":"https:\/\/www.rri.ro\/wp-content\/uploads\/2023\/10\/justitie-coruptie-lege-foto-facebook-gov.png","width":640,"height":480},{"@type":"BreadcrumbList","@id":"https:\/\/www.rri.ro\/de\/aktuell\/rri-aktuell\/freie-bahn-fuer-rumaenische-justizreform-id460645.html#breadcrumb","itemListElement":[{"@type":"ListItem","position":1,"name":"Startseite","item":"https:\/\/www.rri.ro\/de"},{"@type":"ListItem","position":2,"name":"Aktuell","item":"https:\/\/www.rri.ro\/de\/aktuell"},{"@type":"ListItem","position":3,"name":"RRI Aktuell","item":"https:\/\/www.rri.ro\/de\/aktuell\/rri-aktuell"},{"@type":"ListItem","position":4,"name":"Freie Bahn f\u00fcr rum\u00e4nische Justizreform"}]},{"@type":"WebSite","@id":"https:\/\/www.rri.ro\/#website","url":"https:\/\/www.rri.ro\/","name":"Radio Rum\u00e4nien International","description":"Totul despre Rom\u00e2nia \u015fi rom\u00e2ni, \u00een 13 limbi\/dialecte!","inLanguage":"de"},{"@type":"Person","@id":"https:\/\/www.rri.ro\/#\/schema\/person\/c6036c822534c855dc3aad41a484f05d","name":"Mihai Pelin","url":"https:\/\/www.rri.ro\/de\/author\/mihai-pelin"}]}},"_links":{"self":[{"href":"https:\/\/www.rri.ro\/de\/wp-json\/wp\/v2\/posts\/460645","targetHints":{"allow":["GET"]}}],"collection":[{"href":"https:\/\/www.rri.ro\/de\/wp-json\/wp\/v2\/posts"}],"about":[{"href":"https:\/\/www.rri.ro\/de\/wp-json\/wp\/v2\/types\/post"}],"author":[{"embeddable":true,"href":"https:\/\/www.rri.ro\/de\/wp-json\/wp\/v2\/users\/106"}],"replies":[{"embeddable":true,"href":"https:\/\/www.rri.ro\/de\/wp-json\/wp\/v2\/comments?post=460645"}],"version-history":[{"count":0,"href":"https:\/\/www.rri.ro\/de\/wp-json\/wp\/v2\/posts\/460645\/revisions"}],"wp:featuredmedia":[{"embeddable":true,"href":"https:\/\/www.rri.ro\/de\/wp-json\/wp\/v2\/media\/72978"}],"wp:attachment":[{"href":"https:\/\/www.rri.ro\/de\/wp-json\/wp\/v2\/media?parent=460645"}],"wp:term":[{"taxonomy":"category","embeddable":true,"href":"https:\/\/www.rri.ro\/de\/wp-json\/wp\/v2\/categories?post=460645"},{"taxonomy":"post_tag","embeddable":true,"href":"https:\/\/www.rri.ro\/de\/wp-json\/wp\/v2\/tags?post=460645"},{"taxonomy":"author","embeddable":true,"href":"https:\/\/www.rri.ro\/de\/wp-json\/wp\/v2\/coauthors?post=460645"}],"curies":[{"name":"wp","href":"https:\/\/api.w.org\/{rel}","templated":true}]}}