{"id":460647,"date":"2018-03-29T16:17:00","date_gmt":"2018-03-29T13:17:00","guid":{"rendered":"http:\/\/devrri.freshlemon.ro\/aktuell\/suedrumaenische-landkreise-von-hochwasser-betroffen-id460647.html"},"modified":"2024-02-19T20:37:28","modified_gmt":"2024-02-19T18:37:28","slug":"suedrumaenische-landkreise-von-hochwasser-betroffen","status":"publish","type":"post","link":"https:\/\/www.rri.ro\/de\/aktuell\/rri-aktuell\/suedrumaenische-landkreise-von-hochwasser-betroffen-id460647.html","title":{"rendered":"S\u00fcdrum\u00e4nische Landkreise von Hochwasser betroffen"},"content":{"rendered":"<p>Aufgrund der heftigen Regenf\u00e4lle und des Tauwetters hat der Hochwassermeldedienst Warnungen der Stufe Gelb und Orange f\u00fcr die Fl\u00fcsse im S\u00fcden des Landes ausgerufen. Die Warnungen werden bis 6. April aufrechterhalten. F\u00fcr die Donauabschnitte  Calafat &#8211; Olteni\u0163a und Cernavod\u0103 &#8211; Gala\u0163i, sowie f\u00fcr das Donaudelta warnt der  Hochwassermeldedienst  auch f\u00fcr die kommende Woche vor steigendem Pegelstand. Auch der Wasserpegel der  Fl\u00fcsse im S\u00fcden des Landes ist besorgniserregend, in diesem Teil des Landes gilt eine Warnung der Stufe Orange. In der Landesmitte und im Nord-Westen gilt bis Freitag eine Hochwasserwarnung der Stufe Gelb. Die gr\u00f6\u200e\u00dften Sch\u00e4den entstanden im s\u00fcdrum\u00e4nischen Teleorman, 27 Ortschaften wurden von \u00dcberschwemmungen stark betroffen, Tausende Hektar Ackerland wurden vom Hochwasser zerst\u00f6rt.  Wegen des steigenden Pegelstands der Donau \u00fcberwachen die Beh\u00f6rden den aktuellen Stand der D\u00e4mme vorort.<\/p>\n<p>&#13;<br \/>\n&#13;<\/p>\n<p>&#13;<br \/>\nIm s\u00fcdrum\u00e4nischen Giurgiu wurde der Meldepegel von 640 cm \u00fcberschritten, am Ufer des Flusses wurden rund 400 Hektar Wald \u00fcberschwemmt. Auch in der Hafenstadt Br\u0103ila hat die Donau den Meldepegel von  610 cm \u00fcberschritten. Die Stadtverwaltung trifft alle Ma\u200e\u00dfnahmen, damit die Situation aus dem Jahr 2010 sich nicht wiederholt, als der Pegelstand der Donau 713 cm erreichte und die Promenade unter Wasser stand. Auch in Gala\u0163i ist der Pegelstand der Donau deutlich gestiegen. Die Donau hat ihren H\u00f6chststand in der ostrum\u00e4nischen Hafenstadt Juli 2010 erreicht. Damals lag der Wasserpegel bei 677 cm, die Promenade wurde \u00fcberschwemmt.<\/p>\n<p>&#13;<br \/>\n&#13;<\/p>\n<p>&#13;<br \/>\n&#13;<\/p>\n<p>Die Werft am Ufer der Donau wurde damals mit einem 4 km langen, anderthalb Meter hohen und aus Sands\u00e4cken gebauten Damm vor Hochwasser gesch\u00fctzt. Auch Teile der Promenade in Tulcea stehen unter Wasser. Die Lokalbeh\u00f6rden haben infolgedessen im Norden und Nord-Osten des Landkreises 16 Pumpwerke in Betrieb gesetzt und die zul\u00e4ssige H\u00f6chstgeschwindigkeit der Schiffe auf der Donau beschr\u00e4nkt, damit keine Wellen entstehen, die die D\u00e4mme zerreissen oder wegsp\u00fclen k\u00f6nnen. Die Einschr\u00e4nkungen sollen nur nach der Verbesserung der Wetterbedingungen aufgehoben werden. Im S\u00fcden des Landes werden einige D\u00f6rfer von Erdrutsch betroffen, infolgedessen wurden hunderte Menschen evakuiert.<\/p>\n<p>&#13;<br \/>\n&#13;<\/p>\n<p>&#13;<br \/>\n&#13;<\/p>\n<p>&#13;<br \/>\n&#13;<\/p>\n<p>&#13;<br \/>\n&#13;<\/p>\n<p>&#13;<br \/>\n&#13;<\/p>\n<p>&#13;<br \/>\n&#13;<\/p>\n<p>&#13;<br \/>\n&#13;<\/p>\n<p>&#13;<br \/>\n&#13;<\/p>\n<p>&#13;<br \/>\n&#13;<\/p>\n<p>&#13;<\/p>\n","protected":false},"excerpt":{"rendered":"<p>In den letzten zwei Wochen wurde das ganze Land von heftigem Unwetter betroffen. Im S\u00fcden und Zentrum des Landes besteht jetzt die Gefahr flutartiger \u00dcberschwemmungen, weil die Donau und andere Fl\u00fcsse ihren Meldepegel \u00fcberschritten haben.<\/p>\n","protected":false},"author":2,"featured_media":77121,"comment_status":"closed","ping_status":"closed","sticky":false,"template":"","format":"standard","meta":{"_acf_changed":false,"footnotes":""},"categories":[99583],"tags":[100087,39412,36289,155197,99974,154697,99722,104300,104301,146081,99723],"coauthors":[],"class_list":["post-460647","post","type-post","status-publish","format-standard","has-post-thumbnail","hentry","category-rri-aktuell","tag-ackerland","tag-braila","tag-delta","tag-donau-de","tag-donaudelta","tag-galati-de","tag-hochwasser","tag-hochwassermeldedienst","tag-pegelstand","tag-tulcea-de","tag-ueberschwemmungen"],"acf":[],"yoast_head":"<!-- This site is optimized with the Yoast SEO plugin v27.5 - https:\/\/yoast.com\/product\/yoast-seo-wordpress\/ -->\n<title>S\u00fcdrum\u00e4nische Landkreise von Hochwasser betroffen - Radio Rum\u00e4nien International<\/title>\n<meta name=\"robots\" content=\"index, follow, max-snippet:-1, max-image-preview:large, max-video-preview:-1\" \/>\n<link rel=\"canonical\" href=\"https:\/\/www.rri.ro\/de\/aktuell\/rri-aktuell\/suedrumaenische-landkreise-von-hochwasser-betroffen-id460647.html\" \/>\n<meta property=\"og:locale\" content=\"de_DE\" \/>\n<meta property=\"og:type\" content=\"article\" \/>\n<meta property=\"og:title\" content=\"S\u00fcdrum\u00e4nische Landkreise von Hochwasser betroffen - Radio Rum\u00e4nien International\" \/>\n<meta property=\"og:description\" content=\"In den letzten zwei Wochen wurde das ganze Land von heftigem Unwetter betroffen. Im S\u00fcden und Zentrum des Landes besteht jetzt die Gefahr flutartiger \u00dcberschwemmungen, weil die Donau und andere Fl\u00fcsse ihren Meldepegel \u00fcberschritten haben.\" \/>\n<meta property=\"og:url\" content=\"https:\/\/www.rri.ro\/de\/aktuell\/rri-aktuell\/suedrumaenische-landkreise-von-hochwasser-betroffen-id460647.html\" \/>\n<meta property=\"og:site_name\" content=\"Radio Rum\u00e4nien International\" \/>\n<meta property=\"article:published_time\" content=\"2018-03-29T13:17:00+00:00\" \/>\n<meta property=\"article:modified_time\" content=\"2024-02-19T18:37:28+00:00\" \/>\n<meta property=\"og:image\" content=\"https:\/\/www.rri.ro\/wp-content\/uploads\/2023\/10\/inundatii-lacul-suhaia-foto-igsu.png\" \/>\n\t<meta property=\"og:image:width\" content=\"640\" \/>\n\t<meta property=\"og:image:height\" content=\"427\" \/>\n\t<meta property=\"og:image:type\" content=\"image\/png\" \/>\n<meta name=\"author\" content=\"Rom\u00e2nia Interna\u021bional\" \/>\n<meta name=\"twitter:card\" content=\"summary_large_image\" \/>\n<meta name=\"twitter:label1\" content=\"Verfasst von\" \/>\n\t<meta name=\"twitter:data1\" content=\"Rom\u00e2nia Interna\u021bional\" \/>\n\t<meta name=\"twitter:label2\" content=\"Gesch\u00e4tzte Lesezeit\" \/>\n\t<meta name=\"twitter:data2\" content=\"2\u00a0Minuten\" \/>\n\t<meta name=\"twitter:label3\" content=\"Written by\" \/>\n\t<meta name=\"twitter:data3\" content=\"Rom\u00e2nia Interna\u021bional\" \/>\n<script type=\"application\/ld+json\" class=\"yoast-schema-graph\">{\"@context\":\"https:\\\/\\\/schema.org\",\"@graph\":[{\"@type\":\"Article\",\"@id\":\"https:\\\/\\\/www.rri.ro\\\/de\\\/aktuell\\\/rri-aktuell\\\/suedrumaenische-landkreise-von-hochwasser-betroffen-id460647.html#article\",\"isPartOf\":{\"@id\":\"https:\\\/\\\/www.rri.ro\\\/de\\\/aktuell\\\/rri-aktuell\\\/suedrumaenische-landkreise-von-hochwasser-betroffen-id460647.html\"},\"author\":{\"name\":\"Rom\u00e2nia Interna\u021bional\",\"@id\":\"https:\\\/\\\/www.rri.ro\\\/#\\\/schema\\\/person\\\/18fac491bccbfe149b92aea77ad60abd\"},\"headline\":\"S\u00fcdrum\u00e4nische Landkreise von Hochwasser betroffen\",\"datePublished\":\"2018-03-29T13:17:00+00:00\",\"dateModified\":\"2024-02-19T18:37:28+00:00\",\"mainEntityOfPage\":{\"@id\":\"https:\\\/\\\/www.rri.ro\\\/de\\\/aktuell\\\/rri-aktuell\\\/suedrumaenische-landkreise-von-hochwasser-betroffen-id460647.html\"},\"wordCount\":352,\"image\":{\"@id\":\"https:\\\/\\\/www.rri.ro\\\/de\\\/aktuell\\\/rri-aktuell\\\/suedrumaenische-landkreise-von-hochwasser-betroffen-id460647.html#primaryimage\"},\"thumbnailUrl\":\"https:\\\/\\\/www.rri.ro\\\/wp-content\\\/uploads\\\/2023\\\/10\\\/inundatii-lacul-suhaia-foto-igsu.png\",\"keywords\":[\"Ackerland\",\"Braila\",\"Delta\",\"Donau\",\"Donaudelta\",\"Galati\",\"Hochwasser\",\"Hochwassermeldedienst\",\"Pegelstand\",\"Tulcea\",\"\u00dcberschwemmungen\"],\"articleSection\":[\"RRI Aktuell\"],\"inLanguage\":\"de\"},{\"@type\":\"WebPage\",\"@id\":\"https:\\\/\\\/www.rri.ro\\\/de\\\/aktuell\\\/rri-aktuell\\\/suedrumaenische-landkreise-von-hochwasser-betroffen-id460647.html\",\"url\":\"https:\\\/\\\/www.rri.ro\\\/de\\\/aktuell\\\/rri-aktuell\\\/suedrumaenische-landkreise-von-hochwasser-betroffen-id460647.html\",\"name\":\"S\u00fcdrum\u00e4nische Landkreise von Hochwasser betroffen - Radio Rum\u00e4nien International\",\"isPartOf\":{\"@id\":\"https:\\\/\\\/www.rri.ro\\\/#website\"},\"primaryImageOfPage\":{\"@id\":\"https:\\\/\\\/www.rri.ro\\\/de\\\/aktuell\\\/rri-aktuell\\\/suedrumaenische-landkreise-von-hochwasser-betroffen-id460647.html#primaryimage\"},\"image\":{\"@id\":\"https:\\\/\\\/www.rri.ro\\\/de\\\/aktuell\\\/rri-aktuell\\\/suedrumaenische-landkreise-von-hochwasser-betroffen-id460647.html#primaryimage\"},\"thumbnailUrl\":\"https:\\\/\\\/www.rri.ro\\\/wp-content\\\/uploads\\\/2023\\\/10\\\/inundatii-lacul-suhaia-foto-igsu.png\",\"datePublished\":\"2018-03-29T13:17:00+00:00\",\"dateModified\":\"2024-02-19T18:37:28+00:00\",\"author\":{\"@id\":\"https:\\\/\\\/www.rri.ro\\\/#\\\/schema\\\/person\\\/18fac491bccbfe149b92aea77ad60abd\"},\"breadcrumb\":{\"@id\":\"https:\\\/\\\/www.rri.ro\\\/de\\\/aktuell\\\/rri-aktuell\\\/suedrumaenische-landkreise-von-hochwasser-betroffen-id460647.html#breadcrumb\"},\"inLanguage\":\"de\",\"potentialAction\":[{\"@type\":\"ReadAction\",\"target\":[\"https:\\\/\\\/www.rri.ro\\\/de\\\/aktuell\\\/rri-aktuell\\\/suedrumaenische-landkreise-von-hochwasser-betroffen-id460647.html\"]}]},{\"@type\":\"ImageObject\",\"inLanguage\":\"de\",\"@id\":\"https:\\\/\\\/www.rri.ro\\\/de\\\/aktuell\\\/rri-aktuell\\\/suedrumaenische-landkreise-von-hochwasser-betroffen-id460647.html#primaryimage\",\"url\":\"https:\\\/\\\/www.rri.ro\\\/wp-content\\\/uploads\\\/2023\\\/10\\\/inundatii-lacul-suhaia-foto-igsu.png\",\"contentUrl\":\"https:\\\/\\\/www.rri.ro\\\/wp-content\\\/uploads\\\/2023\\\/10\\\/inundatii-lacul-suhaia-foto-igsu.png\",\"width\":640,\"height\":427},{\"@type\":\"BreadcrumbList\",\"@id\":\"https:\\\/\\\/www.rri.ro\\\/de\\\/aktuell\\\/rri-aktuell\\\/suedrumaenische-landkreise-von-hochwasser-betroffen-id460647.html#breadcrumb\",\"itemListElement\":[{\"@type\":\"ListItem\",\"position\":1,\"name\":\"Startseite\",\"item\":\"https:\\\/\\\/www.rri.ro\\\/de\"},{\"@type\":\"ListItem\",\"position\":2,\"name\":\"Aktuell\",\"item\":\"https:\\\/\\\/www.rri.ro\\\/de\\\/aktuell\"},{\"@type\":\"ListItem\",\"position\":3,\"name\":\"RRI Aktuell\",\"item\":\"https:\\\/\\\/www.rri.ro\\\/de\\\/aktuell\\\/rri-aktuell\"},{\"@type\":\"ListItem\",\"position\":4,\"name\":\"S\u00fcdrum\u00e4nische Landkreise von Hochwasser betroffen\"}]},{\"@type\":\"WebSite\",\"@id\":\"https:\\\/\\\/www.rri.ro\\\/#website\",\"url\":\"https:\\\/\\\/www.rri.ro\\\/\",\"name\":\"Radio Rum\u00e4nien International\",\"description\":\"Totul despre Rom\u00e2nia \u015fi rom\u00e2ni, \u00een 13 limbi\\\/dialecte!\",\"inLanguage\":\"de\"},{\"@type\":\"Person\",\"@id\":\"https:\\\/\\\/www.rri.ro\\\/#\\\/schema\\\/person\\\/18fac491bccbfe149b92aea77ad60abd\",\"name\":\"Rom\u00e2nia Interna\u021bional\",\"url\":\"https:\\\/\\\/www.rri.ro\\\/de\\\/author\\\/redactia\"}]}<\/script>\n<!-- \/ Yoast SEO plugin. -->","yoast_head_json":{"title":"S\u00fcdrum\u00e4nische Landkreise von Hochwasser betroffen - Radio Rum\u00e4nien International","robots":{"index":"index","follow":"follow","max-snippet":"max-snippet:-1","max-image-preview":"max-image-preview:large","max-video-preview":"max-video-preview:-1"},"canonical":"https:\/\/www.rri.ro\/de\/aktuell\/rri-aktuell\/suedrumaenische-landkreise-von-hochwasser-betroffen-id460647.html","og_locale":"de_DE","og_type":"article","og_title":"S\u00fcdrum\u00e4nische Landkreise von Hochwasser betroffen - Radio Rum\u00e4nien International","og_description":"In den letzten zwei Wochen wurde das ganze Land von heftigem Unwetter betroffen. Im S\u00fcden und Zentrum des Landes besteht jetzt die Gefahr flutartiger \u00dcberschwemmungen, weil die Donau und andere Fl\u00fcsse ihren Meldepegel \u00fcberschritten haben.","og_url":"https:\/\/www.rri.ro\/de\/aktuell\/rri-aktuell\/suedrumaenische-landkreise-von-hochwasser-betroffen-id460647.html","og_site_name":"Radio Rum\u00e4nien International","article_published_time":"2018-03-29T13:17:00+00:00","article_modified_time":"2024-02-19T18:37:28+00:00","og_image":[{"width":640,"height":427,"url":"https:\/\/www.rri.ro\/wp-content\/uploads\/2023\/10\/inundatii-lacul-suhaia-foto-igsu.png","type":"image\/png"}],"author":"Rom\u00e2nia Interna\u021bional","twitter_card":"summary_large_image","twitter_misc":{"Verfasst von":"Rom\u00e2nia Interna\u021bional","Gesch\u00e4tzte Lesezeit":"2\u00a0Minuten","Written by":"Rom\u00e2nia Interna\u021bional"},"schema":{"@context":"https:\/\/schema.org","@graph":[{"@type":"Article","@id":"https:\/\/www.rri.ro\/de\/aktuell\/rri-aktuell\/suedrumaenische-landkreise-von-hochwasser-betroffen-id460647.html#article","isPartOf":{"@id":"https:\/\/www.rri.ro\/de\/aktuell\/rri-aktuell\/suedrumaenische-landkreise-von-hochwasser-betroffen-id460647.html"},"author":{"name":"Rom\u00e2nia Interna\u021bional","@id":"https:\/\/www.rri.ro\/#\/schema\/person\/18fac491bccbfe149b92aea77ad60abd"},"headline":"S\u00fcdrum\u00e4nische Landkreise von Hochwasser betroffen","datePublished":"2018-03-29T13:17:00+00:00","dateModified":"2024-02-19T18:37:28+00:00","mainEntityOfPage":{"@id":"https:\/\/www.rri.ro\/de\/aktuell\/rri-aktuell\/suedrumaenische-landkreise-von-hochwasser-betroffen-id460647.html"},"wordCount":352,"image":{"@id":"https:\/\/www.rri.ro\/de\/aktuell\/rri-aktuell\/suedrumaenische-landkreise-von-hochwasser-betroffen-id460647.html#primaryimage"},"thumbnailUrl":"https:\/\/www.rri.ro\/wp-content\/uploads\/2023\/10\/inundatii-lacul-suhaia-foto-igsu.png","keywords":["Ackerland","Braila","Delta","Donau","Donaudelta","Galati","Hochwasser","Hochwassermeldedienst","Pegelstand","Tulcea","\u00dcberschwemmungen"],"articleSection":["RRI Aktuell"],"inLanguage":"de"},{"@type":"WebPage","@id":"https:\/\/www.rri.ro\/de\/aktuell\/rri-aktuell\/suedrumaenische-landkreise-von-hochwasser-betroffen-id460647.html","url":"https:\/\/www.rri.ro\/de\/aktuell\/rri-aktuell\/suedrumaenische-landkreise-von-hochwasser-betroffen-id460647.html","name":"S\u00fcdrum\u00e4nische Landkreise von Hochwasser betroffen - Radio Rum\u00e4nien International","isPartOf":{"@id":"https:\/\/www.rri.ro\/#website"},"primaryImageOfPage":{"@id":"https:\/\/www.rri.ro\/de\/aktuell\/rri-aktuell\/suedrumaenische-landkreise-von-hochwasser-betroffen-id460647.html#primaryimage"},"image":{"@id":"https:\/\/www.rri.ro\/de\/aktuell\/rri-aktuell\/suedrumaenische-landkreise-von-hochwasser-betroffen-id460647.html#primaryimage"},"thumbnailUrl":"https:\/\/www.rri.ro\/wp-content\/uploads\/2023\/10\/inundatii-lacul-suhaia-foto-igsu.png","datePublished":"2018-03-29T13:17:00+00:00","dateModified":"2024-02-19T18:37:28+00:00","author":{"@id":"https:\/\/www.rri.ro\/#\/schema\/person\/18fac491bccbfe149b92aea77ad60abd"},"breadcrumb":{"@id":"https:\/\/www.rri.ro\/de\/aktuell\/rri-aktuell\/suedrumaenische-landkreise-von-hochwasser-betroffen-id460647.html#breadcrumb"},"inLanguage":"de","potentialAction":[{"@type":"ReadAction","target":["https:\/\/www.rri.ro\/de\/aktuell\/rri-aktuell\/suedrumaenische-landkreise-von-hochwasser-betroffen-id460647.html"]}]},{"@type":"ImageObject","inLanguage":"de","@id":"https:\/\/www.rri.ro\/de\/aktuell\/rri-aktuell\/suedrumaenische-landkreise-von-hochwasser-betroffen-id460647.html#primaryimage","url":"https:\/\/www.rri.ro\/wp-content\/uploads\/2023\/10\/inundatii-lacul-suhaia-foto-igsu.png","contentUrl":"https:\/\/www.rri.ro\/wp-content\/uploads\/2023\/10\/inundatii-lacul-suhaia-foto-igsu.png","width":640,"height":427},{"@type":"BreadcrumbList","@id":"https:\/\/www.rri.ro\/de\/aktuell\/rri-aktuell\/suedrumaenische-landkreise-von-hochwasser-betroffen-id460647.html#breadcrumb","itemListElement":[{"@type":"ListItem","position":1,"name":"Startseite","item":"https:\/\/www.rri.ro\/de"},{"@type":"ListItem","position":2,"name":"Aktuell","item":"https:\/\/www.rri.ro\/de\/aktuell"},{"@type":"ListItem","position":3,"name":"RRI Aktuell","item":"https:\/\/www.rri.ro\/de\/aktuell\/rri-aktuell"},{"@type":"ListItem","position":4,"name":"S\u00fcdrum\u00e4nische Landkreise von Hochwasser betroffen"}]},{"@type":"WebSite","@id":"https:\/\/www.rri.ro\/#website","url":"https:\/\/www.rri.ro\/","name":"Radio Rum\u00e4nien International","description":"Totul despre Rom\u00e2nia \u015fi rom\u00e2ni, \u00een 13 limbi\/dialecte!","inLanguage":"de"},{"@type":"Person","@id":"https:\/\/www.rri.ro\/#\/schema\/person\/18fac491bccbfe149b92aea77ad60abd","name":"Rom\u00e2nia Interna\u021bional","url":"https:\/\/www.rri.ro\/de\/author\/redactia"}]}},"_links":{"self":[{"href":"https:\/\/www.rri.ro\/de\/wp-json\/wp\/v2\/posts\/460647","targetHints":{"allow":["GET"]}}],"collection":[{"href":"https:\/\/www.rri.ro\/de\/wp-json\/wp\/v2\/posts"}],"about":[{"href":"https:\/\/www.rri.ro\/de\/wp-json\/wp\/v2\/types\/post"}],"author":[{"embeddable":true,"href":"https:\/\/www.rri.ro\/de\/wp-json\/wp\/v2\/users\/2"}],"replies":[{"embeddable":true,"href":"https:\/\/www.rri.ro\/de\/wp-json\/wp\/v2\/comments?post=460647"}],"version-history":[{"count":0,"href":"https:\/\/www.rri.ro\/de\/wp-json\/wp\/v2\/posts\/460647\/revisions"}],"wp:featuredmedia":[{"embeddable":true,"href":"https:\/\/www.rri.ro\/de\/wp-json\/wp\/v2\/media\/77121"}],"wp:attachment":[{"href":"https:\/\/www.rri.ro\/de\/wp-json\/wp\/v2\/media?parent=460647"}],"wp:term":[{"taxonomy":"category","embeddable":true,"href":"https:\/\/www.rri.ro\/de\/wp-json\/wp\/v2\/categories?post=460647"},{"taxonomy":"post_tag","embeddable":true,"href":"https:\/\/www.rri.ro\/de\/wp-json\/wp\/v2\/tags?post=460647"},{"taxonomy":"author","embeddable":true,"href":"https:\/\/www.rri.ro\/de\/wp-json\/wp\/v2\/coauthors?post=460647"}],"curies":[{"name":"wp","href":"https:\/\/api.w.org\/{rel}","templated":true}]}}