{"id":460648,"date":"2018-03-30T17:05:00","date_gmt":"2018-03-30T14:05:00","guid":{"rendered":"http:\/\/devrri.freshlemon.ro\/aktuell\/rumaenische-landesbank-warum-ist-die-inflation-gestiegen-id460648.html"},"modified":"2024-02-19T20:37:29","modified_gmt":"2024-02-19T18:37:29","slug":"rumaenische-landesbank-warum-ist-die-inflation-gestiegen","status":"publish","type":"post","link":"https:\/\/www.rri.ro\/de\/aktuell\/rri-aktuell\/rumaenische-landesbank-warum-ist-die-inflation-gestiegen-id460648.html","title":{"rendered":"Rum\u00e4nische Landesbank: Warum ist die Inflation gestiegen?"},"content":{"rendered":"<p>Die Rum\u00e4nische Nationalbank hat keine Macht \u00fcber die verwalteten Preise oder \u00fcber die Steuerpolitik, au\u200e\u00dfer einen Dialog zu f\u00fchren und L\u00f6sungen zu finden, die das Gleichgewicht in der Wirtschaft erhalten. Dies erkl\u00e4rte Governeuer Mugur Is\u0103rescu bei der Sitzung des Wirtschaftsausschusses des Senats. Er sagte, dass die Inflation in den letzen drei Jahren dank der Steuerpolitikma\u200e\u00dfnahmen niedrig war.<\/p>\n<p>&#13;<br \/>\n&#13;<\/p>\n<p>&#13;<br \/>\n&#13;<\/p>\n<p>Mugur Is\u0103rescu: <em>Unser Ziel ist die Inflation, wir haben aber indirekte Werkzeuge. Wir haben keine Macht, auf den Markt, in ein Gesch\u00e4ft zu gehen und zu sagen: Warum hast du diesen Preis festgelegt? Wir haben auch auf die verwalteten Preise keinen Einfluss, also auf die Preise, die von der Regierung festgelegt werden. Wir haben keine Macht \u00fcber die Steuerpolitik au\u200e\u00dfer der Zusammenarbeit, Gespr\u00e4che, den Dialog und die Ermittlung eines Mixes, der die Sachen, die Gleichgewichte in der Wirtschaft unter Kontrolle halten soll\u201c.<\/em><\/p>\n<p>&#13;<br \/>\n&#13;<\/p>\n<p>&#13;<br \/>\n&#13;<\/p>\n<p>Die Zentralbank hat dieses Jahr den Leitzins zweimal, von 1,75% bis auf 2,25% angebhoben, gerade um die Inflationssteigerung zu bek\u00e4mpfen und diese auf eine absteigende Tendenz zu f\u00fchren. Es waren die ersten Entscheidungen dieser Art in den letzten zehn Jahren. Der j\u00e4hrliche Inflationsindex betrug Ende letzen Jahres 3,3% vor dem Hintergrund der Verteuerung von Lebensmitteln und Non-Food-Produkten. Die Rum\u00e4nische Landesbank \u00fcberarbeitete die Inflationsprognose f\u00fcr das Jahresende nach oben auf 3,5 Prozent. Was die Lage im Ausland angeht, erkl\u00e4rte Is\u0103rescu, dass in den L\u00e4ndern der Region, mit denen Rum\u00e4nien vergliechbar ist, der Leitzins nicht angehoben wurde, weil weder die Inflation, noch die Lokalw\u00e4hrungen negative Entwicklungen verzeichnet haben.<\/p>\n<p>&#13;<br \/>\n&#13;<\/p>\n<p>&#13;<br \/>\n&#13;<\/p>\n<p>Mugur Is\u0103rescu: <em>Der j\u00e4hrliche Inflationsindex betr\u00e4gt derzeit <\/em><em>1,8% in Tschechien, verglichen mit einem Ziel von 2%, 1,4% in Polen, bezogen auf ein Ziel von 2,5% und 1,9% in Ungarn, verglichen mit dem Ziel von 3%. Dar\u00fcber hinaus gibt es in all diesen L\u00e4ndern einen Druck in Richtung Aufwertung der Landesw\u00e4hrungen, im Vergleich zu Rum\u00e4nien, wo vor dem Hintergrund einer betr\u00e4chtlichen Steigerung des Leistungsbilanzdefizits, Druck in Richtung Entwertung der Landesw\u00e4hrung Leu gibt\u201c.<\/em><\/p>\n<p>&#13;<br \/>\n&#13;<\/p>\n<p>&#13;<br \/>\n&#13;<\/p>\n<p>Mugur Is\u0103rescu verwies darauf, dass die drei angegebenen L\u00e4nder einen Leistungsbilanz\u00fcberschuss verzeichnen, w\u00e4hrend Rum\u00e4nien ein Defizit von 3,4% des BIP, das drittgr\u00f6\u200e\u00dfte EU-weit schreibt. Und dieses tendiert weiterhin zu steigen. Deshalb glaubt der Zentralbankgouvernueur, dass in einem Kontext, der auch von den ausl\u00e4ndischen Entwicklungen in der Wirtschaft gekennzeichnet wird, die Nationalbank die passendsten Ma\u200e\u00dfnahmen getroffen hat. Das auch wenn es Meinungen gibt, laut denen sie zu aggressiv vorgegangen sei. Experten meinen aber, die W\u00e4hrungspolitik h\u00e4tte noch restriktiver sein m\u00fcssen. Der Zentralbankgouverneur pr\u00e4zisierte auch, dass so wie der IWF gewarnt hat, falls die Steuerpolitik die W\u00e4hrungspolitik nicht unterst\u00fctzen wird, weitere Zinssteigerungen m\u00f6glich seien.<\/p>\n<p>&#13;<\/p>\n","protected":false},"excerpt":{"rendered":"<p>Der Landesbankgouverneur ist von dem Wirtschaftsausschuss des Senats angeh\u00f6rt worden, um die Gr\u00fcnde zu erl\u00e4utern, warum die Inflation und die Zinsen in den letzen Monaten gestiegen sind.<\/p>\n","protected":false},"author":107,"featured_media":77149,"comment_status":"closed","ping_status":"closed","sticky":false,"template":"","format":"standard","meta":{"_acf_changed":false,"footnotes":""},"categories":[99583],"tags":[104302,104303,99811],"coauthors":[],"class_list":["post-460648","post","type-post","status-publish","format-standard","has-post-thumbnail","hentry","category-rri-aktuell","tag-inflationsindex","tag-landesbankgouverneur-mugur-isarescu","tag-zinsen"],"acf":[],"yoast_head":"<!-- This site is optimized with the Yoast SEO plugin v27.5 - https:\/\/yoast.com\/product\/yoast-seo-wordpress\/ -->\n<title>Rum\u00e4nische Landesbank: Warum ist die Inflation gestiegen? - Radio Rum\u00e4nien International<\/title>\n<meta name=\"robots\" content=\"index, follow, max-snippet:-1, max-image-preview:large, max-video-preview:-1\" \/>\n<link rel=\"canonical\" href=\"https:\/\/www.rri.ro\/de\/aktuell\/rri-aktuell\/rumaenische-landesbank-warum-ist-die-inflation-gestiegen-id460648.html\" \/>\n<meta property=\"og:locale\" content=\"de_DE\" \/>\n<meta property=\"og:type\" content=\"article\" \/>\n<meta property=\"og:title\" content=\"Rum\u00e4nische Landesbank: Warum ist die Inflation gestiegen? - Radio Rum\u00e4nien International\" \/>\n<meta property=\"og:description\" content=\"Der Landesbankgouverneur ist von dem Wirtschaftsausschuss des Senats angeh\u00f6rt worden, um die Gr\u00fcnde zu erl\u00e4utern, warum die Inflation und die Zinsen in den letzen Monaten gestiegen sind.\" \/>\n<meta property=\"og:url\" content=\"https:\/\/www.rri.ro\/de\/aktuell\/rri-aktuell\/rumaenische-landesbank-warum-ist-die-inflation-gestiegen-id460648.html\" \/>\n<meta property=\"og:site_name\" content=\"Radio Rum\u00e4nien International\" \/>\n<meta property=\"article:published_time\" content=\"2018-03-30T14:05:00+00:00\" \/>\n<meta property=\"article:modified_time\" content=\"2024-02-19T18:37:29+00:00\" \/>\n<meta property=\"og:image\" content=\"https:\/\/www.rri.ro\/wp-content\/uploads\/2023\/10\/Isarescu.jpg\" \/>\n\t<meta property=\"og:image:width\" content=\"640\" \/>\n\t<meta property=\"og:image:height\" content=\"480\" \/>\n\t<meta property=\"og:image:type\" content=\"image\/png\" \/>\n<meta name=\"author\" content=\"Daniela Budu\" \/>\n<meta name=\"twitter:card\" content=\"summary_large_image\" \/>\n<meta name=\"twitter:label1\" content=\"Verfasst von\" \/>\n\t<meta name=\"twitter:data1\" content=\"Daniela Budu\" \/>\n\t<meta name=\"twitter:label2\" content=\"Gesch\u00e4tzte Lesezeit\" \/>\n\t<meta name=\"twitter:data2\" content=\"2\u00a0Minuten\" \/>\n\t<meta name=\"twitter:label3\" content=\"Written by\" \/>\n\t<meta name=\"twitter:data3\" content=\"Daniela Budu\" \/>\n<script type=\"application\/ld+json\" class=\"yoast-schema-graph\">{\"@context\":\"https:\\\/\\\/schema.org\",\"@graph\":[{\"@type\":\"Article\",\"@id\":\"https:\\\/\\\/www.rri.ro\\\/de\\\/aktuell\\\/rri-aktuell\\\/rumaenische-landesbank-warum-ist-die-inflation-gestiegen-id460648.html#article\",\"isPartOf\":{\"@id\":\"https:\\\/\\\/www.rri.ro\\\/de\\\/aktuell\\\/rri-aktuell\\\/rumaenische-landesbank-warum-ist-die-inflation-gestiegen-id460648.html\"},\"author\":{\"name\":\"Daniela Budu\",\"@id\":\"https:\\\/\\\/www.rri.ro\\\/#\\\/schema\\\/person\\\/b46b8f80d7d6e4b5ac9f14f0acbad0c4\"},\"headline\":\"Rum\u00e4nische Landesbank: Warum ist die Inflation gestiegen?\",\"datePublished\":\"2018-03-30T14:05:00+00:00\",\"dateModified\":\"2024-02-19T18:37:29+00:00\",\"mainEntityOfPage\":{\"@id\":\"https:\\\/\\\/www.rri.ro\\\/de\\\/aktuell\\\/rri-aktuell\\\/rumaenische-landesbank-warum-ist-die-inflation-gestiegen-id460648.html\"},\"wordCount\":460,\"image\":{\"@id\":\"https:\\\/\\\/www.rri.ro\\\/de\\\/aktuell\\\/rri-aktuell\\\/rumaenische-landesbank-warum-ist-die-inflation-gestiegen-id460648.html#primaryimage\"},\"thumbnailUrl\":\"https:\\\/\\\/www.rri.ro\\\/wp-content\\\/uploads\\\/2023\\\/10\\\/Isarescu.jpg\",\"keywords\":[\"Inflationsindex\",\"Landesbankgouverneur Mugur Isarescu\",\"Zinsen\"],\"articleSection\":[\"RRI Aktuell\"],\"inLanguage\":\"de\"},{\"@type\":\"WebPage\",\"@id\":\"https:\\\/\\\/www.rri.ro\\\/de\\\/aktuell\\\/rri-aktuell\\\/rumaenische-landesbank-warum-ist-die-inflation-gestiegen-id460648.html\",\"url\":\"https:\\\/\\\/www.rri.ro\\\/de\\\/aktuell\\\/rri-aktuell\\\/rumaenische-landesbank-warum-ist-die-inflation-gestiegen-id460648.html\",\"name\":\"Rum\u00e4nische Landesbank: Warum ist die Inflation gestiegen? - Radio Rum\u00e4nien International\",\"isPartOf\":{\"@id\":\"https:\\\/\\\/www.rri.ro\\\/#website\"},\"primaryImageOfPage\":{\"@id\":\"https:\\\/\\\/www.rri.ro\\\/de\\\/aktuell\\\/rri-aktuell\\\/rumaenische-landesbank-warum-ist-die-inflation-gestiegen-id460648.html#primaryimage\"},\"image\":{\"@id\":\"https:\\\/\\\/www.rri.ro\\\/de\\\/aktuell\\\/rri-aktuell\\\/rumaenische-landesbank-warum-ist-die-inflation-gestiegen-id460648.html#primaryimage\"},\"thumbnailUrl\":\"https:\\\/\\\/www.rri.ro\\\/wp-content\\\/uploads\\\/2023\\\/10\\\/Isarescu.jpg\",\"datePublished\":\"2018-03-30T14:05:00+00:00\",\"dateModified\":\"2024-02-19T18:37:29+00:00\",\"author\":{\"@id\":\"https:\\\/\\\/www.rri.ro\\\/#\\\/schema\\\/person\\\/b46b8f80d7d6e4b5ac9f14f0acbad0c4\"},\"breadcrumb\":{\"@id\":\"https:\\\/\\\/www.rri.ro\\\/de\\\/aktuell\\\/rri-aktuell\\\/rumaenische-landesbank-warum-ist-die-inflation-gestiegen-id460648.html#breadcrumb\"},\"inLanguage\":\"de\",\"potentialAction\":[{\"@type\":\"ReadAction\",\"target\":[\"https:\\\/\\\/www.rri.ro\\\/de\\\/aktuell\\\/rri-aktuell\\\/rumaenische-landesbank-warum-ist-die-inflation-gestiegen-id460648.html\"]}]},{\"@type\":\"ImageObject\",\"inLanguage\":\"de\",\"@id\":\"https:\\\/\\\/www.rri.ro\\\/de\\\/aktuell\\\/rri-aktuell\\\/rumaenische-landesbank-warum-ist-die-inflation-gestiegen-id460648.html#primaryimage\",\"url\":\"https:\\\/\\\/www.rri.ro\\\/wp-content\\\/uploads\\\/2023\\\/10\\\/Isarescu.jpg\",\"contentUrl\":\"https:\\\/\\\/www.rri.ro\\\/wp-content\\\/uploads\\\/2023\\\/10\\\/Isarescu.jpg\",\"width\":640,\"height\":480},{\"@type\":\"BreadcrumbList\",\"@id\":\"https:\\\/\\\/www.rri.ro\\\/de\\\/aktuell\\\/rri-aktuell\\\/rumaenische-landesbank-warum-ist-die-inflation-gestiegen-id460648.html#breadcrumb\",\"itemListElement\":[{\"@type\":\"ListItem\",\"position\":1,\"name\":\"Startseite\",\"item\":\"https:\\\/\\\/www.rri.ro\\\/de\"},{\"@type\":\"ListItem\",\"position\":2,\"name\":\"Aktuell\",\"item\":\"https:\\\/\\\/www.rri.ro\\\/de\\\/aktuell\"},{\"@type\":\"ListItem\",\"position\":3,\"name\":\"RRI Aktuell\",\"item\":\"https:\\\/\\\/www.rri.ro\\\/de\\\/aktuell\\\/rri-aktuell\"},{\"@type\":\"ListItem\",\"position\":4,\"name\":\"Rum\u00e4nische Landesbank: Warum ist die Inflation gestiegen?\"}]},{\"@type\":\"WebSite\",\"@id\":\"https:\\\/\\\/www.rri.ro\\\/#website\",\"url\":\"https:\\\/\\\/www.rri.ro\\\/\",\"name\":\"Radio Rum\u00e4nien International\",\"description\":\"Totul despre Rom\u00e2nia \u015fi rom\u00e2ni, \u00een 13 limbi\\\/dialecte!\",\"inLanguage\":\"de\"},{\"@type\":\"Person\",\"@id\":\"https:\\\/\\\/www.rri.ro\\\/#\\\/schema\\\/person\\\/b46b8f80d7d6e4b5ac9f14f0acbad0c4\",\"name\":\"Daniela Budu\",\"url\":\"https:\\\/\\\/www.rri.ro\\\/de\\\/author\\\/daniela-budu\"}]}<\/script>\n<!-- \/ Yoast SEO plugin. -->","yoast_head_json":{"title":"Rum\u00e4nische Landesbank: Warum ist die Inflation gestiegen? - Radio Rum\u00e4nien International","robots":{"index":"index","follow":"follow","max-snippet":"max-snippet:-1","max-image-preview":"max-image-preview:large","max-video-preview":"max-video-preview:-1"},"canonical":"https:\/\/www.rri.ro\/de\/aktuell\/rri-aktuell\/rumaenische-landesbank-warum-ist-die-inflation-gestiegen-id460648.html","og_locale":"de_DE","og_type":"article","og_title":"Rum\u00e4nische Landesbank: Warum ist die Inflation gestiegen? - Radio Rum\u00e4nien International","og_description":"Der Landesbankgouverneur ist von dem Wirtschaftsausschuss des Senats angeh\u00f6rt worden, um die Gr\u00fcnde zu erl\u00e4utern, warum die Inflation und die Zinsen in den letzen Monaten gestiegen sind.","og_url":"https:\/\/www.rri.ro\/de\/aktuell\/rri-aktuell\/rumaenische-landesbank-warum-ist-die-inflation-gestiegen-id460648.html","og_site_name":"Radio Rum\u00e4nien International","article_published_time":"2018-03-30T14:05:00+00:00","article_modified_time":"2024-02-19T18:37:29+00:00","og_image":[{"width":640,"height":480,"url":"https:\/\/www.rri.ro\/wp-content\/uploads\/2023\/10\/Isarescu.jpg","type":"image\/png"}],"author":"Daniela Budu","twitter_card":"summary_large_image","twitter_misc":{"Verfasst von":"Daniela Budu","Gesch\u00e4tzte Lesezeit":"2\u00a0Minuten","Written by":"Daniela Budu"},"schema":{"@context":"https:\/\/schema.org","@graph":[{"@type":"Article","@id":"https:\/\/www.rri.ro\/de\/aktuell\/rri-aktuell\/rumaenische-landesbank-warum-ist-die-inflation-gestiegen-id460648.html#article","isPartOf":{"@id":"https:\/\/www.rri.ro\/de\/aktuell\/rri-aktuell\/rumaenische-landesbank-warum-ist-die-inflation-gestiegen-id460648.html"},"author":{"name":"Daniela Budu","@id":"https:\/\/www.rri.ro\/#\/schema\/person\/b46b8f80d7d6e4b5ac9f14f0acbad0c4"},"headline":"Rum\u00e4nische Landesbank: Warum ist die Inflation gestiegen?","datePublished":"2018-03-30T14:05:00+00:00","dateModified":"2024-02-19T18:37:29+00:00","mainEntityOfPage":{"@id":"https:\/\/www.rri.ro\/de\/aktuell\/rri-aktuell\/rumaenische-landesbank-warum-ist-die-inflation-gestiegen-id460648.html"},"wordCount":460,"image":{"@id":"https:\/\/www.rri.ro\/de\/aktuell\/rri-aktuell\/rumaenische-landesbank-warum-ist-die-inflation-gestiegen-id460648.html#primaryimage"},"thumbnailUrl":"https:\/\/www.rri.ro\/wp-content\/uploads\/2023\/10\/Isarescu.jpg","keywords":["Inflationsindex","Landesbankgouverneur Mugur Isarescu","Zinsen"],"articleSection":["RRI Aktuell"],"inLanguage":"de"},{"@type":"WebPage","@id":"https:\/\/www.rri.ro\/de\/aktuell\/rri-aktuell\/rumaenische-landesbank-warum-ist-die-inflation-gestiegen-id460648.html","url":"https:\/\/www.rri.ro\/de\/aktuell\/rri-aktuell\/rumaenische-landesbank-warum-ist-die-inflation-gestiegen-id460648.html","name":"Rum\u00e4nische Landesbank: Warum ist die Inflation gestiegen? - Radio Rum\u00e4nien International","isPartOf":{"@id":"https:\/\/www.rri.ro\/#website"},"primaryImageOfPage":{"@id":"https:\/\/www.rri.ro\/de\/aktuell\/rri-aktuell\/rumaenische-landesbank-warum-ist-die-inflation-gestiegen-id460648.html#primaryimage"},"image":{"@id":"https:\/\/www.rri.ro\/de\/aktuell\/rri-aktuell\/rumaenische-landesbank-warum-ist-die-inflation-gestiegen-id460648.html#primaryimage"},"thumbnailUrl":"https:\/\/www.rri.ro\/wp-content\/uploads\/2023\/10\/Isarescu.jpg","datePublished":"2018-03-30T14:05:00+00:00","dateModified":"2024-02-19T18:37:29+00:00","author":{"@id":"https:\/\/www.rri.ro\/#\/schema\/person\/b46b8f80d7d6e4b5ac9f14f0acbad0c4"},"breadcrumb":{"@id":"https:\/\/www.rri.ro\/de\/aktuell\/rri-aktuell\/rumaenische-landesbank-warum-ist-die-inflation-gestiegen-id460648.html#breadcrumb"},"inLanguage":"de","potentialAction":[{"@type":"ReadAction","target":["https:\/\/www.rri.ro\/de\/aktuell\/rri-aktuell\/rumaenische-landesbank-warum-ist-die-inflation-gestiegen-id460648.html"]}]},{"@type":"ImageObject","inLanguage":"de","@id":"https:\/\/www.rri.ro\/de\/aktuell\/rri-aktuell\/rumaenische-landesbank-warum-ist-die-inflation-gestiegen-id460648.html#primaryimage","url":"https:\/\/www.rri.ro\/wp-content\/uploads\/2023\/10\/Isarescu.jpg","contentUrl":"https:\/\/www.rri.ro\/wp-content\/uploads\/2023\/10\/Isarescu.jpg","width":640,"height":480},{"@type":"BreadcrumbList","@id":"https:\/\/www.rri.ro\/de\/aktuell\/rri-aktuell\/rumaenische-landesbank-warum-ist-die-inflation-gestiegen-id460648.html#breadcrumb","itemListElement":[{"@type":"ListItem","position":1,"name":"Startseite","item":"https:\/\/www.rri.ro\/de"},{"@type":"ListItem","position":2,"name":"Aktuell","item":"https:\/\/www.rri.ro\/de\/aktuell"},{"@type":"ListItem","position":3,"name":"RRI Aktuell","item":"https:\/\/www.rri.ro\/de\/aktuell\/rri-aktuell"},{"@type":"ListItem","position":4,"name":"Rum\u00e4nische Landesbank: Warum ist die Inflation gestiegen?"}]},{"@type":"WebSite","@id":"https:\/\/www.rri.ro\/#website","url":"https:\/\/www.rri.ro\/","name":"Radio Rum\u00e4nien International","description":"Totul despre Rom\u00e2nia \u015fi rom\u00e2ni, \u00een 13 limbi\/dialecte!","inLanguage":"de"},{"@type":"Person","@id":"https:\/\/www.rri.ro\/#\/schema\/person\/b46b8f80d7d6e4b5ac9f14f0acbad0c4","name":"Daniela Budu","url":"https:\/\/www.rri.ro\/de\/author\/daniela-budu"}]}},"_links":{"self":[{"href":"https:\/\/www.rri.ro\/de\/wp-json\/wp\/v2\/posts\/460648","targetHints":{"allow":["GET"]}}],"collection":[{"href":"https:\/\/www.rri.ro\/de\/wp-json\/wp\/v2\/posts"}],"about":[{"href":"https:\/\/www.rri.ro\/de\/wp-json\/wp\/v2\/types\/post"}],"author":[{"embeddable":true,"href":"https:\/\/www.rri.ro\/de\/wp-json\/wp\/v2\/users\/107"}],"replies":[{"embeddable":true,"href":"https:\/\/www.rri.ro\/de\/wp-json\/wp\/v2\/comments?post=460648"}],"version-history":[{"count":0,"href":"https:\/\/www.rri.ro\/de\/wp-json\/wp\/v2\/posts\/460648\/revisions"}],"wp:featuredmedia":[{"embeddable":true,"href":"https:\/\/www.rri.ro\/de\/wp-json\/wp\/v2\/media\/77149"}],"wp:attachment":[{"href":"https:\/\/www.rri.ro\/de\/wp-json\/wp\/v2\/media?parent=460648"}],"wp:term":[{"taxonomy":"category","embeddable":true,"href":"https:\/\/www.rri.ro\/de\/wp-json\/wp\/v2\/categories?post=460648"},{"taxonomy":"post_tag","embeddable":true,"href":"https:\/\/www.rri.ro\/de\/wp-json\/wp\/v2\/tags?post=460648"},{"taxonomy":"author","embeddable":true,"href":"https:\/\/www.rri.ro\/de\/wp-json\/wp\/v2\/coauthors?post=460648"}],"curies":[{"name":"wp","href":"https:\/\/api.w.org\/{rel}","templated":true}]}}