{"id":460671,"date":"2018-04-16T17:05:00","date_gmt":"2018-04-16T14:05:00","guid":{"rendered":"http:\/\/devrri.freshlemon.ro\/aktuell\/nach-30-jahren-tut-sich-was-in-der-akte-der-rumaenischen-revolution-von-1989-id460671.html"},"modified":"2024-02-19T20:37:44","modified_gmt":"2024-02-19T18:37:44","slug":"nach-30-jahren-tut-sich-was-in-der-akte-der-rumaenischen-revolution-von-1989","status":"publish","type":"post","link":"https:\/\/www.rri.ro\/de\/aktuell\/rri-aktuell\/nach-30-jahren-tut-sich-was-in-der-akte-der-rumaenischen-revolution-von-1989-id460671.html","title":{"rendered":"Nach 30 Jahren tut sich was in der Akte der rum\u00e4nischen Revolution von 1989"},"content":{"rendered":"<p>Rum\u00e4niens Pr\u00e4sident Klaus Iohannis hat den Antr\u00e4gen zur strafrechtlichen Verfolgung gegen ex-Staatchef Ion Iliescu, ex-Premierminister Petre Roman und ex-Vizepremierminister Gelu Voican Voiculescu, in der Akte der Revolution\u201c stattgegeben. Die drei k\u00f6nnen nun von den Staatsanw\u00e4lten wegen Verbrechen gegen die Menschlichkeit strafrechtlich verfolgt und angeklagt werden.<\/p>\n<p>&#13;<br \/>\n&#13;<\/p>\n<p>&#13;<br \/>\n&#13;<\/p>\n<p>Die vermeintlichen Taten sollen im Zeitraum 22-31 Dezember 1989 begangen worden sein, als die drei \u00c4mter im Rat der Nationalen Rettungsfront belegten, die damals die exekutive und die legislative Gewalt hatte. Ende letzten Jahres hatte die Generalstaatsanwaltschaft bekannt gegeben, dass neue Beweismittel entdeckt wurden, die Licht in die Ereignisse von vor fast 3 Jahrzehnten bringen.<\/p>\n<p>&#13;<br \/>\n&#13;<\/p>\n<p>&#13;<br \/>\n&#13;<\/p>\n<p>Laut den Gesetzesh\u00fctern hat es gewiss eine Diversion gegeben. Diese kam komplex auf mehreren Ebenen zum Ausdruck und war die Hauptursache f\u00fcr die zahlreichen Tote, Verletzte und Zerst\u00f6rungen. Die eingereichten Beweismittel haben die Mechanismen zur konstanten Desinformation hervorgehoben, die besonders schwerwiegende Konsequenzen gehabt hat. Diese erfolgte durch die \u00f6ffentlichen Fernseh- und Radioanstalten, die in dieser \u00c4ra drakonisch von der kommunistischen Macht kontrolliert wurden, aber auch durch milit\u00e4rische Kommunikationsmittel. Somit wurde die wohlbekannte terroristische Psychose auf Landesebene eingef\u00fchrt.<\/p>\n<p>&#13;<br \/>\n&#13;<\/p>\n<p>&#13;<br \/>\n&#13;<\/p>\n<p>Au\u200e\u00dferdem, so die Staatsanw\u00e4lte, zeichnet sich auch der Weg, wie eine Reihe von milit\u00e4rischen Ablenkungsbefehlen mit besonders schwerwiegenden Konsequenzen \u00fcbermittelt wurden. Ion Iliescu ist ab dem 22. Dezember 1989 Vorsitzender des Rates der Nationalen Rettungsfront gewesen. Diese \u00fcbte damals sowohl die exekutive als auch die legislative Gewalt, nach der Verhaftung des Diktatorenpaares Ceau\u015fescu aus.<\/p>\n<p>&#13;<br \/>\n&#13;<\/p>\n<p>&#13;<br \/>\n&#13;<\/p>\n<p>Der Rat der Nationalen Rettungsfront agierte wie eine Regierung bis zum 27. Dezember 1989, als der Ratsvorsitzende die Rolle eines Staatschefs erhalten hat und die legislativen Befugnisse von den exekutiven getrennt wurden. Petre Roman wurde offiziell zum Premierminister ernannt und Gelu Voican Voiculescu wurde Vizepremierminister in der Rum\u00e4nischen Regierung.<\/p>\n<p>&#13;<br \/>\n&#13;<\/p>\n<p>&#13;<br \/>\n&#13;<\/p>\n<p>Der letztere beh\u00e4lt die Ruhe nach der Genehmigung des Pr\u00e4sidenten betreffend die strafrechtliche Verfolgung. Die ersteren zwei zeigen sich allerding emp\u00f6rt, besonders Petre Roman, der behauptet, dass w\u00e4hrend des Bukarester Protests gegen Ceau\u0219escu er selbst in Lebensgefahr gewesen ist. Ex-Pr\u00e4sident Ion Iliescu wirft seinerseits vor, man veranstalte ein Justizschauspiel\u201c und man sei auf der Suche nach S\u00fcndenb\u00f6cken\u201c. Er ist der Meinung, dass das Ziel der Akten keine Verbindung mit der Aufdeckung der Wahrheit \u00fcber diese Ereignisse h\u00e4tte. Dar\u00fcber habe auch damals keiner eine \u00dcbersicht gehabt.<\/p>\n<p>&#13;<br \/>\n&#13;<\/p>\n<p>&#13;<br \/>\n&#13;<\/p>\n<p>Die offizielle Bilanz der Revolution verweist auf 1.000 Tote, rund 3.000 Verletzte, die meisten davon, nach dem Fall des oppressiven Ceau\u015fescu Regimes. Im mittel- und osteurop\u00e4ischen Raum ist Rum\u00e4nien das einzige Land, in dem der \u00dcbergang von der kommunistischen Diktatur zur Demokratie mit Blutvergie\u200e\u00dfen erfolgt ist. Diese Verbrechen k\u00f6nnen nicht verj\u00e4hrt werden und die Festlegung der Schuldigen, sei es auch mit 3 Jahrzehnten Versp\u00e4tung, w\u00fcrde zur Rehabilitation der rum\u00e4nischen Justiz beitragen.<\/p>\n<p>&#13;<\/p>\n","protected":false},"excerpt":{"rendered":"<p>Drei bedeutende Pers\u00f6nlichkeiten \u2013 Ion Iliescu, Petre Roman und Gelu Voican Voiculescu \u2013 werden in der Akte der rum\u00e4nischen antikommunistischen Revolution vom Dezember 1989 vor Gericht erscheinen.<\/p>\n","protected":false},"author":110,"featured_media":77256,"comment_status":"closed","ping_status":"closed","sticky":false,"template":"","format":"standard","meta":{"_acf_changed":false,"footnotes":""},"categories":[99583],"tags":[29410,146863,99625,29409,160159,1989],"coauthors":[],"class_list":["post-460671","post","type-post","status-publish","format-standard","has-post-thumbnail","hentry","category-rri-aktuell","tag-gelu-voican-voiculescu","tag-ion-iliescu-de","tag-justiz","tag-petre-roman","tag-revolution-de","tag-vaccin-imunizare-coronavirus"],"acf":[],"yoast_head":"<!-- This site is optimized with the Yoast SEO plugin v27.3 - https:\/\/yoast.com\/product\/yoast-seo-wordpress\/ -->\n<title>Nach 30 Jahren tut sich was in der Akte der rum\u00e4nischen Revolution von 1989 - Radio Rum\u00e4nien International<\/title>\n<meta name=\"robots\" content=\"index, follow, max-snippet:-1, max-image-preview:large, max-video-preview:-1\" \/>\n<link rel=\"canonical\" href=\"https:\/\/www.rri.ro\/de\/aktuell\/rri-aktuell\/nach-30-jahren-tut-sich-was-in-der-akte-der-rumaenischen-revolution-von-1989-id460671.html\" \/>\n<meta property=\"og:locale\" content=\"de_DE\" \/>\n<meta property=\"og:type\" content=\"article\" \/>\n<meta property=\"og:title\" content=\"Nach 30 Jahren tut sich was in der Akte der rum\u00e4nischen Revolution von 1989 - Radio Rum\u00e4nien International\" \/>\n<meta property=\"og:description\" content=\"Drei bedeutende Pers\u00f6nlichkeiten \u2013 Ion Iliescu, Petre Roman und Gelu Voican Voiculescu \u2013 werden in der Akte der rum\u00e4nischen antikommunistischen Revolution vom Dezember 1989 vor Gericht erscheinen.\" \/>\n<meta property=\"og:url\" content=\"https:\/\/www.rri.ro\/de\/aktuell\/rri-aktuell\/nach-30-jahren-tut-sich-was-in-der-akte-der-rumaenischen-revolution-von-1989-id460671.html\" \/>\n<meta property=\"og:site_name\" content=\"Radio Rum\u00e4nien International\" \/>\n<meta property=\"article:published_time\" content=\"2018-04-16T14:05:00+00:00\" \/>\n<meta property=\"article:modified_time\" content=\"2024-02-19T18:37:44+00:00\" \/>\n<meta property=\"og:image\" content=\"https:\/\/www.rri.ro\/wp-content\/uploads\/2023\/10\/iliescu-roman-voiculescu.jpg\" \/>\n\t<meta property=\"og:image:width\" content=\"640\" \/>\n\t<meta property=\"og:image:height\" content=\"480\" \/>\n\t<meta property=\"og:image:type\" content=\"image\/png\" \/>\n<meta name=\"author\" content=\"\u015etefan Stoica\" \/>\n<meta name=\"twitter:card\" content=\"summary_large_image\" \/>\n<meta name=\"twitter:label1\" content=\"Verfasst von\" \/>\n\t<meta name=\"twitter:data1\" content=\"\u015etefan Stoica\" \/>\n\t<meta name=\"twitter:label2\" content=\"Gesch\u00e4tzte Lesezeit\" \/>\n\t<meta name=\"twitter:data2\" content=\"2\u00a0Minuten\" \/>\n\t<meta name=\"twitter:label3\" content=\"Written by\" \/>\n\t<meta name=\"twitter:data3\" content=\"\u015etefan Stoica\" \/>\n<script type=\"application\/ld+json\" class=\"yoast-schema-graph\">{\"@context\":\"https:\\\/\\\/schema.org\",\"@graph\":[{\"@type\":\"Article\",\"@id\":\"https:\\\/\\\/www.rri.ro\\\/de\\\/aktuell\\\/rri-aktuell\\\/nach-30-jahren-tut-sich-was-in-der-akte-der-rumaenischen-revolution-von-1989-id460671.html#article\",\"isPartOf\":{\"@id\":\"https:\\\/\\\/www.rri.ro\\\/de\\\/aktuell\\\/rri-aktuell\\\/nach-30-jahren-tut-sich-was-in-der-akte-der-rumaenischen-revolution-von-1989-id460671.html\"},\"author\":{\"name\":\"\u015etefan Stoica\",\"@id\":\"https:\\\/\\\/www.rri.ro\\\/#\\\/schema\\\/person\\\/2d81d5dc94d44190d13245f64551d334\"},\"headline\":\"Nach 30 Jahren tut sich was in der Akte der rum\u00e4nischen Revolution von 1989\",\"datePublished\":\"2018-04-16T14:05:00+00:00\",\"dateModified\":\"2024-02-19T18:37:44+00:00\",\"mainEntityOfPage\":{\"@id\":\"https:\\\/\\\/www.rri.ro\\\/de\\\/aktuell\\\/rri-aktuell\\\/nach-30-jahren-tut-sich-was-in-der-akte-der-rumaenischen-revolution-von-1989-id460671.html\"},\"wordCount\":474,\"image\":{\"@id\":\"https:\\\/\\\/www.rri.ro\\\/de\\\/aktuell\\\/rri-aktuell\\\/nach-30-jahren-tut-sich-was-in-der-akte-der-rumaenischen-revolution-von-1989-id460671.html#primaryimage\"},\"thumbnailUrl\":\"https:\\\/\\\/www.rri.ro\\\/wp-content\\\/uploads\\\/2023\\\/10\\\/iliescu-roman-voiculescu.jpg\",\"keywords\":[\"Gelu Voican Voiculescu\",\"Ion Iliescu\",\"Justiz\",\"Petre Roman\",\"Revolution\",\"vaccin, imunizare, coronavirus\"],\"articleSection\":[\"RRI Aktuell\"],\"inLanguage\":\"de\"},{\"@type\":\"WebPage\",\"@id\":\"https:\\\/\\\/www.rri.ro\\\/de\\\/aktuell\\\/rri-aktuell\\\/nach-30-jahren-tut-sich-was-in-der-akte-der-rumaenischen-revolution-von-1989-id460671.html\",\"url\":\"https:\\\/\\\/www.rri.ro\\\/de\\\/aktuell\\\/rri-aktuell\\\/nach-30-jahren-tut-sich-was-in-der-akte-der-rumaenischen-revolution-von-1989-id460671.html\",\"name\":\"Nach 30 Jahren tut sich was in der Akte der rum\u00e4nischen Revolution von 1989 - Radio Rum\u00e4nien International\",\"isPartOf\":{\"@id\":\"https:\\\/\\\/www.rri.ro\\\/#website\"},\"primaryImageOfPage\":{\"@id\":\"https:\\\/\\\/www.rri.ro\\\/de\\\/aktuell\\\/rri-aktuell\\\/nach-30-jahren-tut-sich-was-in-der-akte-der-rumaenischen-revolution-von-1989-id460671.html#primaryimage\"},\"image\":{\"@id\":\"https:\\\/\\\/www.rri.ro\\\/de\\\/aktuell\\\/rri-aktuell\\\/nach-30-jahren-tut-sich-was-in-der-akte-der-rumaenischen-revolution-von-1989-id460671.html#primaryimage\"},\"thumbnailUrl\":\"https:\\\/\\\/www.rri.ro\\\/wp-content\\\/uploads\\\/2023\\\/10\\\/iliescu-roman-voiculescu.jpg\",\"datePublished\":\"2018-04-16T14:05:00+00:00\",\"dateModified\":\"2024-02-19T18:37:44+00:00\",\"author\":{\"@id\":\"https:\\\/\\\/www.rri.ro\\\/#\\\/schema\\\/person\\\/2d81d5dc94d44190d13245f64551d334\"},\"breadcrumb\":{\"@id\":\"https:\\\/\\\/www.rri.ro\\\/de\\\/aktuell\\\/rri-aktuell\\\/nach-30-jahren-tut-sich-was-in-der-akte-der-rumaenischen-revolution-von-1989-id460671.html#breadcrumb\"},\"inLanguage\":\"de\",\"potentialAction\":[{\"@type\":\"ReadAction\",\"target\":[\"https:\\\/\\\/www.rri.ro\\\/de\\\/aktuell\\\/rri-aktuell\\\/nach-30-jahren-tut-sich-was-in-der-akte-der-rumaenischen-revolution-von-1989-id460671.html\"]}]},{\"@type\":\"ImageObject\",\"inLanguage\":\"de\",\"@id\":\"https:\\\/\\\/www.rri.ro\\\/de\\\/aktuell\\\/rri-aktuell\\\/nach-30-jahren-tut-sich-was-in-der-akte-der-rumaenischen-revolution-von-1989-id460671.html#primaryimage\",\"url\":\"https:\\\/\\\/www.rri.ro\\\/wp-content\\\/uploads\\\/2023\\\/10\\\/iliescu-roman-voiculescu.jpg\",\"contentUrl\":\"https:\\\/\\\/www.rri.ro\\\/wp-content\\\/uploads\\\/2023\\\/10\\\/iliescu-roman-voiculescu.jpg\",\"width\":640,\"height\":480},{\"@type\":\"BreadcrumbList\",\"@id\":\"https:\\\/\\\/www.rri.ro\\\/de\\\/aktuell\\\/rri-aktuell\\\/nach-30-jahren-tut-sich-was-in-der-akte-der-rumaenischen-revolution-von-1989-id460671.html#breadcrumb\",\"itemListElement\":[{\"@type\":\"ListItem\",\"position\":1,\"name\":\"Startseite\",\"item\":\"https:\\\/\\\/www.rri.ro\\\/de\"},{\"@type\":\"ListItem\",\"position\":2,\"name\":\"Aktuell\",\"item\":\"https:\\\/\\\/www.rri.ro\\\/de\\\/aktuell\"},{\"@type\":\"ListItem\",\"position\":3,\"name\":\"RRI Aktuell\",\"item\":\"https:\\\/\\\/www.rri.ro\\\/de\\\/aktuell\\\/rri-aktuell\"},{\"@type\":\"ListItem\",\"position\":4,\"name\":\"Nach 30 Jahren tut sich was in der Akte der rum\u00e4nischen Revolution von 1989\"}]},{\"@type\":\"WebSite\",\"@id\":\"https:\\\/\\\/www.rri.ro\\\/#website\",\"url\":\"https:\\\/\\\/www.rri.ro\\\/\",\"name\":\"Radio Rum\u00e4nien International\",\"description\":\"Totul despre Rom\u00e2nia \u015fi rom\u00e2ni, \u00een 13 limbi\\\/dialecte!\",\"inLanguage\":\"de\"},{\"@type\":\"Person\",\"@id\":\"https:\\\/\\\/www.rri.ro\\\/#\\\/schema\\\/person\\\/2d81d5dc94d44190d13245f64551d334\",\"name\":\"\u015etefan Stoica\",\"url\":\"https:\\\/\\\/www.rri.ro\\\/de\\\/author\\\/stefan-stoica\"}]}<\/script>\n<!-- \/ Yoast SEO plugin. -->","yoast_head_json":{"title":"Nach 30 Jahren tut sich was in der Akte der rum\u00e4nischen Revolution von 1989 - Radio Rum\u00e4nien International","robots":{"index":"index","follow":"follow","max-snippet":"max-snippet:-1","max-image-preview":"max-image-preview:large","max-video-preview":"max-video-preview:-1"},"canonical":"https:\/\/www.rri.ro\/de\/aktuell\/rri-aktuell\/nach-30-jahren-tut-sich-was-in-der-akte-der-rumaenischen-revolution-von-1989-id460671.html","og_locale":"de_DE","og_type":"article","og_title":"Nach 30 Jahren tut sich was in der Akte der rum\u00e4nischen Revolution von 1989 - Radio Rum\u00e4nien International","og_description":"Drei bedeutende Pers\u00f6nlichkeiten \u2013 Ion Iliescu, Petre Roman und Gelu Voican Voiculescu \u2013 werden in der Akte der rum\u00e4nischen antikommunistischen Revolution vom Dezember 1989 vor Gericht erscheinen.","og_url":"https:\/\/www.rri.ro\/de\/aktuell\/rri-aktuell\/nach-30-jahren-tut-sich-was-in-der-akte-der-rumaenischen-revolution-von-1989-id460671.html","og_site_name":"Radio Rum\u00e4nien International","article_published_time":"2018-04-16T14:05:00+00:00","article_modified_time":"2024-02-19T18:37:44+00:00","og_image":[{"width":640,"height":480,"url":"https:\/\/www.rri.ro\/wp-content\/uploads\/2023\/10\/iliescu-roman-voiculescu.jpg","type":"image\/png"}],"author":"\u015etefan Stoica","twitter_card":"summary_large_image","twitter_misc":{"Verfasst von":"\u015etefan Stoica","Gesch\u00e4tzte Lesezeit":"2\u00a0Minuten","Written by":"\u015etefan Stoica"},"schema":{"@context":"https:\/\/schema.org","@graph":[{"@type":"Article","@id":"https:\/\/www.rri.ro\/de\/aktuell\/rri-aktuell\/nach-30-jahren-tut-sich-was-in-der-akte-der-rumaenischen-revolution-von-1989-id460671.html#article","isPartOf":{"@id":"https:\/\/www.rri.ro\/de\/aktuell\/rri-aktuell\/nach-30-jahren-tut-sich-was-in-der-akte-der-rumaenischen-revolution-von-1989-id460671.html"},"author":{"name":"\u015etefan Stoica","@id":"https:\/\/www.rri.ro\/#\/schema\/person\/2d81d5dc94d44190d13245f64551d334"},"headline":"Nach 30 Jahren tut sich was in der Akte der rum\u00e4nischen Revolution von 1989","datePublished":"2018-04-16T14:05:00+00:00","dateModified":"2024-02-19T18:37:44+00:00","mainEntityOfPage":{"@id":"https:\/\/www.rri.ro\/de\/aktuell\/rri-aktuell\/nach-30-jahren-tut-sich-was-in-der-akte-der-rumaenischen-revolution-von-1989-id460671.html"},"wordCount":474,"image":{"@id":"https:\/\/www.rri.ro\/de\/aktuell\/rri-aktuell\/nach-30-jahren-tut-sich-was-in-der-akte-der-rumaenischen-revolution-von-1989-id460671.html#primaryimage"},"thumbnailUrl":"https:\/\/www.rri.ro\/wp-content\/uploads\/2023\/10\/iliescu-roman-voiculescu.jpg","keywords":["Gelu Voican Voiculescu","Ion Iliescu","Justiz","Petre Roman","Revolution","vaccin, imunizare, coronavirus"],"articleSection":["RRI Aktuell"],"inLanguage":"de"},{"@type":"WebPage","@id":"https:\/\/www.rri.ro\/de\/aktuell\/rri-aktuell\/nach-30-jahren-tut-sich-was-in-der-akte-der-rumaenischen-revolution-von-1989-id460671.html","url":"https:\/\/www.rri.ro\/de\/aktuell\/rri-aktuell\/nach-30-jahren-tut-sich-was-in-der-akte-der-rumaenischen-revolution-von-1989-id460671.html","name":"Nach 30 Jahren tut sich was in der Akte der rum\u00e4nischen Revolution von 1989 - Radio Rum\u00e4nien International","isPartOf":{"@id":"https:\/\/www.rri.ro\/#website"},"primaryImageOfPage":{"@id":"https:\/\/www.rri.ro\/de\/aktuell\/rri-aktuell\/nach-30-jahren-tut-sich-was-in-der-akte-der-rumaenischen-revolution-von-1989-id460671.html#primaryimage"},"image":{"@id":"https:\/\/www.rri.ro\/de\/aktuell\/rri-aktuell\/nach-30-jahren-tut-sich-was-in-der-akte-der-rumaenischen-revolution-von-1989-id460671.html#primaryimage"},"thumbnailUrl":"https:\/\/www.rri.ro\/wp-content\/uploads\/2023\/10\/iliescu-roman-voiculescu.jpg","datePublished":"2018-04-16T14:05:00+00:00","dateModified":"2024-02-19T18:37:44+00:00","author":{"@id":"https:\/\/www.rri.ro\/#\/schema\/person\/2d81d5dc94d44190d13245f64551d334"},"breadcrumb":{"@id":"https:\/\/www.rri.ro\/de\/aktuell\/rri-aktuell\/nach-30-jahren-tut-sich-was-in-der-akte-der-rumaenischen-revolution-von-1989-id460671.html#breadcrumb"},"inLanguage":"de","potentialAction":[{"@type":"ReadAction","target":["https:\/\/www.rri.ro\/de\/aktuell\/rri-aktuell\/nach-30-jahren-tut-sich-was-in-der-akte-der-rumaenischen-revolution-von-1989-id460671.html"]}]},{"@type":"ImageObject","inLanguage":"de","@id":"https:\/\/www.rri.ro\/de\/aktuell\/rri-aktuell\/nach-30-jahren-tut-sich-was-in-der-akte-der-rumaenischen-revolution-von-1989-id460671.html#primaryimage","url":"https:\/\/www.rri.ro\/wp-content\/uploads\/2023\/10\/iliescu-roman-voiculescu.jpg","contentUrl":"https:\/\/www.rri.ro\/wp-content\/uploads\/2023\/10\/iliescu-roman-voiculescu.jpg","width":640,"height":480},{"@type":"BreadcrumbList","@id":"https:\/\/www.rri.ro\/de\/aktuell\/rri-aktuell\/nach-30-jahren-tut-sich-was-in-der-akte-der-rumaenischen-revolution-von-1989-id460671.html#breadcrumb","itemListElement":[{"@type":"ListItem","position":1,"name":"Startseite","item":"https:\/\/www.rri.ro\/de"},{"@type":"ListItem","position":2,"name":"Aktuell","item":"https:\/\/www.rri.ro\/de\/aktuell"},{"@type":"ListItem","position":3,"name":"RRI Aktuell","item":"https:\/\/www.rri.ro\/de\/aktuell\/rri-aktuell"},{"@type":"ListItem","position":4,"name":"Nach 30 Jahren tut sich was in der Akte der rum\u00e4nischen Revolution von 1989"}]},{"@type":"WebSite","@id":"https:\/\/www.rri.ro\/#website","url":"https:\/\/www.rri.ro\/","name":"Radio Rum\u00e4nien International","description":"Totul despre Rom\u00e2nia \u015fi rom\u00e2ni, \u00een 13 limbi\/dialecte!","inLanguage":"de"},{"@type":"Person","@id":"https:\/\/www.rri.ro\/#\/schema\/person\/2d81d5dc94d44190d13245f64551d334","name":"\u015etefan Stoica","url":"https:\/\/www.rri.ro\/de\/author\/stefan-stoica"}]}},"_links":{"self":[{"href":"https:\/\/www.rri.ro\/de\/wp-json\/wp\/v2\/posts\/460671","targetHints":{"allow":["GET"]}}],"collection":[{"href":"https:\/\/www.rri.ro\/de\/wp-json\/wp\/v2\/posts"}],"about":[{"href":"https:\/\/www.rri.ro\/de\/wp-json\/wp\/v2\/types\/post"}],"author":[{"embeddable":true,"href":"https:\/\/www.rri.ro\/de\/wp-json\/wp\/v2\/users\/110"}],"replies":[{"embeddable":true,"href":"https:\/\/www.rri.ro\/de\/wp-json\/wp\/v2\/comments?post=460671"}],"version-history":[{"count":0,"href":"https:\/\/www.rri.ro\/de\/wp-json\/wp\/v2\/posts\/460671\/revisions"}],"wp:featuredmedia":[{"embeddable":true,"href":"https:\/\/www.rri.ro\/de\/wp-json\/wp\/v2\/media\/77256"}],"wp:attachment":[{"href":"https:\/\/www.rri.ro\/de\/wp-json\/wp\/v2\/media?parent=460671"}],"wp:term":[{"taxonomy":"category","embeddable":true,"href":"https:\/\/www.rri.ro\/de\/wp-json\/wp\/v2\/categories?post=460671"},{"taxonomy":"post_tag","embeddable":true,"href":"https:\/\/www.rri.ro\/de\/wp-json\/wp\/v2\/tags?post=460671"},{"taxonomy":"author","embeddable":true,"href":"https:\/\/www.rri.ro\/de\/wp-json\/wp\/v2\/coauthors?post=460671"}],"curies":[{"name":"wp","href":"https:\/\/api.w.org\/{rel}","templated":true}]}}