{"id":460739,"date":"2018-05-18T16:57:00","date_gmt":"2018-05-18T13:57:00","guid":{"rendered":"http:\/\/devrri.freshlemon.ro\/aktuell\/zum-100-jubilaeumsjahr-der-grossen-vereinigung-rumaenien-gedenkt-seiner-helden-id460739.html"},"modified":"2024-02-19T20:38:14","modified_gmt":"2024-02-19T18:38:14","slug":"zum-100-jubilaeumsjahr-der-grossen-vereinigung-rumaenien-gedenkt-seiner-helden","status":"publish","type":"post","link":"https:\/\/www.rri.ro\/de\/aktuell\/rri-aktuell\/zum-100-jubilaeumsjahr-der-grossen-vereinigung-rumaenien-gedenkt-seiner-helden-id460739.html","title":{"rendered":"Zum 100. Jubil\u00e4umsjahr der Gro\u00dfen Vereinigung: Rum\u00e4nien gedenkt seiner Helden"},"content":{"rendered":"<p style=margin-top:6.0pt;margin-right:0cm;margin-bottom:6.0pt;margin-left:\n0cm;text-align:justify;line-height:15.0pt;background:white>Seit 100 Jahren wird der Heldentag in Rum\u00e4nien an Christi Himmelfahrt gefeiert. Die letztere  bezeichnet im christlichen Glauben  die R\u00fcckkehr Jesu Christi als Sohn Gottes zu seinem Vater in den Himmel. Christi Himmelfahrt wird am 40. Tag der Osterzeit gefeiert. Der Heldentag wird seit 1920, nach dem Ende des Ersten Weltkriegs begangen und erinnert an die Vereinigung der mehrheitlich von Rum\u00e4nen bewohnten Provinzen Siebeb\u00fcrgen, Bessarabien und  Bukowina unter der Autorit\u00e4t Bukarests. Hunderte Soldaten haben damals ihr Leben f\u00fcr die Vereinigung aller rum\u00e4nischen Territorien geopfert. An Christi Himmelfahrt gedenkt Rum\u00e4nien nicht nur seiner Helden. Rum\u00e4nien ist das erste Land, dass auch der auf seinem Territorium gefallenen ausl\u00e4ndischen Soldaten gedenkt. In den rum\u00e4nischen Kirchen weltweit wurden am Donnerstag sowohl  im orthodoxen als auch im katholischen Gottesdienst die Namen aller rum\u00e4nischen Helden erw\u00e4hnt, die auf allen Schlachtfeldern gefallen sind. Beim Mausoleum im mittelrum\u00e4nischen Topli\u0163a haben hunderte Menschen den Helden des Ersten Weltkriegs ihre Ehre erwiesen.<\/p>\n<p>&#13;<br \/>\n&#13;<\/p>\n<p style=margin-top:6.0pt;margin-right:0cm;margin-bottom:6.0pt;margin-left:\n0cm;text-align:justify;text-indent:35.4pt;line-height:15.0pt;background:white> <\/p>\n<p>&#13;<br \/>\n&#13;<\/p>\n<p style=margin-top:6.0pt;margin-right:0cm;margin-bottom:6.0pt;margin-left:\n0cm;text-align:justify;text-indent:35.4pt;line-height:15.0pt;background:white>Der orthodoxe Erzbischof von Covasna und Harghita, Andrei Moldovan sagte dabei: Die Gebeine der tapferen Helden des rum\u00e4nischen Volkes, die auf allen Schlachtfeldern f\u00fcr Siebenb\u00fcrgen gefallen sind, liegen jetzt aus Initiative des Patriarchen Miron Cristea beim Mausoleum Topli\u0163a. F\u00fcr uns sind unsere Helden der Grundstein des rum\u00e4nischen Volkes.  Eine Sch\u00fclerin sagte ihrerseits bei den Feierlichkeiten in Topli\u0163a: Es ist f\u00fcr mich sehr ber\u00fchrend weil hier meine Urgro\u200e\u00dfeltern ruhen, die ihr Leben f\u00fcr uns und f\u00fcr unsere Freiheit geopfert haben.\u201d  Im s\u00fcdostrum\u00e4nischen Buz\u0103u fand die feierliche Wiederer\u00f6ffnung des Milit\u00e4rfriedhofs. Dort ruhen 10.000 Soldaten aus verschiedenen L\u00e4ndern. Die Veranstaltung war Teil der Feierlichkeiten zum 100. Jubil\u00e4umsjahr der Gro\u200e\u00dfen Vereinigung und brachte Vertreter rum\u00e4nischer Beh\u00f6rden, Botschafter und Milit\u00e4rattaches aus den Partnerl\u00e4ndern Rum\u00e4niens zusammen. Bei einem der j\u00fcdischen Friedh\u00f6fe in Bukarest wurden in Gedenken an die verstorbenen Soldaten j\u00fcdischer Herkunft Blumenkr\u00e4nze niedergelegt.<\/p>\n<p>&#13;<br \/>\n&#13;<\/p>\n<p style=margin-top:6.0pt;margin-right:0cm;margin-bottom:6.0pt;margin-left:\n0cm;text-align:justify;text-indent:35.4pt;line-height:15.0pt;background:white> <\/p>\n<p>&#13;<br \/>\n&#13;<\/p>\n<p style=margin-top:6.0pt;margin-right:0cm;margin-bottom:6.0pt;margin-left:\n0cm;text-align:justify;text-indent:35.4pt;line-height:15.0pt;background:white>Auch in der benachbarten Republik Moldau fand die feierliche Er\u00f6ffnung des Ehrenfriedhofs rum\u00e4nischer Soldaten im Dorf Tab\u0103ra bei Orhei statt. Das Pr\u00e4sidialamt, die Regierung und das Verteidigungsministerium haben gleichzeitig ihren Respekt f\u00fcr die verstorbenen Soldaten zum Ausdruck gebracht, die  die Freiheit, die W\u00fcrde und die Integrit\u00e4t des rum\u00e4nischen Volkes verteidigt haben.  100 Jahre seit der Gro\u200e\u00dfen Vereinigung aller Rum\u00e4nen m\u00fcssen wir uns mehr als je zuvor  an die Heldentaten unserer Vorfahren erinnern und respektvoll alle Etappen der rum\u00e4nischen Geschichte sowie die Fortschritte noch einmal in Erinnerung rufen, die sie erzielt haben, sagte Pr\u00e4sident Klaus Iohannis.<\/p>\n<p>&#13;<br \/>\n&#13;<\/p>\n<p style=margin: 0px 0px 13.33px; text-align: justify; line-height: 150%;>\n<p>&#13;<br \/>\n&#13;<\/p>\n<p style=margin: 0px 0px 13.33px; text-align: justify; line-height: 150%;>\n<p>&#13;<br \/>\n&#13;<\/p>\n<p style=margin: 0px 0px 13.33px; text-align: justify; line-height: 150%;>\n<p>&#13;<br \/>\n&#13;<\/p>\n<p style=margin: 0px 0px 13.33px; text-align: justify; line-height: 150%;>\n<p>&#13;<br \/>\n&#13;<\/p>\n<p style=margin: 0px 0px 13.33px; text-align: justify; line-height: 150%;>\n<p>&#13;<br \/>\n&#13;<\/p>\n<p style=margin-top:6.0pt;margin-right:0cm;margin-bottom:6.0pt;margin-left:\n0cm;text-align:justify;line-height:150%;background:white> <\/p>\n<p>&#13;<\/p>\n","protected":false},"excerpt":{"rendered":"<p>An Christi Himmelfahrt wird in Rum\u00e4nien auch der Heldentag gefeiert.  Bei Feierlichkeiten landesweit kamen Vertreter des Pr\u00e4sidialamtes, der Regierung und der Botschaften zusammen.<\/p>\n","protected":false},"author":105,"featured_media":77743,"comment_status":"closed","ping_status":"closed","sticky":false,"template":"","format":"standard","meta":{"_acf_changed":false,"footnotes":""},"categories":[99583],"tags":[104346,104347,137226,100123,104348,100574,100604],"coauthors":[],"class_list":["post-460739","post","type-post","status-publish","format-standard","has-post-thumbnail","hentry","category-rri-aktuell","tag-christi-himmelfahrt","tag-heldentag","tag-klaus-iohannis-de","tag-soldaten","tag-toplita","tag-vereinigung","tag-weltkrieg"],"acf":[],"yoast_head":"<!-- This site is optimized with the Yoast SEO plugin v27.3 - https:\/\/yoast.com\/product\/yoast-seo-wordpress\/ -->\n<title>Zum 100. Jubil\u00e4umsjahr der Gro\u00dfen Vereinigung: Rum\u00e4nien gedenkt seiner Helden - Radio Rum\u00e4nien International<\/title>\n<meta name=\"robots\" content=\"index, follow, max-snippet:-1, max-image-preview:large, max-video-preview:-1\" \/>\n<link rel=\"canonical\" href=\"https:\/\/www.rri.ro\/de\/aktuell\/rri-aktuell\/zum-100-jubilaeumsjahr-der-grossen-vereinigung-rumaenien-gedenkt-seiner-helden-id460739.html\" \/>\n<meta property=\"og:locale\" content=\"de_DE\" \/>\n<meta property=\"og:type\" content=\"article\" \/>\n<meta property=\"og:title\" content=\"Zum 100. Jubil\u00e4umsjahr der Gro\u00dfen Vereinigung: Rum\u00e4nien gedenkt seiner Helden - Radio Rum\u00e4nien International\" \/>\n<meta property=\"og:description\" content=\"An Christi Himmelfahrt wird in Rum\u00e4nien auch der Heldentag gefeiert. Bei Feierlichkeiten landesweit kamen Vertreter des Pr\u00e4sidialamtes, der Regierung und der Botschaften zusammen.\" \/>\n<meta property=\"og:url\" content=\"https:\/\/www.rri.ro\/de\/aktuell\/rri-aktuell\/zum-100-jubilaeumsjahr-der-grossen-vereinigung-rumaenien-gedenkt-seiner-helden-id460739.html\" \/>\n<meta property=\"og:site_name\" content=\"Radio Rum\u00e4nien International\" \/>\n<meta property=\"article:published_time\" content=\"2018-05-18T13:57:00+00:00\" \/>\n<meta property=\"article:modified_time\" content=\"2024-02-19T18:38:14+00:00\" \/>\n<meta property=\"og:image\" content=\"https:\/\/www.rri.ro\/wp-content\/uploads\/2023\/10\/steag-romania-ziua-eroilor.png\" \/>\n\t<meta property=\"og:image:width\" content=\"640\" \/>\n\t<meta property=\"og:image:height\" content=\"480\" \/>\n\t<meta property=\"og:image:type\" content=\"image\/png\" \/>\n<meta name=\"author\" content=\"Bogdan Matei\" \/>\n<meta name=\"twitter:card\" content=\"summary_large_image\" \/>\n<meta name=\"twitter:label1\" content=\"Verfasst von\" \/>\n\t<meta name=\"twitter:data1\" content=\"Bogdan Matei\" \/>\n\t<meta name=\"twitter:label2\" content=\"Gesch\u00e4tzte Lesezeit\" \/>\n\t<meta name=\"twitter:data2\" content=\"2\u00a0Minuten\" \/>\n\t<meta name=\"twitter:label3\" content=\"Written by\" \/>\n\t<meta name=\"twitter:data3\" content=\"Bogdan Matei\" \/>\n<script type=\"application\/ld+json\" class=\"yoast-schema-graph\">{\"@context\":\"https:\\\/\\\/schema.org\",\"@graph\":[{\"@type\":\"Article\",\"@id\":\"https:\\\/\\\/www.rri.ro\\\/de\\\/aktuell\\\/rri-aktuell\\\/zum-100-jubilaeumsjahr-der-grossen-vereinigung-rumaenien-gedenkt-seiner-helden-id460739.html#article\",\"isPartOf\":{\"@id\":\"https:\\\/\\\/www.rri.ro\\\/de\\\/aktuell\\\/rri-aktuell\\\/zum-100-jubilaeumsjahr-der-grossen-vereinigung-rumaenien-gedenkt-seiner-helden-id460739.html\"},\"author\":{\"name\":\"Bogdan Matei\",\"@id\":\"https:\\\/\\\/www.rri.ro\\\/#\\\/schema\\\/person\\\/0ed327d40678578e6dbb840527e3ba32\"},\"headline\":\"Zum 100. Jubil\u00e4umsjahr der Gro\u00dfen Vereinigung: Rum\u00e4nien gedenkt seiner Helden\",\"datePublished\":\"2018-05-18T13:57:00+00:00\",\"dateModified\":\"2024-02-19T18:38:14+00:00\",\"mainEntityOfPage\":{\"@id\":\"https:\\\/\\\/www.rri.ro\\\/de\\\/aktuell\\\/rri-aktuell\\\/zum-100-jubilaeumsjahr-der-grossen-vereinigung-rumaenien-gedenkt-seiner-helden-id460739.html\"},\"wordCount\":449,\"image\":{\"@id\":\"https:\\\/\\\/www.rri.ro\\\/de\\\/aktuell\\\/rri-aktuell\\\/zum-100-jubilaeumsjahr-der-grossen-vereinigung-rumaenien-gedenkt-seiner-helden-id460739.html#primaryimage\"},\"thumbnailUrl\":\"https:\\\/\\\/www.rri.ro\\\/wp-content\\\/uploads\\\/2023\\\/10\\\/steag-romania-ziua-eroilor.png\",\"keywords\":[\"Christi Himmelfahrt\",\"Heldentag\",\"Klaus Iohannis\",\"Soldaten\",\"Topli\u0163a\",\"Vereinigung\",\"Weltkrieg\"],\"articleSection\":[\"RRI Aktuell\"],\"inLanguage\":\"de\"},{\"@type\":\"WebPage\",\"@id\":\"https:\\\/\\\/www.rri.ro\\\/de\\\/aktuell\\\/rri-aktuell\\\/zum-100-jubilaeumsjahr-der-grossen-vereinigung-rumaenien-gedenkt-seiner-helden-id460739.html\",\"url\":\"https:\\\/\\\/www.rri.ro\\\/de\\\/aktuell\\\/rri-aktuell\\\/zum-100-jubilaeumsjahr-der-grossen-vereinigung-rumaenien-gedenkt-seiner-helden-id460739.html\",\"name\":\"Zum 100. Jubil\u00e4umsjahr der Gro\u00dfen Vereinigung: Rum\u00e4nien gedenkt seiner Helden - Radio Rum\u00e4nien International\",\"isPartOf\":{\"@id\":\"https:\\\/\\\/www.rri.ro\\\/#website\"},\"primaryImageOfPage\":{\"@id\":\"https:\\\/\\\/www.rri.ro\\\/de\\\/aktuell\\\/rri-aktuell\\\/zum-100-jubilaeumsjahr-der-grossen-vereinigung-rumaenien-gedenkt-seiner-helden-id460739.html#primaryimage\"},\"image\":{\"@id\":\"https:\\\/\\\/www.rri.ro\\\/de\\\/aktuell\\\/rri-aktuell\\\/zum-100-jubilaeumsjahr-der-grossen-vereinigung-rumaenien-gedenkt-seiner-helden-id460739.html#primaryimage\"},\"thumbnailUrl\":\"https:\\\/\\\/www.rri.ro\\\/wp-content\\\/uploads\\\/2023\\\/10\\\/steag-romania-ziua-eroilor.png\",\"datePublished\":\"2018-05-18T13:57:00+00:00\",\"dateModified\":\"2024-02-19T18:38:14+00:00\",\"author\":{\"@id\":\"https:\\\/\\\/www.rri.ro\\\/#\\\/schema\\\/person\\\/0ed327d40678578e6dbb840527e3ba32\"},\"breadcrumb\":{\"@id\":\"https:\\\/\\\/www.rri.ro\\\/de\\\/aktuell\\\/rri-aktuell\\\/zum-100-jubilaeumsjahr-der-grossen-vereinigung-rumaenien-gedenkt-seiner-helden-id460739.html#breadcrumb\"},\"inLanguage\":\"de\",\"potentialAction\":[{\"@type\":\"ReadAction\",\"target\":[\"https:\\\/\\\/www.rri.ro\\\/de\\\/aktuell\\\/rri-aktuell\\\/zum-100-jubilaeumsjahr-der-grossen-vereinigung-rumaenien-gedenkt-seiner-helden-id460739.html\"]}]},{\"@type\":\"ImageObject\",\"inLanguage\":\"de\",\"@id\":\"https:\\\/\\\/www.rri.ro\\\/de\\\/aktuell\\\/rri-aktuell\\\/zum-100-jubilaeumsjahr-der-grossen-vereinigung-rumaenien-gedenkt-seiner-helden-id460739.html#primaryimage\",\"url\":\"https:\\\/\\\/www.rri.ro\\\/wp-content\\\/uploads\\\/2023\\\/10\\\/steag-romania-ziua-eroilor.png\",\"contentUrl\":\"https:\\\/\\\/www.rri.ro\\\/wp-content\\\/uploads\\\/2023\\\/10\\\/steag-romania-ziua-eroilor.png\",\"width\":640,\"height\":480},{\"@type\":\"BreadcrumbList\",\"@id\":\"https:\\\/\\\/www.rri.ro\\\/de\\\/aktuell\\\/rri-aktuell\\\/zum-100-jubilaeumsjahr-der-grossen-vereinigung-rumaenien-gedenkt-seiner-helden-id460739.html#breadcrumb\",\"itemListElement\":[{\"@type\":\"ListItem\",\"position\":1,\"name\":\"Startseite\",\"item\":\"https:\\\/\\\/www.rri.ro\\\/de\"},{\"@type\":\"ListItem\",\"position\":2,\"name\":\"Aktuell\",\"item\":\"https:\\\/\\\/www.rri.ro\\\/de\\\/aktuell\"},{\"@type\":\"ListItem\",\"position\":3,\"name\":\"RRI Aktuell\",\"item\":\"https:\\\/\\\/www.rri.ro\\\/de\\\/aktuell\\\/rri-aktuell\"},{\"@type\":\"ListItem\",\"position\":4,\"name\":\"Zum 100. Jubil\u00e4umsjahr der Gro\u00dfen Vereinigung: Rum\u00e4nien gedenkt seiner Helden\"}]},{\"@type\":\"WebSite\",\"@id\":\"https:\\\/\\\/www.rri.ro\\\/#website\",\"url\":\"https:\\\/\\\/www.rri.ro\\\/\",\"name\":\"Radio Rum\u00e4nien International\",\"description\":\"Totul despre Rom\u00e2nia \u015fi rom\u00e2ni, \u00een 13 limbi\\\/dialecte!\",\"inLanguage\":\"de\"},{\"@type\":\"Person\",\"@id\":\"https:\\\/\\\/www.rri.ro\\\/#\\\/schema\\\/person\\\/0ed327d40678578e6dbb840527e3ba32\",\"name\":\"Bogdan Matei\",\"url\":\"https:\\\/\\\/www.rri.ro\\\/de\\\/author\\\/bogdan-matei\"}]}<\/script>\n<!-- \/ Yoast SEO plugin. -->","yoast_head_json":{"title":"Zum 100. Jubil\u00e4umsjahr der Gro\u00dfen Vereinigung: Rum\u00e4nien gedenkt seiner Helden - Radio Rum\u00e4nien International","robots":{"index":"index","follow":"follow","max-snippet":"max-snippet:-1","max-image-preview":"max-image-preview:large","max-video-preview":"max-video-preview:-1"},"canonical":"https:\/\/www.rri.ro\/de\/aktuell\/rri-aktuell\/zum-100-jubilaeumsjahr-der-grossen-vereinigung-rumaenien-gedenkt-seiner-helden-id460739.html","og_locale":"de_DE","og_type":"article","og_title":"Zum 100. Jubil\u00e4umsjahr der Gro\u00dfen Vereinigung: Rum\u00e4nien gedenkt seiner Helden - Radio Rum\u00e4nien International","og_description":"An Christi Himmelfahrt wird in Rum\u00e4nien auch der Heldentag gefeiert. Bei Feierlichkeiten landesweit kamen Vertreter des Pr\u00e4sidialamtes, der Regierung und der Botschaften zusammen.","og_url":"https:\/\/www.rri.ro\/de\/aktuell\/rri-aktuell\/zum-100-jubilaeumsjahr-der-grossen-vereinigung-rumaenien-gedenkt-seiner-helden-id460739.html","og_site_name":"Radio Rum\u00e4nien International","article_published_time":"2018-05-18T13:57:00+00:00","article_modified_time":"2024-02-19T18:38:14+00:00","og_image":[{"width":640,"height":480,"url":"https:\/\/www.rri.ro\/wp-content\/uploads\/2023\/10\/steag-romania-ziua-eroilor.png","type":"image\/png"}],"author":"Bogdan Matei","twitter_card":"summary_large_image","twitter_misc":{"Verfasst von":"Bogdan Matei","Gesch\u00e4tzte Lesezeit":"2\u00a0Minuten","Written by":"Bogdan Matei"},"schema":{"@context":"https:\/\/schema.org","@graph":[{"@type":"Article","@id":"https:\/\/www.rri.ro\/de\/aktuell\/rri-aktuell\/zum-100-jubilaeumsjahr-der-grossen-vereinigung-rumaenien-gedenkt-seiner-helden-id460739.html#article","isPartOf":{"@id":"https:\/\/www.rri.ro\/de\/aktuell\/rri-aktuell\/zum-100-jubilaeumsjahr-der-grossen-vereinigung-rumaenien-gedenkt-seiner-helden-id460739.html"},"author":{"name":"Bogdan Matei","@id":"https:\/\/www.rri.ro\/#\/schema\/person\/0ed327d40678578e6dbb840527e3ba32"},"headline":"Zum 100. Jubil\u00e4umsjahr der Gro\u00dfen Vereinigung: Rum\u00e4nien gedenkt seiner Helden","datePublished":"2018-05-18T13:57:00+00:00","dateModified":"2024-02-19T18:38:14+00:00","mainEntityOfPage":{"@id":"https:\/\/www.rri.ro\/de\/aktuell\/rri-aktuell\/zum-100-jubilaeumsjahr-der-grossen-vereinigung-rumaenien-gedenkt-seiner-helden-id460739.html"},"wordCount":449,"image":{"@id":"https:\/\/www.rri.ro\/de\/aktuell\/rri-aktuell\/zum-100-jubilaeumsjahr-der-grossen-vereinigung-rumaenien-gedenkt-seiner-helden-id460739.html#primaryimage"},"thumbnailUrl":"https:\/\/www.rri.ro\/wp-content\/uploads\/2023\/10\/steag-romania-ziua-eroilor.png","keywords":["Christi Himmelfahrt","Heldentag","Klaus Iohannis","Soldaten","Topli\u0163a","Vereinigung","Weltkrieg"],"articleSection":["RRI Aktuell"],"inLanguage":"de"},{"@type":"WebPage","@id":"https:\/\/www.rri.ro\/de\/aktuell\/rri-aktuell\/zum-100-jubilaeumsjahr-der-grossen-vereinigung-rumaenien-gedenkt-seiner-helden-id460739.html","url":"https:\/\/www.rri.ro\/de\/aktuell\/rri-aktuell\/zum-100-jubilaeumsjahr-der-grossen-vereinigung-rumaenien-gedenkt-seiner-helden-id460739.html","name":"Zum 100. Jubil\u00e4umsjahr der Gro\u00dfen Vereinigung: Rum\u00e4nien gedenkt seiner Helden - Radio Rum\u00e4nien International","isPartOf":{"@id":"https:\/\/www.rri.ro\/#website"},"primaryImageOfPage":{"@id":"https:\/\/www.rri.ro\/de\/aktuell\/rri-aktuell\/zum-100-jubilaeumsjahr-der-grossen-vereinigung-rumaenien-gedenkt-seiner-helden-id460739.html#primaryimage"},"image":{"@id":"https:\/\/www.rri.ro\/de\/aktuell\/rri-aktuell\/zum-100-jubilaeumsjahr-der-grossen-vereinigung-rumaenien-gedenkt-seiner-helden-id460739.html#primaryimage"},"thumbnailUrl":"https:\/\/www.rri.ro\/wp-content\/uploads\/2023\/10\/steag-romania-ziua-eroilor.png","datePublished":"2018-05-18T13:57:00+00:00","dateModified":"2024-02-19T18:38:14+00:00","author":{"@id":"https:\/\/www.rri.ro\/#\/schema\/person\/0ed327d40678578e6dbb840527e3ba32"},"breadcrumb":{"@id":"https:\/\/www.rri.ro\/de\/aktuell\/rri-aktuell\/zum-100-jubilaeumsjahr-der-grossen-vereinigung-rumaenien-gedenkt-seiner-helden-id460739.html#breadcrumb"},"inLanguage":"de","potentialAction":[{"@type":"ReadAction","target":["https:\/\/www.rri.ro\/de\/aktuell\/rri-aktuell\/zum-100-jubilaeumsjahr-der-grossen-vereinigung-rumaenien-gedenkt-seiner-helden-id460739.html"]}]},{"@type":"ImageObject","inLanguage":"de","@id":"https:\/\/www.rri.ro\/de\/aktuell\/rri-aktuell\/zum-100-jubilaeumsjahr-der-grossen-vereinigung-rumaenien-gedenkt-seiner-helden-id460739.html#primaryimage","url":"https:\/\/www.rri.ro\/wp-content\/uploads\/2023\/10\/steag-romania-ziua-eroilor.png","contentUrl":"https:\/\/www.rri.ro\/wp-content\/uploads\/2023\/10\/steag-romania-ziua-eroilor.png","width":640,"height":480},{"@type":"BreadcrumbList","@id":"https:\/\/www.rri.ro\/de\/aktuell\/rri-aktuell\/zum-100-jubilaeumsjahr-der-grossen-vereinigung-rumaenien-gedenkt-seiner-helden-id460739.html#breadcrumb","itemListElement":[{"@type":"ListItem","position":1,"name":"Startseite","item":"https:\/\/www.rri.ro\/de"},{"@type":"ListItem","position":2,"name":"Aktuell","item":"https:\/\/www.rri.ro\/de\/aktuell"},{"@type":"ListItem","position":3,"name":"RRI Aktuell","item":"https:\/\/www.rri.ro\/de\/aktuell\/rri-aktuell"},{"@type":"ListItem","position":4,"name":"Zum 100. Jubil\u00e4umsjahr der Gro\u00dfen Vereinigung: Rum\u00e4nien gedenkt seiner Helden"}]},{"@type":"WebSite","@id":"https:\/\/www.rri.ro\/#website","url":"https:\/\/www.rri.ro\/","name":"Radio Rum\u00e4nien International","description":"Totul despre Rom\u00e2nia \u015fi rom\u00e2ni, \u00een 13 limbi\/dialecte!","inLanguage":"de"},{"@type":"Person","@id":"https:\/\/www.rri.ro\/#\/schema\/person\/0ed327d40678578e6dbb840527e3ba32","name":"Bogdan Matei","url":"https:\/\/www.rri.ro\/de\/author\/bogdan-matei"}]}},"_links":{"self":[{"href":"https:\/\/www.rri.ro\/de\/wp-json\/wp\/v2\/posts\/460739","targetHints":{"allow":["GET"]}}],"collection":[{"href":"https:\/\/www.rri.ro\/de\/wp-json\/wp\/v2\/posts"}],"about":[{"href":"https:\/\/www.rri.ro\/de\/wp-json\/wp\/v2\/types\/post"}],"author":[{"embeddable":true,"href":"https:\/\/www.rri.ro\/de\/wp-json\/wp\/v2\/users\/105"}],"replies":[{"embeddable":true,"href":"https:\/\/www.rri.ro\/de\/wp-json\/wp\/v2\/comments?post=460739"}],"version-history":[{"count":0,"href":"https:\/\/www.rri.ro\/de\/wp-json\/wp\/v2\/posts\/460739\/revisions"}],"wp:featuredmedia":[{"embeddable":true,"href":"https:\/\/www.rri.ro\/de\/wp-json\/wp\/v2\/media\/77743"}],"wp:attachment":[{"href":"https:\/\/www.rri.ro\/de\/wp-json\/wp\/v2\/media?parent=460739"}],"wp:term":[{"taxonomy":"category","embeddable":true,"href":"https:\/\/www.rri.ro\/de\/wp-json\/wp\/v2\/categories?post=460739"},{"taxonomy":"post_tag","embeddable":true,"href":"https:\/\/www.rri.ro\/de\/wp-json\/wp\/v2\/tags?post=460739"},{"taxonomy":"author","embeddable":true,"href":"https:\/\/www.rri.ro\/de\/wp-json\/wp\/v2\/coauthors?post=460739"}],"curies":[{"name":"wp","href":"https:\/\/api.w.org\/{rel}","templated":true}]}}