{"id":460776,"date":"2018-07-19T16:11:00","date_gmt":"2018-07-19T13:11:00","guid":{"rendered":"http:\/\/devrri.freshlemon.ro\/aktuell\/neue-entscheidungen-des-rumaenischen-verfassungsgerichts-id460776.html"},"modified":"2024-02-19T20:38:44","modified_gmt":"2024-02-19T18:38:44","slug":"neue-entscheidungen-des-rumaenischen-verfassungsgerichts","status":"publish","type":"post","link":"https:\/\/www.rri.ro\/de\/aktuell\/rri-aktuell\/neue-entscheidungen-des-rumaenischen-verfassungsgerichts-id460776.html","title":{"rendered":"Neue Entscheidungen des rum\u00e4nischen Verfassungsgerichts"},"content":{"rendered":"<p>In den letzen Monaten gab es immer mehr Verfassungsklagen in Rum\u00e4nien \u2013 ein klares Symptom f\u00fcr undeutliche Gesetze und schlechte Kommunikation zwischen der Macht und der Opposition. Das Verfassungsgericht wurde nach und nach zum Schiedsrichter, der die legislativen, institutionellen oder sogar politischen Dispute l\u00f6sen mu\u00dfte.<\/p>\n<p>&#13;<br \/>\n&#13;<\/p>\n<p>&#13;<br \/>\n&#13;<\/p>\n<p>In Bukarest hat das Verfassungsgericht am Mittwoch die Besprechung der Verfassungsklage von Staatspr\u00e4sident Klaus Iohannis auf den 18. September aufgeschoben. Die Klage betrifft die \u00c4nderung und Erg\u00e4nzung des Gesetzes \u00fcber die Organisation und die Funktionsweise des Richterrates. In seiner Klage r\u00fcgt Klaus Iohannis die Tatsache, dass das Parlament seinen Antrag, die Bestimmungen \u00fcber die Funktionsweise des Richterrates zu \u00fcberpr\u00fcfen, ohne jede Motivation abgelehnt hat. Er behauptet ferner, dass die neuen Normen die Rolle des Staatsoberhaupts als Garant f\u00fcr die Unabh\u00e4ngigkeit der Justiz und das Funktionieren der Justizinspektion beeintr\u00e4chtigen w\u00fcrden. Der Gesetzgeber m\u00fcsse laut Gesetz alle aufgeworfenen Fragen erneut pr\u00fcfen, so der Staatspr\u00e4sident.<\/p>\n<p>&#13;<br \/>\n&#13;<\/p>\n<p>&#13;<br \/>\n&#13;<\/p>\n<p>Am Mittwoch hat das Verfassungsgericht Rum\u00e4niens der Klage betreffend das Recht auf freien Personenverkehr und Aufenthalt der Partner einer gleichgeschlechtlichen Ehe stattgegeben, gem\u00e4\u00df der Entscheidung  des Europ\u00e4ischen Gerichtshofs. Der Europ\u00e4ische Gerichtshof in Luxemburg hat entschieden, dass auch homosexuelle Nicht-EU-B\u00fcrger Freiz\u00fcgigkeit in der Europ\u00e4ischen Union genie\u00dfen &#8211; wenn sie mit einem EU-B\u00fcrger verheiratet sind. Das hei\u00dft, sie haben das Recht, mit ihrem Partner gemeinsam in einem EU-Land zu leben. Geklagt hatte ein Rum\u00e4ne, der mit einem US-Amerikaner verheiratet ist. Beide hatten geplant, gemeinsam in Rum\u00e4nien zu leben. Doch die rum\u00e4nischen Beh\u00f6rden hatten dem US-Amerikaner das Aufenthaltsrecht verweigert, da in Rum\u00e4nien Ehen zwischen Menschen gleichen Geschlechts nicht anerkannt werden. Wie der Europ\u00e4ische Gerichtshof urteilt, haben EU-Mitgliedsstaaten weiterhin das Recht, selbst dar\u00fcber zu entscheiden, ob sie gleichgeschlechtliche Ehen erlauben. Gleichzeitig k\u00f6nnen sie einem homosexuellen Nicht-EU-B\u00fcrger aber nicht das Recht nehmen, bei seinem Partner zu leben.<\/p>\n<p>&#13;<br \/>\n&#13;<\/p>\n<p>&#13;<br \/>\n&#13;<\/p>\n<p>Am Mittwoch hat das Verfassungsgericht die Klage der Nationalliberalen Partei PNL und der Union Rettet Rum\u00e4nien USR (beide von der Opposition) in Bezug auf das Projekt zur \u00c4nderung des Gesetzes \u00fcber den Status der Richter und Staatsanw\u00e4lte abgelehnt. Ferner hat das Verfassungsgericht die Besprechung der Klagen der zwei Oppositionsparteien PNL und USR und des Obersten Gerichtes Rum\u00e4niens \u00fcber das Projekt zur \u00c4nderung des Strafgesetzbuches und der Strafproze\u00dfordnung auf den 25. September aufgeschoben.<\/p>\n<p>&#13;<br \/>\n&#13;<\/p>\n<p>&#13;<br \/>\n&#13;<\/p>\n<p>Ebenfalls am Mittwoch hat das Verfassungsgericht den Verfassungsklagen des Staatspr\u00e4sidenten Klaus Iohannis, der Nationalliberalen Partei PNL, der Union Rettet Rum\u00e4nien  USR und der Partei Volksbewegung PMP (alle drei von der Opposition) in Bezug auf das Gesetz zur Gr\u00fcndung des Souver\u00e4nen Fonds f\u00fcr Entwicklung und Investitionen stattgegeben. Dabei sagte der Verfassungsgerichtspr\u00e4sident, Valer Dorneanu, besagtes Gesetz sei f\u00fcr verfassungswidrig erkl\u00e4rt worden, weil der Souver\u00e4ne Fonds nicht per Gesetz sondern per Regierungsentscheidung gegr\u00fcndet werden m\u00fcsse. Laut Gesetzentwurf sollten 33 Unternehmen, bei debnen der rum\u00e4nische Staat Aktien besitzt, in einen sog. Souver\u00e4nen Fonds f\u00fcr Entwicklung und Investitionen (d. H. Staatsfonds) vereint werden, dessen Stammkapital etw 9 Milliarden Lei (etwa 2 Milliarden Euro) erreichen w\u00fcrde. Laut der regierenden Sozialdemokratischen Partei soll der Fonds zum Instrument zur Entwicklung der gro\u00dfen und mittleren Infrastruktur und der Investitionen in der Landwirtschaft, zur Industrialisierung Rum\u00e4niens und zum Schaffen von neuen Arbeitspl\u00e4tzen werden. Die Opposition ist der Ansicht, dass die gro\u00dfen Summen vom Staatsfonds inkorrekt verwendet werden k\u00f6nnten und das die Ernennung der F\u00fchrungskr\u00e4ften nach politischen Kriterien erfolgen und der Korruption den Weg freimachen w\u00fcrde. Wenn die Exekutive einen  anderen Weg zur Einrichtung des Staatsfonds findet, werde die Opposition erneut Klage einreichen, diesmal beim Verwaltungsgericht.<\/p>\n<p>&#13;<\/p>\n","protected":false},"excerpt":{"rendered":"<p>Das rum\u00e4nische Verfassungsgericht hatte in letzter Zeit sehr viel zu tun. Am Mittwoch haben die Verfassungsrichter mehrere Entscheidungen getroffen.<\/p>\n","protected":false},"author":110,"featured_media":76310,"comment_status":"closed","ping_status":"closed","sticky":false,"template":"","format":"standard","meta":{"_acf_changed":false,"footnotes":""},"categories":[99583],"tags":[29120,86218,100063,104395,99847,29125,99625,104394,30982,29386,104012,100703,100981,32141,99714,104396],"coauthors":[],"class_list":["post-460776","post","type-post","status-publish","format-standard","has-post-thumbnail","hentry","category-rri-aktuell","tag-eu","tag-fonds","tag-gesetz","tag-gleichgeschlechtliche-ehe","tag-investitionen","tag-iohannis","tag-justiz","tag-klage","tag-pnl","tag-psd","tag-richterrat","tag-strafgesetzbuch","tag-strafprozessordnung","tag-usr","tag-verfassungsgericht","tag-verwaltungsgericht"],"acf":[],"yoast_head":"<!-- This site is optimized with the Yoast SEO plugin v27.5 - https:\/\/yoast.com\/product\/yoast-seo-wordpress\/ -->\n<title>Neue Entscheidungen des rum\u00e4nischen Verfassungsgerichts - Radio Rum\u00e4nien International<\/title>\n<meta name=\"robots\" content=\"index, follow, max-snippet:-1, max-image-preview:large, max-video-preview:-1\" \/>\n<link rel=\"canonical\" href=\"https:\/\/www.rri.ro\/de\/aktuell\/rri-aktuell\/neue-entscheidungen-des-rumaenischen-verfassungsgerichts-id460776.html\" \/>\n<meta property=\"og:locale\" content=\"de_DE\" \/>\n<meta property=\"og:type\" content=\"article\" \/>\n<meta property=\"og:title\" content=\"Neue Entscheidungen des rum\u00e4nischen Verfassungsgerichts - Radio Rum\u00e4nien International\" \/>\n<meta property=\"og:description\" content=\"Das rum\u00e4nische Verfassungsgericht hatte in letzter Zeit sehr viel zu tun. Am Mittwoch haben die Verfassungsrichter mehrere Entscheidungen getroffen.\" \/>\n<meta property=\"og:url\" content=\"https:\/\/www.rri.ro\/de\/aktuell\/rri-aktuell\/neue-entscheidungen-des-rumaenischen-verfassungsgerichts-id460776.html\" \/>\n<meta property=\"og:site_name\" content=\"Radio Rum\u00e4nien International\" \/>\n<meta property=\"article:published_time\" content=\"2018-07-19T13:11:00+00:00\" \/>\n<meta property=\"article:modified_time\" content=\"2024-02-19T18:38:44+00:00\" \/>\n<meta property=\"og:image\" content=\"https:\/\/www.rri.ro\/wp-content\/uploads\/2023\/10\/curtea-constitutionala.png\" \/>\n\t<meta property=\"og:image:width\" content=\"640\" \/>\n\t<meta property=\"og:image:height\" content=\"423\" \/>\n\t<meta property=\"og:image:type\" content=\"image\/png\" \/>\n<meta name=\"author\" content=\"\u015etefan Stoica\" \/>\n<meta name=\"twitter:card\" content=\"summary_large_image\" \/>\n<meta name=\"twitter:label1\" content=\"Verfasst von\" \/>\n\t<meta name=\"twitter:data1\" content=\"\u015etefan Stoica\" \/>\n\t<meta name=\"twitter:label2\" content=\"Gesch\u00e4tzte Lesezeit\" \/>\n\t<meta name=\"twitter:data2\" content=\"3\u00a0Minuten\" \/>\n\t<meta name=\"twitter:label3\" content=\"Written by\" \/>\n\t<meta name=\"twitter:data3\" content=\"\u015etefan Stoica\" \/>\n<script type=\"application\/ld+json\" class=\"yoast-schema-graph\">{\"@context\":\"https:\\\/\\\/schema.org\",\"@graph\":[{\"@type\":\"Article\",\"@id\":\"https:\\\/\\\/www.rri.ro\\\/de\\\/aktuell\\\/rri-aktuell\\\/neue-entscheidungen-des-rumaenischen-verfassungsgerichts-id460776.html#article\",\"isPartOf\":{\"@id\":\"https:\\\/\\\/www.rri.ro\\\/de\\\/aktuell\\\/rri-aktuell\\\/neue-entscheidungen-des-rumaenischen-verfassungsgerichts-id460776.html\"},\"author\":{\"name\":\"\u015etefan Stoica\",\"@id\":\"https:\\\/\\\/www.rri.ro\\\/#\\\/schema\\\/person\\\/2d81d5dc94d44190d13245f64551d334\"},\"headline\":\"Neue Entscheidungen des rum\u00e4nischen Verfassungsgerichts\",\"datePublished\":\"2018-07-19T13:11:00+00:00\",\"dateModified\":\"2024-02-19T18:38:44+00:00\",\"mainEntityOfPage\":{\"@id\":\"https:\\\/\\\/www.rri.ro\\\/de\\\/aktuell\\\/rri-aktuell\\\/neue-entscheidungen-des-rumaenischen-verfassungsgerichts-id460776.html\"},\"wordCount\":616,\"image\":{\"@id\":\"https:\\\/\\\/www.rri.ro\\\/de\\\/aktuell\\\/rri-aktuell\\\/neue-entscheidungen-des-rumaenischen-verfassungsgerichts-id460776.html#primaryimage\"},\"thumbnailUrl\":\"https:\\\/\\\/www.rri.ro\\\/wp-content\\\/uploads\\\/2023\\\/10\\\/curtea-constitutionala.png\",\"keywords\":[\"EU\",\"fonds\",\"Gesetz\",\"gleichgeschlechtliche Ehe\",\"Investitionen\",\"Iohannis\",\"Justiz\",\"Klage\",\"PNL\",\"PSD\",\"Richterrat\",\"Strafgesetzbuch\",\"Strafprozessordnung\",\"USR\",\"Verfassungsgericht\",\"Verwaltungsgericht\"],\"articleSection\":[\"RRI Aktuell\"],\"inLanguage\":\"de\"},{\"@type\":\"WebPage\",\"@id\":\"https:\\\/\\\/www.rri.ro\\\/de\\\/aktuell\\\/rri-aktuell\\\/neue-entscheidungen-des-rumaenischen-verfassungsgerichts-id460776.html\",\"url\":\"https:\\\/\\\/www.rri.ro\\\/de\\\/aktuell\\\/rri-aktuell\\\/neue-entscheidungen-des-rumaenischen-verfassungsgerichts-id460776.html\",\"name\":\"Neue Entscheidungen des rum\u00e4nischen Verfassungsgerichts - Radio Rum\u00e4nien International\",\"isPartOf\":{\"@id\":\"https:\\\/\\\/www.rri.ro\\\/#website\"},\"primaryImageOfPage\":{\"@id\":\"https:\\\/\\\/www.rri.ro\\\/de\\\/aktuell\\\/rri-aktuell\\\/neue-entscheidungen-des-rumaenischen-verfassungsgerichts-id460776.html#primaryimage\"},\"image\":{\"@id\":\"https:\\\/\\\/www.rri.ro\\\/de\\\/aktuell\\\/rri-aktuell\\\/neue-entscheidungen-des-rumaenischen-verfassungsgerichts-id460776.html#primaryimage\"},\"thumbnailUrl\":\"https:\\\/\\\/www.rri.ro\\\/wp-content\\\/uploads\\\/2023\\\/10\\\/curtea-constitutionala.png\",\"datePublished\":\"2018-07-19T13:11:00+00:00\",\"dateModified\":\"2024-02-19T18:38:44+00:00\",\"author\":{\"@id\":\"https:\\\/\\\/www.rri.ro\\\/#\\\/schema\\\/person\\\/2d81d5dc94d44190d13245f64551d334\"},\"breadcrumb\":{\"@id\":\"https:\\\/\\\/www.rri.ro\\\/de\\\/aktuell\\\/rri-aktuell\\\/neue-entscheidungen-des-rumaenischen-verfassungsgerichts-id460776.html#breadcrumb\"},\"inLanguage\":\"de\",\"potentialAction\":[{\"@type\":\"ReadAction\",\"target\":[\"https:\\\/\\\/www.rri.ro\\\/de\\\/aktuell\\\/rri-aktuell\\\/neue-entscheidungen-des-rumaenischen-verfassungsgerichts-id460776.html\"]}]},{\"@type\":\"ImageObject\",\"inLanguage\":\"de\",\"@id\":\"https:\\\/\\\/www.rri.ro\\\/de\\\/aktuell\\\/rri-aktuell\\\/neue-entscheidungen-des-rumaenischen-verfassungsgerichts-id460776.html#primaryimage\",\"url\":\"https:\\\/\\\/www.rri.ro\\\/wp-content\\\/uploads\\\/2023\\\/10\\\/curtea-constitutionala.png\",\"contentUrl\":\"https:\\\/\\\/www.rri.ro\\\/wp-content\\\/uploads\\\/2023\\\/10\\\/curtea-constitutionala.png\",\"width\":640,\"height\":423},{\"@type\":\"BreadcrumbList\",\"@id\":\"https:\\\/\\\/www.rri.ro\\\/de\\\/aktuell\\\/rri-aktuell\\\/neue-entscheidungen-des-rumaenischen-verfassungsgerichts-id460776.html#breadcrumb\",\"itemListElement\":[{\"@type\":\"ListItem\",\"position\":1,\"name\":\"Startseite\",\"item\":\"https:\\\/\\\/www.rri.ro\\\/de\"},{\"@type\":\"ListItem\",\"position\":2,\"name\":\"Aktuell\",\"item\":\"https:\\\/\\\/www.rri.ro\\\/de\\\/aktuell\"},{\"@type\":\"ListItem\",\"position\":3,\"name\":\"RRI Aktuell\",\"item\":\"https:\\\/\\\/www.rri.ro\\\/de\\\/aktuell\\\/rri-aktuell\"},{\"@type\":\"ListItem\",\"position\":4,\"name\":\"Neue Entscheidungen des rum\u00e4nischen Verfassungsgerichts\"}]},{\"@type\":\"WebSite\",\"@id\":\"https:\\\/\\\/www.rri.ro\\\/#website\",\"url\":\"https:\\\/\\\/www.rri.ro\\\/\",\"name\":\"Radio Rum\u00e4nien International\",\"description\":\"Totul despre Rom\u00e2nia \u015fi rom\u00e2ni, \u00een 13 limbi\\\/dialecte!\",\"inLanguage\":\"de\"},{\"@type\":\"Person\",\"@id\":\"https:\\\/\\\/www.rri.ro\\\/#\\\/schema\\\/person\\\/2d81d5dc94d44190d13245f64551d334\",\"name\":\"\u015etefan Stoica\",\"url\":\"https:\\\/\\\/www.rri.ro\\\/de\\\/author\\\/stefan-stoica\"}]}<\/script>\n<!-- \/ Yoast SEO plugin. -->","yoast_head_json":{"title":"Neue Entscheidungen des rum\u00e4nischen Verfassungsgerichts - Radio Rum\u00e4nien International","robots":{"index":"index","follow":"follow","max-snippet":"max-snippet:-1","max-image-preview":"max-image-preview:large","max-video-preview":"max-video-preview:-1"},"canonical":"https:\/\/www.rri.ro\/de\/aktuell\/rri-aktuell\/neue-entscheidungen-des-rumaenischen-verfassungsgerichts-id460776.html","og_locale":"de_DE","og_type":"article","og_title":"Neue Entscheidungen des rum\u00e4nischen Verfassungsgerichts - Radio Rum\u00e4nien International","og_description":"Das rum\u00e4nische Verfassungsgericht hatte in letzter Zeit sehr viel zu tun. Am Mittwoch haben die Verfassungsrichter mehrere Entscheidungen getroffen.","og_url":"https:\/\/www.rri.ro\/de\/aktuell\/rri-aktuell\/neue-entscheidungen-des-rumaenischen-verfassungsgerichts-id460776.html","og_site_name":"Radio Rum\u00e4nien International","article_published_time":"2018-07-19T13:11:00+00:00","article_modified_time":"2024-02-19T18:38:44+00:00","og_image":[{"width":640,"height":423,"url":"https:\/\/www.rri.ro\/wp-content\/uploads\/2023\/10\/curtea-constitutionala.png","type":"image\/png"}],"author":"\u015etefan Stoica","twitter_card":"summary_large_image","twitter_misc":{"Verfasst von":"\u015etefan Stoica","Gesch\u00e4tzte Lesezeit":"3\u00a0Minuten","Written by":"\u015etefan Stoica"},"schema":{"@context":"https:\/\/schema.org","@graph":[{"@type":"Article","@id":"https:\/\/www.rri.ro\/de\/aktuell\/rri-aktuell\/neue-entscheidungen-des-rumaenischen-verfassungsgerichts-id460776.html#article","isPartOf":{"@id":"https:\/\/www.rri.ro\/de\/aktuell\/rri-aktuell\/neue-entscheidungen-des-rumaenischen-verfassungsgerichts-id460776.html"},"author":{"name":"\u015etefan Stoica","@id":"https:\/\/www.rri.ro\/#\/schema\/person\/2d81d5dc94d44190d13245f64551d334"},"headline":"Neue Entscheidungen des rum\u00e4nischen Verfassungsgerichts","datePublished":"2018-07-19T13:11:00+00:00","dateModified":"2024-02-19T18:38:44+00:00","mainEntityOfPage":{"@id":"https:\/\/www.rri.ro\/de\/aktuell\/rri-aktuell\/neue-entscheidungen-des-rumaenischen-verfassungsgerichts-id460776.html"},"wordCount":616,"image":{"@id":"https:\/\/www.rri.ro\/de\/aktuell\/rri-aktuell\/neue-entscheidungen-des-rumaenischen-verfassungsgerichts-id460776.html#primaryimage"},"thumbnailUrl":"https:\/\/www.rri.ro\/wp-content\/uploads\/2023\/10\/curtea-constitutionala.png","keywords":["EU","fonds","Gesetz","gleichgeschlechtliche Ehe","Investitionen","Iohannis","Justiz","Klage","PNL","PSD","Richterrat","Strafgesetzbuch","Strafprozessordnung","USR","Verfassungsgericht","Verwaltungsgericht"],"articleSection":["RRI Aktuell"],"inLanguage":"de"},{"@type":"WebPage","@id":"https:\/\/www.rri.ro\/de\/aktuell\/rri-aktuell\/neue-entscheidungen-des-rumaenischen-verfassungsgerichts-id460776.html","url":"https:\/\/www.rri.ro\/de\/aktuell\/rri-aktuell\/neue-entscheidungen-des-rumaenischen-verfassungsgerichts-id460776.html","name":"Neue Entscheidungen des rum\u00e4nischen Verfassungsgerichts - Radio Rum\u00e4nien International","isPartOf":{"@id":"https:\/\/www.rri.ro\/#website"},"primaryImageOfPage":{"@id":"https:\/\/www.rri.ro\/de\/aktuell\/rri-aktuell\/neue-entscheidungen-des-rumaenischen-verfassungsgerichts-id460776.html#primaryimage"},"image":{"@id":"https:\/\/www.rri.ro\/de\/aktuell\/rri-aktuell\/neue-entscheidungen-des-rumaenischen-verfassungsgerichts-id460776.html#primaryimage"},"thumbnailUrl":"https:\/\/www.rri.ro\/wp-content\/uploads\/2023\/10\/curtea-constitutionala.png","datePublished":"2018-07-19T13:11:00+00:00","dateModified":"2024-02-19T18:38:44+00:00","author":{"@id":"https:\/\/www.rri.ro\/#\/schema\/person\/2d81d5dc94d44190d13245f64551d334"},"breadcrumb":{"@id":"https:\/\/www.rri.ro\/de\/aktuell\/rri-aktuell\/neue-entscheidungen-des-rumaenischen-verfassungsgerichts-id460776.html#breadcrumb"},"inLanguage":"de","potentialAction":[{"@type":"ReadAction","target":["https:\/\/www.rri.ro\/de\/aktuell\/rri-aktuell\/neue-entscheidungen-des-rumaenischen-verfassungsgerichts-id460776.html"]}]},{"@type":"ImageObject","inLanguage":"de","@id":"https:\/\/www.rri.ro\/de\/aktuell\/rri-aktuell\/neue-entscheidungen-des-rumaenischen-verfassungsgerichts-id460776.html#primaryimage","url":"https:\/\/www.rri.ro\/wp-content\/uploads\/2023\/10\/curtea-constitutionala.png","contentUrl":"https:\/\/www.rri.ro\/wp-content\/uploads\/2023\/10\/curtea-constitutionala.png","width":640,"height":423},{"@type":"BreadcrumbList","@id":"https:\/\/www.rri.ro\/de\/aktuell\/rri-aktuell\/neue-entscheidungen-des-rumaenischen-verfassungsgerichts-id460776.html#breadcrumb","itemListElement":[{"@type":"ListItem","position":1,"name":"Startseite","item":"https:\/\/www.rri.ro\/de"},{"@type":"ListItem","position":2,"name":"Aktuell","item":"https:\/\/www.rri.ro\/de\/aktuell"},{"@type":"ListItem","position":3,"name":"RRI Aktuell","item":"https:\/\/www.rri.ro\/de\/aktuell\/rri-aktuell"},{"@type":"ListItem","position":4,"name":"Neue Entscheidungen des rum\u00e4nischen Verfassungsgerichts"}]},{"@type":"WebSite","@id":"https:\/\/www.rri.ro\/#website","url":"https:\/\/www.rri.ro\/","name":"Radio Rum\u00e4nien International","description":"Totul despre Rom\u00e2nia \u015fi rom\u00e2ni, \u00een 13 limbi\/dialecte!","inLanguage":"de"},{"@type":"Person","@id":"https:\/\/www.rri.ro\/#\/schema\/person\/2d81d5dc94d44190d13245f64551d334","name":"\u015etefan Stoica","url":"https:\/\/www.rri.ro\/de\/author\/stefan-stoica"}]}},"_links":{"self":[{"href":"https:\/\/www.rri.ro\/de\/wp-json\/wp\/v2\/posts\/460776","targetHints":{"allow":["GET"]}}],"collection":[{"href":"https:\/\/www.rri.ro\/de\/wp-json\/wp\/v2\/posts"}],"about":[{"href":"https:\/\/www.rri.ro\/de\/wp-json\/wp\/v2\/types\/post"}],"author":[{"embeddable":true,"href":"https:\/\/www.rri.ro\/de\/wp-json\/wp\/v2\/users\/110"}],"replies":[{"embeddable":true,"href":"https:\/\/www.rri.ro\/de\/wp-json\/wp\/v2\/comments?post=460776"}],"version-history":[{"count":0,"href":"https:\/\/www.rri.ro\/de\/wp-json\/wp\/v2\/posts\/460776\/revisions"}],"wp:featuredmedia":[{"embeddable":true,"href":"https:\/\/www.rri.ro\/de\/wp-json\/wp\/v2\/media\/76310"}],"wp:attachment":[{"href":"https:\/\/www.rri.ro\/de\/wp-json\/wp\/v2\/media?parent=460776"}],"wp:term":[{"taxonomy":"category","embeddable":true,"href":"https:\/\/www.rri.ro\/de\/wp-json\/wp\/v2\/categories?post=460776"},{"taxonomy":"post_tag","embeddable":true,"href":"https:\/\/www.rri.ro\/de\/wp-json\/wp\/v2\/tags?post=460776"},{"taxonomy":"author","embeddable":true,"href":"https:\/\/www.rri.ro\/de\/wp-json\/wp\/v2\/coauthors?post=460776"}],"curies":[{"name":"wp","href":"https:\/\/api.w.org\/{rel}","templated":true}]}}