{"id":460799,"date":"2018-09-06T16:39:00","date_gmt":"2018-09-06T13:39:00","guid":{"rendered":"http:\/\/devrri.freshlemon.ro\/aktuell\/kampagne-gegen-impfung-gewinnt-landesweit-an-aufmerksamkeit-id460799.html"},"modified":"2024-02-19T20:39:10","modified_gmt":"2024-02-19T18:39:10","slug":"kampagne-gegen-impfung-gewinnt-landesweit-an-aufmerksamkeit","status":"publish","type":"post","link":"https:\/\/www.rri.ro\/de\/aktuell\/rri-aktuell\/kampagne-gegen-impfung-gewinnt-landesweit-an-aufmerksamkeit-id460799.html","title":{"rendered":"Kampagne gegen Impfung gewinnt landesweit an Aufmerksamkeit"},"content":{"rendered":"<p>Die Impfstoffe auf dem rum\u00e4nischen Markt sind sicher und wirksam und sind zudem gem\u00e4\u200e\u00df den h\u00f6chsten europ\u00e4ischen Standards \u00fcberpr\u00fcft worden, versichert die Gesundheitsministerin als Reaktion auf eine Desinformierungskampagne, die in den letzten Tagen in der \u00d6ffentlichkeit kursierte.  Verschiedene Nachrichten in sozialen Netzwerken und gedruckte Materialien versuchen den rum\u00e4nischen B\u00fcrgern von der Schutzimpfung ihrer Kinder abzuraten. Damit ihre Initiative an Glaubw\u00fcrdigkeit gewinnt, verwenden die Autoren illegal das Logo des Gesundheitsministeriums sowie der Weltgesundheitsorganisation und des Kinderhilfswerks der Vereinten Nationen. Das Gesundheitsministerium distanziert sich fest entschlossen von der Kampagne der Impfgegner und macht die rum\u00e4nischen B\u00fcrger darauf aufmersam, dass die besagte Kampagne falsche Nachrichten verbreitet, die zahlreiche Eltern irref\u00fchrt und somit die Gesundheit der Bev\u00f6lkerung gef\u00e4hrdet. Wie die Ressortministerin Sorina Pintea neuerdings mitteilte, sollen die Schuldigen unverz\u00fcglich zur Verantwortung gezogen werden.<\/p>\n<p>&#13;<br \/>\n&#13;<\/p>\n<p>&#13;<br \/>\n&#13;<\/p>\n<p>Das Kinderhilfswerk der Vereinten Nationen sowie die Weltgesundheitsorganisation betonten in einer offiziellen Mitteilung, dass den Zugang aller Menschen zur Immunisierung heutzutage, wegen der Maserepidemie, mehr als nie zu vor besonders wichtig sei. Die beiden Organisationen \u00e4u\u200e\u00dferten im Anschlu\u200e\u00df ihre tiefe Besorgnis dar\u00fcber, dass die Impfrate gegen Masern in Rum\u00e4nien in den letzten Jahren deutlich zur\u00fcckgegangen sei und derzeit unter 95% liege. Die niedrige Rate der Immunisierung gegen Masern in Rum\u00e4nien k\u00f6nne die Sicherheit einer Gemeinschaft nicht garantieren, betonen ferner die internationalen Organisationen. <\/p>\n<p>&#13;<br \/>\n&#13;<\/p>\n<p>&#13;<br \/>\n&#13;<\/p>\n<p>Das Kinderhilfswerk der Vereinten Nationen sowie die Weltgesundheitsorganisation  erkl\u00e4rten im Anschlu\u200e\u00df, sie werden auch ferner mit dem Rum\u00e4nischen Gsundheitsministerium zusammenarbeiten, damit die rum\u00e4nischen Eltern  \u00fcber die Vorteile und Nebenwirkungen der Impfung richtig und vollst\u00e4ndig informiert werden. Es sei unannehmbar, dass heute Kinder wegen Masern sterben, selbst wenn es einen wiksamen und sicheren Impfstoff gibt<em>\u201d<\/em>, so UNICEF und die Weltgesundheitsorganisation. Wenn sie ihre Kinder impfen lassen, sch\u00fctzen die Eltern die Gesundheit ihrer Kinder und der Menschen um sie herum, bekr\u00e4ftigen die internationalen Gesundheitsorganisationen im Anschlu\u200e\u00df. <\/p>\n<p>&#13;<br \/>\n&#13;<\/p>\n<p>&#13;<br \/>\n&#13;<\/p>\n<p>Laut dem Nationalen Zentrum f\u00fcr die \u00dcberwachung und Kontrolle von ansteckenden Krankheiten, seien in der letzten Augustwoche neun neue Masernf\u00e4lle best\u00e4tigt worden. Die Gesamtzahl der Masernerkrankungen stieg somit landesweit auf 15.000, 59 Menschen fielen der ansteckenden Krankheit zum Opfer. Eine von vier an Masern erkrankte Personen m\u00fcssen in Krankenhaus behandelt werden, f\u00fcr einen von 1000 Menschen erweist sich die Krankheit als t\u00f6dlich. Experten vertreten zudem die Ansicht, dass die Kosten f\u00fcr die Vorbeugung der Krankheit durch Immunisierung viel geringer als die der Behandlung seien. Die Masernerkrankung k\u00f6nne durch Masernschutzimpfung vermieden werden und wenn der Nationale Impfkalender f\u00fcr Kinder und Erwachsene, laut Empfehlungen der Weltgesundheitsorganisation, von 95% der Bev\u00f6lkerung beachtet wird. Die Organisation pl\u00e4diert zudem daf\u00fcr, dass der Zugang der Kinder die nicht geimpft werden, zu Krippen, Kinderg\u00e4rten und Spielgruppen verboten wird. <\/p>\n<p>&#13;<br \/>\n&#13;<\/p>\n<p>&#13;<br \/>\n&#13;<\/p>\n<p>&#13;<br \/>\n&#13;<\/p>\n<p>&#13;<br \/>\n&#13;<\/p>\n<p>&#13;<br \/>\n&#13;<\/p>\n<p>&#13;<\/p>\n","protected":false},"excerpt":{"rendered":"<p>Das rum\u00e4nische Gesundheitsministerium, die Weltgesundheitsorganisation und die UNICEF reagieren gemeinsam auf eine Kampagne von Impfgegnern, die irref\u00fchrende Informationen verbreitet.<\/p>\n","protected":false},"author":110,"featured_media":183206,"comment_status":"closed","ping_status":"closed","sticky":false,"template":"","format":"standard","meta":{"_acf_changed":false,"footnotes":""},"categories":[99583],"tags":[104434,104182,103518,103571,104435,103570,33333,101993],"coauthors":[],"class_list":["post-460799","post","type-post","status-publish","format-standard","has-post-thumbnail","hentry","category-rri-aktuell","tag-immunisierung","tag-impfgegner","tag-impfung","tag-kampagne","tag-kinderhilfswerk-der-vereinten-nationen","tag-masern","tag-sorina-pintea","tag-weltgesundheitsorganisation"],"acf":[],"yoast_head":"<!-- This site is optimized with the Yoast SEO plugin v27.3 - https:\/\/yoast.com\/product\/yoast-seo-wordpress\/ -->\n<title>Kampagne gegen Impfung gewinnt landesweit an Aufmerksamkeit - Radio Rum\u00e4nien International<\/title>\n<meta name=\"robots\" content=\"index, follow, max-snippet:-1, max-image-preview:large, max-video-preview:-1\" \/>\n<link rel=\"canonical\" href=\"https:\/\/www.rri.ro\/de\/aktuell\/rri-aktuell\/kampagne-gegen-impfung-gewinnt-landesweit-an-aufmerksamkeit-id460799.html\" \/>\n<meta property=\"og:locale\" content=\"de_DE\" \/>\n<meta property=\"og:type\" content=\"article\" \/>\n<meta property=\"og:title\" content=\"Kampagne gegen Impfung gewinnt landesweit an Aufmerksamkeit - Radio Rum\u00e4nien International\" \/>\n<meta property=\"og:description\" content=\"Das rum\u00e4nische Gesundheitsministerium, die Weltgesundheitsorganisation und die UNICEF reagieren gemeinsam auf eine Kampagne von Impfgegnern, die irref\u00fchrende Informationen verbreitet.\" \/>\n<meta property=\"og:url\" content=\"https:\/\/www.rri.ro\/de\/aktuell\/rri-aktuell\/kampagne-gegen-impfung-gewinnt-landesweit-an-aufmerksamkeit-id460799.html\" \/>\n<meta property=\"og:site_name\" content=\"Radio Rum\u00e4nien International\" \/>\n<meta property=\"article:published_time\" content=\"2018-09-06T13:39:00+00:00\" \/>\n<meta property=\"article:modified_time\" content=\"2024-02-19T18:39:10+00:00\" \/>\n<meta property=\"og:image\" content=\"https:\/\/www.rri.ro\/wp-content\/uploads\/2023\/10\/vaccinare.jpg\" \/>\n\t<meta property=\"og:image:width\" content=\"640\" \/>\n\t<meta property=\"og:image:height\" content=\"480\" \/>\n\t<meta property=\"og:image:type\" content=\"image\/png\" \/>\n<meta name=\"author\" content=\"\u015etefan Stoica\" \/>\n<meta name=\"twitter:card\" content=\"summary_large_image\" \/>\n<meta name=\"twitter:label1\" content=\"Verfasst von\" \/>\n\t<meta name=\"twitter:data1\" content=\"\u015etefan Stoica\" \/>\n\t<meta name=\"twitter:label2\" content=\"Gesch\u00e4tzte Lesezeit\" \/>\n\t<meta name=\"twitter:data2\" content=\"2\u00a0Minuten\" \/>\n\t<meta name=\"twitter:label3\" content=\"Written by\" \/>\n\t<meta name=\"twitter:data3\" content=\"\u015etefan Stoica\" \/>\n<script type=\"application\/ld+json\" class=\"yoast-schema-graph\">{\"@context\":\"https:\\\/\\\/schema.org\",\"@graph\":[{\"@type\":\"Article\",\"@id\":\"https:\\\/\\\/www.rri.ro\\\/de\\\/aktuell\\\/rri-aktuell\\\/kampagne-gegen-impfung-gewinnt-landesweit-an-aufmerksamkeit-id460799.html#article\",\"isPartOf\":{\"@id\":\"https:\\\/\\\/www.rri.ro\\\/de\\\/aktuell\\\/rri-aktuell\\\/kampagne-gegen-impfung-gewinnt-landesweit-an-aufmerksamkeit-id460799.html\"},\"author\":{\"name\":\"\u015etefan Stoica\",\"@id\":\"https:\\\/\\\/www.rri.ro\\\/#\\\/schema\\\/person\\\/2d81d5dc94d44190d13245f64551d334\"},\"headline\":\"Kampagne gegen Impfung gewinnt landesweit an Aufmerksamkeit\",\"datePublished\":\"2018-09-06T13:39:00+00:00\",\"dateModified\":\"2024-02-19T18:39:10+00:00\",\"mainEntityOfPage\":{\"@id\":\"https:\\\/\\\/www.rri.ro\\\/de\\\/aktuell\\\/rri-aktuell\\\/kampagne-gegen-impfung-gewinnt-landesweit-an-aufmerksamkeit-id460799.html\"},\"wordCount\":466,\"image\":{\"@id\":\"https:\\\/\\\/www.rri.ro\\\/de\\\/aktuell\\\/rri-aktuell\\\/kampagne-gegen-impfung-gewinnt-landesweit-an-aufmerksamkeit-id460799.html#primaryimage\"},\"thumbnailUrl\":\"https:\\\/\\\/www.rri.ro\\\/wp-content\\\/uploads\\\/2023\\\/10\\\/vaccinare.jpg\",\"keywords\":[\"Immunisierung\",\"Impfgegner\",\"Impfung\",\"Kampagne\",\"Kinderhilfswerk der Vereinten Nationen\",\"Masern\",\"Sorina Pintea\",\"Weltgesundheitsorganisation\"],\"articleSection\":[\"RRI Aktuell\"],\"inLanguage\":\"de\"},{\"@type\":\"WebPage\",\"@id\":\"https:\\\/\\\/www.rri.ro\\\/de\\\/aktuell\\\/rri-aktuell\\\/kampagne-gegen-impfung-gewinnt-landesweit-an-aufmerksamkeit-id460799.html\",\"url\":\"https:\\\/\\\/www.rri.ro\\\/de\\\/aktuell\\\/rri-aktuell\\\/kampagne-gegen-impfung-gewinnt-landesweit-an-aufmerksamkeit-id460799.html\",\"name\":\"Kampagne gegen Impfung gewinnt landesweit an Aufmerksamkeit - Radio Rum\u00e4nien International\",\"isPartOf\":{\"@id\":\"https:\\\/\\\/www.rri.ro\\\/#website\"},\"primaryImageOfPage\":{\"@id\":\"https:\\\/\\\/www.rri.ro\\\/de\\\/aktuell\\\/rri-aktuell\\\/kampagne-gegen-impfung-gewinnt-landesweit-an-aufmerksamkeit-id460799.html#primaryimage\"},\"image\":{\"@id\":\"https:\\\/\\\/www.rri.ro\\\/de\\\/aktuell\\\/rri-aktuell\\\/kampagne-gegen-impfung-gewinnt-landesweit-an-aufmerksamkeit-id460799.html#primaryimage\"},\"thumbnailUrl\":\"https:\\\/\\\/www.rri.ro\\\/wp-content\\\/uploads\\\/2023\\\/10\\\/vaccinare.jpg\",\"datePublished\":\"2018-09-06T13:39:00+00:00\",\"dateModified\":\"2024-02-19T18:39:10+00:00\",\"author\":{\"@id\":\"https:\\\/\\\/www.rri.ro\\\/#\\\/schema\\\/person\\\/2d81d5dc94d44190d13245f64551d334\"},\"breadcrumb\":{\"@id\":\"https:\\\/\\\/www.rri.ro\\\/de\\\/aktuell\\\/rri-aktuell\\\/kampagne-gegen-impfung-gewinnt-landesweit-an-aufmerksamkeit-id460799.html#breadcrumb\"},\"inLanguage\":\"de\",\"potentialAction\":[{\"@type\":\"ReadAction\",\"target\":[\"https:\\\/\\\/www.rri.ro\\\/de\\\/aktuell\\\/rri-aktuell\\\/kampagne-gegen-impfung-gewinnt-landesweit-an-aufmerksamkeit-id460799.html\"]}]},{\"@type\":\"ImageObject\",\"inLanguage\":\"de\",\"@id\":\"https:\\\/\\\/www.rri.ro\\\/de\\\/aktuell\\\/rri-aktuell\\\/kampagne-gegen-impfung-gewinnt-landesweit-an-aufmerksamkeit-id460799.html#primaryimage\",\"url\":\"https:\\\/\\\/www.rri.ro\\\/wp-content\\\/uploads\\\/2023\\\/10\\\/vaccinare.jpg\",\"contentUrl\":\"https:\\\/\\\/www.rri.ro\\\/wp-content\\\/uploads\\\/2023\\\/10\\\/vaccinare.jpg\",\"width\":640,\"height\":480},{\"@type\":\"BreadcrumbList\",\"@id\":\"https:\\\/\\\/www.rri.ro\\\/de\\\/aktuell\\\/rri-aktuell\\\/kampagne-gegen-impfung-gewinnt-landesweit-an-aufmerksamkeit-id460799.html#breadcrumb\",\"itemListElement\":[{\"@type\":\"ListItem\",\"position\":1,\"name\":\"Startseite\",\"item\":\"https:\\\/\\\/www.rri.ro\\\/de\"},{\"@type\":\"ListItem\",\"position\":2,\"name\":\"Aktuell\",\"item\":\"https:\\\/\\\/www.rri.ro\\\/de\\\/aktuell\"},{\"@type\":\"ListItem\",\"position\":3,\"name\":\"RRI Aktuell\",\"item\":\"https:\\\/\\\/www.rri.ro\\\/de\\\/aktuell\\\/rri-aktuell\"},{\"@type\":\"ListItem\",\"position\":4,\"name\":\"Kampagne gegen Impfung gewinnt landesweit an Aufmerksamkeit\"}]},{\"@type\":\"WebSite\",\"@id\":\"https:\\\/\\\/www.rri.ro\\\/#website\",\"url\":\"https:\\\/\\\/www.rri.ro\\\/\",\"name\":\"Radio Rum\u00e4nien International\",\"description\":\"Totul despre Rom\u00e2nia \u015fi rom\u00e2ni, \u00een 13 limbi\\\/dialecte!\",\"inLanguage\":\"de\"},{\"@type\":\"Person\",\"@id\":\"https:\\\/\\\/www.rri.ro\\\/#\\\/schema\\\/person\\\/2d81d5dc94d44190d13245f64551d334\",\"name\":\"\u015etefan Stoica\",\"url\":\"https:\\\/\\\/www.rri.ro\\\/de\\\/author\\\/stefan-stoica\"}]}<\/script>\n<!-- \/ Yoast SEO plugin. -->","yoast_head_json":{"title":"Kampagne gegen Impfung gewinnt landesweit an Aufmerksamkeit - Radio Rum\u00e4nien International","robots":{"index":"index","follow":"follow","max-snippet":"max-snippet:-1","max-image-preview":"max-image-preview:large","max-video-preview":"max-video-preview:-1"},"canonical":"https:\/\/www.rri.ro\/de\/aktuell\/rri-aktuell\/kampagne-gegen-impfung-gewinnt-landesweit-an-aufmerksamkeit-id460799.html","og_locale":"de_DE","og_type":"article","og_title":"Kampagne gegen Impfung gewinnt landesweit an Aufmerksamkeit - Radio Rum\u00e4nien International","og_description":"Das rum\u00e4nische Gesundheitsministerium, die Weltgesundheitsorganisation und die UNICEF reagieren gemeinsam auf eine Kampagne von Impfgegnern, die irref\u00fchrende Informationen verbreitet.","og_url":"https:\/\/www.rri.ro\/de\/aktuell\/rri-aktuell\/kampagne-gegen-impfung-gewinnt-landesweit-an-aufmerksamkeit-id460799.html","og_site_name":"Radio Rum\u00e4nien International","article_published_time":"2018-09-06T13:39:00+00:00","article_modified_time":"2024-02-19T18:39:10+00:00","og_image":[{"width":640,"height":480,"url":"https:\/\/www.rri.ro\/wp-content\/uploads\/2023\/10\/vaccinare.jpg","type":"image\/png"}],"author":"\u015etefan Stoica","twitter_card":"summary_large_image","twitter_misc":{"Verfasst von":"\u015etefan Stoica","Gesch\u00e4tzte Lesezeit":"2\u00a0Minuten","Written by":"\u015etefan Stoica"},"schema":{"@context":"https:\/\/schema.org","@graph":[{"@type":"Article","@id":"https:\/\/www.rri.ro\/de\/aktuell\/rri-aktuell\/kampagne-gegen-impfung-gewinnt-landesweit-an-aufmerksamkeit-id460799.html#article","isPartOf":{"@id":"https:\/\/www.rri.ro\/de\/aktuell\/rri-aktuell\/kampagne-gegen-impfung-gewinnt-landesweit-an-aufmerksamkeit-id460799.html"},"author":{"name":"\u015etefan Stoica","@id":"https:\/\/www.rri.ro\/#\/schema\/person\/2d81d5dc94d44190d13245f64551d334"},"headline":"Kampagne gegen Impfung gewinnt landesweit an Aufmerksamkeit","datePublished":"2018-09-06T13:39:00+00:00","dateModified":"2024-02-19T18:39:10+00:00","mainEntityOfPage":{"@id":"https:\/\/www.rri.ro\/de\/aktuell\/rri-aktuell\/kampagne-gegen-impfung-gewinnt-landesweit-an-aufmerksamkeit-id460799.html"},"wordCount":466,"image":{"@id":"https:\/\/www.rri.ro\/de\/aktuell\/rri-aktuell\/kampagne-gegen-impfung-gewinnt-landesweit-an-aufmerksamkeit-id460799.html#primaryimage"},"thumbnailUrl":"https:\/\/www.rri.ro\/wp-content\/uploads\/2023\/10\/vaccinare.jpg","keywords":["Immunisierung","Impfgegner","Impfung","Kampagne","Kinderhilfswerk der Vereinten Nationen","Masern","Sorina Pintea","Weltgesundheitsorganisation"],"articleSection":["RRI Aktuell"],"inLanguage":"de"},{"@type":"WebPage","@id":"https:\/\/www.rri.ro\/de\/aktuell\/rri-aktuell\/kampagne-gegen-impfung-gewinnt-landesweit-an-aufmerksamkeit-id460799.html","url":"https:\/\/www.rri.ro\/de\/aktuell\/rri-aktuell\/kampagne-gegen-impfung-gewinnt-landesweit-an-aufmerksamkeit-id460799.html","name":"Kampagne gegen Impfung gewinnt landesweit an Aufmerksamkeit - Radio Rum\u00e4nien International","isPartOf":{"@id":"https:\/\/www.rri.ro\/#website"},"primaryImageOfPage":{"@id":"https:\/\/www.rri.ro\/de\/aktuell\/rri-aktuell\/kampagne-gegen-impfung-gewinnt-landesweit-an-aufmerksamkeit-id460799.html#primaryimage"},"image":{"@id":"https:\/\/www.rri.ro\/de\/aktuell\/rri-aktuell\/kampagne-gegen-impfung-gewinnt-landesweit-an-aufmerksamkeit-id460799.html#primaryimage"},"thumbnailUrl":"https:\/\/www.rri.ro\/wp-content\/uploads\/2023\/10\/vaccinare.jpg","datePublished":"2018-09-06T13:39:00+00:00","dateModified":"2024-02-19T18:39:10+00:00","author":{"@id":"https:\/\/www.rri.ro\/#\/schema\/person\/2d81d5dc94d44190d13245f64551d334"},"breadcrumb":{"@id":"https:\/\/www.rri.ro\/de\/aktuell\/rri-aktuell\/kampagne-gegen-impfung-gewinnt-landesweit-an-aufmerksamkeit-id460799.html#breadcrumb"},"inLanguage":"de","potentialAction":[{"@type":"ReadAction","target":["https:\/\/www.rri.ro\/de\/aktuell\/rri-aktuell\/kampagne-gegen-impfung-gewinnt-landesweit-an-aufmerksamkeit-id460799.html"]}]},{"@type":"ImageObject","inLanguage":"de","@id":"https:\/\/www.rri.ro\/de\/aktuell\/rri-aktuell\/kampagne-gegen-impfung-gewinnt-landesweit-an-aufmerksamkeit-id460799.html#primaryimage","url":"https:\/\/www.rri.ro\/wp-content\/uploads\/2023\/10\/vaccinare.jpg","contentUrl":"https:\/\/www.rri.ro\/wp-content\/uploads\/2023\/10\/vaccinare.jpg","width":640,"height":480},{"@type":"BreadcrumbList","@id":"https:\/\/www.rri.ro\/de\/aktuell\/rri-aktuell\/kampagne-gegen-impfung-gewinnt-landesweit-an-aufmerksamkeit-id460799.html#breadcrumb","itemListElement":[{"@type":"ListItem","position":1,"name":"Startseite","item":"https:\/\/www.rri.ro\/de"},{"@type":"ListItem","position":2,"name":"Aktuell","item":"https:\/\/www.rri.ro\/de\/aktuell"},{"@type":"ListItem","position":3,"name":"RRI Aktuell","item":"https:\/\/www.rri.ro\/de\/aktuell\/rri-aktuell"},{"@type":"ListItem","position":4,"name":"Kampagne gegen Impfung gewinnt landesweit an Aufmerksamkeit"}]},{"@type":"WebSite","@id":"https:\/\/www.rri.ro\/#website","url":"https:\/\/www.rri.ro\/","name":"Radio Rum\u00e4nien International","description":"Totul despre Rom\u00e2nia \u015fi rom\u00e2ni, \u00een 13 limbi\/dialecte!","inLanguage":"de"},{"@type":"Person","@id":"https:\/\/www.rri.ro\/#\/schema\/person\/2d81d5dc94d44190d13245f64551d334","name":"\u015etefan Stoica","url":"https:\/\/www.rri.ro\/de\/author\/stefan-stoica"}]}},"_links":{"self":[{"href":"https:\/\/www.rri.ro\/de\/wp-json\/wp\/v2\/posts\/460799","targetHints":{"allow":["GET"]}}],"collection":[{"href":"https:\/\/www.rri.ro\/de\/wp-json\/wp\/v2\/posts"}],"about":[{"href":"https:\/\/www.rri.ro\/de\/wp-json\/wp\/v2\/types\/post"}],"author":[{"embeddable":true,"href":"https:\/\/www.rri.ro\/de\/wp-json\/wp\/v2\/users\/110"}],"replies":[{"embeddable":true,"href":"https:\/\/www.rri.ro\/de\/wp-json\/wp\/v2\/comments?post=460799"}],"version-history":[{"count":0,"href":"https:\/\/www.rri.ro\/de\/wp-json\/wp\/v2\/posts\/460799\/revisions"}],"wp:featuredmedia":[{"embeddable":true,"href":"https:\/\/www.rri.ro\/de\/wp-json\/wp\/v2\/media\/183206"}],"wp:attachment":[{"href":"https:\/\/www.rri.ro\/de\/wp-json\/wp\/v2\/media?parent=460799"}],"wp:term":[{"taxonomy":"category","embeddable":true,"href":"https:\/\/www.rri.ro\/de\/wp-json\/wp\/v2\/categories?post=460799"},{"taxonomy":"post_tag","embeddable":true,"href":"https:\/\/www.rri.ro\/de\/wp-json\/wp\/v2\/tags?post=460799"},{"taxonomy":"author","embeddable":true,"href":"https:\/\/www.rri.ro\/de\/wp-json\/wp\/v2\/coauthors?post=460799"}],"curies":[{"name":"wp","href":"https:\/\/api.w.org\/{rel}","templated":true}]}}