{"id":460837,"date":"2018-11-13T17:00:00","date_gmt":"2018-11-13T15:00:00","guid":{"rendered":"http:\/\/devrri.freshlemon.ro\/aktuell\/gaudeamus-buchmesse-feiert-drei-jubilaeen-id460837.html"},"modified":"2024-02-19T20:39:41","modified_gmt":"2024-02-19T18:39:41","slug":"gaudeamus-buchmesse-feiert-drei-jubilaeen","status":"publish","type":"post","link":"https:\/\/www.rri.ro\/de\/aktuell\/rri-aktuell\/gaudeamus-buchmesse-feiert-drei-jubilaeen-id460837.html","title":{"rendered":"Gaudeamus-Buchmesse feiert drei Jubil\u00e4en"},"content":{"rendered":"<p>Am Mittwoch wird in Bukarest die 25. Auflage der Internationalen Buchmesse Gaudeamus er\u00f6ffnet, ein solider, konstanter Anhaltspunkt des rum\u00e4nischen Buchmarktes. Die Messe ist der wichtigste Bestandteil des Programms Lectura (Lekt\u00fcre), eines landesweiten Programms, das 1994 von Radio Rum\u00e4nien ins Leben gerufen wurde. Dessen Ziel ist die Landeskultur durch Messen und Ausstellungen, die dem Buch und der Erziehung gewidmet sind, zu unterst\u00fctzen. Die Errungenschaften dieses Jahrhundertviertels im Namen des Buches sind \u00fcber 100 Messen, die landesweit organisiert wurden, rund 3 Millionen Besucher, \u00fcber 10 Tausend Veranstaltungen. Radio Rum\u00e4nien ist der einzige Rundfunk der Welt, der ein derartiges Kulturprojekt, als nationaler Spitzenreiter in diesem Bereich betreut.<\/p>\n<p>&#13;<br \/>\n&#13;<\/p>\n<p>&#13;<br \/>\n&#13;<\/p>\n<p>Gaudeamus 2018 wird unter dem Zeichen dreier Jubil\u00e4en stattfinden: das Jahrhundertjubil\u00e4um der Gro\u200e\u00dfen Vereinigung der rum\u00e4nischen historischen Provinzen zu einem einheitlichen Staat, neun Jahrzehnte seit der ersten Sendung von Radio Rum\u00e4nien, einem der \u00e4ltesten Radiosender Europas und 25 Auflagen der Gaudeamus Messe. Obwohl die Messe \u00fcblicherweise ein Gastland und dessen Kultur zelebriert, hat der Veranstalter dieses Jahr beschlossen 2018, 100 Jahre seit der Gro\u200e\u00dfen Vereinigung, dass Rum\u00e4nien, seine Geschichte und seine Kultur der Stern der Veranstaltung ist.<\/p>\n<p>&#13;<br \/>\n&#13;<\/p>\n<p>&#13;<br \/>\n&#13;<\/p>\n<p>Hauptthema der Veranstaltung ist das Jahrhundertjubil\u00e4um Rum\u00e4niens. Dieses wird mithilfe eines repr\u00e4sentativen Stands dargestellt, der eine Sammlung von 600 B\u00e4nden beherbergt, die diesem historischen Augenblick gewidmet sind. Au\u200e\u00dferdem werden hier ungef\u00e4hr 50 Erreignisse stattfinden &#8212; Buchlancierungen und Vorstellungen, Rundtischgespr\u00e4che, Filmvorf\u00fchrungen, \u00f6ffentliche Lesungen stattfinden. Der Stand des Jahrhundertjubil\u00e4ums Rum\u00e4niens wird dem Publikum die M\u00f6glichkeit bieten, mit einigen der meistgesch\u00e4tzten rum\u00e4nischen Schriftsteller, Literaturkritiker und Historiker des Augenblicks zusammenzukommen.<\/p>\n<p>&#13;<br \/>\n&#13;<\/p>\n<p>&#13;<br \/>\n&#13;<\/p>\n<p>Ehrenpr\u00e4sident dieser Auflage ist der Historiker Ioan Aurel Pop, Pr\u00e4sident der Rum\u00e4nischen Akademie. Gaudeamus 2018 ist Gastgeber f\u00fcr \u00fcber 300 Aussteller &#8212; ein starker und gut definierter Kern von rum\u00e4nischen Traditionsverlagen, Lehranstalten, Buchvertriebsgesellschaften und Publikationen, Herstellern und Vertriebsgesellschaften von Erziehungsspielen, Berufsverb\u00e4nden und Organisationen, die in den Bereichen Kultur und Erziehung t\u00e4tig sind. Es werden \u00fcber 900 editorische und berufliche Veranstaltungen stattfinden. Die Gaudeamus 25 Messe wird \u00fcber die Entstehung, die Entwicklung und die Reifung des beliebtesten Buchereignisses Rum\u00e4niens sprechen.<\/p>\n<p>&#13;<br \/>\n&#13;<\/p>\n<p>&#13;<br \/>\n&#13;<\/p>\n<p>Wie jedes Jahr werden die Gaudeamus Troph\u00e4en f\u00fcr drei der Aussteller und der Preis <em>Das beliebteste Buch der Messe,<\/em> der Letztere aufgrund der Abstimmung des Publikums gew\u00e4hrt. Radio Rum\u00e4nien wird einem der Verlage, die an der Messe anwesend sind, den Exzellenzpreis verleihen. Dieser dient der totalen oder teilweisen Finanzieruing einese editorischen Projekts von nationaler Bedeutung, mit internationalem Echo. Au\u200e\u00dferdem werden Preise f\u00fcr \u00dcbersetzung und f\u00fcr Erziehung verliehen. Nicht zuletzt werden die Veranstalter den Preis Miss Lekt\u00fcre der sch\u00f6nsten Buchliebhaberin vergeben.<\/p>\n<p>&#13;<\/p>\n","protected":false},"excerpt":{"rendered":"<p>Bukarest ist Gastgeber einer neuen Auflage der Internationalen Buchmesse Gaudeamus. Diese ist ein ein Projekt des \u00f6ffentlich-rechtlichen Rundfunks.<\/p>\n","protected":false},"author":110,"featured_media":79499,"comment_status":"closed","ping_status":"closed","sticky":false,"template":"","format":"standard","meta":{"_acf_changed":false,"footnotes":""},"categories":[99583],"tags":[100487,71764,101388],"coauthors":[],"class_list":["post-460837","post","type-post","status-publish","format-standard","has-post-thumbnail","hentry","category-rri-aktuell","tag-buchmesse","tag-gaudeamus-2018","tag-jubilaeum"],"acf":[],"yoast_head":"<!-- This site is optimized with the Yoast SEO plugin v27.5 - https:\/\/yoast.com\/product\/yoast-seo-wordpress\/ -->\n<title>Gaudeamus-Buchmesse feiert drei Jubil\u00e4en - Radio Rum\u00e4nien International<\/title>\n<meta name=\"robots\" content=\"index, follow, max-snippet:-1, max-image-preview:large, max-video-preview:-1\" \/>\n<link rel=\"canonical\" href=\"https:\/\/www.rri.ro\/de\/aktuell\/rri-aktuell\/gaudeamus-buchmesse-feiert-drei-jubilaeen-id460837.html\" \/>\n<meta property=\"og:locale\" content=\"de_DE\" \/>\n<meta property=\"og:type\" content=\"article\" \/>\n<meta property=\"og:title\" content=\"Gaudeamus-Buchmesse feiert drei Jubil\u00e4en - Radio Rum\u00e4nien International\" \/>\n<meta property=\"og:description\" content=\"Bukarest ist Gastgeber einer neuen Auflage der Internationalen Buchmesse Gaudeamus. Diese ist ein ein Projekt des \u00f6ffentlich-rechtlichen Rundfunks.\" \/>\n<meta property=\"og:url\" content=\"https:\/\/www.rri.ro\/de\/aktuell\/rri-aktuell\/gaudeamus-buchmesse-feiert-drei-jubilaeen-id460837.html\" \/>\n<meta property=\"og:site_name\" content=\"Radio Rum\u00e4nien International\" \/>\n<meta property=\"article:published_time\" content=\"2018-11-13T15:00:00+00:00\" \/>\n<meta property=\"article:modified_time\" content=\"2024-02-19T18:39:41+00:00\" \/>\n<meta property=\"og:image\" content=\"https:\/\/www.rri.ro\/wp-content\/uploads\/2023\/10\/gaudeamus-2018-ok.png\" \/>\n\t<meta property=\"og:image:width\" content=\"640\" \/>\n\t<meta property=\"og:image:height\" content=\"427\" \/>\n\t<meta property=\"og:image:type\" content=\"image\/png\" \/>\n<meta name=\"author\" content=\"\u015etefan Stoica\" \/>\n<meta name=\"twitter:card\" content=\"summary_large_image\" \/>\n<meta name=\"twitter:label1\" content=\"Verfasst von\" \/>\n\t<meta name=\"twitter:data1\" content=\"\u015etefan Stoica\" \/>\n\t<meta name=\"twitter:label2\" content=\"Gesch\u00e4tzte Lesezeit\" \/>\n\t<meta name=\"twitter:data2\" content=\"2\u00a0Minuten\" \/>\n\t<meta name=\"twitter:label3\" content=\"Written by\" \/>\n\t<meta name=\"twitter:data3\" content=\"\u015etefan Stoica\" \/>\n<script type=\"application\/ld+json\" class=\"yoast-schema-graph\">{\"@context\":\"https:\\\/\\\/schema.org\",\"@graph\":[{\"@type\":\"Article\",\"@id\":\"https:\\\/\\\/www.rri.ro\\\/de\\\/aktuell\\\/rri-aktuell\\\/gaudeamus-buchmesse-feiert-drei-jubilaeen-id460837.html#article\",\"isPartOf\":{\"@id\":\"https:\\\/\\\/www.rri.ro\\\/de\\\/aktuell\\\/rri-aktuell\\\/gaudeamus-buchmesse-feiert-drei-jubilaeen-id460837.html\"},\"author\":{\"name\":\"\u015etefan Stoica\",\"@id\":\"https:\\\/\\\/www.rri.ro\\\/#\\\/schema\\\/person\\\/2d81d5dc94d44190d13245f64551d334\"},\"headline\":\"Gaudeamus-Buchmesse feiert drei Jubil\u00e4en\",\"datePublished\":\"2018-11-13T15:00:00+00:00\",\"dateModified\":\"2024-02-19T18:39:41+00:00\",\"mainEntityOfPage\":{\"@id\":\"https:\\\/\\\/www.rri.ro\\\/de\\\/aktuell\\\/rri-aktuell\\\/gaudeamus-buchmesse-feiert-drei-jubilaeen-id460837.html\"},\"wordCount\":439,\"image\":{\"@id\":\"https:\\\/\\\/www.rri.ro\\\/de\\\/aktuell\\\/rri-aktuell\\\/gaudeamus-buchmesse-feiert-drei-jubilaeen-id460837.html#primaryimage\"},\"thumbnailUrl\":\"https:\\\/\\\/www.rri.ro\\\/wp-content\\\/uploads\\\/2023\\\/10\\\/gaudeamus-2018-ok.png\",\"keywords\":[\"Buchmesse\",\"Gaudeamus 2018\",\"Jubil\u00e4um\"],\"articleSection\":[\"RRI Aktuell\"],\"inLanguage\":\"de\"},{\"@type\":\"WebPage\",\"@id\":\"https:\\\/\\\/www.rri.ro\\\/de\\\/aktuell\\\/rri-aktuell\\\/gaudeamus-buchmesse-feiert-drei-jubilaeen-id460837.html\",\"url\":\"https:\\\/\\\/www.rri.ro\\\/de\\\/aktuell\\\/rri-aktuell\\\/gaudeamus-buchmesse-feiert-drei-jubilaeen-id460837.html\",\"name\":\"Gaudeamus-Buchmesse feiert drei Jubil\u00e4en - Radio Rum\u00e4nien International\",\"isPartOf\":{\"@id\":\"https:\\\/\\\/www.rri.ro\\\/#website\"},\"primaryImageOfPage\":{\"@id\":\"https:\\\/\\\/www.rri.ro\\\/de\\\/aktuell\\\/rri-aktuell\\\/gaudeamus-buchmesse-feiert-drei-jubilaeen-id460837.html#primaryimage\"},\"image\":{\"@id\":\"https:\\\/\\\/www.rri.ro\\\/de\\\/aktuell\\\/rri-aktuell\\\/gaudeamus-buchmesse-feiert-drei-jubilaeen-id460837.html#primaryimage\"},\"thumbnailUrl\":\"https:\\\/\\\/www.rri.ro\\\/wp-content\\\/uploads\\\/2023\\\/10\\\/gaudeamus-2018-ok.png\",\"datePublished\":\"2018-11-13T15:00:00+00:00\",\"dateModified\":\"2024-02-19T18:39:41+00:00\",\"author\":{\"@id\":\"https:\\\/\\\/www.rri.ro\\\/#\\\/schema\\\/person\\\/2d81d5dc94d44190d13245f64551d334\"},\"breadcrumb\":{\"@id\":\"https:\\\/\\\/www.rri.ro\\\/de\\\/aktuell\\\/rri-aktuell\\\/gaudeamus-buchmesse-feiert-drei-jubilaeen-id460837.html#breadcrumb\"},\"inLanguage\":\"de\",\"potentialAction\":[{\"@type\":\"ReadAction\",\"target\":[\"https:\\\/\\\/www.rri.ro\\\/de\\\/aktuell\\\/rri-aktuell\\\/gaudeamus-buchmesse-feiert-drei-jubilaeen-id460837.html\"]}]},{\"@type\":\"ImageObject\",\"inLanguage\":\"de\",\"@id\":\"https:\\\/\\\/www.rri.ro\\\/de\\\/aktuell\\\/rri-aktuell\\\/gaudeamus-buchmesse-feiert-drei-jubilaeen-id460837.html#primaryimage\",\"url\":\"https:\\\/\\\/www.rri.ro\\\/wp-content\\\/uploads\\\/2023\\\/10\\\/gaudeamus-2018-ok.png\",\"contentUrl\":\"https:\\\/\\\/www.rri.ro\\\/wp-content\\\/uploads\\\/2023\\\/10\\\/gaudeamus-2018-ok.png\",\"width\":640,\"height\":427},{\"@type\":\"BreadcrumbList\",\"@id\":\"https:\\\/\\\/www.rri.ro\\\/de\\\/aktuell\\\/rri-aktuell\\\/gaudeamus-buchmesse-feiert-drei-jubilaeen-id460837.html#breadcrumb\",\"itemListElement\":[{\"@type\":\"ListItem\",\"position\":1,\"name\":\"Startseite\",\"item\":\"https:\\\/\\\/www.rri.ro\\\/de\"},{\"@type\":\"ListItem\",\"position\":2,\"name\":\"Aktuell\",\"item\":\"https:\\\/\\\/www.rri.ro\\\/de\\\/aktuell\"},{\"@type\":\"ListItem\",\"position\":3,\"name\":\"RRI Aktuell\",\"item\":\"https:\\\/\\\/www.rri.ro\\\/de\\\/aktuell\\\/rri-aktuell\"},{\"@type\":\"ListItem\",\"position\":4,\"name\":\"Gaudeamus-Buchmesse feiert drei Jubil\u00e4en\"}]},{\"@type\":\"WebSite\",\"@id\":\"https:\\\/\\\/www.rri.ro\\\/#website\",\"url\":\"https:\\\/\\\/www.rri.ro\\\/\",\"name\":\"Radio Rum\u00e4nien International\",\"description\":\"Totul despre Rom\u00e2nia \u015fi rom\u00e2ni, \u00een 13 limbi\\\/dialecte!\",\"inLanguage\":\"de\"},{\"@type\":\"Person\",\"@id\":\"https:\\\/\\\/www.rri.ro\\\/#\\\/schema\\\/person\\\/2d81d5dc94d44190d13245f64551d334\",\"name\":\"\u015etefan Stoica\",\"url\":\"https:\\\/\\\/www.rri.ro\\\/de\\\/author\\\/stefan-stoica\"}]}<\/script>\n<!-- \/ Yoast SEO plugin. -->","yoast_head_json":{"title":"Gaudeamus-Buchmesse feiert drei Jubil\u00e4en - Radio Rum\u00e4nien International","robots":{"index":"index","follow":"follow","max-snippet":"max-snippet:-1","max-image-preview":"max-image-preview:large","max-video-preview":"max-video-preview:-1"},"canonical":"https:\/\/www.rri.ro\/de\/aktuell\/rri-aktuell\/gaudeamus-buchmesse-feiert-drei-jubilaeen-id460837.html","og_locale":"de_DE","og_type":"article","og_title":"Gaudeamus-Buchmesse feiert drei Jubil\u00e4en - Radio Rum\u00e4nien International","og_description":"Bukarest ist Gastgeber einer neuen Auflage der Internationalen Buchmesse Gaudeamus. Diese ist ein ein Projekt des \u00f6ffentlich-rechtlichen Rundfunks.","og_url":"https:\/\/www.rri.ro\/de\/aktuell\/rri-aktuell\/gaudeamus-buchmesse-feiert-drei-jubilaeen-id460837.html","og_site_name":"Radio Rum\u00e4nien International","article_published_time":"2018-11-13T15:00:00+00:00","article_modified_time":"2024-02-19T18:39:41+00:00","og_image":[{"width":640,"height":427,"url":"https:\/\/www.rri.ro\/wp-content\/uploads\/2023\/10\/gaudeamus-2018-ok.png","type":"image\/png"}],"author":"\u015etefan Stoica","twitter_card":"summary_large_image","twitter_misc":{"Verfasst von":"\u015etefan Stoica","Gesch\u00e4tzte Lesezeit":"2\u00a0Minuten","Written by":"\u015etefan Stoica"},"schema":{"@context":"https:\/\/schema.org","@graph":[{"@type":"Article","@id":"https:\/\/www.rri.ro\/de\/aktuell\/rri-aktuell\/gaudeamus-buchmesse-feiert-drei-jubilaeen-id460837.html#article","isPartOf":{"@id":"https:\/\/www.rri.ro\/de\/aktuell\/rri-aktuell\/gaudeamus-buchmesse-feiert-drei-jubilaeen-id460837.html"},"author":{"name":"\u015etefan Stoica","@id":"https:\/\/www.rri.ro\/#\/schema\/person\/2d81d5dc94d44190d13245f64551d334"},"headline":"Gaudeamus-Buchmesse feiert drei Jubil\u00e4en","datePublished":"2018-11-13T15:00:00+00:00","dateModified":"2024-02-19T18:39:41+00:00","mainEntityOfPage":{"@id":"https:\/\/www.rri.ro\/de\/aktuell\/rri-aktuell\/gaudeamus-buchmesse-feiert-drei-jubilaeen-id460837.html"},"wordCount":439,"image":{"@id":"https:\/\/www.rri.ro\/de\/aktuell\/rri-aktuell\/gaudeamus-buchmesse-feiert-drei-jubilaeen-id460837.html#primaryimage"},"thumbnailUrl":"https:\/\/www.rri.ro\/wp-content\/uploads\/2023\/10\/gaudeamus-2018-ok.png","keywords":["Buchmesse","Gaudeamus 2018","Jubil\u00e4um"],"articleSection":["RRI Aktuell"],"inLanguage":"de"},{"@type":"WebPage","@id":"https:\/\/www.rri.ro\/de\/aktuell\/rri-aktuell\/gaudeamus-buchmesse-feiert-drei-jubilaeen-id460837.html","url":"https:\/\/www.rri.ro\/de\/aktuell\/rri-aktuell\/gaudeamus-buchmesse-feiert-drei-jubilaeen-id460837.html","name":"Gaudeamus-Buchmesse feiert drei Jubil\u00e4en - Radio Rum\u00e4nien International","isPartOf":{"@id":"https:\/\/www.rri.ro\/#website"},"primaryImageOfPage":{"@id":"https:\/\/www.rri.ro\/de\/aktuell\/rri-aktuell\/gaudeamus-buchmesse-feiert-drei-jubilaeen-id460837.html#primaryimage"},"image":{"@id":"https:\/\/www.rri.ro\/de\/aktuell\/rri-aktuell\/gaudeamus-buchmesse-feiert-drei-jubilaeen-id460837.html#primaryimage"},"thumbnailUrl":"https:\/\/www.rri.ro\/wp-content\/uploads\/2023\/10\/gaudeamus-2018-ok.png","datePublished":"2018-11-13T15:00:00+00:00","dateModified":"2024-02-19T18:39:41+00:00","author":{"@id":"https:\/\/www.rri.ro\/#\/schema\/person\/2d81d5dc94d44190d13245f64551d334"},"breadcrumb":{"@id":"https:\/\/www.rri.ro\/de\/aktuell\/rri-aktuell\/gaudeamus-buchmesse-feiert-drei-jubilaeen-id460837.html#breadcrumb"},"inLanguage":"de","potentialAction":[{"@type":"ReadAction","target":["https:\/\/www.rri.ro\/de\/aktuell\/rri-aktuell\/gaudeamus-buchmesse-feiert-drei-jubilaeen-id460837.html"]}]},{"@type":"ImageObject","inLanguage":"de","@id":"https:\/\/www.rri.ro\/de\/aktuell\/rri-aktuell\/gaudeamus-buchmesse-feiert-drei-jubilaeen-id460837.html#primaryimage","url":"https:\/\/www.rri.ro\/wp-content\/uploads\/2023\/10\/gaudeamus-2018-ok.png","contentUrl":"https:\/\/www.rri.ro\/wp-content\/uploads\/2023\/10\/gaudeamus-2018-ok.png","width":640,"height":427},{"@type":"BreadcrumbList","@id":"https:\/\/www.rri.ro\/de\/aktuell\/rri-aktuell\/gaudeamus-buchmesse-feiert-drei-jubilaeen-id460837.html#breadcrumb","itemListElement":[{"@type":"ListItem","position":1,"name":"Startseite","item":"https:\/\/www.rri.ro\/de"},{"@type":"ListItem","position":2,"name":"Aktuell","item":"https:\/\/www.rri.ro\/de\/aktuell"},{"@type":"ListItem","position":3,"name":"RRI Aktuell","item":"https:\/\/www.rri.ro\/de\/aktuell\/rri-aktuell"},{"@type":"ListItem","position":4,"name":"Gaudeamus-Buchmesse feiert drei Jubil\u00e4en"}]},{"@type":"WebSite","@id":"https:\/\/www.rri.ro\/#website","url":"https:\/\/www.rri.ro\/","name":"Radio Rum\u00e4nien International","description":"Totul despre Rom\u00e2nia \u015fi rom\u00e2ni, \u00een 13 limbi\/dialecte!","inLanguage":"de"},{"@type":"Person","@id":"https:\/\/www.rri.ro\/#\/schema\/person\/2d81d5dc94d44190d13245f64551d334","name":"\u015etefan Stoica","url":"https:\/\/www.rri.ro\/de\/author\/stefan-stoica"}]}},"_links":{"self":[{"href":"https:\/\/www.rri.ro\/de\/wp-json\/wp\/v2\/posts\/460837","targetHints":{"allow":["GET"]}}],"collection":[{"href":"https:\/\/www.rri.ro\/de\/wp-json\/wp\/v2\/posts"}],"about":[{"href":"https:\/\/www.rri.ro\/de\/wp-json\/wp\/v2\/types\/post"}],"author":[{"embeddable":true,"href":"https:\/\/www.rri.ro\/de\/wp-json\/wp\/v2\/users\/110"}],"replies":[{"embeddable":true,"href":"https:\/\/www.rri.ro\/de\/wp-json\/wp\/v2\/comments?post=460837"}],"version-history":[{"count":0,"href":"https:\/\/www.rri.ro\/de\/wp-json\/wp\/v2\/posts\/460837\/revisions"}],"wp:featuredmedia":[{"embeddable":true,"href":"https:\/\/www.rri.ro\/de\/wp-json\/wp\/v2\/media\/79499"}],"wp:attachment":[{"href":"https:\/\/www.rri.ro\/de\/wp-json\/wp\/v2\/media?parent=460837"}],"wp:term":[{"taxonomy":"category","embeddable":true,"href":"https:\/\/www.rri.ro\/de\/wp-json\/wp\/v2\/categories?post=460837"},{"taxonomy":"post_tag","embeddable":true,"href":"https:\/\/www.rri.ro\/de\/wp-json\/wp\/v2\/tags?post=460837"},{"taxonomy":"author","embeddable":true,"href":"https:\/\/www.rri.ro\/de\/wp-json\/wp\/v2\/coauthors?post=460837"}],"curies":[{"name":"wp","href":"https:\/\/api.w.org\/{rel}","templated":true}]}}