{"id":460879,"date":"2019-01-31T17:05:00","date_gmt":"2019-01-31T15:05:00","guid":{"rendered":"http:\/\/devrri.freshlemon.ro\/aktuell\/eu-staaten-muessen-fuer-alle-moeglichen-brexit-szenarien-bereit-sein-id460879.html"},"modified":"2024-02-19T20:47:48","modified_gmt":"2024-02-19T18:47:48","slug":"eu-staaten-muessen-fuer-alle-moeglichen-brexit-szenarien-bereit-sein","status":"publish","type":"post","link":"https:\/\/www.rri.ro\/de\/aktuell\/rri-aktuell\/eu-staaten-muessen-fuer-alle-moeglichen-brexit-szenarien-bereit-sein-id460879.html","title":{"rendered":"EU-Staaten m\u00fcssen f\u00fcr alle m\u00f6glichen Brexit-Szenarien bereit sein."},"content":{"rendered":"<p style=margin: 0px; text-align: justify; line-height: 150%;>Bis zum Austritt Gro\u200e\u00dfbritanniens aus der EU am 29. M\u00e4rz w\u00e4hrend der rum\u00e4nischen EU-Ratspr\u00e4sidentschaft sind es nur noch zwei Monate, aber es l\u00e4sst sich schwer einsch\u00e4tzen, wie dies tats\u00e4chlich geschehen wird. Das britische Parlament hat die Ministerpr\u00e4sidentin Theresa May beauftragt, die mit der EU erzielte Einigung \u00fcber den Brexit neu zu verhandeln, aber die EU-Beamten haben eine solche Option nachdr\u00fccklich abgelehnt.<\/p>\n<p>&#13;<br \/>\n&#13;<\/p>\n<p style=margin: 0px; text-align: justify; line-height: 150%;>\n<p>&#13;<br \/>\n&#13;<\/p>\n<p style=margin: 0px; text-align: justify; line-height: 150%;>Die j\u00fcngsten Entwicklungen in der britischen politischen Szene haben das Risiko eines ungeordneten Austritts erh\u00f6ht, erkl\u00e4rte der Pr\u00e4sident der Europ\u00e4ischen Kommission Jean-Claude Junker. Er hat die Mitgliedstaaten aufgefordert, sich auf alle m\u00f6glichen Szenarien vorzubereiten, einschlie\u200e\u00dflich des d\u00fcstersten. Der Pr\u00e4sident des Europ\u00e4ischen Rates Donald Tusk hat im Gegenzug erkl\u00e4rt, dass die von den Mitgliedstaaten gebilligte Vereinbarung der beste und einzige Weg ist, um einen geordneten Austritt Gro\u200e\u00dfbritanniens aus der Europ\u00e4ischen Union sicherzustellen.<\/p>\n<p>&#13;<br \/>\n&#13;<\/p>\n<p style=margin: 0px; text-align: justify; line-height: 150%;>\n<p>&#13;<br \/>\n&#13;<\/p>\n<p style=margin: 0px; text-align: justify; line-height: 150%;>Der Pr\u00e4sident des Europ\u00e4ischen Parlaments Antonio Tajani hat seinerseits erkl\u00e4rt, dass die Wahrung der Rechte aller 3,5 Millionen Europ\u00e4er, die in Gro\u200e\u00dfbritannien leben, und auch der Briten, die sich entschieden haben, in den EU-Mitgliedsl\u00e4ndern zu leben, eine Priorit\u00e4t ist. Der britische Botschafter in Bukarest Andrew Noble hatte inzwischen Treffen mit der rum\u00e4nischen Ministerpr\u00e4sidentin Viorica D\u0103ncil\u0103 und der rum\u00e4nischen Ministerin der im Ausland lebenden Rum\u00e4nen Natalia Intotero. Viorica D\u0103ncil\u0103 und Andrew Noble haben beide die sehr guten Beziehungen zwischen Rum\u00e4nien und Gro\u200e\u00dfbritannien, ihren gemeinsamen Beitrag zur Sicherheit und Verteidigung Europas sowie die engen wirtschaftlichen und sozialen Beziehungen zwischen den beiden L\u00e4ndern hervorgehoben.<\/p>\n<p>&#13;<br \/>\n&#13;<\/p>\n<p style=margin: 0px; text-align: justify; line-height: 150%;>\n<p>&#13;<br \/>\n&#13;<\/p>\n<p style=margin: 0px; text-align: justify; line-height: 150%;>Vor diesem Hintergrund hat die rum\u00e4nische Ministerpr\u00e4sidentin erneut betont, dass es f\u00fcr Rum\u00e4nien von gr\u00f6\u200e\u00dfter Bedeutung ist, den Schutz der Rechte der rum\u00e4nischen B\u00fcrger im Vereinigten K\u00f6nigreich zu gew\u00e4hrleisten, und sie hat auch garantiert, dass Bukarest seinerseits alle erforderlichen Ma\u200e\u00dfnahmen ergreift die Rechte der in Rum\u00e4nien lebenden britischen B\u00fcrger zu sch\u00fctzen, unabh\u00e4ngig davon, ob mit der EU eine Vereinbarung getroffen wird oder nicht. Die rum\u00e4nische Gemeinschaft in Gro\u200e\u00dfbritannien ist besorgt, wie Ministerin Natalia Intotero gesagt hat. Sie hat erkl\u00e4rt, dass in dem von ihr geleiteten Ministerium eine Arbeitsgruppe f\u00fcr europ\u00e4ische Angelegenheiten eingerichtet wurde, die sich unter anderem auf die \u00dcberwachung der Brexit-Entwicklungen konzentriert, damit die in Gro\u200e\u00dfbritannien lebenden rum\u00e4nischen B\u00fcrger angemessen informiert werden.<\/p>\n<p>&#13;<br \/>\n&#13;<\/p>\n<p style=margin: 0px; text-align: justify; line-height: 150%;>\n<p>&#13;<br \/>\n&#13;<\/p>\n<p>Das Ministerium f\u00fcr die im Ausland lebenden Rum\u00e4nen befindet sich in einem st\u00e4ndigen Dialog mit dem Au\u200e\u00dfenministerium, der rum\u00e4nischen diplomatischen Vertretung in London und den anderen Konsularstellen Rum\u00e4niens. Au\u200e\u00dferdem wurde eine E-Mail-Adresse erstellt, brexit@mprp.gov.ro, an die die in Gro\u200e\u00dfbritannien lebenden rum\u00e4nischen B\u00fcrger Fragen zu ihrer Zukunft auf britischem Boden \u00fcbermitteln k\u00f6nnen. Ihre Hauptanliegen sind Wohnsitz, Studium und Transport.<\/p>\n<p>&#13;<\/p>\n","protected":false},"excerpt":{"rendered":"<p>Der Pr\u00e4sident der Europ\u00e4ischen Kommission, Jean-Claude Juncker, fordert die Mitgliedstaaten auf, auf alle m\u00f6glichen Brexit-Szenarien vorbereitet zu sein.<\/p>\n","protected":false},"author":109,"featured_media":80520,"comment_status":"closed","ping_status":"closed","sticky":false,"template":"","format":"standard","meta":{"_acf_changed":false,"footnotes":""},"categories":[99583],"tags":[132144,14005,170623,29397,104525],"coauthors":[],"class_list":["post-460879","post","type-post","status-publish","format-standard","has-post-thumbnail","hentry","category-rri-aktuell","tag-antonio-tajani-de","tag-brexit","tag-donald-tusk-de","tag-jean-claude-juncker","tag-szenarien"],"acf":[],"yoast_head":"<!-- This site is optimized with the Yoast SEO plugin v27.3 - https:\/\/yoast.com\/product\/yoast-seo-wordpress\/ -->\n<title>EU-Staaten m\u00fcssen f\u00fcr alle m\u00f6glichen Brexit-Szenarien bereit sein. - Radio Rum\u00e4nien International<\/title>\n<meta name=\"robots\" content=\"index, follow, max-snippet:-1, max-image-preview:large, max-video-preview:-1\" \/>\n<link rel=\"canonical\" href=\"https:\/\/www.rri.ro\/de\/aktuell\/rri-aktuell\/eu-staaten-muessen-fuer-alle-moeglichen-brexit-szenarien-bereit-sein-id460879.html\" \/>\n<meta property=\"og:locale\" content=\"de_DE\" \/>\n<meta property=\"og:type\" content=\"article\" \/>\n<meta property=\"og:title\" content=\"EU-Staaten m\u00fcssen f\u00fcr alle m\u00f6glichen Brexit-Szenarien bereit sein. - Radio Rum\u00e4nien International\" \/>\n<meta property=\"og:description\" content=\"Der Pr\u00e4sident der Europ\u00e4ischen Kommission, Jean-Claude Juncker, fordert die Mitgliedstaaten auf, auf alle m\u00f6glichen Brexit-Szenarien vorbereitet zu sein.\" \/>\n<meta property=\"og:url\" content=\"https:\/\/www.rri.ro\/de\/aktuell\/rri-aktuell\/eu-staaten-muessen-fuer-alle-moeglichen-brexit-szenarien-bereit-sein-id460879.html\" \/>\n<meta property=\"og:site_name\" content=\"Radio Rum\u00e4nien International\" \/>\n<meta property=\"article:published_time\" content=\"2019-01-31T15:05:00+00:00\" \/>\n<meta property=\"article:modified_time\" content=\"2024-02-19T18:47:48+00:00\" \/>\n<meta property=\"og:image\" content=\"https:\/\/www.rri.ro\/wp-content\/uploads\/2023\/10\/viorica-dancila-si-andrew-noble-foto-gov.png\" \/>\n\t<meta property=\"og:image:width\" content=\"640\" \/>\n\t<meta property=\"og:image:height\" content=\"427\" \/>\n\t<meta property=\"og:image:type\" content=\"image\/png\" \/>\n<meta name=\"author\" content=\"Roxana Vasile\" \/>\n<meta name=\"twitter:card\" content=\"summary_large_image\" \/>\n<meta name=\"twitter:label1\" content=\"Verfasst von\" \/>\n\t<meta name=\"twitter:data1\" content=\"Roxana Vasile\" \/>\n\t<meta name=\"twitter:label2\" content=\"Gesch\u00e4tzte Lesezeit\" \/>\n\t<meta name=\"twitter:data2\" content=\"2\u00a0Minuten\" \/>\n\t<meta name=\"twitter:label3\" content=\"Written by\" \/>\n\t<meta name=\"twitter:data3\" content=\"Roxana Vasile\" \/>\n<script type=\"application\/ld+json\" class=\"yoast-schema-graph\">{\"@context\":\"https:\\\/\\\/schema.org\",\"@graph\":[{\"@type\":\"Article\",\"@id\":\"https:\\\/\\\/www.rri.ro\\\/de\\\/aktuell\\\/rri-aktuell\\\/eu-staaten-muessen-fuer-alle-moeglichen-brexit-szenarien-bereit-sein-id460879.html#article\",\"isPartOf\":{\"@id\":\"https:\\\/\\\/www.rri.ro\\\/de\\\/aktuell\\\/rri-aktuell\\\/eu-staaten-muessen-fuer-alle-moeglichen-brexit-szenarien-bereit-sein-id460879.html\"},\"author\":{\"name\":\"Roxana Vasile\",\"@id\":\"https:\\\/\\\/www.rri.ro\\\/#\\\/schema\\\/person\\\/0745b519f2d1287783422f162c4112af\"},\"headline\":\"EU-Staaten m\u00fcssen f\u00fcr alle m\u00f6glichen Brexit-Szenarien bereit sein.\",\"datePublished\":\"2019-01-31T15:05:00+00:00\",\"dateModified\":\"2024-02-19T18:47:48+00:00\",\"mainEntityOfPage\":{\"@id\":\"https:\\\/\\\/www.rri.ro\\\/de\\\/aktuell\\\/rri-aktuell\\\/eu-staaten-muessen-fuer-alle-moeglichen-brexit-szenarien-bereit-sein-id460879.html\"},\"wordCount\":488,\"image\":{\"@id\":\"https:\\\/\\\/www.rri.ro\\\/de\\\/aktuell\\\/rri-aktuell\\\/eu-staaten-muessen-fuer-alle-moeglichen-brexit-szenarien-bereit-sein-id460879.html#primaryimage\"},\"thumbnailUrl\":\"https:\\\/\\\/www.rri.ro\\\/wp-content\\\/uploads\\\/2023\\\/10\\\/viorica-dancila-si-andrew-noble-foto-gov.png\",\"keywords\":[\"Antonio Tajani\",\"Brexit\",\"Donald Tusk\",\"Jean Claude Juncker\",\"Szenarien\"],\"articleSection\":[\"RRI Aktuell\"],\"inLanguage\":\"de\"},{\"@type\":\"WebPage\",\"@id\":\"https:\\\/\\\/www.rri.ro\\\/de\\\/aktuell\\\/rri-aktuell\\\/eu-staaten-muessen-fuer-alle-moeglichen-brexit-szenarien-bereit-sein-id460879.html\",\"url\":\"https:\\\/\\\/www.rri.ro\\\/de\\\/aktuell\\\/rri-aktuell\\\/eu-staaten-muessen-fuer-alle-moeglichen-brexit-szenarien-bereit-sein-id460879.html\",\"name\":\"EU-Staaten m\u00fcssen f\u00fcr alle m\u00f6glichen Brexit-Szenarien bereit sein. - Radio Rum\u00e4nien International\",\"isPartOf\":{\"@id\":\"https:\\\/\\\/www.rri.ro\\\/#website\"},\"primaryImageOfPage\":{\"@id\":\"https:\\\/\\\/www.rri.ro\\\/de\\\/aktuell\\\/rri-aktuell\\\/eu-staaten-muessen-fuer-alle-moeglichen-brexit-szenarien-bereit-sein-id460879.html#primaryimage\"},\"image\":{\"@id\":\"https:\\\/\\\/www.rri.ro\\\/de\\\/aktuell\\\/rri-aktuell\\\/eu-staaten-muessen-fuer-alle-moeglichen-brexit-szenarien-bereit-sein-id460879.html#primaryimage\"},\"thumbnailUrl\":\"https:\\\/\\\/www.rri.ro\\\/wp-content\\\/uploads\\\/2023\\\/10\\\/viorica-dancila-si-andrew-noble-foto-gov.png\",\"datePublished\":\"2019-01-31T15:05:00+00:00\",\"dateModified\":\"2024-02-19T18:47:48+00:00\",\"author\":{\"@id\":\"https:\\\/\\\/www.rri.ro\\\/#\\\/schema\\\/person\\\/0745b519f2d1287783422f162c4112af\"},\"breadcrumb\":{\"@id\":\"https:\\\/\\\/www.rri.ro\\\/de\\\/aktuell\\\/rri-aktuell\\\/eu-staaten-muessen-fuer-alle-moeglichen-brexit-szenarien-bereit-sein-id460879.html#breadcrumb\"},\"inLanguage\":\"de\",\"potentialAction\":[{\"@type\":\"ReadAction\",\"target\":[\"https:\\\/\\\/www.rri.ro\\\/de\\\/aktuell\\\/rri-aktuell\\\/eu-staaten-muessen-fuer-alle-moeglichen-brexit-szenarien-bereit-sein-id460879.html\"]}]},{\"@type\":\"ImageObject\",\"inLanguage\":\"de\",\"@id\":\"https:\\\/\\\/www.rri.ro\\\/de\\\/aktuell\\\/rri-aktuell\\\/eu-staaten-muessen-fuer-alle-moeglichen-brexit-szenarien-bereit-sein-id460879.html#primaryimage\",\"url\":\"https:\\\/\\\/www.rri.ro\\\/wp-content\\\/uploads\\\/2023\\\/10\\\/viorica-dancila-si-andrew-noble-foto-gov.png\",\"contentUrl\":\"https:\\\/\\\/www.rri.ro\\\/wp-content\\\/uploads\\\/2023\\\/10\\\/viorica-dancila-si-andrew-noble-foto-gov.png\",\"width\":640,\"height\":427},{\"@type\":\"BreadcrumbList\",\"@id\":\"https:\\\/\\\/www.rri.ro\\\/de\\\/aktuell\\\/rri-aktuell\\\/eu-staaten-muessen-fuer-alle-moeglichen-brexit-szenarien-bereit-sein-id460879.html#breadcrumb\",\"itemListElement\":[{\"@type\":\"ListItem\",\"position\":1,\"name\":\"Startseite\",\"item\":\"https:\\\/\\\/www.rri.ro\\\/de\"},{\"@type\":\"ListItem\",\"position\":2,\"name\":\"Aktuell\",\"item\":\"https:\\\/\\\/www.rri.ro\\\/de\\\/aktuell\"},{\"@type\":\"ListItem\",\"position\":3,\"name\":\"RRI Aktuell\",\"item\":\"https:\\\/\\\/www.rri.ro\\\/de\\\/aktuell\\\/rri-aktuell\"},{\"@type\":\"ListItem\",\"position\":4,\"name\":\"EU-Staaten m\u00fcssen f\u00fcr alle m\u00f6glichen Brexit-Szenarien bereit sein.\"}]},{\"@type\":\"WebSite\",\"@id\":\"https:\\\/\\\/www.rri.ro\\\/#website\",\"url\":\"https:\\\/\\\/www.rri.ro\\\/\",\"name\":\"Radio Rum\u00e4nien International\",\"description\":\"Totul despre Rom\u00e2nia \u015fi rom\u00e2ni, \u00een 13 limbi\\\/dialecte!\",\"inLanguage\":\"de\"},{\"@type\":\"Person\",\"@id\":\"https:\\\/\\\/www.rri.ro\\\/#\\\/schema\\\/person\\\/0745b519f2d1287783422f162c4112af\",\"name\":\"Roxana Vasile\",\"url\":\"https:\\\/\\\/www.rri.ro\\\/de\\\/author\\\/roxana-vasile\"}]}<\/script>\n<!-- \/ Yoast SEO plugin. -->","yoast_head_json":{"title":"EU-Staaten m\u00fcssen f\u00fcr alle m\u00f6glichen Brexit-Szenarien bereit sein. - Radio Rum\u00e4nien International","robots":{"index":"index","follow":"follow","max-snippet":"max-snippet:-1","max-image-preview":"max-image-preview:large","max-video-preview":"max-video-preview:-1"},"canonical":"https:\/\/www.rri.ro\/de\/aktuell\/rri-aktuell\/eu-staaten-muessen-fuer-alle-moeglichen-brexit-szenarien-bereit-sein-id460879.html","og_locale":"de_DE","og_type":"article","og_title":"EU-Staaten m\u00fcssen f\u00fcr alle m\u00f6glichen Brexit-Szenarien bereit sein. - Radio Rum\u00e4nien International","og_description":"Der Pr\u00e4sident der Europ\u00e4ischen Kommission, Jean-Claude Juncker, fordert die Mitgliedstaaten auf, auf alle m\u00f6glichen Brexit-Szenarien vorbereitet zu sein.","og_url":"https:\/\/www.rri.ro\/de\/aktuell\/rri-aktuell\/eu-staaten-muessen-fuer-alle-moeglichen-brexit-szenarien-bereit-sein-id460879.html","og_site_name":"Radio Rum\u00e4nien International","article_published_time":"2019-01-31T15:05:00+00:00","article_modified_time":"2024-02-19T18:47:48+00:00","og_image":[{"width":640,"height":427,"url":"https:\/\/www.rri.ro\/wp-content\/uploads\/2023\/10\/viorica-dancila-si-andrew-noble-foto-gov.png","type":"image\/png"}],"author":"Roxana Vasile","twitter_card":"summary_large_image","twitter_misc":{"Verfasst von":"Roxana Vasile","Gesch\u00e4tzte Lesezeit":"2\u00a0Minuten","Written by":"Roxana Vasile"},"schema":{"@context":"https:\/\/schema.org","@graph":[{"@type":"Article","@id":"https:\/\/www.rri.ro\/de\/aktuell\/rri-aktuell\/eu-staaten-muessen-fuer-alle-moeglichen-brexit-szenarien-bereit-sein-id460879.html#article","isPartOf":{"@id":"https:\/\/www.rri.ro\/de\/aktuell\/rri-aktuell\/eu-staaten-muessen-fuer-alle-moeglichen-brexit-szenarien-bereit-sein-id460879.html"},"author":{"name":"Roxana Vasile","@id":"https:\/\/www.rri.ro\/#\/schema\/person\/0745b519f2d1287783422f162c4112af"},"headline":"EU-Staaten m\u00fcssen f\u00fcr alle m\u00f6glichen Brexit-Szenarien bereit sein.","datePublished":"2019-01-31T15:05:00+00:00","dateModified":"2024-02-19T18:47:48+00:00","mainEntityOfPage":{"@id":"https:\/\/www.rri.ro\/de\/aktuell\/rri-aktuell\/eu-staaten-muessen-fuer-alle-moeglichen-brexit-szenarien-bereit-sein-id460879.html"},"wordCount":488,"image":{"@id":"https:\/\/www.rri.ro\/de\/aktuell\/rri-aktuell\/eu-staaten-muessen-fuer-alle-moeglichen-brexit-szenarien-bereit-sein-id460879.html#primaryimage"},"thumbnailUrl":"https:\/\/www.rri.ro\/wp-content\/uploads\/2023\/10\/viorica-dancila-si-andrew-noble-foto-gov.png","keywords":["Antonio Tajani","Brexit","Donald Tusk","Jean Claude Juncker","Szenarien"],"articleSection":["RRI Aktuell"],"inLanguage":"de"},{"@type":"WebPage","@id":"https:\/\/www.rri.ro\/de\/aktuell\/rri-aktuell\/eu-staaten-muessen-fuer-alle-moeglichen-brexit-szenarien-bereit-sein-id460879.html","url":"https:\/\/www.rri.ro\/de\/aktuell\/rri-aktuell\/eu-staaten-muessen-fuer-alle-moeglichen-brexit-szenarien-bereit-sein-id460879.html","name":"EU-Staaten m\u00fcssen f\u00fcr alle m\u00f6glichen Brexit-Szenarien bereit sein. - Radio Rum\u00e4nien International","isPartOf":{"@id":"https:\/\/www.rri.ro\/#website"},"primaryImageOfPage":{"@id":"https:\/\/www.rri.ro\/de\/aktuell\/rri-aktuell\/eu-staaten-muessen-fuer-alle-moeglichen-brexit-szenarien-bereit-sein-id460879.html#primaryimage"},"image":{"@id":"https:\/\/www.rri.ro\/de\/aktuell\/rri-aktuell\/eu-staaten-muessen-fuer-alle-moeglichen-brexit-szenarien-bereit-sein-id460879.html#primaryimage"},"thumbnailUrl":"https:\/\/www.rri.ro\/wp-content\/uploads\/2023\/10\/viorica-dancila-si-andrew-noble-foto-gov.png","datePublished":"2019-01-31T15:05:00+00:00","dateModified":"2024-02-19T18:47:48+00:00","author":{"@id":"https:\/\/www.rri.ro\/#\/schema\/person\/0745b519f2d1287783422f162c4112af"},"breadcrumb":{"@id":"https:\/\/www.rri.ro\/de\/aktuell\/rri-aktuell\/eu-staaten-muessen-fuer-alle-moeglichen-brexit-szenarien-bereit-sein-id460879.html#breadcrumb"},"inLanguage":"de","potentialAction":[{"@type":"ReadAction","target":["https:\/\/www.rri.ro\/de\/aktuell\/rri-aktuell\/eu-staaten-muessen-fuer-alle-moeglichen-brexit-szenarien-bereit-sein-id460879.html"]}]},{"@type":"ImageObject","inLanguage":"de","@id":"https:\/\/www.rri.ro\/de\/aktuell\/rri-aktuell\/eu-staaten-muessen-fuer-alle-moeglichen-brexit-szenarien-bereit-sein-id460879.html#primaryimage","url":"https:\/\/www.rri.ro\/wp-content\/uploads\/2023\/10\/viorica-dancila-si-andrew-noble-foto-gov.png","contentUrl":"https:\/\/www.rri.ro\/wp-content\/uploads\/2023\/10\/viorica-dancila-si-andrew-noble-foto-gov.png","width":640,"height":427},{"@type":"BreadcrumbList","@id":"https:\/\/www.rri.ro\/de\/aktuell\/rri-aktuell\/eu-staaten-muessen-fuer-alle-moeglichen-brexit-szenarien-bereit-sein-id460879.html#breadcrumb","itemListElement":[{"@type":"ListItem","position":1,"name":"Startseite","item":"https:\/\/www.rri.ro\/de"},{"@type":"ListItem","position":2,"name":"Aktuell","item":"https:\/\/www.rri.ro\/de\/aktuell"},{"@type":"ListItem","position":3,"name":"RRI Aktuell","item":"https:\/\/www.rri.ro\/de\/aktuell\/rri-aktuell"},{"@type":"ListItem","position":4,"name":"EU-Staaten m\u00fcssen f\u00fcr alle m\u00f6glichen Brexit-Szenarien bereit sein."}]},{"@type":"WebSite","@id":"https:\/\/www.rri.ro\/#website","url":"https:\/\/www.rri.ro\/","name":"Radio Rum\u00e4nien International","description":"Totul despre Rom\u00e2nia \u015fi rom\u00e2ni, \u00een 13 limbi\/dialecte!","inLanguage":"de"},{"@type":"Person","@id":"https:\/\/www.rri.ro\/#\/schema\/person\/0745b519f2d1287783422f162c4112af","name":"Roxana Vasile","url":"https:\/\/www.rri.ro\/de\/author\/roxana-vasile"}]}},"_links":{"self":[{"href":"https:\/\/www.rri.ro\/de\/wp-json\/wp\/v2\/posts\/460879","targetHints":{"allow":["GET"]}}],"collection":[{"href":"https:\/\/www.rri.ro\/de\/wp-json\/wp\/v2\/posts"}],"about":[{"href":"https:\/\/www.rri.ro\/de\/wp-json\/wp\/v2\/types\/post"}],"author":[{"embeddable":true,"href":"https:\/\/www.rri.ro\/de\/wp-json\/wp\/v2\/users\/109"}],"replies":[{"embeddable":true,"href":"https:\/\/www.rri.ro\/de\/wp-json\/wp\/v2\/comments?post=460879"}],"version-history":[{"count":0,"href":"https:\/\/www.rri.ro\/de\/wp-json\/wp\/v2\/posts\/460879\/revisions"}],"wp:featuredmedia":[{"embeddable":true,"href":"https:\/\/www.rri.ro\/de\/wp-json\/wp\/v2\/media\/80520"}],"wp:attachment":[{"href":"https:\/\/www.rri.ro\/de\/wp-json\/wp\/v2\/media?parent=460879"}],"wp:term":[{"taxonomy":"category","embeddable":true,"href":"https:\/\/www.rri.ro\/de\/wp-json\/wp\/v2\/categories?post=460879"},{"taxonomy":"post_tag","embeddable":true,"href":"https:\/\/www.rri.ro\/de\/wp-json\/wp\/v2\/tags?post=460879"},{"taxonomy":"author","embeddable":true,"href":"https:\/\/www.rri.ro\/de\/wp-json\/wp\/v2\/coauthors?post=460879"}],"curies":[{"name":"wp","href":"https:\/\/api.w.org\/{rel}","templated":true}]}}