{"id":460886,"date":"2019-02-08T17:03:00","date_gmt":"2019-02-08T15:03:00","guid":{"rendered":"http:\/\/devrri.freshlemon.ro\/aktuell\/rumaenische-nationalbank-reagiert-auf-die-abwertung-des-leus-id460886.html"},"modified":"2024-02-19T20:47:54","modified_gmt":"2024-02-19T18:47:54","slug":"rumaenische-nationalbank-reagiert-auf-die-abwertung-des-leus","status":"publish","type":"post","link":"https:\/\/www.rri.ro\/de\/aktuell\/rri-aktuell\/rumaenische-nationalbank-reagiert-auf-die-abwertung-des-leus-id460886.html","title":{"rendered":"Rum\u00e4nische Nationalbank reagiert auf die Abwertung des Leus"},"content":{"rendered":"<p>Das Jahr 2019 begann mit gro\u00dfen Turbulenzen auf dem rum\u00e4nischen Devisenmarkt. Die Landesw\u00e4hrung, der Leu, hat ihre eigenen Negativrekorde niedergeschlagen. Er erzielte historische Mindestwerte im Verh\u00e4ltnis zu der europ\u00e4ischen Einheitsw\u00e4hrung. In den ersten Tagen des Jahres notierte der Euro bei 4,66 Lei und \u00fcberschritt Mitte des letzten Monats die psychologische Schwelle von 4,7 Lei. Die Landesw\u00e4hrung hat gegen\u00fcber dem US-Dollar sowie gegen\u00fcber dem Schweizer Franken an Boden verloren.<\/p>\n<p>&#13;<br \/>\n&#13;<\/p>\n<p>Ebenfalls im Januar erreichte ROBOR, der Hauptindex, mit dem die variablen Zinss\u00e4tze f\u00fcr ROL-Kredite berechnet werden, nahe drei Prozent, was die Zinsen der Rum\u00e4nen, die Kredite haben,  weiter erh\u00f6ht. Die Unruhen haben sich auch auf die politische Szene ausgeweitet. Die Sozialdemokratische Partei, PSD, hat die Nationalbank aufgefordert, auf dem Markt einzugreifen, um den Leu zu retten, und daf\u00fcr ihre Reserven von fast 37 Milliarden Euro zu gebrauchen.<\/p>\n<p>&#13;<br \/>\n&#13;<\/p>\n<p>Die Kritiken der ALDE- Mitglieder, einem j\u00fcngeren Partner der Sozialdemokraten, gegen den Notenbankchef Mugur Is\u0103rescu, dem Toleranz angeblicher kommerzieller Bankgesch\u00e4ftspraktiken bei der Festlegung von ROBOR vorgeworfen wird, haben zugenommen. Andererseits stieg die Geldmenge nach Angaben der Zentralbank im Dezember 2018 um fast 9% gegen\u00fcber dem gleichen Monat des Vorjahres, was zur Abwertung des Leu beigetragen hat.<\/p>\n<p>&#13;<br \/>\n&#13;<\/p>\n<p>Der Berater von der Rum\u00e4nischen Nationalbank Adrian Vasilescu sch\u00e4tzte, dass die Entwicklungen auf dem Devisenmarkt mehr psychologisch waren, und k\u00fcndigte an, dass die Intervention der Zentralbank nur wenn die Abwertung 4 bis 5 Prozent \u00fcbersteige, notwendig sei. Am Donnerstag gab die Nationalbank bekannt, dass sie den Leitzins auf 2,5% pro Jahr h\u00e4lt und die Mindestreserves\u00e4tze f\u00fcr Kredit- und Fremdw\u00e4hrungspassiva der Kreditinstitutionen auf dem aktuellen Stand halte.<\/p>\n<p>&#13;<br \/>\n&#13;<\/p>\n<p>Nach der Sitzung des Verwaltungsrates der Nationalbank sagte der Notenbankchef, er rechne mit einer Fortsetzung des Abw\u00e4rtstrends der Inflation, gefolgt von einem weiteren Anstieg auf etwa 3,5%. Mugur Is\u0103rescu dazu:<\/p>\n<p>&#13;<br \/>\n&#13;<\/p>\n<p>&#13;<br \/>\n&#13;<\/p>\n<p><em>Das neue Szenario der Prognose best\u00e4tigt erneut die Aussicht der Fortsetzung der Senkung der j\u00e4hrlichen Inflationsrate in den n\u00e4chsten drei Quartalen, sogar unter den zuvor erwarteten Werten, gefolgt von einem Anstieg und einem leichten Unterschreiten der oberen Grenze des Zielbereichs bis zum Ende des Prognosehorizonts. Die mit den Inflationsaussichten verbundenen Unsicherheiten und Risiken stehen im Zusammenhang mit den neuen Steuer- und Haushaltsma\u00dfnahmen, die am 1. Januar in Kraft traten, sowie mit dem Nichtvollenden des Entwurfs des Haushaltsplans, was auf die zuk\u00fcnftige Durchf\u00fchrung der Steuer- und Einkommenspolitik Auswirkungen haben wird.<\/em><\/p>\n<p>&#13;<br \/>\n&#13;<\/p>\n<p>&#13;<br \/>\n&#13;<\/p>\n<p>Mugur Is\u0103rescu f\u00fcgte hinzu, dass sowohl der Geld- als auch der W\u00e4hrungsmarkt gut funktionieren, und versicherte, dass es keine Anzeichen f\u00fcr eine wettbewerbswidrige Vereinbarung zwischen Banken f\u00fcr die Festlegung von ROBOR gebe.<\/p>\n<p>&#13;<\/p>\n","protected":false},"excerpt":{"rendered":"<p>Die Rum\u00e4nische Nationalbank hat bekanntgegeben, dass sie den Leitzins auf 2,5% pro Jahr h\u00e4lt und die aktuellen Mindestreserveanforderungen f\u00fcr RON und andere W\u00e4hrungen der Kreditinstitute behalten werde.<\/p>\n","protected":false},"author":105,"featured_media":460887,"comment_status":"closed","ping_status":"closed","sticky":false,"template":"","format":"standard","meta":{"_acf_changed":false,"footnotes":""},"categories":[99583],"tags":[104513,61667,169608,100174,169607,152718,99640,104533,145369,102248,99744],"coauthors":[],"class_list":["post-460886","post","type-post","status-publish","format-standard","has-post-thumbnail","hentry","category-rri-aktuell","tag-abwertung","tag-adrian-vasilescu","tag-euro-de","tag-leitzins","tag-leu-de","tag-mugur-isarescu-de","tag-nationalbank","tag-negativrekorde","tag-robor-de","tag-schweizer-franken","tag-waehrung"],"acf":[],"yoast_head":"<!-- This site is optimized with the Yoast SEO plugin v27.5 - https:\/\/yoast.com\/product\/yoast-seo-wordpress\/ -->\n<title>Rum\u00e4nische Nationalbank reagiert auf die Abwertung des Leus - Radio Rum\u00e4nien International<\/title>\n<meta name=\"robots\" content=\"index, follow, max-snippet:-1, max-image-preview:large, max-video-preview:-1\" \/>\n<link rel=\"canonical\" href=\"https:\/\/www.rri.ro\/de\/aktuell\/rri-aktuell\/rumaenische-nationalbank-reagiert-auf-die-abwertung-des-leus-id460886.html\" \/>\n<meta property=\"og:locale\" content=\"de_DE\" \/>\n<meta property=\"og:type\" content=\"article\" \/>\n<meta property=\"og:title\" content=\"Rum\u00e4nische Nationalbank reagiert auf die Abwertung des Leus - Radio Rum\u00e4nien International\" \/>\n<meta property=\"og:description\" content=\"Die Rum\u00e4nische Nationalbank hat bekanntgegeben, dass sie den Leitzins auf 2,5% pro Jahr h\u00e4lt und die aktuellen Mindestreserveanforderungen f\u00fcr RON und andere W\u00e4hrungen der Kreditinstitute behalten werde.\" \/>\n<meta property=\"og:url\" content=\"https:\/\/www.rri.ro\/de\/aktuell\/rri-aktuell\/rumaenische-nationalbank-reagiert-auf-die-abwertung-des-leus-id460886.html\" \/>\n<meta property=\"og:site_name\" content=\"Radio Rum\u00e4nien International\" \/>\n<meta property=\"article:published_time\" content=\"2019-02-08T15:03:00+00:00\" \/>\n<meta property=\"article:modified_time\" content=\"2024-02-19T18:47:54+00:00\" \/>\n<meta property=\"og:image\" content=\"https:\/\/www.rri.ro\/wp-content\/uploads\/2023\/10\/BNR-640medium1.png\" \/>\n\t<meta property=\"og:image:width\" content=\"640\" \/>\n\t<meta property=\"og:image:height\" content=\"480\" \/>\n\t<meta property=\"og:image:type\" content=\"image\/png\" \/>\n<meta name=\"author\" content=\"Bogdan Matei\" \/>\n<meta name=\"twitter:card\" content=\"summary_large_image\" \/>\n<meta name=\"twitter:label1\" content=\"Verfasst von\" \/>\n\t<meta name=\"twitter:data1\" content=\"Bogdan Matei\" \/>\n\t<meta name=\"twitter:label2\" content=\"Gesch\u00e4tzte Lesezeit\" \/>\n\t<meta name=\"twitter:data2\" content=\"2\u00a0Minuten\" \/>\n\t<meta name=\"twitter:label3\" content=\"Written by\" \/>\n\t<meta name=\"twitter:data3\" content=\"Bogdan Matei\" \/>\n<script type=\"application\/ld+json\" class=\"yoast-schema-graph\">{\"@context\":\"https:\\\/\\\/schema.org\",\"@graph\":[{\"@type\":\"Article\",\"@id\":\"https:\\\/\\\/www.rri.ro\\\/de\\\/aktuell\\\/rri-aktuell\\\/rumaenische-nationalbank-reagiert-auf-die-abwertung-des-leus-id460886.html#article\",\"isPartOf\":{\"@id\":\"https:\\\/\\\/www.rri.ro\\\/de\\\/aktuell\\\/rri-aktuell\\\/rumaenische-nationalbank-reagiert-auf-die-abwertung-des-leus-id460886.html\"},\"author\":{\"name\":\"Bogdan Matei\",\"@id\":\"https:\\\/\\\/www.rri.ro\\\/#\\\/schema\\\/person\\\/0ed327d40678578e6dbb840527e3ba32\"},\"headline\":\"Rum\u00e4nische Nationalbank reagiert auf die Abwertung des Leus\",\"datePublished\":\"2019-02-08T15:03:00+00:00\",\"dateModified\":\"2024-02-19T18:47:54+00:00\",\"mainEntityOfPage\":{\"@id\":\"https:\\\/\\\/www.rri.ro\\\/de\\\/aktuell\\\/rri-aktuell\\\/rumaenische-nationalbank-reagiert-auf-die-abwertung-des-leus-id460886.html\"},\"wordCount\":444,\"image\":{\"@id\":\"https:\\\/\\\/www.rri.ro\\\/de\\\/aktuell\\\/rri-aktuell\\\/rumaenische-nationalbank-reagiert-auf-die-abwertung-des-leus-id460886.html#primaryimage\"},\"thumbnailUrl\":\"https:\\\/\\\/www.rri.ro\\\/wp-content\\\/uploads\\\/2023\\\/10\\\/BNR-640medium1.png\",\"keywords\":[\"Abwertung\",\"Adrian Vasilescu\",\"euro\",\"Leitzins\",\"Leu\",\"Mugur Isarescu\",\"Nationalbank\",\"Negativrekorde\",\"ROBOR\",\"Schweizer Franken\",\"W\u00e4hrung\"],\"articleSection\":[\"RRI Aktuell\"],\"inLanguage\":\"de\"},{\"@type\":\"WebPage\",\"@id\":\"https:\\\/\\\/www.rri.ro\\\/de\\\/aktuell\\\/rri-aktuell\\\/rumaenische-nationalbank-reagiert-auf-die-abwertung-des-leus-id460886.html\",\"url\":\"https:\\\/\\\/www.rri.ro\\\/de\\\/aktuell\\\/rri-aktuell\\\/rumaenische-nationalbank-reagiert-auf-die-abwertung-des-leus-id460886.html\",\"name\":\"Rum\u00e4nische Nationalbank reagiert auf die Abwertung des Leus - Radio Rum\u00e4nien International\",\"isPartOf\":{\"@id\":\"https:\\\/\\\/www.rri.ro\\\/#website\"},\"primaryImageOfPage\":{\"@id\":\"https:\\\/\\\/www.rri.ro\\\/de\\\/aktuell\\\/rri-aktuell\\\/rumaenische-nationalbank-reagiert-auf-die-abwertung-des-leus-id460886.html#primaryimage\"},\"image\":{\"@id\":\"https:\\\/\\\/www.rri.ro\\\/de\\\/aktuell\\\/rri-aktuell\\\/rumaenische-nationalbank-reagiert-auf-die-abwertung-des-leus-id460886.html#primaryimage\"},\"thumbnailUrl\":\"https:\\\/\\\/www.rri.ro\\\/wp-content\\\/uploads\\\/2023\\\/10\\\/BNR-640medium1.png\",\"datePublished\":\"2019-02-08T15:03:00+00:00\",\"dateModified\":\"2024-02-19T18:47:54+00:00\",\"author\":{\"@id\":\"https:\\\/\\\/www.rri.ro\\\/#\\\/schema\\\/person\\\/0ed327d40678578e6dbb840527e3ba32\"},\"breadcrumb\":{\"@id\":\"https:\\\/\\\/www.rri.ro\\\/de\\\/aktuell\\\/rri-aktuell\\\/rumaenische-nationalbank-reagiert-auf-die-abwertung-des-leus-id460886.html#breadcrumb\"},\"inLanguage\":\"de\",\"potentialAction\":[{\"@type\":\"ReadAction\",\"target\":[\"https:\\\/\\\/www.rri.ro\\\/de\\\/aktuell\\\/rri-aktuell\\\/rumaenische-nationalbank-reagiert-auf-die-abwertung-des-leus-id460886.html\"]}]},{\"@type\":\"ImageObject\",\"inLanguage\":\"de\",\"@id\":\"https:\\\/\\\/www.rri.ro\\\/de\\\/aktuell\\\/rri-aktuell\\\/rumaenische-nationalbank-reagiert-auf-die-abwertung-des-leus-id460886.html#primaryimage\",\"url\":\"https:\\\/\\\/www.rri.ro\\\/wp-content\\\/uploads\\\/2023\\\/10\\\/BNR-640medium1.png\",\"contentUrl\":\"https:\\\/\\\/www.rri.ro\\\/wp-content\\\/uploads\\\/2023\\\/10\\\/BNR-640medium1.png\",\"width\":640,\"height\":480},{\"@type\":\"BreadcrumbList\",\"@id\":\"https:\\\/\\\/www.rri.ro\\\/de\\\/aktuell\\\/rri-aktuell\\\/rumaenische-nationalbank-reagiert-auf-die-abwertung-des-leus-id460886.html#breadcrumb\",\"itemListElement\":[{\"@type\":\"ListItem\",\"position\":1,\"name\":\"Startseite\",\"item\":\"https:\\\/\\\/www.rri.ro\\\/de\"},{\"@type\":\"ListItem\",\"position\":2,\"name\":\"Aktuell\",\"item\":\"https:\\\/\\\/www.rri.ro\\\/de\\\/aktuell\"},{\"@type\":\"ListItem\",\"position\":3,\"name\":\"RRI Aktuell\",\"item\":\"https:\\\/\\\/www.rri.ro\\\/de\\\/aktuell\\\/rri-aktuell\"},{\"@type\":\"ListItem\",\"position\":4,\"name\":\"Rum\u00e4nische Nationalbank reagiert auf die Abwertung des Leus\"}]},{\"@type\":\"WebSite\",\"@id\":\"https:\\\/\\\/www.rri.ro\\\/#website\",\"url\":\"https:\\\/\\\/www.rri.ro\\\/\",\"name\":\"Radio Rum\u00e4nien International\",\"description\":\"Totul despre Rom\u00e2nia \u015fi rom\u00e2ni, \u00een 13 limbi\\\/dialecte!\",\"inLanguage\":\"de\"},{\"@type\":\"Person\",\"@id\":\"https:\\\/\\\/www.rri.ro\\\/#\\\/schema\\\/person\\\/0ed327d40678578e6dbb840527e3ba32\",\"name\":\"Bogdan Matei\",\"url\":\"https:\\\/\\\/www.rri.ro\\\/de\\\/author\\\/bogdan-matei\"}]}<\/script>\n<!-- \/ Yoast SEO plugin. -->","yoast_head_json":{"title":"Rum\u00e4nische Nationalbank reagiert auf die Abwertung des Leus - Radio Rum\u00e4nien International","robots":{"index":"index","follow":"follow","max-snippet":"max-snippet:-1","max-image-preview":"max-image-preview:large","max-video-preview":"max-video-preview:-1"},"canonical":"https:\/\/www.rri.ro\/de\/aktuell\/rri-aktuell\/rumaenische-nationalbank-reagiert-auf-die-abwertung-des-leus-id460886.html","og_locale":"de_DE","og_type":"article","og_title":"Rum\u00e4nische Nationalbank reagiert auf die Abwertung des Leus - Radio Rum\u00e4nien International","og_description":"Die Rum\u00e4nische Nationalbank hat bekanntgegeben, dass sie den Leitzins auf 2,5% pro Jahr h\u00e4lt und die aktuellen Mindestreserveanforderungen f\u00fcr RON und andere W\u00e4hrungen der Kreditinstitute behalten werde.","og_url":"https:\/\/www.rri.ro\/de\/aktuell\/rri-aktuell\/rumaenische-nationalbank-reagiert-auf-die-abwertung-des-leus-id460886.html","og_site_name":"Radio Rum\u00e4nien International","article_published_time":"2019-02-08T15:03:00+00:00","article_modified_time":"2024-02-19T18:47:54+00:00","og_image":[{"width":640,"height":480,"url":"https:\/\/www.rri.ro\/wp-content\/uploads\/2023\/10\/BNR-640medium1.png","type":"image\/png"}],"author":"Bogdan Matei","twitter_card":"summary_large_image","twitter_misc":{"Verfasst von":"Bogdan Matei","Gesch\u00e4tzte Lesezeit":"2\u00a0Minuten","Written by":"Bogdan Matei"},"schema":{"@context":"https:\/\/schema.org","@graph":[{"@type":"Article","@id":"https:\/\/www.rri.ro\/de\/aktuell\/rri-aktuell\/rumaenische-nationalbank-reagiert-auf-die-abwertung-des-leus-id460886.html#article","isPartOf":{"@id":"https:\/\/www.rri.ro\/de\/aktuell\/rri-aktuell\/rumaenische-nationalbank-reagiert-auf-die-abwertung-des-leus-id460886.html"},"author":{"name":"Bogdan Matei","@id":"https:\/\/www.rri.ro\/#\/schema\/person\/0ed327d40678578e6dbb840527e3ba32"},"headline":"Rum\u00e4nische Nationalbank reagiert auf die Abwertung des Leus","datePublished":"2019-02-08T15:03:00+00:00","dateModified":"2024-02-19T18:47:54+00:00","mainEntityOfPage":{"@id":"https:\/\/www.rri.ro\/de\/aktuell\/rri-aktuell\/rumaenische-nationalbank-reagiert-auf-die-abwertung-des-leus-id460886.html"},"wordCount":444,"image":{"@id":"https:\/\/www.rri.ro\/de\/aktuell\/rri-aktuell\/rumaenische-nationalbank-reagiert-auf-die-abwertung-des-leus-id460886.html#primaryimage"},"thumbnailUrl":"https:\/\/www.rri.ro\/wp-content\/uploads\/2023\/10\/BNR-640medium1.png","keywords":["Abwertung","Adrian Vasilescu","euro","Leitzins","Leu","Mugur Isarescu","Nationalbank","Negativrekorde","ROBOR","Schweizer Franken","W\u00e4hrung"],"articleSection":["RRI Aktuell"],"inLanguage":"de"},{"@type":"WebPage","@id":"https:\/\/www.rri.ro\/de\/aktuell\/rri-aktuell\/rumaenische-nationalbank-reagiert-auf-die-abwertung-des-leus-id460886.html","url":"https:\/\/www.rri.ro\/de\/aktuell\/rri-aktuell\/rumaenische-nationalbank-reagiert-auf-die-abwertung-des-leus-id460886.html","name":"Rum\u00e4nische Nationalbank reagiert auf die Abwertung des Leus - Radio Rum\u00e4nien International","isPartOf":{"@id":"https:\/\/www.rri.ro\/#website"},"primaryImageOfPage":{"@id":"https:\/\/www.rri.ro\/de\/aktuell\/rri-aktuell\/rumaenische-nationalbank-reagiert-auf-die-abwertung-des-leus-id460886.html#primaryimage"},"image":{"@id":"https:\/\/www.rri.ro\/de\/aktuell\/rri-aktuell\/rumaenische-nationalbank-reagiert-auf-die-abwertung-des-leus-id460886.html#primaryimage"},"thumbnailUrl":"https:\/\/www.rri.ro\/wp-content\/uploads\/2023\/10\/BNR-640medium1.png","datePublished":"2019-02-08T15:03:00+00:00","dateModified":"2024-02-19T18:47:54+00:00","author":{"@id":"https:\/\/www.rri.ro\/#\/schema\/person\/0ed327d40678578e6dbb840527e3ba32"},"breadcrumb":{"@id":"https:\/\/www.rri.ro\/de\/aktuell\/rri-aktuell\/rumaenische-nationalbank-reagiert-auf-die-abwertung-des-leus-id460886.html#breadcrumb"},"inLanguage":"de","potentialAction":[{"@type":"ReadAction","target":["https:\/\/www.rri.ro\/de\/aktuell\/rri-aktuell\/rumaenische-nationalbank-reagiert-auf-die-abwertung-des-leus-id460886.html"]}]},{"@type":"ImageObject","inLanguage":"de","@id":"https:\/\/www.rri.ro\/de\/aktuell\/rri-aktuell\/rumaenische-nationalbank-reagiert-auf-die-abwertung-des-leus-id460886.html#primaryimage","url":"https:\/\/www.rri.ro\/wp-content\/uploads\/2023\/10\/BNR-640medium1.png","contentUrl":"https:\/\/www.rri.ro\/wp-content\/uploads\/2023\/10\/BNR-640medium1.png","width":640,"height":480},{"@type":"BreadcrumbList","@id":"https:\/\/www.rri.ro\/de\/aktuell\/rri-aktuell\/rumaenische-nationalbank-reagiert-auf-die-abwertung-des-leus-id460886.html#breadcrumb","itemListElement":[{"@type":"ListItem","position":1,"name":"Startseite","item":"https:\/\/www.rri.ro\/de"},{"@type":"ListItem","position":2,"name":"Aktuell","item":"https:\/\/www.rri.ro\/de\/aktuell"},{"@type":"ListItem","position":3,"name":"RRI Aktuell","item":"https:\/\/www.rri.ro\/de\/aktuell\/rri-aktuell"},{"@type":"ListItem","position":4,"name":"Rum\u00e4nische Nationalbank reagiert auf die Abwertung des Leus"}]},{"@type":"WebSite","@id":"https:\/\/www.rri.ro\/#website","url":"https:\/\/www.rri.ro\/","name":"Radio Rum\u00e4nien International","description":"Totul despre Rom\u00e2nia \u015fi rom\u00e2ni, \u00een 13 limbi\/dialecte!","inLanguage":"de"},{"@type":"Person","@id":"https:\/\/www.rri.ro\/#\/schema\/person\/0ed327d40678578e6dbb840527e3ba32","name":"Bogdan Matei","url":"https:\/\/www.rri.ro\/de\/author\/bogdan-matei"}]}},"_links":{"self":[{"href":"https:\/\/www.rri.ro\/de\/wp-json\/wp\/v2\/posts\/460886","targetHints":{"allow":["GET"]}}],"collection":[{"href":"https:\/\/www.rri.ro\/de\/wp-json\/wp\/v2\/posts"}],"about":[{"href":"https:\/\/www.rri.ro\/de\/wp-json\/wp\/v2\/types\/post"}],"author":[{"embeddable":true,"href":"https:\/\/www.rri.ro\/de\/wp-json\/wp\/v2\/users\/105"}],"replies":[{"embeddable":true,"href":"https:\/\/www.rri.ro\/de\/wp-json\/wp\/v2\/comments?post=460886"}],"version-history":[{"count":0,"href":"https:\/\/www.rri.ro\/de\/wp-json\/wp\/v2\/posts\/460886\/revisions"}],"wp:featuredmedia":[{"embeddable":true,"href":"https:\/\/www.rri.ro\/de\/wp-json\/wp\/v2\/media\/460887"}],"wp:attachment":[{"href":"https:\/\/www.rri.ro\/de\/wp-json\/wp\/v2\/media?parent=460886"}],"wp:term":[{"taxonomy":"category","embeddable":true,"href":"https:\/\/www.rri.ro\/de\/wp-json\/wp\/v2\/categories?post=460886"},{"taxonomy":"post_tag","embeddable":true,"href":"https:\/\/www.rri.ro\/de\/wp-json\/wp\/v2\/tags?post=460886"},{"taxonomy":"author","embeddable":true,"href":"https:\/\/www.rri.ro\/de\/wp-json\/wp\/v2\/coauthors?post=460886"}],"curies":[{"name":"wp","href":"https:\/\/api.w.org\/{rel}","templated":true}]}}