{"id":460920,"date":"2019-02-20T14:01:00","date_gmt":"2019-02-20T12:01:00","guid":{"rendered":"http:\/\/devrri.freshlemon.ro\/aktuell\/regierung-boxt-neue-eilverordnungen-im-justizbereich-durch-id460920.html"},"modified":"2024-02-19T20:48:00","modified_gmt":"2024-02-19T18:48:00","slug":"regierung-boxt-neue-eilverordnungen-im-justizbereich-durch","status":"publish","type":"post","link":"https:\/\/www.rri.ro\/de\/aktuell\/rri-aktuell\/regierung-boxt-neue-eilverordnungen-im-justizbereich-durch-id460920.html","title":{"rendered":"Regierung boxt neue Eilverordnungen im Justizbereich durch"},"content":{"rendered":"<p>Seit der j\u00fcngsten Parlamentswahl Ende 2016 ist die Justiz das politische Schlachtfeld von Macht und Opposition in Rum\u00e4nien. W\u00e4hrend die linksgerichtete Regierungskoalition PSD-ALDE erkl\u00e4rt, sie wolle Rechtsfehler in der juristischen Praxis korrigieren und damit die Rechtsnormen modernisieren, die die Arbeit der Justiz st\u00fctzen, um die Rechte der B\u00fcrger zu respektieren, klagt die rechtsgerichtete Opposition &#8211; haupts\u00e4chlich die Nationalliberale Partei PNL und die Union Rettet Rum\u00e4nien USR, jede Handlung der Exekutive habe zum Zweck, die Arbeit der Richter im Interesse der politischen Klientel der Regierungsparteien zu untergraben.<\/p>\n<p>&#13;<br \/>\n&#13;<\/p>\n<p>&#13;<br \/>\n&#13;<\/p>\n<p>Am Dienstag hat die derzeitige Regierung in Bukarest per Dringlichkeitsverordnung Ma\u200e\u00dfnahmen in diesem Sinne getroffen. Dazu geh\u00f6rt der Beschlu\u200e\u00df, laut dem die F\u00fchrungspositionen in den Staatsanwaltschafen nicht mehr per Delegierung belegt werden k\u00f6nnen. Nach Angaben von Justizminister Tudorel Toader haben die Leiter der Staatsanwaltschaften eine feste Amtszeit von drei Jahren, egal ob es sich von einem Generalstaatsanwalt, stellvertretenden Generalstaatsanwalt, einem Oberstaatsanwalt bei der Nationalen Antikorruptionsbehorde DNA oder bei der Beh\u00f6rde zur Bek\u00e4mpfung der Organisierten Kriminalit\u00e4t und Terrorismus DIICOT, oder wiederum von einem Abteilungsleiter handelt. Ein neues Mandat bedeutet ein neues Auswahlsverfahren gem\u00e4\u200e\u00df dem Gesetz: ein Interview, eine Stellungnahme vom Obersten Rat der Richter und Staatsanw\u00e4lte, ein Dekret des Staatspr\u00e4sidenten.<\/p>\n<p>&#13;<br \/>\n&#13;<\/p>\n<p>&#13;<br \/>\n&#13;<\/p>\n<p>Und noch eine Neuheit: Laut der neuen Regierungsverordnung k\u00f6nnen die Kandidaten f\u00fcr hochrangige \u00c4mter in den Staatsanwaltschaften auch aus den Reihen der Richter kommen, die ehemals Staatsanw\u00e4lte waren. Daher wird die Stellungnahme vom Plenum des Rates der Richter und Statsanw\u00e4lte kommen m\u00fcssen, das sowohl die Abteilung Staatsanw\u00e4lte als auch die Abteilung Richter repr\u00e4sentiert. Da viele Leitungspositionen bei den Staatsanwaltschaften derzeit per Delegierung von Staatsanw\u00e4lten belegt sind, bleiben diese delegierten Staatsanwalte nur noch 45 Tage im Amt. W\u00e4hrend dieser Zeit werden die Auswahlsverfahren f\u00fcr das Neubelegen der Posten eingeleitet.<\/p>\n<p>&#13;<br \/>\n&#13;<\/p>\n<p>&#13;<br \/>\n&#13;<\/p>\n<p>Nach einer bef\u00fcrwortenden Stellungnahme vom Plenum des Obersten Rates der Richter und Staatsanw\u00e4lte verabschiedete die rum\u00e4nische Regierung ebenfalls am Dienstag noch eine Dringlichkeitsverordnung seitens Rum\u00e4niens \u00fcber das Auswahlsverfahren des Europ\u00e4ischen Staatsanwaltes bei der zuk\u00fcnftigen Europ\u00e4ischen Staatsanwaltschaft. Zu beachten! Dies bezieht sich nicht auf die Ernennung des Chefs dieser EU-Einrichtung, f\u00fcr die ein anderes Verfahren bereits l\u00e4uft. Der rum\u00e4nische Justizminister Tudorel Toader erkl\u00e4rte, dass es eine zweite Kategorie von Staatsanw\u00e4lten geben wird, die in einem nachfolgenden Verfahren ausgew\u00e4hlt werden sollen, n\u00e4mlich die europ\u00e4ischen delegierten Staatsanw\u00e4lte. Wenn der Europ\u00e4ische Staatsanwalt sein Mandat in Luxemburg aus\u00fcben soll, so wird der delegierte Staatsanwalt im Auftrag der Europ\u00e4ischen Staatsanwaltschaft in Rum\u00e4nien arbeiten.<\/p>\n<p>&#13;<br \/>\n&#13;<\/p>\n<p>&#13;<br \/>\n&#13;<\/p>\n<p>Nach der Verabschiedung der Dringlichkeitsverordnungen kam schnell auch die Reaktion der Opposition. Die Nationalliberale Partei PNL hat angek\u00fcndigt, sie werde an die Abgeordnetenkammer einen einfachen Antrag gegen den Justizminister Tudorel Toader stellen. Die Union Rettet Rum\u00e4nien USR sprach von einem schwarzen Tag f\u00fcr die Justiz in Rum\u00e4nien und appellierte an die internationalen Einrichtungen, damit sie in diese Angelegenheit eingreifen, und an die rum\u00e4nischen B\u00fcrgerinnen und B\u00fcrger, die nicht gleichg\u00fcltig bleiben sollten.<\/p>\n<p>&#13;<br \/>\n&#13;<\/p>\n<p>&#13;<br \/>\n&#13;<\/p>\n<p>Am Dienstag abend gab es bereits eine Protestdemonstration gegen die neuen Eilverordnungen der Regierung: Einige Dutzend Menschen versammelten sich vor dem Justizministerium, riefen \u201cPSD &#8212; Die Rote Pest\u201d und warfen mit Ketchup an die W\u00e4nde des Geb\u00e4udes. Mehrere Demonstranten wurden von der Gendarmerie und der Polizei festgenommen und mu\u200e\u00dften Geldstrafen wegen der gerufenen Parolen und wegen Geb\u00e4udebesch\u00e4digung zahlen. <\/p>\n<p>&#13;<br \/>\n&#13;<\/p>\n<p>&#13;<br \/>\n&#13;<\/p>\n<p>Der rechtsgerichtete rum\u00e4nische Staatspr\u00e4sident Klaus Iohannis schrieb in einer Botschaft auf Facebook, dass die Sozialdemokratische Partei PSD durch solche Dringlichkeitsverordnungen erneut gegen Gerechtigkeit und Rechtsstaatlichkeit vorgeht und einen besonderen Status f\u00fcr diejenigen schaffen will, die Probleme mit dem Gesetz und der Justiz haben.<\/p>\n<p>&#13;<br \/>\n&#13;<\/p>\n<p>&#13;<br \/>\n&#13;<\/p>\n<p>Die linksgerichtete Premierministerin Viorica D\u0103ncil\u0103 bekr\u00e4ftigte ihrerseits, dass die Gesetze nicht zugunsten einer bestimmten Person verabschiedet werden, dass die Politik in der Justiz nichts zu suchen habe, und dass die Rechte der B\u00fcrger geachtet werden m\u00fcssen. Und das alles parallel zum Kampf gegen die Korruption.<\/p>\n<p>&#13;<\/p>\n","protected":false},"excerpt":{"rendered":"<p>Die linksgerichtete Regierungskoalition in Bukarest hat zwei neue Eilverordnungen im Justizbereich angenommen. Die rechtsgerichtete Opposition reagierte mit heftiger Kritik.<\/p>\n","protected":false},"author":109,"featured_media":72978,"comment_status":"closed","ping_status":"closed","sticky":false,"template":"","format":"standard","meta":{"_acf_changed":false,"footnotes":""},"categories":[99583],"tags":[30742,30064,101020,101875,99625,99702,99631,99586,104540],"coauthors":[],"class_list":["post-460920","post","type-post","status-publish","format-standard","has-post-thumbnail","hentry","category-rri-aktuell","tag-diicot","tag-dna","tag-dringlichkeitsverordnung","tag-eilverordnung","tag-justiz","tag-korruption","tag-rechtsstaatlichkeit","tag-regierung","tag-staatsanwalt-staatsanwaltschaft"],"acf":[],"yoast_head":"<!-- This site is optimized with the Yoast SEO plugin v27.5 - https:\/\/yoast.com\/product\/yoast-seo-wordpress\/ -->\n<title>Regierung boxt neue Eilverordnungen im Justizbereich durch - Radio Rum\u00e4nien International<\/title>\n<meta name=\"robots\" content=\"index, follow, max-snippet:-1, max-image-preview:large, max-video-preview:-1\" \/>\n<link rel=\"canonical\" href=\"https:\/\/www.rri.ro\/de\/aktuell\/rri-aktuell\/regierung-boxt-neue-eilverordnungen-im-justizbereich-durch-id460920.html\" \/>\n<meta property=\"og:locale\" content=\"de_DE\" \/>\n<meta property=\"og:type\" content=\"article\" \/>\n<meta property=\"og:title\" content=\"Regierung boxt neue Eilverordnungen im Justizbereich durch - Radio Rum\u00e4nien International\" \/>\n<meta property=\"og:description\" content=\"Die linksgerichtete Regierungskoalition in Bukarest hat zwei neue Eilverordnungen im Justizbereich angenommen. Die rechtsgerichtete Opposition reagierte mit heftiger Kritik.\" \/>\n<meta property=\"og:url\" content=\"https:\/\/www.rri.ro\/de\/aktuell\/rri-aktuell\/regierung-boxt-neue-eilverordnungen-im-justizbereich-durch-id460920.html\" \/>\n<meta property=\"og:site_name\" content=\"Radio Rum\u00e4nien International\" \/>\n<meta property=\"article:published_time\" content=\"2019-02-20T12:01:00+00:00\" \/>\n<meta property=\"article:modified_time\" content=\"2024-02-19T18:48:00+00:00\" \/>\n<meta property=\"og:image\" content=\"https:\/\/www.rri.ro\/wp-content\/uploads\/2023\/10\/justitie-coruptie-lege-foto-facebook-gov.png\" \/>\n\t<meta property=\"og:image:width\" content=\"640\" \/>\n\t<meta property=\"og:image:height\" content=\"480\" \/>\n\t<meta property=\"og:image:type\" content=\"image\/png\" \/>\n<meta name=\"author\" content=\"Roxana Vasile\" \/>\n<meta name=\"twitter:card\" content=\"summary_large_image\" \/>\n<meta name=\"twitter:label1\" content=\"Verfasst von\" \/>\n\t<meta name=\"twitter:data1\" content=\"Roxana Vasile\" \/>\n\t<meta name=\"twitter:label2\" content=\"Gesch\u00e4tzte Lesezeit\" \/>\n\t<meta name=\"twitter:data2\" content=\"3\u00a0Minuten\" \/>\n\t<meta name=\"twitter:label3\" content=\"Written by\" \/>\n\t<meta name=\"twitter:data3\" content=\"Roxana Vasile\" \/>\n<script type=\"application\/ld+json\" class=\"yoast-schema-graph\">{\"@context\":\"https:\\\/\\\/schema.org\",\"@graph\":[{\"@type\":\"Article\",\"@id\":\"https:\\\/\\\/www.rri.ro\\\/de\\\/aktuell\\\/rri-aktuell\\\/regierung-boxt-neue-eilverordnungen-im-justizbereich-durch-id460920.html#article\",\"isPartOf\":{\"@id\":\"https:\\\/\\\/www.rri.ro\\\/de\\\/aktuell\\\/rri-aktuell\\\/regierung-boxt-neue-eilverordnungen-im-justizbereich-durch-id460920.html\"},\"author\":{\"name\":\"Roxana Vasile\",\"@id\":\"https:\\\/\\\/www.rri.ro\\\/#\\\/schema\\\/person\\\/0745b519f2d1287783422f162c4112af\"},\"headline\":\"Regierung boxt neue Eilverordnungen im Justizbereich durch\",\"datePublished\":\"2019-02-20T12:01:00+00:00\",\"dateModified\":\"2024-02-19T18:48:00+00:00\",\"mainEntityOfPage\":{\"@id\":\"https:\\\/\\\/www.rri.ro\\\/de\\\/aktuell\\\/rri-aktuell\\\/regierung-boxt-neue-eilverordnungen-im-justizbereich-durch-id460920.html\"},\"wordCount\":679,\"image\":{\"@id\":\"https:\\\/\\\/www.rri.ro\\\/de\\\/aktuell\\\/rri-aktuell\\\/regierung-boxt-neue-eilverordnungen-im-justizbereich-durch-id460920.html#primaryimage\"},\"thumbnailUrl\":\"https:\\\/\\\/www.rri.ro\\\/wp-content\\\/uploads\\\/2023\\\/10\\\/justitie-coruptie-lege-foto-facebook-gov.png\",\"keywords\":[\"DIICOT\",\"DNA\",\"Dringlichkeitsverordnung\",\"Eilverordnung\",\"Justiz\",\"Korruption\",\"Rechtsstaatlichkeit\",\"Regierung\",\"Staatsanwalt Staatsanwaltschaft\"],\"articleSection\":[\"RRI Aktuell\"],\"inLanguage\":\"de\"},{\"@type\":\"WebPage\",\"@id\":\"https:\\\/\\\/www.rri.ro\\\/de\\\/aktuell\\\/rri-aktuell\\\/regierung-boxt-neue-eilverordnungen-im-justizbereich-durch-id460920.html\",\"url\":\"https:\\\/\\\/www.rri.ro\\\/de\\\/aktuell\\\/rri-aktuell\\\/regierung-boxt-neue-eilverordnungen-im-justizbereich-durch-id460920.html\",\"name\":\"Regierung boxt neue Eilverordnungen im Justizbereich durch - Radio Rum\u00e4nien International\",\"isPartOf\":{\"@id\":\"https:\\\/\\\/www.rri.ro\\\/#website\"},\"primaryImageOfPage\":{\"@id\":\"https:\\\/\\\/www.rri.ro\\\/de\\\/aktuell\\\/rri-aktuell\\\/regierung-boxt-neue-eilverordnungen-im-justizbereich-durch-id460920.html#primaryimage\"},\"image\":{\"@id\":\"https:\\\/\\\/www.rri.ro\\\/de\\\/aktuell\\\/rri-aktuell\\\/regierung-boxt-neue-eilverordnungen-im-justizbereich-durch-id460920.html#primaryimage\"},\"thumbnailUrl\":\"https:\\\/\\\/www.rri.ro\\\/wp-content\\\/uploads\\\/2023\\\/10\\\/justitie-coruptie-lege-foto-facebook-gov.png\",\"datePublished\":\"2019-02-20T12:01:00+00:00\",\"dateModified\":\"2024-02-19T18:48:00+00:00\",\"author\":{\"@id\":\"https:\\\/\\\/www.rri.ro\\\/#\\\/schema\\\/person\\\/0745b519f2d1287783422f162c4112af\"},\"breadcrumb\":{\"@id\":\"https:\\\/\\\/www.rri.ro\\\/de\\\/aktuell\\\/rri-aktuell\\\/regierung-boxt-neue-eilverordnungen-im-justizbereich-durch-id460920.html#breadcrumb\"},\"inLanguage\":\"de\",\"potentialAction\":[{\"@type\":\"ReadAction\",\"target\":[\"https:\\\/\\\/www.rri.ro\\\/de\\\/aktuell\\\/rri-aktuell\\\/regierung-boxt-neue-eilverordnungen-im-justizbereich-durch-id460920.html\"]}]},{\"@type\":\"ImageObject\",\"inLanguage\":\"de\",\"@id\":\"https:\\\/\\\/www.rri.ro\\\/de\\\/aktuell\\\/rri-aktuell\\\/regierung-boxt-neue-eilverordnungen-im-justizbereich-durch-id460920.html#primaryimage\",\"url\":\"https:\\\/\\\/www.rri.ro\\\/wp-content\\\/uploads\\\/2023\\\/10\\\/justitie-coruptie-lege-foto-facebook-gov.png\",\"contentUrl\":\"https:\\\/\\\/www.rri.ro\\\/wp-content\\\/uploads\\\/2023\\\/10\\\/justitie-coruptie-lege-foto-facebook-gov.png\",\"width\":640,\"height\":480},{\"@type\":\"BreadcrumbList\",\"@id\":\"https:\\\/\\\/www.rri.ro\\\/de\\\/aktuell\\\/rri-aktuell\\\/regierung-boxt-neue-eilverordnungen-im-justizbereich-durch-id460920.html#breadcrumb\",\"itemListElement\":[{\"@type\":\"ListItem\",\"position\":1,\"name\":\"Startseite\",\"item\":\"https:\\\/\\\/www.rri.ro\\\/de\"},{\"@type\":\"ListItem\",\"position\":2,\"name\":\"Aktuell\",\"item\":\"https:\\\/\\\/www.rri.ro\\\/de\\\/aktuell\"},{\"@type\":\"ListItem\",\"position\":3,\"name\":\"RRI Aktuell\",\"item\":\"https:\\\/\\\/www.rri.ro\\\/de\\\/aktuell\\\/rri-aktuell\"},{\"@type\":\"ListItem\",\"position\":4,\"name\":\"Regierung boxt neue Eilverordnungen im Justizbereich durch\"}]},{\"@type\":\"WebSite\",\"@id\":\"https:\\\/\\\/www.rri.ro\\\/#website\",\"url\":\"https:\\\/\\\/www.rri.ro\\\/\",\"name\":\"Radio Rum\u00e4nien International\",\"description\":\"Totul despre Rom\u00e2nia \u015fi rom\u00e2ni, \u00een 13 limbi\\\/dialecte!\",\"inLanguage\":\"de\"},{\"@type\":\"Person\",\"@id\":\"https:\\\/\\\/www.rri.ro\\\/#\\\/schema\\\/person\\\/0745b519f2d1287783422f162c4112af\",\"name\":\"Roxana Vasile\",\"url\":\"https:\\\/\\\/www.rri.ro\\\/de\\\/author\\\/roxana-vasile\"}]}<\/script>\n<!-- \/ Yoast SEO plugin. -->","yoast_head_json":{"title":"Regierung boxt neue Eilverordnungen im Justizbereich durch - Radio Rum\u00e4nien International","robots":{"index":"index","follow":"follow","max-snippet":"max-snippet:-1","max-image-preview":"max-image-preview:large","max-video-preview":"max-video-preview:-1"},"canonical":"https:\/\/www.rri.ro\/de\/aktuell\/rri-aktuell\/regierung-boxt-neue-eilverordnungen-im-justizbereich-durch-id460920.html","og_locale":"de_DE","og_type":"article","og_title":"Regierung boxt neue Eilverordnungen im Justizbereich durch - Radio Rum\u00e4nien International","og_description":"Die linksgerichtete Regierungskoalition in Bukarest hat zwei neue Eilverordnungen im Justizbereich angenommen. Die rechtsgerichtete Opposition reagierte mit heftiger Kritik.","og_url":"https:\/\/www.rri.ro\/de\/aktuell\/rri-aktuell\/regierung-boxt-neue-eilverordnungen-im-justizbereich-durch-id460920.html","og_site_name":"Radio Rum\u00e4nien International","article_published_time":"2019-02-20T12:01:00+00:00","article_modified_time":"2024-02-19T18:48:00+00:00","og_image":[{"width":640,"height":480,"url":"https:\/\/www.rri.ro\/wp-content\/uploads\/2023\/10\/justitie-coruptie-lege-foto-facebook-gov.png","type":"image\/png"}],"author":"Roxana Vasile","twitter_card":"summary_large_image","twitter_misc":{"Verfasst von":"Roxana Vasile","Gesch\u00e4tzte Lesezeit":"3\u00a0Minuten","Written by":"Roxana Vasile"},"schema":{"@context":"https:\/\/schema.org","@graph":[{"@type":"Article","@id":"https:\/\/www.rri.ro\/de\/aktuell\/rri-aktuell\/regierung-boxt-neue-eilverordnungen-im-justizbereich-durch-id460920.html#article","isPartOf":{"@id":"https:\/\/www.rri.ro\/de\/aktuell\/rri-aktuell\/regierung-boxt-neue-eilverordnungen-im-justizbereich-durch-id460920.html"},"author":{"name":"Roxana Vasile","@id":"https:\/\/www.rri.ro\/#\/schema\/person\/0745b519f2d1287783422f162c4112af"},"headline":"Regierung boxt neue Eilverordnungen im Justizbereich durch","datePublished":"2019-02-20T12:01:00+00:00","dateModified":"2024-02-19T18:48:00+00:00","mainEntityOfPage":{"@id":"https:\/\/www.rri.ro\/de\/aktuell\/rri-aktuell\/regierung-boxt-neue-eilverordnungen-im-justizbereich-durch-id460920.html"},"wordCount":679,"image":{"@id":"https:\/\/www.rri.ro\/de\/aktuell\/rri-aktuell\/regierung-boxt-neue-eilverordnungen-im-justizbereich-durch-id460920.html#primaryimage"},"thumbnailUrl":"https:\/\/www.rri.ro\/wp-content\/uploads\/2023\/10\/justitie-coruptie-lege-foto-facebook-gov.png","keywords":["DIICOT","DNA","Dringlichkeitsverordnung","Eilverordnung","Justiz","Korruption","Rechtsstaatlichkeit","Regierung","Staatsanwalt Staatsanwaltschaft"],"articleSection":["RRI Aktuell"],"inLanguage":"de"},{"@type":"WebPage","@id":"https:\/\/www.rri.ro\/de\/aktuell\/rri-aktuell\/regierung-boxt-neue-eilverordnungen-im-justizbereich-durch-id460920.html","url":"https:\/\/www.rri.ro\/de\/aktuell\/rri-aktuell\/regierung-boxt-neue-eilverordnungen-im-justizbereich-durch-id460920.html","name":"Regierung boxt neue Eilverordnungen im Justizbereich durch - Radio Rum\u00e4nien International","isPartOf":{"@id":"https:\/\/www.rri.ro\/#website"},"primaryImageOfPage":{"@id":"https:\/\/www.rri.ro\/de\/aktuell\/rri-aktuell\/regierung-boxt-neue-eilverordnungen-im-justizbereich-durch-id460920.html#primaryimage"},"image":{"@id":"https:\/\/www.rri.ro\/de\/aktuell\/rri-aktuell\/regierung-boxt-neue-eilverordnungen-im-justizbereich-durch-id460920.html#primaryimage"},"thumbnailUrl":"https:\/\/www.rri.ro\/wp-content\/uploads\/2023\/10\/justitie-coruptie-lege-foto-facebook-gov.png","datePublished":"2019-02-20T12:01:00+00:00","dateModified":"2024-02-19T18:48:00+00:00","author":{"@id":"https:\/\/www.rri.ro\/#\/schema\/person\/0745b519f2d1287783422f162c4112af"},"breadcrumb":{"@id":"https:\/\/www.rri.ro\/de\/aktuell\/rri-aktuell\/regierung-boxt-neue-eilverordnungen-im-justizbereich-durch-id460920.html#breadcrumb"},"inLanguage":"de","potentialAction":[{"@type":"ReadAction","target":["https:\/\/www.rri.ro\/de\/aktuell\/rri-aktuell\/regierung-boxt-neue-eilverordnungen-im-justizbereich-durch-id460920.html"]}]},{"@type":"ImageObject","inLanguage":"de","@id":"https:\/\/www.rri.ro\/de\/aktuell\/rri-aktuell\/regierung-boxt-neue-eilverordnungen-im-justizbereich-durch-id460920.html#primaryimage","url":"https:\/\/www.rri.ro\/wp-content\/uploads\/2023\/10\/justitie-coruptie-lege-foto-facebook-gov.png","contentUrl":"https:\/\/www.rri.ro\/wp-content\/uploads\/2023\/10\/justitie-coruptie-lege-foto-facebook-gov.png","width":640,"height":480},{"@type":"BreadcrumbList","@id":"https:\/\/www.rri.ro\/de\/aktuell\/rri-aktuell\/regierung-boxt-neue-eilverordnungen-im-justizbereich-durch-id460920.html#breadcrumb","itemListElement":[{"@type":"ListItem","position":1,"name":"Startseite","item":"https:\/\/www.rri.ro\/de"},{"@type":"ListItem","position":2,"name":"Aktuell","item":"https:\/\/www.rri.ro\/de\/aktuell"},{"@type":"ListItem","position":3,"name":"RRI Aktuell","item":"https:\/\/www.rri.ro\/de\/aktuell\/rri-aktuell"},{"@type":"ListItem","position":4,"name":"Regierung boxt neue Eilverordnungen im Justizbereich durch"}]},{"@type":"WebSite","@id":"https:\/\/www.rri.ro\/#website","url":"https:\/\/www.rri.ro\/","name":"Radio Rum\u00e4nien International","description":"Totul despre Rom\u00e2nia \u015fi rom\u00e2ni, \u00een 13 limbi\/dialecte!","inLanguage":"de"},{"@type":"Person","@id":"https:\/\/www.rri.ro\/#\/schema\/person\/0745b519f2d1287783422f162c4112af","name":"Roxana Vasile","url":"https:\/\/www.rri.ro\/de\/author\/roxana-vasile"}]}},"_links":{"self":[{"href":"https:\/\/www.rri.ro\/de\/wp-json\/wp\/v2\/posts\/460920","targetHints":{"allow":["GET"]}}],"collection":[{"href":"https:\/\/www.rri.ro\/de\/wp-json\/wp\/v2\/posts"}],"about":[{"href":"https:\/\/www.rri.ro\/de\/wp-json\/wp\/v2\/types\/post"}],"author":[{"embeddable":true,"href":"https:\/\/www.rri.ro\/de\/wp-json\/wp\/v2\/users\/109"}],"replies":[{"embeddable":true,"href":"https:\/\/www.rri.ro\/de\/wp-json\/wp\/v2\/comments?post=460920"}],"version-history":[{"count":0,"href":"https:\/\/www.rri.ro\/de\/wp-json\/wp\/v2\/posts\/460920\/revisions"}],"wp:featuredmedia":[{"embeddable":true,"href":"https:\/\/www.rri.ro\/de\/wp-json\/wp\/v2\/media\/72978"}],"wp:attachment":[{"href":"https:\/\/www.rri.ro\/de\/wp-json\/wp\/v2\/media?parent=460920"}],"wp:term":[{"taxonomy":"category","embeddable":true,"href":"https:\/\/www.rri.ro\/de\/wp-json\/wp\/v2\/categories?post=460920"},{"taxonomy":"post_tag","embeddable":true,"href":"https:\/\/www.rri.ro\/de\/wp-json\/wp\/v2\/tags?post=460920"},{"taxonomy":"author","embeddable":true,"href":"https:\/\/www.rri.ro\/de\/wp-json\/wp\/v2\/coauthors?post=460920"}],"curies":[{"name":"wp","href":"https:\/\/api.w.org\/{rel}","templated":true}]}}