{"id":460924,"date":"2019-02-25T13:57:00","date_gmt":"2019-02-25T11:57:00","guid":{"rendered":"http:\/\/devrri.freshlemon.ro\/aktuell\/bukarest-demonstrationen-gegen-eine-notverordnung-des-justizministeriums-id460924.html"},"modified":"2024-02-19T20:48:04","modified_gmt":"2024-02-19T18:48:04","slug":"bukarest-demonstrationen-gegen-eine-notverordnung-des-justizministeriums","status":"publish","type":"post","link":"https:\/\/www.rri.ro\/de\/aktuell\/rri-aktuell\/bukarest-demonstrationen-gegen-eine-notverordnung-des-justizministeriums-id460924.html","title":{"rendered":"Bukarest: Demonstrationen gegen eine Notverordnung des Justizministeriums"},"content":{"rendered":"<p>Erneut sind in Bukarest und mehreren rum\u00e4nischen Gro\u200e\u00dfst\u00e4dten Tausende Menschen auf die<br \/>&#13;<br \/>\nStra\u200e\u00dfen gegangen, um gegen eine Verordnung zur \u00c4nderung der Justizgesetze zu protestieren. Die Zahl der Demonstranten in Bukarest erreichte nach Sch\u00e4tzungen unabh\u00e4ngiger Medien 8.000 bis 10.000. Sie fordern die Aufhebung des Rechtsakts, der die Unabh\u00e4ngigkeit der Richter schw\u00e4cht und die T\u00e4tigkeit der Staatsanwaltschaft blockiert. Die, auf Betreiben des Justizministers Tudorel<br \/>&#13;<br \/>\nToader, vergangene Woche verabschiedete Verordnung, sieht umfassende \u00c4nderungen beim Ernennungsprozedere in der Leitungsebene der Staatsanwaltschaften vor. Dabei wird der Regierung mehr Einfluss einger\u00e4umt. Zudem wurden dem Generalstaatsanwalt Befugnisse entzogen. Auch die Kontrolle \u00fcber die Abteilung zur Untersuchung der Staatsanwalte wurde aufgehoben, die, wie vermutet wird, lediglich die Staatsanw\u00e4lte einsch\u00fcchtern soll.<br \/>&#13;<br \/>\n<br \/>&#13;<br \/>\n <br \/>&#13;<br \/>\n<br \/>&#13;<br \/>\nDiese sind die letzten \u00c4nderungen, die die regierenden Sozialdemokraten mit ihrem Koalitionspartner ALDE, in Bereich der Justiz vornehmen und die zu gro\u200e\u00dfen und langanhaltenden Protesten gef\u00fchrt haben. &#8222;Wir sind hier um das, was von Rechtsstaat \u00fcbriggeblieben ist, zu verteidigen&#8220;, haben die Demonstranten erkl\u00e4rt und Slogans gegen den PSD-F\u00fchrer Liviu Dragnea und die Regierung gerufen. Am Freitag hatten bereits Hunderte Richter und Staatsanw\u00e4lte in<br \/>&#13;<br \/>\nmehreren Gro\u200e\u00dfst\u00e4dten gegen die Verordnung protestiert, wahrend ein Teil der Staatsanwalte in Streik getreten sind.<br \/>&#13;<br \/>\n<br \/>&#13;<br \/>\n <br \/>&#13;<br \/>\n<br \/>&#13;<br \/>\nDie Europ\u00e4ische Kommission, das US-Statedepartement und Tausende rum\u00e4nische Richter und Staatsanw\u00e4lte haben die j\u00fcngsten Eingriffe der Regierung in die Justiz des Landes scharf kritisiert. &#8222;Die pl\u00f6tzliche \u00c4nderung der Justizgesetze durch Notverordnung, ohne Beratung mit des Obersten Rat der Richter und Staatsanw\u00e4lte und dieser selbst, schw\u00e4cht im gro\u200e\u00dfen Maas die F\u00e4higkeit der Staatsanwalte ihrer verfassungsm\u00e4\u200e\u00dfigen Pflicht nachzukommen&#8220;, hei\u200e\u00dft es in einer Mitteilung der Bukarester Staatsanw\u00e4lte.<br \/>&#13;<br \/>\n<br \/>&#13;<br \/>\n <br \/>&#13;<br \/>\n<br \/>&#13;<br \/>\nDie PSD-ALDE-Regierungskoalition begr\u00fcndet ihre umstrittene Justizreform als &#8222;Korrektur des Amtsmissbrauchs der Staatsanw\u00e4lte&#8220;. Kritiker weisen darauf hin, dass all diese \u00c4nderungen dem Parteivorsitzenden Liviu Dragnea zugutekommen, der bereits f\u00fcr Wahlbetrug verurteilt wurde und dem ein weiteres Verfahren anh\u00e4ngt.<br \/>&#13;<br \/>\n<br \/>&#13;<br \/>\n <br \/>&#13;<br \/>\n<br \/>&#13;<br \/>\nUnter Leitung der Chefankl\u00e4gerin der Nationalen Anti-Korruptionsdirektion (DNA) Laura Codruta Kovesi, die letztes Jahr abgesetzt wurde, sind zahlreiche Politiker, einschlie\u200e\u00dflich Minister und<br \/>&#13;<br \/>\nParlamentarier der Justiz \u00fcberfuhrt worden.<br \/>&#13;<br \/>\n<br \/>&#13;<br \/>\n <br \/>&#13;<br \/>\n<br \/>&#13;<br \/>\nBr\u00fcssel erkl\u00e4rte hierzu, die Beh\u00f6rde verfolge &#8222;mit gro\u200e\u00dfer Sorge die j\u00fcngsten Entwicklungen mit Blick auf die Rechtsstaatlichkeit&#8220;. Ein Sprecher in Br\u00fcssel merkte an: &#8222;Sowohl der Inhalt als auch das Verfahren der j\u00fcngsten \u00c4nderungen unter Verwendung von Notverordnungen&#8220; schienen &#8222;im direkten Widerspruch&#8220; zu Kommissionsempfehlungen zu stehen.<\/p>\n<p>&#13;<\/p>\n","protected":false},"excerpt":{"rendered":"<p>Tausende protestierten am Sonntag gegen eine Notverordnung des Justizministeriums<\/p>\n","protected":false},"author":108,"featured_media":71922,"comment_status":"closed","ping_status":"closed","sticky":false,"template":"","format":"standard","meta":{"_acf_changed":false,"footnotes":""},"categories":[99583],"tags":[31338,99587,102860,164787,99625,30103,29080,143895,143776,99589,31676],"coauthors":[],"class_list":["post-460924","post","type-post","status-publish","format-standard","has-post-thumbnail","hentry","category-rri-aktuell","tag-alde","tag-bukarest","tag-demonstration","tag-dna-de","tag-justiz","tag-laura-kovesi","tag-liviu-dragnea","tag-proteste-de","tag-psd-de","tag-rumaenien","tag-tudorel-toader"],"acf":[],"yoast_head":"<!-- This site is optimized with the Yoast SEO plugin v27.3 - https:\/\/yoast.com\/product\/yoast-seo-wordpress\/ -->\n<title>Bukarest: Demonstrationen gegen eine Notverordnung des Justizministeriums - Radio Rum\u00e4nien International<\/title>\n<meta name=\"robots\" content=\"index, follow, max-snippet:-1, max-image-preview:large, max-video-preview:-1\" \/>\n<link rel=\"canonical\" href=\"https:\/\/www.rri.ro\/de\/aktuell\/rri-aktuell\/bukarest-demonstrationen-gegen-eine-notverordnung-des-justizministeriums-id460924.html\" \/>\n<meta property=\"og:locale\" content=\"de_DE\" \/>\n<meta property=\"og:type\" content=\"article\" \/>\n<meta property=\"og:title\" content=\"Bukarest: Demonstrationen gegen eine Notverordnung des Justizministeriums - Radio Rum\u00e4nien International\" \/>\n<meta property=\"og:description\" content=\"Tausende protestierten am Sonntag gegen eine Notverordnung des Justizministeriums\" \/>\n<meta property=\"og:url\" content=\"https:\/\/www.rri.ro\/de\/aktuell\/rri-aktuell\/bukarest-demonstrationen-gegen-eine-notverordnung-des-justizministeriums-id460924.html\" \/>\n<meta property=\"og:site_name\" content=\"Radio Rum\u00e4nien International\" \/>\n<meta property=\"article:published_time\" content=\"2019-02-25T11:57:00+00:00\" \/>\n<meta property=\"article:modified_time\" content=\"2024-02-19T18:48:04+00:00\" \/>\n<meta property=\"og:image\" content=\"https:\/\/www.rri.ro\/wp-content\/uploads\/2023\/10\/proteste-31-ianuarie-oug-cod-penal-foto-lica.png\" \/>\n\t<meta property=\"og:image:width\" content=\"640\" \/>\n\t<meta property=\"og:image:height\" content=\"480\" \/>\n\t<meta property=\"og:image:type\" content=\"image\/png\" \/>\n<meta name=\"author\" content=\"Corina Cristea\" \/>\n<meta name=\"twitter:card\" content=\"summary_large_image\" \/>\n<meta name=\"twitter:label1\" content=\"Verfasst von\" \/>\n\t<meta name=\"twitter:data1\" content=\"Corina Cristea\" \/>\n\t<meta name=\"twitter:label2\" content=\"Gesch\u00e4tzte Lesezeit\" \/>\n\t<meta name=\"twitter:data2\" content=\"2\u00a0Minuten\" \/>\n\t<meta name=\"twitter:label3\" content=\"Written by\" \/>\n\t<meta name=\"twitter:data3\" content=\"Corina Cristea\" \/>\n<script type=\"application\/ld+json\" class=\"yoast-schema-graph\">{\"@context\":\"https:\\\/\\\/schema.org\",\"@graph\":[{\"@type\":\"Article\",\"@id\":\"https:\\\/\\\/www.rri.ro\\\/de\\\/aktuell\\\/rri-aktuell\\\/bukarest-demonstrationen-gegen-eine-notverordnung-des-justizministeriums-id460924.html#article\",\"isPartOf\":{\"@id\":\"https:\\\/\\\/www.rri.ro\\\/de\\\/aktuell\\\/rri-aktuell\\\/bukarest-demonstrationen-gegen-eine-notverordnung-des-justizministeriums-id460924.html\"},\"author\":{\"name\":\"Corina Cristea\",\"@id\":\"https:\\\/\\\/www.rri.ro\\\/#\\\/schema\\\/person\\\/f9ab1cb3569dee1b2c033a814bb7f0fc\"},\"headline\":\"Bukarest: Demonstrationen gegen eine Notverordnung des Justizministeriums\",\"datePublished\":\"2019-02-25T11:57:00+00:00\",\"dateModified\":\"2024-02-19T18:48:04+00:00\",\"mainEntityOfPage\":{\"@id\":\"https:\\\/\\\/www.rri.ro\\\/de\\\/aktuell\\\/rri-aktuell\\\/bukarest-demonstrationen-gegen-eine-notverordnung-des-justizministeriums-id460924.html\"},\"wordCount\":412,\"image\":{\"@id\":\"https:\\\/\\\/www.rri.ro\\\/de\\\/aktuell\\\/rri-aktuell\\\/bukarest-demonstrationen-gegen-eine-notverordnung-des-justizministeriums-id460924.html#primaryimage\"},\"thumbnailUrl\":\"https:\\\/\\\/www.rri.ro\\\/wp-content\\\/uploads\\\/2023\\\/10\\\/proteste-31-ianuarie-oug-cod-penal-foto-lica.png\",\"keywords\":[\"ALDE\",\"Bukarest\",\"Demonstration\",\"DNA\",\"Justiz\",\"Laura Kovesi\",\"Liviu Dragnea\",\"proteste\",\"PSD\",\"Rum\u00e4nien\",\"Tudorel Toader\"],\"articleSection\":[\"RRI Aktuell\"],\"inLanguage\":\"de\"},{\"@type\":\"WebPage\",\"@id\":\"https:\\\/\\\/www.rri.ro\\\/de\\\/aktuell\\\/rri-aktuell\\\/bukarest-demonstrationen-gegen-eine-notverordnung-des-justizministeriums-id460924.html\",\"url\":\"https:\\\/\\\/www.rri.ro\\\/de\\\/aktuell\\\/rri-aktuell\\\/bukarest-demonstrationen-gegen-eine-notverordnung-des-justizministeriums-id460924.html\",\"name\":\"Bukarest: Demonstrationen gegen eine Notverordnung des Justizministeriums - Radio Rum\u00e4nien International\",\"isPartOf\":{\"@id\":\"https:\\\/\\\/www.rri.ro\\\/#website\"},\"primaryImageOfPage\":{\"@id\":\"https:\\\/\\\/www.rri.ro\\\/de\\\/aktuell\\\/rri-aktuell\\\/bukarest-demonstrationen-gegen-eine-notverordnung-des-justizministeriums-id460924.html#primaryimage\"},\"image\":{\"@id\":\"https:\\\/\\\/www.rri.ro\\\/de\\\/aktuell\\\/rri-aktuell\\\/bukarest-demonstrationen-gegen-eine-notverordnung-des-justizministeriums-id460924.html#primaryimage\"},\"thumbnailUrl\":\"https:\\\/\\\/www.rri.ro\\\/wp-content\\\/uploads\\\/2023\\\/10\\\/proteste-31-ianuarie-oug-cod-penal-foto-lica.png\",\"datePublished\":\"2019-02-25T11:57:00+00:00\",\"dateModified\":\"2024-02-19T18:48:04+00:00\",\"author\":{\"@id\":\"https:\\\/\\\/www.rri.ro\\\/#\\\/schema\\\/person\\\/f9ab1cb3569dee1b2c033a814bb7f0fc\"},\"breadcrumb\":{\"@id\":\"https:\\\/\\\/www.rri.ro\\\/de\\\/aktuell\\\/rri-aktuell\\\/bukarest-demonstrationen-gegen-eine-notverordnung-des-justizministeriums-id460924.html#breadcrumb\"},\"inLanguage\":\"de\",\"potentialAction\":[{\"@type\":\"ReadAction\",\"target\":[\"https:\\\/\\\/www.rri.ro\\\/de\\\/aktuell\\\/rri-aktuell\\\/bukarest-demonstrationen-gegen-eine-notverordnung-des-justizministeriums-id460924.html\"]}]},{\"@type\":\"ImageObject\",\"inLanguage\":\"de\",\"@id\":\"https:\\\/\\\/www.rri.ro\\\/de\\\/aktuell\\\/rri-aktuell\\\/bukarest-demonstrationen-gegen-eine-notverordnung-des-justizministeriums-id460924.html#primaryimage\",\"url\":\"https:\\\/\\\/www.rri.ro\\\/wp-content\\\/uploads\\\/2023\\\/10\\\/proteste-31-ianuarie-oug-cod-penal-foto-lica.png\",\"contentUrl\":\"https:\\\/\\\/www.rri.ro\\\/wp-content\\\/uploads\\\/2023\\\/10\\\/proteste-31-ianuarie-oug-cod-penal-foto-lica.png\",\"width\":640,\"height\":480},{\"@type\":\"BreadcrumbList\",\"@id\":\"https:\\\/\\\/www.rri.ro\\\/de\\\/aktuell\\\/rri-aktuell\\\/bukarest-demonstrationen-gegen-eine-notverordnung-des-justizministeriums-id460924.html#breadcrumb\",\"itemListElement\":[{\"@type\":\"ListItem\",\"position\":1,\"name\":\"Startseite\",\"item\":\"https:\\\/\\\/www.rri.ro\\\/de\"},{\"@type\":\"ListItem\",\"position\":2,\"name\":\"Aktuell\",\"item\":\"https:\\\/\\\/www.rri.ro\\\/de\\\/aktuell\"},{\"@type\":\"ListItem\",\"position\":3,\"name\":\"RRI Aktuell\",\"item\":\"https:\\\/\\\/www.rri.ro\\\/de\\\/aktuell\\\/rri-aktuell\"},{\"@type\":\"ListItem\",\"position\":4,\"name\":\"Bukarest: Demonstrationen gegen eine Notverordnung des Justizministeriums\"}]},{\"@type\":\"WebSite\",\"@id\":\"https:\\\/\\\/www.rri.ro\\\/#website\",\"url\":\"https:\\\/\\\/www.rri.ro\\\/\",\"name\":\"Radio Rum\u00e4nien International\",\"description\":\"Totul despre Rom\u00e2nia \u015fi rom\u00e2ni, \u00een 13 limbi\\\/dialecte!\",\"inLanguage\":\"de\"},{\"@type\":\"Person\",\"@id\":\"https:\\\/\\\/www.rri.ro\\\/#\\\/schema\\\/person\\\/f9ab1cb3569dee1b2c033a814bb7f0fc\",\"name\":\"Corina Cristea\",\"url\":\"https:\\\/\\\/www.rri.ro\\\/de\\\/author\\\/corina-cristea\"}]}<\/script>\n<!-- \/ Yoast SEO plugin. -->","yoast_head_json":{"title":"Bukarest: Demonstrationen gegen eine Notverordnung des Justizministeriums - Radio Rum\u00e4nien International","robots":{"index":"index","follow":"follow","max-snippet":"max-snippet:-1","max-image-preview":"max-image-preview:large","max-video-preview":"max-video-preview:-1"},"canonical":"https:\/\/www.rri.ro\/de\/aktuell\/rri-aktuell\/bukarest-demonstrationen-gegen-eine-notverordnung-des-justizministeriums-id460924.html","og_locale":"de_DE","og_type":"article","og_title":"Bukarest: Demonstrationen gegen eine Notverordnung des Justizministeriums - Radio Rum\u00e4nien International","og_description":"Tausende protestierten am Sonntag gegen eine Notverordnung des Justizministeriums","og_url":"https:\/\/www.rri.ro\/de\/aktuell\/rri-aktuell\/bukarest-demonstrationen-gegen-eine-notverordnung-des-justizministeriums-id460924.html","og_site_name":"Radio Rum\u00e4nien International","article_published_time":"2019-02-25T11:57:00+00:00","article_modified_time":"2024-02-19T18:48:04+00:00","og_image":[{"width":640,"height":480,"url":"https:\/\/www.rri.ro\/wp-content\/uploads\/2023\/10\/proteste-31-ianuarie-oug-cod-penal-foto-lica.png","type":"image\/png"}],"author":"Corina Cristea","twitter_card":"summary_large_image","twitter_misc":{"Verfasst von":"Corina Cristea","Gesch\u00e4tzte Lesezeit":"2\u00a0Minuten","Written by":"Corina Cristea"},"schema":{"@context":"https:\/\/schema.org","@graph":[{"@type":"Article","@id":"https:\/\/www.rri.ro\/de\/aktuell\/rri-aktuell\/bukarest-demonstrationen-gegen-eine-notverordnung-des-justizministeriums-id460924.html#article","isPartOf":{"@id":"https:\/\/www.rri.ro\/de\/aktuell\/rri-aktuell\/bukarest-demonstrationen-gegen-eine-notverordnung-des-justizministeriums-id460924.html"},"author":{"name":"Corina Cristea","@id":"https:\/\/www.rri.ro\/#\/schema\/person\/f9ab1cb3569dee1b2c033a814bb7f0fc"},"headline":"Bukarest: Demonstrationen gegen eine Notverordnung des Justizministeriums","datePublished":"2019-02-25T11:57:00+00:00","dateModified":"2024-02-19T18:48:04+00:00","mainEntityOfPage":{"@id":"https:\/\/www.rri.ro\/de\/aktuell\/rri-aktuell\/bukarest-demonstrationen-gegen-eine-notverordnung-des-justizministeriums-id460924.html"},"wordCount":412,"image":{"@id":"https:\/\/www.rri.ro\/de\/aktuell\/rri-aktuell\/bukarest-demonstrationen-gegen-eine-notverordnung-des-justizministeriums-id460924.html#primaryimage"},"thumbnailUrl":"https:\/\/www.rri.ro\/wp-content\/uploads\/2023\/10\/proteste-31-ianuarie-oug-cod-penal-foto-lica.png","keywords":["ALDE","Bukarest","Demonstration","DNA","Justiz","Laura Kovesi","Liviu Dragnea","proteste","PSD","Rum\u00e4nien","Tudorel Toader"],"articleSection":["RRI Aktuell"],"inLanguage":"de"},{"@type":"WebPage","@id":"https:\/\/www.rri.ro\/de\/aktuell\/rri-aktuell\/bukarest-demonstrationen-gegen-eine-notverordnung-des-justizministeriums-id460924.html","url":"https:\/\/www.rri.ro\/de\/aktuell\/rri-aktuell\/bukarest-demonstrationen-gegen-eine-notverordnung-des-justizministeriums-id460924.html","name":"Bukarest: Demonstrationen gegen eine Notverordnung des Justizministeriums - Radio Rum\u00e4nien International","isPartOf":{"@id":"https:\/\/www.rri.ro\/#website"},"primaryImageOfPage":{"@id":"https:\/\/www.rri.ro\/de\/aktuell\/rri-aktuell\/bukarest-demonstrationen-gegen-eine-notverordnung-des-justizministeriums-id460924.html#primaryimage"},"image":{"@id":"https:\/\/www.rri.ro\/de\/aktuell\/rri-aktuell\/bukarest-demonstrationen-gegen-eine-notverordnung-des-justizministeriums-id460924.html#primaryimage"},"thumbnailUrl":"https:\/\/www.rri.ro\/wp-content\/uploads\/2023\/10\/proteste-31-ianuarie-oug-cod-penal-foto-lica.png","datePublished":"2019-02-25T11:57:00+00:00","dateModified":"2024-02-19T18:48:04+00:00","author":{"@id":"https:\/\/www.rri.ro\/#\/schema\/person\/f9ab1cb3569dee1b2c033a814bb7f0fc"},"breadcrumb":{"@id":"https:\/\/www.rri.ro\/de\/aktuell\/rri-aktuell\/bukarest-demonstrationen-gegen-eine-notverordnung-des-justizministeriums-id460924.html#breadcrumb"},"inLanguage":"de","potentialAction":[{"@type":"ReadAction","target":["https:\/\/www.rri.ro\/de\/aktuell\/rri-aktuell\/bukarest-demonstrationen-gegen-eine-notverordnung-des-justizministeriums-id460924.html"]}]},{"@type":"ImageObject","inLanguage":"de","@id":"https:\/\/www.rri.ro\/de\/aktuell\/rri-aktuell\/bukarest-demonstrationen-gegen-eine-notverordnung-des-justizministeriums-id460924.html#primaryimage","url":"https:\/\/www.rri.ro\/wp-content\/uploads\/2023\/10\/proteste-31-ianuarie-oug-cod-penal-foto-lica.png","contentUrl":"https:\/\/www.rri.ro\/wp-content\/uploads\/2023\/10\/proteste-31-ianuarie-oug-cod-penal-foto-lica.png","width":640,"height":480},{"@type":"BreadcrumbList","@id":"https:\/\/www.rri.ro\/de\/aktuell\/rri-aktuell\/bukarest-demonstrationen-gegen-eine-notverordnung-des-justizministeriums-id460924.html#breadcrumb","itemListElement":[{"@type":"ListItem","position":1,"name":"Startseite","item":"https:\/\/www.rri.ro\/de"},{"@type":"ListItem","position":2,"name":"Aktuell","item":"https:\/\/www.rri.ro\/de\/aktuell"},{"@type":"ListItem","position":3,"name":"RRI Aktuell","item":"https:\/\/www.rri.ro\/de\/aktuell\/rri-aktuell"},{"@type":"ListItem","position":4,"name":"Bukarest: Demonstrationen gegen eine Notverordnung des Justizministeriums"}]},{"@type":"WebSite","@id":"https:\/\/www.rri.ro\/#website","url":"https:\/\/www.rri.ro\/","name":"Radio Rum\u00e4nien International","description":"Totul despre Rom\u00e2nia \u015fi rom\u00e2ni, \u00een 13 limbi\/dialecte!","inLanguage":"de"},{"@type":"Person","@id":"https:\/\/www.rri.ro\/#\/schema\/person\/f9ab1cb3569dee1b2c033a814bb7f0fc","name":"Corina Cristea","url":"https:\/\/www.rri.ro\/de\/author\/corina-cristea"}]}},"_links":{"self":[{"href":"https:\/\/www.rri.ro\/de\/wp-json\/wp\/v2\/posts\/460924","targetHints":{"allow":["GET"]}}],"collection":[{"href":"https:\/\/www.rri.ro\/de\/wp-json\/wp\/v2\/posts"}],"about":[{"href":"https:\/\/www.rri.ro\/de\/wp-json\/wp\/v2\/types\/post"}],"author":[{"embeddable":true,"href":"https:\/\/www.rri.ro\/de\/wp-json\/wp\/v2\/users\/108"}],"replies":[{"embeddable":true,"href":"https:\/\/www.rri.ro\/de\/wp-json\/wp\/v2\/comments?post=460924"}],"version-history":[{"count":0,"href":"https:\/\/www.rri.ro\/de\/wp-json\/wp\/v2\/posts\/460924\/revisions"}],"wp:featuredmedia":[{"embeddable":true,"href":"https:\/\/www.rri.ro\/de\/wp-json\/wp\/v2\/media\/71922"}],"wp:attachment":[{"href":"https:\/\/www.rri.ro\/de\/wp-json\/wp\/v2\/media?parent=460924"}],"wp:term":[{"taxonomy":"category","embeddable":true,"href":"https:\/\/www.rri.ro\/de\/wp-json\/wp\/v2\/categories?post=460924"},{"taxonomy":"post_tag","embeddable":true,"href":"https:\/\/www.rri.ro\/de\/wp-json\/wp\/v2\/tags?post=460924"},{"taxonomy":"author","embeddable":true,"href":"https:\/\/www.rri.ro\/de\/wp-json\/wp\/v2\/coauthors?post=460924"}],"curies":[{"name":"wp","href":"https:\/\/api.w.org\/{rel}","templated":true}]}}