{"id":460929,"date":"2019-03-04T13:42:00","date_gmt":"2019-03-04T11:42:00","guid":{"rendered":"http:\/\/devrri.freshlemon.ro\/aktuell\/bukarest-tausende-rumaenen-protestieren-erneut-id460929.html"},"modified":"2024-02-19T20:48:08","modified_gmt":"2024-02-19T18:48:08","slug":"bukarest-tausende-rumaenen-protestieren-erneut","status":"publish","type":"post","link":"https:\/\/www.rri.ro\/de\/aktuell\/rri-aktuell\/bukarest-tausende-rumaenen-protestieren-erneut-id460929.html","title":{"rendered":"Bukarest: Tausende Rum\u00e4nen protestieren erneut"},"content":{"rendered":"<p>Tausende haben am Sonntagabend erneut aus Solidarit\u00e4t mit Richtern und Staatsanw\u00e4lten, die gegen die Notverordnung Nr. 7 auf die Stra\u200e\u00dfe gegangen sind protestiert. In Bukarest und den Gro\u200e\u00dfst\u00e4dten Sibiu, Cluj, Constan\u0163a, Ia\u015fi, Timi\u015foara und Gala\u0163i wurde der R\u00fccktritt des Justizministers Tudorel Toader, die Aufhebung der Notverordnung und die Aufl\u00f6sung der Abteilung zur Untersuchung der Richter und Staatsanw\u00e4lte gefordert. Die meisten Demonstranten gingen auch diesmal in der Landeshauptstadt auf die Stra\u200e\u00dfe. Ihnen schlossen sich die Schauspieler des Nationaltheaters, auf den Treppen Spielhauses an. Die Regierung h\u00e4lt, den landesweiten Protesten zum Trotz, an der Verordnung fest. Toader teilte vergangene Woche lediglich mit, er habe den Entwurf einer weiteren Notverordnung ausgearbeitet, die mehrere Vorschriften der 7. Verordnung aufhebt. Insider sagen, es werden die Artikel, bez\u00fcglich der Delegierung und des guten Rufs aufgehoben. Bevor die Demonstranten auf die Stra\u200e\u00dfe gegangen sind, hatten Staatsanw\u00e4lte und Richter von 80 Staatsanwaltschaften und Gerichten aus dem ganzen Land ihre Arbeit eingestellt oder vor Gericht demonstriert.<\/p>\n<p>&#13;<br \/>\n&#13;<\/p>\n<p>&#13;<br \/>\n&#13;<\/p>\n<p>&#13;<br \/>\n&#13;<\/p>\n<p>Die Menschen sind auch mit der Notverordnung Nr. 114 unzufrieden, die in dem semestrielellen L\u00e4nderbericht der EU als ein Risikofaktor des rum\u00e4nischen Bankensektors erw\u00e4hnt wird. Die PSD, die wichtigste Partei in der Regierungskoalition, ruderte zur\u00fcck und erkl\u00e4rte, sie sei bereit jedwede \u00c4nderung an der Verordnung vorzunehmen, so lange das Hauptziel &#8212; Kredite mit niedrigeren Zinsen an die Bev\u00f6lkerung und Gesellschaften zu vergeben &#8212; nicht aus den Augen verloren wird. In der Zwischenzeit beraten das Finanzministerium und der Rum\u00e4nisch Bankenverband \u00fcber m\u00f6gliche \u00c4nderungen in Fiskalbereich. Die Arbeitgebervertreter im Baubereich haben bereits Vorschl\u00e4ge zur \u00c4nderung der Verordnung unterbreitet, \u00fcber die in der Abgeordnetenkammer debattiert werden soll. Auch die Vertreter der rum\u00e4nischen Erdgasindustrie haben sich hierzu ge\u00e4u\u200e\u00dfert. Sie sagen, die Notverordnung werde sich negativ auf die Investitionen in diesem Bereich und, in Folge, auch auf den Staatshaushalt auswirken.<\/p>\n<p>&#13;<\/p>\n","protected":false},"excerpt":{"rendered":"<p>Tausende gingen aus Solidarit\u00e4t mit Richtern und Staatsanw\u00e4lten auf die Stra\u00dfe.<\/p>\n","protected":false},"author":108,"featured_media":71922,"comment_status":"closed","ping_status":"closed","sticky":false,"template":"","format":"standard","meta":{"_acf_changed":false,"footnotes":""},"categories":[99583],"tags":[99848,102860,99625,104550,104549,161728,167552,100832,31676],"coauthors":[],"class_list":["post-460929","post","type-post","status-publish","format-standard","has-post-thumbnail","hentry","category-rri-aktuell","tag-bankensektor","tag-demonstration","tag-justiz","tag-notverordnung-nr-114","tag-notverordnung-nr-7","tag-protest-de","tag-richter-de","tag-staatsanwaelte","tag-tudorel-toader"],"acf":[],"yoast_head":"<!-- This site is optimized with the Yoast SEO plugin v27.5 - https:\/\/yoast.com\/product\/yoast-seo-wordpress\/ -->\n<title>Bukarest: Tausende Rum\u00e4nen protestieren erneut - Radio Rum\u00e4nien International<\/title>\n<meta name=\"robots\" content=\"index, follow, max-snippet:-1, max-image-preview:large, max-video-preview:-1\" \/>\n<link rel=\"canonical\" href=\"https:\/\/www.rri.ro\/de\/aktuell\/rri-aktuell\/bukarest-tausende-rumaenen-protestieren-erneut-id460929.html\" \/>\n<meta property=\"og:locale\" content=\"de_DE\" \/>\n<meta property=\"og:type\" content=\"article\" \/>\n<meta property=\"og:title\" content=\"Bukarest: Tausende Rum\u00e4nen protestieren erneut - Radio Rum\u00e4nien International\" \/>\n<meta property=\"og:description\" content=\"Tausende gingen aus Solidarit\u00e4t mit Richtern und Staatsanw\u00e4lten auf die Stra\u00dfe.\" \/>\n<meta property=\"og:url\" content=\"https:\/\/www.rri.ro\/de\/aktuell\/rri-aktuell\/bukarest-tausende-rumaenen-protestieren-erneut-id460929.html\" \/>\n<meta property=\"og:site_name\" content=\"Radio Rum\u00e4nien International\" \/>\n<meta property=\"article:published_time\" content=\"2019-03-04T11:42:00+00:00\" \/>\n<meta property=\"article:modified_time\" content=\"2024-02-19T18:48:08+00:00\" \/>\n<meta property=\"og:image\" content=\"https:\/\/www.rri.ro\/wp-content\/uploads\/2023\/10\/proteste-31-ianuarie-oug-cod-penal-foto-lica.png\" \/>\n\t<meta property=\"og:image:width\" content=\"640\" \/>\n\t<meta property=\"og:image:height\" content=\"480\" \/>\n\t<meta property=\"og:image:type\" content=\"image\/png\" \/>\n<meta name=\"author\" content=\"Corina Cristea\" \/>\n<meta name=\"twitter:card\" content=\"summary_large_image\" \/>\n<meta name=\"twitter:label1\" content=\"Verfasst von\" \/>\n\t<meta name=\"twitter:data1\" content=\"Corina Cristea\" \/>\n\t<meta name=\"twitter:label2\" content=\"Gesch\u00e4tzte Lesezeit\" \/>\n\t<meta name=\"twitter:data2\" content=\"2\u00a0Minuten\" \/>\n\t<meta name=\"twitter:label3\" content=\"Written by\" \/>\n\t<meta name=\"twitter:data3\" content=\"Corina Cristea\" \/>\n<script type=\"application\/ld+json\" class=\"yoast-schema-graph\">{\"@context\":\"https:\\\/\\\/schema.org\",\"@graph\":[{\"@type\":\"Article\",\"@id\":\"https:\\\/\\\/www.rri.ro\\\/de\\\/aktuell\\\/rri-aktuell\\\/bukarest-tausende-rumaenen-protestieren-erneut-id460929.html#article\",\"isPartOf\":{\"@id\":\"https:\\\/\\\/www.rri.ro\\\/de\\\/aktuell\\\/rri-aktuell\\\/bukarest-tausende-rumaenen-protestieren-erneut-id460929.html\"},\"author\":{\"name\":\"Corina Cristea\",\"@id\":\"https:\\\/\\\/www.rri.ro\\\/#\\\/schema\\\/person\\\/f9ab1cb3569dee1b2c033a814bb7f0fc\"},\"headline\":\"Bukarest: Tausende Rum\u00e4nen protestieren erneut\",\"datePublished\":\"2019-03-04T11:42:00+00:00\",\"dateModified\":\"2024-02-19T18:48:08+00:00\",\"mainEntityOfPage\":{\"@id\":\"https:\\\/\\\/www.rri.ro\\\/de\\\/aktuell\\\/rri-aktuell\\\/bukarest-tausende-rumaenen-protestieren-erneut-id460929.html\"},\"wordCount\":323,\"image\":{\"@id\":\"https:\\\/\\\/www.rri.ro\\\/de\\\/aktuell\\\/rri-aktuell\\\/bukarest-tausende-rumaenen-protestieren-erneut-id460929.html#primaryimage\"},\"thumbnailUrl\":\"https:\\\/\\\/www.rri.ro\\\/wp-content\\\/uploads\\\/2023\\\/10\\\/proteste-31-ianuarie-oug-cod-penal-foto-lica.png\",\"keywords\":[\"Bankensektor\",\"Demonstration\",\"Justiz\",\"Notverordnung Nr. 114\",\"Notverordnung Nr. 7\",\"protest\",\"Richter\",\"Staatsanw\u00e4lte\",\"Tudorel Toader\"],\"articleSection\":[\"RRI Aktuell\"],\"inLanguage\":\"de\"},{\"@type\":\"WebPage\",\"@id\":\"https:\\\/\\\/www.rri.ro\\\/de\\\/aktuell\\\/rri-aktuell\\\/bukarest-tausende-rumaenen-protestieren-erneut-id460929.html\",\"url\":\"https:\\\/\\\/www.rri.ro\\\/de\\\/aktuell\\\/rri-aktuell\\\/bukarest-tausende-rumaenen-protestieren-erneut-id460929.html\",\"name\":\"Bukarest: Tausende Rum\u00e4nen protestieren erneut - Radio Rum\u00e4nien International\",\"isPartOf\":{\"@id\":\"https:\\\/\\\/www.rri.ro\\\/#website\"},\"primaryImageOfPage\":{\"@id\":\"https:\\\/\\\/www.rri.ro\\\/de\\\/aktuell\\\/rri-aktuell\\\/bukarest-tausende-rumaenen-protestieren-erneut-id460929.html#primaryimage\"},\"image\":{\"@id\":\"https:\\\/\\\/www.rri.ro\\\/de\\\/aktuell\\\/rri-aktuell\\\/bukarest-tausende-rumaenen-protestieren-erneut-id460929.html#primaryimage\"},\"thumbnailUrl\":\"https:\\\/\\\/www.rri.ro\\\/wp-content\\\/uploads\\\/2023\\\/10\\\/proteste-31-ianuarie-oug-cod-penal-foto-lica.png\",\"datePublished\":\"2019-03-04T11:42:00+00:00\",\"dateModified\":\"2024-02-19T18:48:08+00:00\",\"author\":{\"@id\":\"https:\\\/\\\/www.rri.ro\\\/#\\\/schema\\\/person\\\/f9ab1cb3569dee1b2c033a814bb7f0fc\"},\"breadcrumb\":{\"@id\":\"https:\\\/\\\/www.rri.ro\\\/de\\\/aktuell\\\/rri-aktuell\\\/bukarest-tausende-rumaenen-protestieren-erneut-id460929.html#breadcrumb\"},\"inLanguage\":\"de\",\"potentialAction\":[{\"@type\":\"ReadAction\",\"target\":[\"https:\\\/\\\/www.rri.ro\\\/de\\\/aktuell\\\/rri-aktuell\\\/bukarest-tausende-rumaenen-protestieren-erneut-id460929.html\"]}]},{\"@type\":\"ImageObject\",\"inLanguage\":\"de\",\"@id\":\"https:\\\/\\\/www.rri.ro\\\/de\\\/aktuell\\\/rri-aktuell\\\/bukarest-tausende-rumaenen-protestieren-erneut-id460929.html#primaryimage\",\"url\":\"https:\\\/\\\/www.rri.ro\\\/wp-content\\\/uploads\\\/2023\\\/10\\\/proteste-31-ianuarie-oug-cod-penal-foto-lica.png\",\"contentUrl\":\"https:\\\/\\\/www.rri.ro\\\/wp-content\\\/uploads\\\/2023\\\/10\\\/proteste-31-ianuarie-oug-cod-penal-foto-lica.png\",\"width\":640,\"height\":480},{\"@type\":\"BreadcrumbList\",\"@id\":\"https:\\\/\\\/www.rri.ro\\\/de\\\/aktuell\\\/rri-aktuell\\\/bukarest-tausende-rumaenen-protestieren-erneut-id460929.html#breadcrumb\",\"itemListElement\":[{\"@type\":\"ListItem\",\"position\":1,\"name\":\"Startseite\",\"item\":\"https:\\\/\\\/www.rri.ro\\\/de\"},{\"@type\":\"ListItem\",\"position\":2,\"name\":\"Aktuell\",\"item\":\"https:\\\/\\\/www.rri.ro\\\/de\\\/aktuell\"},{\"@type\":\"ListItem\",\"position\":3,\"name\":\"RRI Aktuell\",\"item\":\"https:\\\/\\\/www.rri.ro\\\/de\\\/aktuell\\\/rri-aktuell\"},{\"@type\":\"ListItem\",\"position\":4,\"name\":\"Bukarest: Tausende Rum\u00e4nen protestieren erneut\"}]},{\"@type\":\"WebSite\",\"@id\":\"https:\\\/\\\/www.rri.ro\\\/#website\",\"url\":\"https:\\\/\\\/www.rri.ro\\\/\",\"name\":\"Radio Rum\u00e4nien International\",\"description\":\"Totul despre Rom\u00e2nia \u015fi rom\u00e2ni, \u00een 13 limbi\\\/dialecte!\",\"inLanguage\":\"de\"},{\"@type\":\"Person\",\"@id\":\"https:\\\/\\\/www.rri.ro\\\/#\\\/schema\\\/person\\\/f9ab1cb3569dee1b2c033a814bb7f0fc\",\"name\":\"Corina Cristea\",\"url\":\"https:\\\/\\\/www.rri.ro\\\/de\\\/author\\\/corina-cristea\"}]}<\/script>\n<!-- \/ Yoast SEO plugin. -->","yoast_head_json":{"title":"Bukarest: Tausende Rum\u00e4nen protestieren erneut - Radio Rum\u00e4nien International","robots":{"index":"index","follow":"follow","max-snippet":"max-snippet:-1","max-image-preview":"max-image-preview:large","max-video-preview":"max-video-preview:-1"},"canonical":"https:\/\/www.rri.ro\/de\/aktuell\/rri-aktuell\/bukarest-tausende-rumaenen-protestieren-erneut-id460929.html","og_locale":"de_DE","og_type":"article","og_title":"Bukarest: Tausende Rum\u00e4nen protestieren erneut - Radio Rum\u00e4nien International","og_description":"Tausende gingen aus Solidarit\u00e4t mit Richtern und Staatsanw\u00e4lten auf die Stra\u00dfe.","og_url":"https:\/\/www.rri.ro\/de\/aktuell\/rri-aktuell\/bukarest-tausende-rumaenen-protestieren-erneut-id460929.html","og_site_name":"Radio Rum\u00e4nien International","article_published_time":"2019-03-04T11:42:00+00:00","article_modified_time":"2024-02-19T18:48:08+00:00","og_image":[{"width":640,"height":480,"url":"https:\/\/www.rri.ro\/wp-content\/uploads\/2023\/10\/proteste-31-ianuarie-oug-cod-penal-foto-lica.png","type":"image\/png"}],"author":"Corina Cristea","twitter_card":"summary_large_image","twitter_misc":{"Verfasst von":"Corina Cristea","Gesch\u00e4tzte Lesezeit":"2\u00a0Minuten","Written by":"Corina Cristea"},"schema":{"@context":"https:\/\/schema.org","@graph":[{"@type":"Article","@id":"https:\/\/www.rri.ro\/de\/aktuell\/rri-aktuell\/bukarest-tausende-rumaenen-protestieren-erneut-id460929.html#article","isPartOf":{"@id":"https:\/\/www.rri.ro\/de\/aktuell\/rri-aktuell\/bukarest-tausende-rumaenen-protestieren-erneut-id460929.html"},"author":{"name":"Corina Cristea","@id":"https:\/\/www.rri.ro\/#\/schema\/person\/f9ab1cb3569dee1b2c033a814bb7f0fc"},"headline":"Bukarest: Tausende Rum\u00e4nen protestieren erneut","datePublished":"2019-03-04T11:42:00+00:00","dateModified":"2024-02-19T18:48:08+00:00","mainEntityOfPage":{"@id":"https:\/\/www.rri.ro\/de\/aktuell\/rri-aktuell\/bukarest-tausende-rumaenen-protestieren-erneut-id460929.html"},"wordCount":323,"image":{"@id":"https:\/\/www.rri.ro\/de\/aktuell\/rri-aktuell\/bukarest-tausende-rumaenen-protestieren-erneut-id460929.html#primaryimage"},"thumbnailUrl":"https:\/\/www.rri.ro\/wp-content\/uploads\/2023\/10\/proteste-31-ianuarie-oug-cod-penal-foto-lica.png","keywords":["Bankensektor","Demonstration","Justiz","Notverordnung Nr. 114","Notverordnung Nr. 7","protest","Richter","Staatsanw\u00e4lte","Tudorel Toader"],"articleSection":["RRI Aktuell"],"inLanguage":"de"},{"@type":"WebPage","@id":"https:\/\/www.rri.ro\/de\/aktuell\/rri-aktuell\/bukarest-tausende-rumaenen-protestieren-erneut-id460929.html","url":"https:\/\/www.rri.ro\/de\/aktuell\/rri-aktuell\/bukarest-tausende-rumaenen-protestieren-erneut-id460929.html","name":"Bukarest: Tausende Rum\u00e4nen protestieren erneut - Radio Rum\u00e4nien International","isPartOf":{"@id":"https:\/\/www.rri.ro\/#website"},"primaryImageOfPage":{"@id":"https:\/\/www.rri.ro\/de\/aktuell\/rri-aktuell\/bukarest-tausende-rumaenen-protestieren-erneut-id460929.html#primaryimage"},"image":{"@id":"https:\/\/www.rri.ro\/de\/aktuell\/rri-aktuell\/bukarest-tausende-rumaenen-protestieren-erneut-id460929.html#primaryimage"},"thumbnailUrl":"https:\/\/www.rri.ro\/wp-content\/uploads\/2023\/10\/proteste-31-ianuarie-oug-cod-penal-foto-lica.png","datePublished":"2019-03-04T11:42:00+00:00","dateModified":"2024-02-19T18:48:08+00:00","author":{"@id":"https:\/\/www.rri.ro\/#\/schema\/person\/f9ab1cb3569dee1b2c033a814bb7f0fc"},"breadcrumb":{"@id":"https:\/\/www.rri.ro\/de\/aktuell\/rri-aktuell\/bukarest-tausende-rumaenen-protestieren-erneut-id460929.html#breadcrumb"},"inLanguage":"de","potentialAction":[{"@type":"ReadAction","target":["https:\/\/www.rri.ro\/de\/aktuell\/rri-aktuell\/bukarest-tausende-rumaenen-protestieren-erneut-id460929.html"]}]},{"@type":"ImageObject","inLanguage":"de","@id":"https:\/\/www.rri.ro\/de\/aktuell\/rri-aktuell\/bukarest-tausende-rumaenen-protestieren-erneut-id460929.html#primaryimage","url":"https:\/\/www.rri.ro\/wp-content\/uploads\/2023\/10\/proteste-31-ianuarie-oug-cod-penal-foto-lica.png","contentUrl":"https:\/\/www.rri.ro\/wp-content\/uploads\/2023\/10\/proteste-31-ianuarie-oug-cod-penal-foto-lica.png","width":640,"height":480},{"@type":"BreadcrumbList","@id":"https:\/\/www.rri.ro\/de\/aktuell\/rri-aktuell\/bukarest-tausende-rumaenen-protestieren-erneut-id460929.html#breadcrumb","itemListElement":[{"@type":"ListItem","position":1,"name":"Startseite","item":"https:\/\/www.rri.ro\/de"},{"@type":"ListItem","position":2,"name":"Aktuell","item":"https:\/\/www.rri.ro\/de\/aktuell"},{"@type":"ListItem","position":3,"name":"RRI Aktuell","item":"https:\/\/www.rri.ro\/de\/aktuell\/rri-aktuell"},{"@type":"ListItem","position":4,"name":"Bukarest: Tausende Rum\u00e4nen protestieren erneut"}]},{"@type":"WebSite","@id":"https:\/\/www.rri.ro\/#website","url":"https:\/\/www.rri.ro\/","name":"Radio Rum\u00e4nien International","description":"Totul despre Rom\u00e2nia \u015fi rom\u00e2ni, \u00een 13 limbi\/dialecte!","inLanguage":"de"},{"@type":"Person","@id":"https:\/\/www.rri.ro\/#\/schema\/person\/f9ab1cb3569dee1b2c033a814bb7f0fc","name":"Corina Cristea","url":"https:\/\/www.rri.ro\/de\/author\/corina-cristea"}]}},"_links":{"self":[{"href":"https:\/\/www.rri.ro\/de\/wp-json\/wp\/v2\/posts\/460929","targetHints":{"allow":["GET"]}}],"collection":[{"href":"https:\/\/www.rri.ro\/de\/wp-json\/wp\/v2\/posts"}],"about":[{"href":"https:\/\/www.rri.ro\/de\/wp-json\/wp\/v2\/types\/post"}],"author":[{"embeddable":true,"href":"https:\/\/www.rri.ro\/de\/wp-json\/wp\/v2\/users\/108"}],"replies":[{"embeddable":true,"href":"https:\/\/www.rri.ro\/de\/wp-json\/wp\/v2\/comments?post=460929"}],"version-history":[{"count":0,"href":"https:\/\/www.rri.ro\/de\/wp-json\/wp\/v2\/posts\/460929\/revisions"}],"wp:featuredmedia":[{"embeddable":true,"href":"https:\/\/www.rri.ro\/de\/wp-json\/wp\/v2\/media\/71922"}],"wp:attachment":[{"href":"https:\/\/www.rri.ro\/de\/wp-json\/wp\/v2\/media?parent=460929"}],"wp:term":[{"taxonomy":"category","embeddable":true,"href":"https:\/\/www.rri.ro\/de\/wp-json\/wp\/v2\/categories?post=460929"},{"taxonomy":"post_tag","embeddable":true,"href":"https:\/\/www.rri.ro\/de\/wp-json\/wp\/v2\/tags?post=460929"},{"taxonomy":"author","embeddable":true,"href":"https:\/\/www.rri.ro\/de\/wp-json\/wp\/v2\/coauthors?post=460929"}],"curies":[{"name":"wp","href":"https:\/\/api.w.org\/{rel}","templated":true}]}}