{"id":460948,"date":"2019-03-26T18:37:00","date_gmt":"2019-03-26T16:37:00","guid":{"rendered":"http:\/\/devrri.freshlemon.ro\/aktuell\/reaktionen-nach-aeusserungen-der-premierministerin-zur-botschaft-in-israel-id460948.html"},"modified":"2024-02-19T20:48:23","modified_gmt":"2024-02-19T18:48:23","slug":"reaktionen-nach-aeusserungen-der-premierministerin-zur-botschaft-in-israel","status":"publish","type":"post","link":"https:\/\/www.rri.ro\/de\/aktuell\/rri-aktuell\/reaktionen-nach-aeusserungen-der-premierministerin-zur-botschaft-in-israel-id460948.html","title":{"rendered":"Reaktionen nach \u00c4u\u00dferungen der Premierministerin zur Botschaft in Israel"},"content":{"rendered":"<p style=margin: 0px 0px 13.33px; text-align: justify; line-height: 150%;>Mangelnde diplomatische F\u00e4higkeiten, Dilettantismus in einem so komplizierten Gebiet wie Au\u200e\u00dfenpolitik oder eine fehlerhafte Bewertung der Auswirkungen eines solchen Schrittes waren einige der Kommentare zu der Ank\u00fcndigung, die die rum\u00e4nische Premierministerin Viorica D\u0103ncil\u0103 in Washington DC hinsichtlich der Verlagerung der Botschaft des Landes in Israel von Tel Aviv nach Jerusalem gemacht hatte.<\/p>\n<p>&#13;<br \/>\n&#13;<\/p>\n<p style=margin: 0px 0px 13.33px; text-align: justify; line-height: 150%;>\n<p>&#13;<br \/>\n&#13;<\/p>\n<p style=margin: 0px 0px 13.33px; text-align: justify; line-height: 150%;>Als Reaktion auf die Ank\u00fcndigung der Premierministerin erkl\u00e4rte der rum\u00e4nische Pr\u00e4sident Klaus Iohannis, der Schritt zeige noch einmal Viorica D\u0103ncil\u0103s v\u00f6llige Unkenntnis \u00fcber die Au\u200e\u00dfenpolitik und dar\u00fcber, wie wichtige Entscheidungen f\u00fcr den rum\u00e4nischen Staat getroffen werden, und wies darauf hin, dass die endg\u00fcltige Entscheidung in dieser Angelegenheit ein Vorrecht des Pr\u00e4sidenten sei.<\/p>\n<p>&#13;<br \/>\n&#13;<\/p>\n<p style=margin: 0px 0px 13.33px; text-align: justify; line-height: 150%;>\n<p>&#13;<br \/>\n&#13;<\/p>\n<p style=margin: 0px 0px 13.33px; text-align: justify; line-height: 150%;>Iohannis sprach auch \u00fcber die schwerwiegenden Auswirkungen der Ank\u00fcndigung der Premierministerin, wie zum Beispiel die Absage des Besuchs von K\u00f6nig Abdullah von Jordanien, der Anfang dieser Woche in Bukarest h\u00e4tte stattfinden sollen. Auch die Pal\u00e4stinensische Befreiungsorganisation hat Premierminister D\u0103ncil\u0103 scharf kritisiert.<\/p>\n<p>&#13;<br \/>\n&#13;<\/p>\n<p style=margin: 0px 0px 13.33px; text-align: justify; line-height: 150%;>\n<p>&#13;<br \/>\n&#13;<\/p>\n<p style=margin: 0px 0px 13.33px; text-align: justify; line-height: 150%;>Klaus Iohannis: Der K\u00f6nig von Jordanien wurde durch die Haltung der Premierministerin auf der Tagung in den USA pers\u00f6nlich gekr\u00e4nkt und beschloss, seinen Besuch in Rum\u00e4nien abzusagen. Dies ist ein echtes Problem f\u00fcr Rum\u00e4nien. Rum\u00e4nien hat eine Beziehung mit der arabischen Welt auf Vertrauen aufgebaut. Dies ist eine der wenigen Konstanten der rum\u00e4nischen Au\u200e\u00dfenpolitik.\u201c<\/p>\n<p>&#13;<br \/>\n&#13;<\/p>\n<p style=margin: 0px 0px 13.33px; text-align: justify; line-height: 150%;>\n<p>&#13;<br \/>\n&#13;<\/p>\n<p style=margin: 0px 0px 13.33px; text-align: justify; line-height: 150%;>Auf der anderen Seite sagt der Sozialdemokrat Liviu Dragnea, der Vorsitzende der Partei, die Premierministerin D\u0103ncil\u0103  an die Spitze der Regierung stellte, dass der Umzug der rum\u00e4nischen Botschaft von Tel Aviv nach Jerusalem nur Vorteile bringt. Dragnea hat Pr\u00e4sident Iohannis aufgefordert, so schnell wie m\u00f6glich im Obersten Nationalen Verteidigungsrat (CSAT) eine Entscheidung in dieser Angelegenheit zu treffen, und hat ihm vorgeworfen, noch keinen Botschafter in Israel ernannt zu haben.<\/p>\n<p>&#13;<br \/>\n&#13;<\/p>\n<p style=margin: 0px 0px 13.33px; text-align: justify; line-height: 150%;>\n<p>&#13;<br \/>\n&#13;<\/p>\n<p style=margin: 0px 0px 13.33px; text-align: justify; line-height: 150%;>Liviu Dragnea: Gespr\u00e4che \u00fcber diese Angelegenheit m\u00fcssen im Obersten Rat der nationalen Verteidigung eingeleitet werden, und es muss eine Entscheidung getroffen werden. Die Reaktion auf die Aussagen des anderen hilft nicht. Gleichzeitig ist dies ein gro\u200e\u00dfes Problem, das wir mit dem Staat Israel haben, dass Pr\u00e4sident Iohannis sich in den letzten zwei Jahren geweigert hat, einen rum\u00e4nischen Botschafter in diesem Land zu ernennen, obwohl er von der Regierung eine Reihe von Nominierungen erhalten hat.\u201c<\/p>\n<p>&#13;<br \/>\n&#13;<\/p>\n<p style=margin: 0px 0px 13.33px; text-align: justify; line-height: 150%;>\n<p>&#13;<br \/>\n&#13;<\/p>\n<p style=margin: 0px 0px 13.33px; text-align: justify; line-height: 150%;>Die Liberalen haben in der Opposition den R\u00fccktritt der Premierministerin gefordert, weil er das Image des Landes besch\u00e4digt hat. Der liberale Parteif\u00fchrer Ludovic Orban.<\/p>\n<p>&#13;<br \/>\n&#13;<\/p>\n<p style=margin: 0px 0px 13.33px; text-align: justify; line-height: 150%;>\n<p>&#13;<br \/>\n&#13;<\/p>\n<p style=margin: 0px 0px 13.33px; text-align: justify; line-height: 150%;>Ludovic Orban: Das Image Rum\u00e4niens wird auf EU &#8211; Ebene sicherlich stark gesch\u00e4digt. Ich erinnere Frau D\u0103ncil\u0103 daran, dass sie nicht aus pers\u00f6nlicher Sicht spricht, sondern als Premierministerin eines Landes, das die Ratspr\u00e4sidentschaft der EU und dass alle ihre Aussagen von dieser offiziellen Position aus gemacht werden.\u201c<\/p>\n<p>&#13;<br \/>\n&#13;<\/p>\n<p style=margin: 0px 0px 13.33px; text-align: justify; line-height: 150%;>\n<p>&#13;<br \/>\n&#13;<\/p>\n<p style=margin: 0px 0px 13.33px; text-align: justify; line-height: 150%;>Die Medien in der EU haben sich zu diesem Thema negativ ge\u00e4u\u200e\u00dfert. Mit der Ank\u00fcndigung der rum\u00e4nischen Premierministerin wurde die gemeinsame Linie der EU und der Vereinten Nationen gebrochen, wonach Israel und Pal\u00e4stina das israelisch besetzte Jerusalem in einer zuk\u00fcnftigen Zweistaatenl\u00f6sung gemeinsam nutzen sollten\u201c, so EUObserver. Au\u200e\u00dferdem habe es der EU-Politik zus\u00e4tzlich geschadet, w\u00e4hrend Rum\u00e4nien derzeit den sechsmonatigen EU-Ratsvorsitz h\u00e4lt.<\/p>\n<p>&#13;<br \/>\n&#13;<\/p>\n<p style=margin: 0px 0px 13.33px; text-align: justify; line-height: 150%;>\n<p>&#13;<br \/>\n&#13;<\/p>\n<p>Allerdings sind nicht alle Reaktionen auf die Ank\u00fcndigung negativ, da die Ank\u00fcndigung der Premierministerin von dem amerikanischen Vizepr\u00e4sidenten Mike Pence und dem israelischen Premierminister Benjamin Netanyahu begr\u00fc\u200e\u00dft wurde. <\/p>\n<p>&#13;<\/p>\n","protected":false},"excerpt":{"rendered":"<p>Die umstrittene Ank\u00fcndigung der rum\u00e4nischen Ministerpr\u00e4sidentin bez\u00fcglich der Verlagerung der rum\u00e4nischen Botschaft von Tel Aviv nach Jerusalem hat eine Reihe von Reaktionen ausgel\u00f6st.<\/p>\n","protected":false},"author":110,"featured_media":81208,"comment_status":"closed","ping_status":"closed","sticky":false,"template":"","format":"standard","meta":{"_acf_changed":false,"footnotes":""},"categories":[99583],"tags":[100767,173681,104571,30456],"coauthors":[],"class_list":["post-460948","post","type-post","status-publish","format-standard","has-post-thumbnail","hentry","category-rri-aktuell","tag-botschaft","tag-jerusalem-de","tag-premierministerin-dancila","tag-tel-aviv"],"acf":[],"yoast_head":"<!-- This site is optimized with the Yoast SEO plugin v27.3 - https:\/\/yoast.com\/product\/yoast-seo-wordpress\/ -->\n<title>Reaktionen nach \u00c4u\u00dferungen der Premierministerin zur Botschaft in Israel - Radio Rum\u00e4nien International<\/title>\n<meta name=\"robots\" content=\"index, follow, max-snippet:-1, max-image-preview:large, max-video-preview:-1\" \/>\n<link rel=\"canonical\" href=\"https:\/\/www.rri.ro\/de\/aktuell\/rri-aktuell\/reaktionen-nach-aeusserungen-der-premierministerin-zur-botschaft-in-israel-id460948.html\" \/>\n<meta property=\"og:locale\" content=\"de_DE\" \/>\n<meta property=\"og:type\" content=\"article\" \/>\n<meta property=\"og:title\" content=\"Reaktionen nach \u00c4u\u00dferungen der Premierministerin zur Botschaft in Israel - Radio Rum\u00e4nien International\" \/>\n<meta property=\"og:description\" content=\"Die umstrittene Ank\u00fcndigung der rum\u00e4nischen Ministerpr\u00e4sidentin bez\u00fcglich der Verlagerung der rum\u00e4nischen Botschaft von Tel Aviv nach Jerusalem hat eine Reihe von Reaktionen ausgel\u00f6st.\" \/>\n<meta property=\"og:url\" content=\"https:\/\/www.rri.ro\/de\/aktuell\/rri-aktuell\/reaktionen-nach-aeusserungen-der-premierministerin-zur-botschaft-in-israel-id460948.html\" \/>\n<meta property=\"og:site_name\" content=\"Radio Rum\u00e4nien International\" \/>\n<meta property=\"article:published_time\" content=\"2019-03-26T16:37:00+00:00\" \/>\n<meta property=\"article:modified_time\" content=\"2024-02-19T18:48:23+00:00\" \/>\n<meta property=\"og:image\" content=\"https:\/\/www.rri.ro\/wp-content\/uploads\/2023\/10\/viorica-dancila-sedinta-guvern-foto-gov-ro.png\" \/>\n\t<meta property=\"og:image:width\" content=\"640\" \/>\n\t<meta property=\"og:image:height\" content=\"427\" \/>\n\t<meta property=\"og:image:type\" content=\"image\/png\" \/>\n<meta name=\"author\" content=\"\u015etefan Stoica\" \/>\n<meta name=\"twitter:card\" content=\"summary_large_image\" \/>\n<meta name=\"twitter:label1\" content=\"Verfasst von\" \/>\n\t<meta name=\"twitter:data1\" content=\"\u015etefan Stoica\" \/>\n\t<meta name=\"twitter:label2\" content=\"Gesch\u00e4tzte Lesezeit\" \/>\n\t<meta name=\"twitter:data2\" content=\"3\u00a0Minuten\" \/>\n\t<meta name=\"twitter:label3\" content=\"Written by\" \/>\n\t<meta name=\"twitter:data3\" content=\"\u015etefan Stoica\" \/>\n<script type=\"application\/ld+json\" class=\"yoast-schema-graph\">{\"@context\":\"https:\\\/\\\/schema.org\",\"@graph\":[{\"@type\":\"Article\",\"@id\":\"https:\\\/\\\/www.rri.ro\\\/de\\\/aktuell\\\/rri-aktuell\\\/reaktionen-nach-aeusserungen-der-premierministerin-zur-botschaft-in-israel-id460948.html#article\",\"isPartOf\":{\"@id\":\"https:\\\/\\\/www.rri.ro\\\/de\\\/aktuell\\\/rri-aktuell\\\/reaktionen-nach-aeusserungen-der-premierministerin-zur-botschaft-in-israel-id460948.html\"},\"author\":{\"name\":\"\u015etefan Stoica\",\"@id\":\"https:\\\/\\\/www.rri.ro\\\/#\\\/schema\\\/person\\\/2d81d5dc94d44190d13245f64551d334\"},\"headline\":\"Reaktionen nach \u00c4u\u00dferungen der Premierministerin zur Botschaft in Israel\",\"datePublished\":\"2019-03-26T16:37:00+00:00\",\"dateModified\":\"2024-02-19T18:48:23+00:00\",\"mainEntityOfPage\":{\"@id\":\"https:\\\/\\\/www.rri.ro\\\/de\\\/aktuell\\\/rri-aktuell\\\/reaktionen-nach-aeusserungen-der-premierministerin-zur-botschaft-in-israel-id460948.html\"},\"wordCount\":576,\"image\":{\"@id\":\"https:\\\/\\\/www.rri.ro\\\/de\\\/aktuell\\\/rri-aktuell\\\/reaktionen-nach-aeusserungen-der-premierministerin-zur-botschaft-in-israel-id460948.html#primaryimage\"},\"thumbnailUrl\":\"https:\\\/\\\/www.rri.ro\\\/wp-content\\\/uploads\\\/2023\\\/10\\\/viorica-dancila-sedinta-guvern-foto-gov-ro.png\",\"keywords\":[\"Botschaft\",\"Jerusalem\",\"Premierministerin Dancila\",\"Tel Aviv\"],\"articleSection\":[\"RRI Aktuell\"],\"inLanguage\":\"de\"},{\"@type\":\"WebPage\",\"@id\":\"https:\\\/\\\/www.rri.ro\\\/de\\\/aktuell\\\/rri-aktuell\\\/reaktionen-nach-aeusserungen-der-premierministerin-zur-botschaft-in-israel-id460948.html\",\"url\":\"https:\\\/\\\/www.rri.ro\\\/de\\\/aktuell\\\/rri-aktuell\\\/reaktionen-nach-aeusserungen-der-premierministerin-zur-botschaft-in-israel-id460948.html\",\"name\":\"Reaktionen nach \u00c4u\u00dferungen der Premierministerin zur Botschaft in Israel - Radio Rum\u00e4nien International\",\"isPartOf\":{\"@id\":\"https:\\\/\\\/www.rri.ro\\\/#website\"},\"primaryImageOfPage\":{\"@id\":\"https:\\\/\\\/www.rri.ro\\\/de\\\/aktuell\\\/rri-aktuell\\\/reaktionen-nach-aeusserungen-der-premierministerin-zur-botschaft-in-israel-id460948.html#primaryimage\"},\"image\":{\"@id\":\"https:\\\/\\\/www.rri.ro\\\/de\\\/aktuell\\\/rri-aktuell\\\/reaktionen-nach-aeusserungen-der-premierministerin-zur-botschaft-in-israel-id460948.html#primaryimage\"},\"thumbnailUrl\":\"https:\\\/\\\/www.rri.ro\\\/wp-content\\\/uploads\\\/2023\\\/10\\\/viorica-dancila-sedinta-guvern-foto-gov-ro.png\",\"datePublished\":\"2019-03-26T16:37:00+00:00\",\"dateModified\":\"2024-02-19T18:48:23+00:00\",\"author\":{\"@id\":\"https:\\\/\\\/www.rri.ro\\\/#\\\/schema\\\/person\\\/2d81d5dc94d44190d13245f64551d334\"},\"breadcrumb\":{\"@id\":\"https:\\\/\\\/www.rri.ro\\\/de\\\/aktuell\\\/rri-aktuell\\\/reaktionen-nach-aeusserungen-der-premierministerin-zur-botschaft-in-israel-id460948.html#breadcrumb\"},\"inLanguage\":\"de\",\"potentialAction\":[{\"@type\":\"ReadAction\",\"target\":[\"https:\\\/\\\/www.rri.ro\\\/de\\\/aktuell\\\/rri-aktuell\\\/reaktionen-nach-aeusserungen-der-premierministerin-zur-botschaft-in-israel-id460948.html\"]}]},{\"@type\":\"ImageObject\",\"inLanguage\":\"de\",\"@id\":\"https:\\\/\\\/www.rri.ro\\\/de\\\/aktuell\\\/rri-aktuell\\\/reaktionen-nach-aeusserungen-der-premierministerin-zur-botschaft-in-israel-id460948.html#primaryimage\",\"url\":\"https:\\\/\\\/www.rri.ro\\\/wp-content\\\/uploads\\\/2023\\\/10\\\/viorica-dancila-sedinta-guvern-foto-gov-ro.png\",\"contentUrl\":\"https:\\\/\\\/www.rri.ro\\\/wp-content\\\/uploads\\\/2023\\\/10\\\/viorica-dancila-sedinta-guvern-foto-gov-ro.png\",\"width\":640,\"height\":427},{\"@type\":\"BreadcrumbList\",\"@id\":\"https:\\\/\\\/www.rri.ro\\\/de\\\/aktuell\\\/rri-aktuell\\\/reaktionen-nach-aeusserungen-der-premierministerin-zur-botschaft-in-israel-id460948.html#breadcrumb\",\"itemListElement\":[{\"@type\":\"ListItem\",\"position\":1,\"name\":\"Startseite\",\"item\":\"https:\\\/\\\/www.rri.ro\\\/de\"},{\"@type\":\"ListItem\",\"position\":2,\"name\":\"Aktuell\",\"item\":\"https:\\\/\\\/www.rri.ro\\\/de\\\/aktuell\"},{\"@type\":\"ListItem\",\"position\":3,\"name\":\"RRI Aktuell\",\"item\":\"https:\\\/\\\/www.rri.ro\\\/de\\\/aktuell\\\/rri-aktuell\"},{\"@type\":\"ListItem\",\"position\":4,\"name\":\"Reaktionen nach \u00c4u\u00dferungen der Premierministerin zur Botschaft in Israel\"}]},{\"@type\":\"WebSite\",\"@id\":\"https:\\\/\\\/www.rri.ro\\\/#website\",\"url\":\"https:\\\/\\\/www.rri.ro\\\/\",\"name\":\"Radio Rum\u00e4nien International\",\"description\":\"Totul despre Rom\u00e2nia \u015fi rom\u00e2ni, \u00een 13 limbi\\\/dialecte!\",\"inLanguage\":\"de\"},{\"@type\":\"Person\",\"@id\":\"https:\\\/\\\/www.rri.ro\\\/#\\\/schema\\\/person\\\/2d81d5dc94d44190d13245f64551d334\",\"name\":\"\u015etefan Stoica\",\"url\":\"https:\\\/\\\/www.rri.ro\\\/de\\\/author\\\/stefan-stoica\"}]}<\/script>\n<!-- \/ Yoast SEO plugin. -->","yoast_head_json":{"title":"Reaktionen nach \u00c4u\u00dferungen der Premierministerin zur Botschaft in Israel - Radio Rum\u00e4nien International","robots":{"index":"index","follow":"follow","max-snippet":"max-snippet:-1","max-image-preview":"max-image-preview:large","max-video-preview":"max-video-preview:-1"},"canonical":"https:\/\/www.rri.ro\/de\/aktuell\/rri-aktuell\/reaktionen-nach-aeusserungen-der-premierministerin-zur-botschaft-in-israel-id460948.html","og_locale":"de_DE","og_type":"article","og_title":"Reaktionen nach \u00c4u\u00dferungen der Premierministerin zur Botschaft in Israel - Radio Rum\u00e4nien International","og_description":"Die umstrittene Ank\u00fcndigung der rum\u00e4nischen Ministerpr\u00e4sidentin bez\u00fcglich der Verlagerung der rum\u00e4nischen Botschaft von Tel Aviv nach Jerusalem hat eine Reihe von Reaktionen ausgel\u00f6st.","og_url":"https:\/\/www.rri.ro\/de\/aktuell\/rri-aktuell\/reaktionen-nach-aeusserungen-der-premierministerin-zur-botschaft-in-israel-id460948.html","og_site_name":"Radio Rum\u00e4nien International","article_published_time":"2019-03-26T16:37:00+00:00","article_modified_time":"2024-02-19T18:48:23+00:00","og_image":[{"width":640,"height":427,"url":"https:\/\/www.rri.ro\/wp-content\/uploads\/2023\/10\/viorica-dancila-sedinta-guvern-foto-gov-ro.png","type":"image\/png"}],"author":"\u015etefan Stoica","twitter_card":"summary_large_image","twitter_misc":{"Verfasst von":"\u015etefan Stoica","Gesch\u00e4tzte Lesezeit":"3\u00a0Minuten","Written by":"\u015etefan Stoica"},"schema":{"@context":"https:\/\/schema.org","@graph":[{"@type":"Article","@id":"https:\/\/www.rri.ro\/de\/aktuell\/rri-aktuell\/reaktionen-nach-aeusserungen-der-premierministerin-zur-botschaft-in-israel-id460948.html#article","isPartOf":{"@id":"https:\/\/www.rri.ro\/de\/aktuell\/rri-aktuell\/reaktionen-nach-aeusserungen-der-premierministerin-zur-botschaft-in-israel-id460948.html"},"author":{"name":"\u015etefan Stoica","@id":"https:\/\/www.rri.ro\/#\/schema\/person\/2d81d5dc94d44190d13245f64551d334"},"headline":"Reaktionen nach \u00c4u\u00dferungen der Premierministerin zur Botschaft in Israel","datePublished":"2019-03-26T16:37:00+00:00","dateModified":"2024-02-19T18:48:23+00:00","mainEntityOfPage":{"@id":"https:\/\/www.rri.ro\/de\/aktuell\/rri-aktuell\/reaktionen-nach-aeusserungen-der-premierministerin-zur-botschaft-in-israel-id460948.html"},"wordCount":576,"image":{"@id":"https:\/\/www.rri.ro\/de\/aktuell\/rri-aktuell\/reaktionen-nach-aeusserungen-der-premierministerin-zur-botschaft-in-israel-id460948.html#primaryimage"},"thumbnailUrl":"https:\/\/www.rri.ro\/wp-content\/uploads\/2023\/10\/viorica-dancila-sedinta-guvern-foto-gov-ro.png","keywords":["Botschaft","Jerusalem","Premierministerin Dancila","Tel Aviv"],"articleSection":["RRI Aktuell"],"inLanguage":"de"},{"@type":"WebPage","@id":"https:\/\/www.rri.ro\/de\/aktuell\/rri-aktuell\/reaktionen-nach-aeusserungen-der-premierministerin-zur-botschaft-in-israel-id460948.html","url":"https:\/\/www.rri.ro\/de\/aktuell\/rri-aktuell\/reaktionen-nach-aeusserungen-der-premierministerin-zur-botschaft-in-israel-id460948.html","name":"Reaktionen nach \u00c4u\u00dferungen der Premierministerin zur Botschaft in Israel - Radio Rum\u00e4nien International","isPartOf":{"@id":"https:\/\/www.rri.ro\/#website"},"primaryImageOfPage":{"@id":"https:\/\/www.rri.ro\/de\/aktuell\/rri-aktuell\/reaktionen-nach-aeusserungen-der-premierministerin-zur-botschaft-in-israel-id460948.html#primaryimage"},"image":{"@id":"https:\/\/www.rri.ro\/de\/aktuell\/rri-aktuell\/reaktionen-nach-aeusserungen-der-premierministerin-zur-botschaft-in-israel-id460948.html#primaryimage"},"thumbnailUrl":"https:\/\/www.rri.ro\/wp-content\/uploads\/2023\/10\/viorica-dancila-sedinta-guvern-foto-gov-ro.png","datePublished":"2019-03-26T16:37:00+00:00","dateModified":"2024-02-19T18:48:23+00:00","author":{"@id":"https:\/\/www.rri.ro\/#\/schema\/person\/2d81d5dc94d44190d13245f64551d334"},"breadcrumb":{"@id":"https:\/\/www.rri.ro\/de\/aktuell\/rri-aktuell\/reaktionen-nach-aeusserungen-der-premierministerin-zur-botschaft-in-israel-id460948.html#breadcrumb"},"inLanguage":"de","potentialAction":[{"@type":"ReadAction","target":["https:\/\/www.rri.ro\/de\/aktuell\/rri-aktuell\/reaktionen-nach-aeusserungen-der-premierministerin-zur-botschaft-in-israel-id460948.html"]}]},{"@type":"ImageObject","inLanguage":"de","@id":"https:\/\/www.rri.ro\/de\/aktuell\/rri-aktuell\/reaktionen-nach-aeusserungen-der-premierministerin-zur-botschaft-in-israel-id460948.html#primaryimage","url":"https:\/\/www.rri.ro\/wp-content\/uploads\/2023\/10\/viorica-dancila-sedinta-guvern-foto-gov-ro.png","contentUrl":"https:\/\/www.rri.ro\/wp-content\/uploads\/2023\/10\/viorica-dancila-sedinta-guvern-foto-gov-ro.png","width":640,"height":427},{"@type":"BreadcrumbList","@id":"https:\/\/www.rri.ro\/de\/aktuell\/rri-aktuell\/reaktionen-nach-aeusserungen-der-premierministerin-zur-botschaft-in-israel-id460948.html#breadcrumb","itemListElement":[{"@type":"ListItem","position":1,"name":"Startseite","item":"https:\/\/www.rri.ro\/de"},{"@type":"ListItem","position":2,"name":"Aktuell","item":"https:\/\/www.rri.ro\/de\/aktuell"},{"@type":"ListItem","position":3,"name":"RRI Aktuell","item":"https:\/\/www.rri.ro\/de\/aktuell\/rri-aktuell"},{"@type":"ListItem","position":4,"name":"Reaktionen nach \u00c4u\u00dferungen der Premierministerin zur Botschaft in Israel"}]},{"@type":"WebSite","@id":"https:\/\/www.rri.ro\/#website","url":"https:\/\/www.rri.ro\/","name":"Radio Rum\u00e4nien International","description":"Totul despre Rom\u00e2nia \u015fi rom\u00e2ni, \u00een 13 limbi\/dialecte!","inLanguage":"de"},{"@type":"Person","@id":"https:\/\/www.rri.ro\/#\/schema\/person\/2d81d5dc94d44190d13245f64551d334","name":"\u015etefan Stoica","url":"https:\/\/www.rri.ro\/de\/author\/stefan-stoica"}]}},"_links":{"self":[{"href":"https:\/\/www.rri.ro\/de\/wp-json\/wp\/v2\/posts\/460948","targetHints":{"allow":["GET"]}}],"collection":[{"href":"https:\/\/www.rri.ro\/de\/wp-json\/wp\/v2\/posts"}],"about":[{"href":"https:\/\/www.rri.ro\/de\/wp-json\/wp\/v2\/types\/post"}],"author":[{"embeddable":true,"href":"https:\/\/www.rri.ro\/de\/wp-json\/wp\/v2\/users\/110"}],"replies":[{"embeddable":true,"href":"https:\/\/www.rri.ro\/de\/wp-json\/wp\/v2\/comments?post=460948"}],"version-history":[{"count":0,"href":"https:\/\/www.rri.ro\/de\/wp-json\/wp\/v2\/posts\/460948\/revisions"}],"wp:featuredmedia":[{"embeddable":true,"href":"https:\/\/www.rri.ro\/de\/wp-json\/wp\/v2\/media\/81208"}],"wp:attachment":[{"href":"https:\/\/www.rri.ro\/de\/wp-json\/wp\/v2\/media?parent=460948"}],"wp:term":[{"taxonomy":"category","embeddable":true,"href":"https:\/\/www.rri.ro\/de\/wp-json\/wp\/v2\/categories?post=460948"},{"taxonomy":"post_tag","embeddable":true,"href":"https:\/\/www.rri.ro\/de\/wp-json\/wp\/v2\/tags?post=460948"},{"taxonomy":"author","embeddable":true,"href":"https:\/\/www.rri.ro\/de\/wp-json\/wp\/v2\/coauthors?post=460948"}],"curies":[{"name":"wp","href":"https:\/\/api.w.org\/{rel}","templated":true}]}}