{"id":460950,"date":"2019-03-27T15:23:00","date_gmt":"2019-03-27T13:23:00","guid":{"rendered":"http:\/\/devrri.freshlemon.ro\/aktuell\/europaeisches-parlament-verabschiedet-richtlinie-ueber-das-urheberrecht-im-digitalen-binnenmarkt-id460950.html"},"modified":"2024-02-19T20:48:25","modified_gmt":"2024-02-19T18:48:25","slug":"europaeisches-parlament-verabschiedet-richtlinie-ueber-das-urheberrecht-im-digitalen-binnenmarkt","status":"publish","type":"post","link":"https:\/\/www.rri.ro\/de\/aktuell\/rri-aktuell\/europaeisches-parlament-verabschiedet-richtlinie-ueber-das-urheberrecht-im-digitalen-binnenmarkt-id460950.html","title":{"rendered":"Europ\u00e4isches Parlament verabschiedet Richtlinie \u00fcber das Urheberrecht im digitalen Binnenmarkt"},"content":{"rendered":"<p>Das Europ\u00e4ische Parlament hat unter dem rum\u00e4nischen EU-Ratsvorsitz die Richtlinie \u00fcber das Urheberrecht im digitalen Binnenmarkt verabschiedet. Es handelt sich um ein von den Medien und dem kulturellen Bereich l\u00e4ngst erwartetes Dokument, das jedoch von US-amerikanischen Online-Plattformen und Bef\u00fcrwortern der Freiheit des Internets hart umk\u00e4mpft ist. Wir erleben einen entscheidenden Moment f\u00fcr die europ\u00e4ische Kultur, f\u00fcr den digitalen Binnenmarkt und f\u00fcr den Schutz der europ\u00e4ischen Grunds\u00e4tze und Werte. Diese Richtlinie wird dazu beitragen, unser gemeinsames Ziel zu erreichen, n\u00e4mlich die Anpassung der Urheberrechtsvorschriften an das 21. Jahrhundert. Die Richtlinie wird den Medien und im kreativen Sektor eindeutig hilfreich sein\u201d erkl\u00e4rte die f\u00fcr den digitalen Markt zust\u00e4ndige EU-Kommissarin Mariya Gabriel.<\/p>\n<p>&#13;<br \/>\n&#13;<\/p>\n<p>&#13;<br \/>\n&#13;<\/p>\n<p>Laut der EU-Kommissarin sei die Urheberrechtsrichtlinie ein Schl\u00fcsselelement der europ\u00e4ischen Strategie f\u00fcr den digitalen Binnenmarkt. Die Gespr\u00e4che zu diesem Thema gerieten in dem Moment, in dem Rum\u00e4nien die tournusm\u00e4\u200e\u00dfige EU-Ratspr\u00e4sidentschaft \u00fcbernahm, in eine Sackgasse, weil das EU-Parlament kein Gleichgewicht zwischen den Interessen von Autoren und Online-Plattformen finden konnte. Die Korrespondentin von Radio Rum\u00e4nien in Stra\u200e\u00dfburg, Carmen Gavrila berichtet: Die Richtlinie sieht die Anpassung von Ausnahmen und Beschr\u00e4nkungen des Urheberrechts an digitale und grenz\u00fcberschreitende Beschr\u00e4nkungen vor. Das Dokument f\u00fchrt zwingende Ausnahmen vom Urheberrecht f\u00fcr die Verwendung von Inhalten f\u00fcr Online &#8211; Unterrichtst\u00e4tigkeiten und die Bewahrung und Online &#8211; Verbreitung des kulturellen Erbes ein. Dar\u00fcber hinaus verbessert das Dokument die Verfahren f\u00fcr Vergabe von Urheberrechtslizenzen, um einen breiteren Zugang zu Online-Inhalten zu gew\u00e4hrleisten und einen funktionalen Urheberrechtsmarkt zu schaffen\u201d.<\/p>\n<p>&#13;<br \/>\n&#13;<\/p>\n<p>&#13;<br \/>\n&#13;<\/p>\n<p>Nach drei Jahren hitziger Verhandlungen zwischen dem Europ\u00e4ischen Parlament und den Mitgliedstaaten sieht das Dokument die Durchsetzung der Urheberrechtsbestimmungen und -pflichten auch im Online-Bereich vor. Die neuen Regeln bieten Autoren und Medienherausgebern die M\u00f6glichkeit, Urheberrechte mit Internetplattformen wie YouTube oder Facebook und Eingabelesern wie Google News auszuhandeln. Dar\u00fcber hinaus wurden mehrere Garantien eingef\u00fchrt, um sicherzustellen, dass das Internet weiterhin die Meinungsfreiheit einh\u00e4lt. Die Richtlinie zielt auch darauf ab, urheberrechtlich gesch\u00fctzte Inhalte f\u00fcr die Forschung mittels der Bearbeitung von Text und Daten zu erleichtern, um so einen erheblichen Wettbewerbsnachteil zu beseitigen, dem sich Forscher auf der ganzen Welt gegen\u00fcber sehen. Als n\u00e4chstes soll der EU-Rat das Dokument genehmigen.<\/p>\n<p>&#13;<br \/>\n&#13;<\/p>\n<p>&#13;<br \/>\n&#13;<\/p>\n<p>&#13;<br \/>\n&#13;<\/p>\n<p>&#13;<\/p>\n","protected":false},"excerpt":{"rendered":"<p>Das Dokument verbessert die Verfahren f\u00fcr Vergabe von Urheberrechtslizenzen, um einen breiteren Zugang zu Online-Inhalten zu gew\u00e4hrleisten und einen funktionalen Urheberrechtsmarkt zu schaffen.<\/p>\n","protected":false},"author":108,"featured_media":81236,"comment_status":"closed","ping_status":"closed","sticky":false,"template":"","format":"standard","meta":{"_acf_changed":false,"footnotes":""},"categories":[99583],"tags":[100506,104205,100477,132359,99589,104572],"coauthors":[],"class_list":["post-460950","post","type-post","status-publish","format-standard","has-post-thumbnail","hentry","category-rri-aktuell","tag-binnenmarkt","tag-eu-ratsvorsitz","tag-europaeisches-parlament","tag-internet-de","tag-rumaenien","tag-urheberrecht"],"acf":[],"yoast_head":"<!-- This site is optimized with the Yoast SEO plugin v27.5 - https:\/\/yoast.com\/product\/yoast-seo-wordpress\/ -->\n<title>Europ\u00e4isches Parlament verabschiedet Richtlinie \u00fcber das Urheberrecht im digitalen Binnenmarkt - Radio Rum\u00e4nien International<\/title>\n<meta name=\"robots\" content=\"index, follow, max-snippet:-1, max-image-preview:large, max-video-preview:-1\" \/>\n<link rel=\"canonical\" href=\"https:\/\/www.rri.ro\/de\/aktuell\/rri-aktuell\/europaeisches-parlament-verabschiedet-richtlinie-ueber-das-urheberrecht-im-digitalen-binnenmarkt-id460950.html\" \/>\n<meta property=\"og:locale\" content=\"de_DE\" \/>\n<meta property=\"og:type\" content=\"article\" \/>\n<meta property=\"og:title\" content=\"Europ\u00e4isches Parlament verabschiedet Richtlinie \u00fcber das Urheberrecht im digitalen Binnenmarkt - Radio Rum\u00e4nien International\" \/>\n<meta property=\"og:description\" content=\"Das Dokument verbessert die Verfahren f\u00fcr Vergabe von Urheberrechtslizenzen, um einen breiteren Zugang zu Online-Inhalten zu gew\u00e4hrleisten und einen funktionalen Urheberrechtsmarkt zu schaffen.\" \/>\n<meta property=\"og:url\" content=\"https:\/\/www.rri.ro\/de\/aktuell\/rri-aktuell\/europaeisches-parlament-verabschiedet-richtlinie-ueber-das-urheberrecht-im-digitalen-binnenmarkt-id460950.html\" \/>\n<meta property=\"og:site_name\" content=\"Radio Rum\u00e4nien International\" \/>\n<meta property=\"article:published_time\" content=\"2019-03-27T13:23:00+00:00\" \/>\n<meta property=\"article:modified_time\" content=\"2024-02-19T18:48:25+00:00\" \/>\n<meta property=\"og:image\" content=\"https:\/\/www.rri.ro\/wp-content\/uploads\/2023\/10\/copyright-drepturi-de-autor-online-sursa-foto-ec-europa-eu-credit-parlamentul-european.png\" \/>\n\t<meta property=\"og:image:width\" content=\"640\" \/>\n\t<meta property=\"og:image:height\" content=\"432\" \/>\n\t<meta property=\"og:image:type\" content=\"image\/png\" \/>\n<meta name=\"author\" content=\"Corina Cristea\" \/>\n<meta name=\"twitter:card\" content=\"summary_large_image\" \/>\n<meta name=\"twitter:label1\" content=\"Verfasst von\" \/>\n\t<meta name=\"twitter:data1\" content=\"Corina Cristea\" \/>\n\t<meta name=\"twitter:label2\" content=\"Gesch\u00e4tzte Lesezeit\" \/>\n\t<meta name=\"twitter:data2\" content=\"2\u00a0Minuten\" \/>\n\t<meta name=\"twitter:label3\" content=\"Written by\" \/>\n\t<meta name=\"twitter:data3\" content=\"Corina Cristea\" \/>\n<script type=\"application\/ld+json\" class=\"yoast-schema-graph\">{\"@context\":\"https:\\\/\\\/schema.org\",\"@graph\":[{\"@type\":\"Article\",\"@id\":\"https:\\\/\\\/www.rri.ro\\\/de\\\/aktuell\\\/rri-aktuell\\\/europaeisches-parlament-verabschiedet-richtlinie-ueber-das-urheberrecht-im-digitalen-binnenmarkt-id460950.html#article\",\"isPartOf\":{\"@id\":\"https:\\\/\\\/www.rri.ro\\\/de\\\/aktuell\\\/rri-aktuell\\\/europaeisches-parlament-verabschiedet-richtlinie-ueber-das-urheberrecht-im-digitalen-binnenmarkt-id460950.html\"},\"author\":{\"name\":\"Corina Cristea\",\"@id\":\"https:\\\/\\\/www.rri.ro\\\/#\\\/schema\\\/person\\\/f9ab1cb3569dee1b2c033a814bb7f0fc\"},\"headline\":\"Europ\u00e4isches Parlament verabschiedet Richtlinie \u00fcber das Urheberrecht im digitalen Binnenmarkt\",\"datePublished\":\"2019-03-27T13:23:00+00:00\",\"dateModified\":\"2024-02-19T18:48:25+00:00\",\"mainEntityOfPage\":{\"@id\":\"https:\\\/\\\/www.rri.ro\\\/de\\\/aktuell\\\/rri-aktuell\\\/europaeisches-parlament-verabschiedet-richtlinie-ueber-das-urheberrecht-im-digitalen-binnenmarkt-id460950.html\"},\"wordCount\":396,\"image\":{\"@id\":\"https:\\\/\\\/www.rri.ro\\\/de\\\/aktuell\\\/rri-aktuell\\\/europaeisches-parlament-verabschiedet-richtlinie-ueber-das-urheberrecht-im-digitalen-binnenmarkt-id460950.html#primaryimage\"},\"thumbnailUrl\":\"https:\\\/\\\/www.rri.ro\\\/wp-content\\\/uploads\\\/2023\\\/10\\\/copyright-drepturi-de-autor-online-sursa-foto-ec-europa-eu-credit-parlamentul-european.png\",\"keywords\":[\"Binnenmarkt\",\"EU-Ratsvorsitz\",\"Europ\u00e4isches Parlament\",\"internet\",\"Rum\u00e4nien\",\"Urheberrecht\"],\"articleSection\":[\"RRI Aktuell\"],\"inLanguage\":\"de\"},{\"@type\":\"WebPage\",\"@id\":\"https:\\\/\\\/www.rri.ro\\\/de\\\/aktuell\\\/rri-aktuell\\\/europaeisches-parlament-verabschiedet-richtlinie-ueber-das-urheberrecht-im-digitalen-binnenmarkt-id460950.html\",\"url\":\"https:\\\/\\\/www.rri.ro\\\/de\\\/aktuell\\\/rri-aktuell\\\/europaeisches-parlament-verabschiedet-richtlinie-ueber-das-urheberrecht-im-digitalen-binnenmarkt-id460950.html\",\"name\":\"Europ\u00e4isches Parlament verabschiedet Richtlinie \u00fcber das Urheberrecht im digitalen Binnenmarkt - Radio Rum\u00e4nien International\",\"isPartOf\":{\"@id\":\"https:\\\/\\\/www.rri.ro\\\/#website\"},\"primaryImageOfPage\":{\"@id\":\"https:\\\/\\\/www.rri.ro\\\/de\\\/aktuell\\\/rri-aktuell\\\/europaeisches-parlament-verabschiedet-richtlinie-ueber-das-urheberrecht-im-digitalen-binnenmarkt-id460950.html#primaryimage\"},\"image\":{\"@id\":\"https:\\\/\\\/www.rri.ro\\\/de\\\/aktuell\\\/rri-aktuell\\\/europaeisches-parlament-verabschiedet-richtlinie-ueber-das-urheberrecht-im-digitalen-binnenmarkt-id460950.html#primaryimage\"},\"thumbnailUrl\":\"https:\\\/\\\/www.rri.ro\\\/wp-content\\\/uploads\\\/2023\\\/10\\\/copyright-drepturi-de-autor-online-sursa-foto-ec-europa-eu-credit-parlamentul-european.png\",\"datePublished\":\"2019-03-27T13:23:00+00:00\",\"dateModified\":\"2024-02-19T18:48:25+00:00\",\"author\":{\"@id\":\"https:\\\/\\\/www.rri.ro\\\/#\\\/schema\\\/person\\\/f9ab1cb3569dee1b2c033a814bb7f0fc\"},\"breadcrumb\":{\"@id\":\"https:\\\/\\\/www.rri.ro\\\/de\\\/aktuell\\\/rri-aktuell\\\/europaeisches-parlament-verabschiedet-richtlinie-ueber-das-urheberrecht-im-digitalen-binnenmarkt-id460950.html#breadcrumb\"},\"inLanguage\":\"de\",\"potentialAction\":[{\"@type\":\"ReadAction\",\"target\":[\"https:\\\/\\\/www.rri.ro\\\/de\\\/aktuell\\\/rri-aktuell\\\/europaeisches-parlament-verabschiedet-richtlinie-ueber-das-urheberrecht-im-digitalen-binnenmarkt-id460950.html\"]}]},{\"@type\":\"ImageObject\",\"inLanguage\":\"de\",\"@id\":\"https:\\\/\\\/www.rri.ro\\\/de\\\/aktuell\\\/rri-aktuell\\\/europaeisches-parlament-verabschiedet-richtlinie-ueber-das-urheberrecht-im-digitalen-binnenmarkt-id460950.html#primaryimage\",\"url\":\"https:\\\/\\\/www.rri.ro\\\/wp-content\\\/uploads\\\/2023\\\/10\\\/copyright-drepturi-de-autor-online-sursa-foto-ec-europa-eu-credit-parlamentul-european.png\",\"contentUrl\":\"https:\\\/\\\/www.rri.ro\\\/wp-content\\\/uploads\\\/2023\\\/10\\\/copyright-drepturi-de-autor-online-sursa-foto-ec-europa-eu-credit-parlamentul-european.png\",\"width\":640,\"height\":432},{\"@type\":\"BreadcrumbList\",\"@id\":\"https:\\\/\\\/www.rri.ro\\\/de\\\/aktuell\\\/rri-aktuell\\\/europaeisches-parlament-verabschiedet-richtlinie-ueber-das-urheberrecht-im-digitalen-binnenmarkt-id460950.html#breadcrumb\",\"itemListElement\":[{\"@type\":\"ListItem\",\"position\":1,\"name\":\"Startseite\",\"item\":\"https:\\\/\\\/www.rri.ro\\\/de\"},{\"@type\":\"ListItem\",\"position\":2,\"name\":\"Aktuell\",\"item\":\"https:\\\/\\\/www.rri.ro\\\/de\\\/aktuell\"},{\"@type\":\"ListItem\",\"position\":3,\"name\":\"RRI Aktuell\",\"item\":\"https:\\\/\\\/www.rri.ro\\\/de\\\/aktuell\\\/rri-aktuell\"},{\"@type\":\"ListItem\",\"position\":4,\"name\":\"Europ\u00e4isches Parlament verabschiedet Richtlinie \u00fcber das Urheberrecht im digitalen Binnenmarkt\"}]},{\"@type\":\"WebSite\",\"@id\":\"https:\\\/\\\/www.rri.ro\\\/#website\",\"url\":\"https:\\\/\\\/www.rri.ro\\\/\",\"name\":\"Radio Rum\u00e4nien International\",\"description\":\"Totul despre Rom\u00e2nia \u015fi rom\u00e2ni, \u00een 13 limbi\\\/dialecte!\",\"inLanguage\":\"de\"},{\"@type\":\"Person\",\"@id\":\"https:\\\/\\\/www.rri.ro\\\/#\\\/schema\\\/person\\\/f9ab1cb3569dee1b2c033a814bb7f0fc\",\"name\":\"Corina Cristea\",\"url\":\"https:\\\/\\\/www.rri.ro\\\/de\\\/author\\\/corina-cristea\"}]}<\/script>\n<!-- \/ Yoast SEO plugin. -->","yoast_head_json":{"title":"Europ\u00e4isches Parlament verabschiedet Richtlinie \u00fcber das Urheberrecht im digitalen Binnenmarkt - Radio Rum\u00e4nien International","robots":{"index":"index","follow":"follow","max-snippet":"max-snippet:-1","max-image-preview":"max-image-preview:large","max-video-preview":"max-video-preview:-1"},"canonical":"https:\/\/www.rri.ro\/de\/aktuell\/rri-aktuell\/europaeisches-parlament-verabschiedet-richtlinie-ueber-das-urheberrecht-im-digitalen-binnenmarkt-id460950.html","og_locale":"de_DE","og_type":"article","og_title":"Europ\u00e4isches Parlament verabschiedet Richtlinie \u00fcber das Urheberrecht im digitalen Binnenmarkt - Radio Rum\u00e4nien International","og_description":"Das Dokument verbessert die Verfahren f\u00fcr Vergabe von Urheberrechtslizenzen, um einen breiteren Zugang zu Online-Inhalten zu gew\u00e4hrleisten und einen funktionalen Urheberrechtsmarkt zu schaffen.","og_url":"https:\/\/www.rri.ro\/de\/aktuell\/rri-aktuell\/europaeisches-parlament-verabschiedet-richtlinie-ueber-das-urheberrecht-im-digitalen-binnenmarkt-id460950.html","og_site_name":"Radio Rum\u00e4nien International","article_published_time":"2019-03-27T13:23:00+00:00","article_modified_time":"2024-02-19T18:48:25+00:00","og_image":[{"width":640,"height":432,"url":"https:\/\/www.rri.ro\/wp-content\/uploads\/2023\/10\/copyright-drepturi-de-autor-online-sursa-foto-ec-europa-eu-credit-parlamentul-european.png","type":"image\/png"}],"author":"Corina Cristea","twitter_card":"summary_large_image","twitter_misc":{"Verfasst von":"Corina Cristea","Gesch\u00e4tzte Lesezeit":"2\u00a0Minuten","Written by":"Corina Cristea"},"schema":{"@context":"https:\/\/schema.org","@graph":[{"@type":"Article","@id":"https:\/\/www.rri.ro\/de\/aktuell\/rri-aktuell\/europaeisches-parlament-verabschiedet-richtlinie-ueber-das-urheberrecht-im-digitalen-binnenmarkt-id460950.html#article","isPartOf":{"@id":"https:\/\/www.rri.ro\/de\/aktuell\/rri-aktuell\/europaeisches-parlament-verabschiedet-richtlinie-ueber-das-urheberrecht-im-digitalen-binnenmarkt-id460950.html"},"author":{"name":"Corina Cristea","@id":"https:\/\/www.rri.ro\/#\/schema\/person\/f9ab1cb3569dee1b2c033a814bb7f0fc"},"headline":"Europ\u00e4isches Parlament verabschiedet Richtlinie \u00fcber das Urheberrecht im digitalen Binnenmarkt","datePublished":"2019-03-27T13:23:00+00:00","dateModified":"2024-02-19T18:48:25+00:00","mainEntityOfPage":{"@id":"https:\/\/www.rri.ro\/de\/aktuell\/rri-aktuell\/europaeisches-parlament-verabschiedet-richtlinie-ueber-das-urheberrecht-im-digitalen-binnenmarkt-id460950.html"},"wordCount":396,"image":{"@id":"https:\/\/www.rri.ro\/de\/aktuell\/rri-aktuell\/europaeisches-parlament-verabschiedet-richtlinie-ueber-das-urheberrecht-im-digitalen-binnenmarkt-id460950.html#primaryimage"},"thumbnailUrl":"https:\/\/www.rri.ro\/wp-content\/uploads\/2023\/10\/copyright-drepturi-de-autor-online-sursa-foto-ec-europa-eu-credit-parlamentul-european.png","keywords":["Binnenmarkt","EU-Ratsvorsitz","Europ\u00e4isches Parlament","internet","Rum\u00e4nien","Urheberrecht"],"articleSection":["RRI Aktuell"],"inLanguage":"de"},{"@type":"WebPage","@id":"https:\/\/www.rri.ro\/de\/aktuell\/rri-aktuell\/europaeisches-parlament-verabschiedet-richtlinie-ueber-das-urheberrecht-im-digitalen-binnenmarkt-id460950.html","url":"https:\/\/www.rri.ro\/de\/aktuell\/rri-aktuell\/europaeisches-parlament-verabschiedet-richtlinie-ueber-das-urheberrecht-im-digitalen-binnenmarkt-id460950.html","name":"Europ\u00e4isches Parlament verabschiedet Richtlinie \u00fcber das Urheberrecht im digitalen Binnenmarkt - Radio Rum\u00e4nien International","isPartOf":{"@id":"https:\/\/www.rri.ro\/#website"},"primaryImageOfPage":{"@id":"https:\/\/www.rri.ro\/de\/aktuell\/rri-aktuell\/europaeisches-parlament-verabschiedet-richtlinie-ueber-das-urheberrecht-im-digitalen-binnenmarkt-id460950.html#primaryimage"},"image":{"@id":"https:\/\/www.rri.ro\/de\/aktuell\/rri-aktuell\/europaeisches-parlament-verabschiedet-richtlinie-ueber-das-urheberrecht-im-digitalen-binnenmarkt-id460950.html#primaryimage"},"thumbnailUrl":"https:\/\/www.rri.ro\/wp-content\/uploads\/2023\/10\/copyright-drepturi-de-autor-online-sursa-foto-ec-europa-eu-credit-parlamentul-european.png","datePublished":"2019-03-27T13:23:00+00:00","dateModified":"2024-02-19T18:48:25+00:00","author":{"@id":"https:\/\/www.rri.ro\/#\/schema\/person\/f9ab1cb3569dee1b2c033a814bb7f0fc"},"breadcrumb":{"@id":"https:\/\/www.rri.ro\/de\/aktuell\/rri-aktuell\/europaeisches-parlament-verabschiedet-richtlinie-ueber-das-urheberrecht-im-digitalen-binnenmarkt-id460950.html#breadcrumb"},"inLanguage":"de","potentialAction":[{"@type":"ReadAction","target":["https:\/\/www.rri.ro\/de\/aktuell\/rri-aktuell\/europaeisches-parlament-verabschiedet-richtlinie-ueber-das-urheberrecht-im-digitalen-binnenmarkt-id460950.html"]}]},{"@type":"ImageObject","inLanguage":"de","@id":"https:\/\/www.rri.ro\/de\/aktuell\/rri-aktuell\/europaeisches-parlament-verabschiedet-richtlinie-ueber-das-urheberrecht-im-digitalen-binnenmarkt-id460950.html#primaryimage","url":"https:\/\/www.rri.ro\/wp-content\/uploads\/2023\/10\/copyright-drepturi-de-autor-online-sursa-foto-ec-europa-eu-credit-parlamentul-european.png","contentUrl":"https:\/\/www.rri.ro\/wp-content\/uploads\/2023\/10\/copyright-drepturi-de-autor-online-sursa-foto-ec-europa-eu-credit-parlamentul-european.png","width":640,"height":432},{"@type":"BreadcrumbList","@id":"https:\/\/www.rri.ro\/de\/aktuell\/rri-aktuell\/europaeisches-parlament-verabschiedet-richtlinie-ueber-das-urheberrecht-im-digitalen-binnenmarkt-id460950.html#breadcrumb","itemListElement":[{"@type":"ListItem","position":1,"name":"Startseite","item":"https:\/\/www.rri.ro\/de"},{"@type":"ListItem","position":2,"name":"Aktuell","item":"https:\/\/www.rri.ro\/de\/aktuell"},{"@type":"ListItem","position":3,"name":"RRI Aktuell","item":"https:\/\/www.rri.ro\/de\/aktuell\/rri-aktuell"},{"@type":"ListItem","position":4,"name":"Europ\u00e4isches Parlament verabschiedet Richtlinie \u00fcber das Urheberrecht im digitalen Binnenmarkt"}]},{"@type":"WebSite","@id":"https:\/\/www.rri.ro\/#website","url":"https:\/\/www.rri.ro\/","name":"Radio Rum\u00e4nien International","description":"Totul despre Rom\u00e2nia \u015fi rom\u00e2ni, \u00een 13 limbi\/dialecte!","inLanguage":"de"},{"@type":"Person","@id":"https:\/\/www.rri.ro\/#\/schema\/person\/f9ab1cb3569dee1b2c033a814bb7f0fc","name":"Corina Cristea","url":"https:\/\/www.rri.ro\/de\/author\/corina-cristea"}]}},"_links":{"self":[{"href":"https:\/\/www.rri.ro\/de\/wp-json\/wp\/v2\/posts\/460950","targetHints":{"allow":["GET"]}}],"collection":[{"href":"https:\/\/www.rri.ro\/de\/wp-json\/wp\/v2\/posts"}],"about":[{"href":"https:\/\/www.rri.ro\/de\/wp-json\/wp\/v2\/types\/post"}],"author":[{"embeddable":true,"href":"https:\/\/www.rri.ro\/de\/wp-json\/wp\/v2\/users\/108"}],"replies":[{"embeddable":true,"href":"https:\/\/www.rri.ro\/de\/wp-json\/wp\/v2\/comments?post=460950"}],"version-history":[{"count":0,"href":"https:\/\/www.rri.ro\/de\/wp-json\/wp\/v2\/posts\/460950\/revisions"}],"wp:featuredmedia":[{"embeddable":true,"href":"https:\/\/www.rri.ro\/de\/wp-json\/wp\/v2\/media\/81236"}],"wp:attachment":[{"href":"https:\/\/www.rri.ro\/de\/wp-json\/wp\/v2\/media?parent=460950"}],"wp:term":[{"taxonomy":"category","embeddable":true,"href":"https:\/\/www.rri.ro\/de\/wp-json\/wp\/v2\/categories?post=460950"},{"taxonomy":"post_tag","embeddable":true,"href":"https:\/\/www.rri.ro\/de\/wp-json\/wp\/v2\/tags?post=460950"},{"taxonomy":"author","embeddable":true,"href":"https:\/\/www.rri.ro\/de\/wp-json\/wp\/v2\/coauthors?post=460950"}],"curies":[{"name":"wp","href":"https:\/\/api.w.org\/{rel}","templated":true}]}}