{"id":460951,"date":"2019-03-28T16:59:00","date_gmt":"2019-03-28T14:59:00","guid":{"rendered":"http:\/\/devrri.freshlemon.ro\/aktuell\/kandidaten-zur-europawahl-stehen-fest-id460951.html"},"modified":"2024-02-19T20:48:26","modified_gmt":"2024-02-19T18:48:26","slug":"kandidaten-zur-europawahl-stehen-fest","status":"publish","type":"post","link":"https:\/\/www.rri.ro\/de\/aktuell\/rri-aktuell\/kandidaten-zur-europawahl-stehen-fest-id460951.html","title":{"rendered":"Kandidaten zur Europawahl stehen fest"},"content":{"rendered":"<p>Rum\u00e4nien soll 33 Sitze im n\u00e4chsten Europaparlament erhalten, sofern der Ausstieg Londons aus der EU bis zur Europawahl erfolgt. Die Wahlen zum Europaparlament finden am 26. Mai statt und die gr\u00f6\u200e\u00dften Parteien und Allianzen haben bereits ihre Kandidatenlisten vorgelegt. In Bezug auf die Kandidaten ist das Angebot sehr unterschiedlich, da ehemalige Premierminister, Minister, derzeitige Europaabgeordnete, B\u00fcrgermeister und Journalisten antreten werden. Die Ministerin f\u00fcr europ\u00e4ische Fonds, Rovana Plumb, er\u00f6ffnet die Liste der Sozial-Demokraten. Rovana Plumb: Wir glauben, dass Rum\u00e4nien in der Europ\u00e4ischen Union gleiche Rechte wie die anderen Staaten hat, Rum\u00e4nien hat in der EU einiges zu bieten, Rum\u00e4nien verdient mehr und die rum\u00e4nischen B\u00fcrger verdienen mehr. Ich f\u00fchle mich geehrt, Teil des Teams der Sozialdemokraten zu sein, eines Teams, das in Br\u00fcssel f\u00fcr Rum\u00e4nien und f\u00fcr das Wohlergehen der Rum\u00e4nen k\u00e4mpfen wird, eines Teams von Menschen, die ihr Land lieben.\u201d Der erste Kandidat auf der Liste der national-liberalen Partei ist der Journalist Rares Bogdan: Wir sprechen nicht nur \u00fcber Europawahlen, sondern \u00fcber den Weg Rum\u00e4niens, \u00fcber die Zugeh\u00f6rigkeit zu Europa, ob Rum\u00e4nien ein strategischer Partner der Vereinigten Staaten ist oder nicht. Ab dem 26. Mai sendet Rum\u00e4nien ein starkes Signal aus, dass der rechte Fl\u00fcgel wieder an die Macht kommt. \u201c<\/p>\n<p>&#13;<br \/>\n&#13;<\/p>\n<p>&#13;<br \/>\n&#13;<\/p>\n<p>Der ehemalige EU-Agrarkommissar und Premierminister Dacian Ciolos vertritt die neu gegr\u00fcndete Allianz 2020, die aus der opositionellen Union Rettet Rum\u00e4nien und der Partei Plus gebildet wird: Wir haben ein Programm, das wir ab morgen den Menschen erkl\u00e4ren und ihnen sagen werden, auf welche Weise wir Europa nach Rum\u00e4nien bringen wollen, anstatt selbst nach Br\u00fcssel zu gehen. Wir werden den rum\u00e4nischen B\u00fcrgern zudem erkl\u00e4ren, wie wir uns darauf vorbereiten, eine wahre politische Alternative in Rum\u00e4nien zu sein, denn das, was jetzt passiert, muss aufh\u00f6ren. \u201cAuf dem ersten Platz in der von dem Juniorpartner der Sozial-Demokraten in der Regierung, der Allianz der Liberalen und Demokraten (ALDE) vorgelegten Kandidatenliste ist die Europaabgeordnete Norica Nicolai zu finden: Wir, die Liberalen in ALDE betrachten die Rum\u00e4nen nicht als einfache Parteimitglieder oder Anh\u00e4nger bestimmter Ideologien. Wir wissen, dass alle Rum\u00e4nen ihr Land lieben, dass alle in einem Europa leben m\u00f6chten, das uns mehr respektiert, so wie wir Europa respektieren. \u201c<\/p>\n<p>&#13;<br \/>\n&#13;<\/p>\n<p>&#13;<br \/>\n&#13;<\/p>\n<p>&#13;<br \/>\n&#13;<\/p>\n<p>&#13;<br \/>\n&#13;<\/p>\n<p>Der fr\u00fchere sozialdemokratische Premier Victor Ponta f\u00fchrt die Liste seiner neuen Partei Pro Rom\u00e2nia an, die aus ehemaligen PSD-Mitgliedern besteht: F\u00fcr Pro Rom\u00e2nia ist dies die erste Wahl, an der unsere Partei teilnimmt. Daher ist es sehr wichtig zu zeigen, dass wir eine proeurop\u00e4ische sozialdemokratische und liberale Alternative anbieten.\u201d Die Demokratische Union der Ungarn in Rum\u00e4nien (UDMR) hat zun\u00e4chst den erfahrenen Europaabgeordneten Iuliu Winkler auf die Liste gesetzt, w\u00e4hrend die Partei der Volksparteien (PMP) in der Opposition den fr\u00fcheren Pr\u00e4sidenten Traian Basescu ganz oben auf die Liste gesetzt hat. In den Slogans und Versprechen der Kandidaten geht es viel um Rum\u00e4nien und Rum\u00e4nen, zu wenig um Europa und die bevorstehenden Herausforderungen. Die Euroskepsis betrifft den gesamten Kontinent und die populistische Str\u00f6mung wird h\u00f6chstwahrscheinlich im Wahlkampf um die Europawahlen stark vertreten sein.<\/p>\n<p>&#13;<br \/>\n&#13;<\/p>\n<p>&#13;<\/p>\n","protected":false},"excerpt":{"rendered":"<p>Donnerstag ist in Rum\u00e4nien der letzte Tag, in dem man die Kandidaturen zur Europawahl vorlegen kann. Laut der Sitzverteilung im Europ\u00e4ischen Parlament, soll Rum\u00e4nien eine festgelegte Zahl von 33 Mandaten erhalten.<\/p>\n","protected":false},"author":110,"featured_media":460952,"comment_status":"closed","ping_status":"closed","sticky":false,"template":"","format":"standard","meta":{"_acf_changed":false,"footnotes":""},"categories":[99583],"tags":[104574,29483,100902,49477,143777,143776,61616,28957,99589,104573,103653,169260],"coauthors":[],"class_list":["post-460951","post","type-post","status-publish","format-standard","has-post-thumbnail","hentry","category-rri-aktuell","tag-allinaz-2020-plus","tag-dacian-ciolos","tag-europawahl","tag-norica-nicolai","tag-pnl-de","tag-psd-de","tag-rares-bogdan","tag-rovana-plumb","tag-rumaenien","tag-traian-basesscu","tag-union-rettet-rumaenien","tag-victor-ponta-de"],"acf":[],"yoast_head":"<!-- This site is optimized with the Yoast SEO plugin v27.3 - https:\/\/yoast.com\/product\/yoast-seo-wordpress\/ -->\n<title>Kandidaten zur Europawahl stehen fest - Radio Rum\u00e4nien International<\/title>\n<meta name=\"robots\" content=\"index, follow, max-snippet:-1, max-image-preview:large, max-video-preview:-1\" \/>\n<link rel=\"canonical\" href=\"https:\/\/www.rri.ro\/de\/aktuell\/rri-aktuell\/kandidaten-zur-europawahl-stehen-fest-id460951.html\" \/>\n<meta property=\"og:locale\" content=\"de_DE\" \/>\n<meta property=\"og:type\" content=\"article\" \/>\n<meta property=\"og:title\" content=\"Kandidaten zur Europawahl stehen fest - Radio Rum\u00e4nien International\" \/>\n<meta property=\"og:description\" content=\"Donnerstag ist in Rum\u00e4nien der letzte Tag, in dem man die Kandidaturen zur Europawahl vorlegen kann. Laut der Sitzverteilung im Europ\u00e4ischen Parlament, soll Rum\u00e4nien eine festgelegte Zahl von 33 Mandaten erhalten.\" \/>\n<meta property=\"og:url\" content=\"https:\/\/www.rri.ro\/de\/aktuell\/rri-aktuell\/kandidaten-zur-europawahl-stehen-fest-id460951.html\" \/>\n<meta property=\"og:site_name\" content=\"Radio Rum\u00e4nien International\" \/>\n<meta property=\"article:published_time\" content=\"2019-03-28T14:59:00+00:00\" \/>\n<meta property=\"article:modified_time\" content=\"2024-02-19T18:48:26+00:00\" \/>\n<meta property=\"og:image\" content=\"https:\/\/www.rri.ro\/wp-content\/uploads\/2023\/10\/logo-alegeri-europene-2019png-alt.png\" \/>\n\t<meta property=\"og:image:width\" content=\"640\" \/>\n\t<meta property=\"og:image:height\" content=\"480\" \/>\n\t<meta property=\"og:image:type\" content=\"image\/png\" \/>\n<meta name=\"author\" content=\"\u015etefan Stoica\" \/>\n<meta name=\"twitter:card\" content=\"summary_large_image\" \/>\n<meta name=\"twitter:label1\" content=\"Verfasst von\" \/>\n\t<meta name=\"twitter:data1\" content=\"\u015etefan Stoica\" \/>\n\t<meta name=\"twitter:label2\" content=\"Gesch\u00e4tzte Lesezeit\" \/>\n\t<meta name=\"twitter:data2\" content=\"3\u00a0Minuten\" \/>\n\t<meta name=\"twitter:label3\" content=\"Written by\" \/>\n\t<meta name=\"twitter:data3\" content=\"\u015etefan Stoica\" \/>\n<script type=\"application\/ld+json\" class=\"yoast-schema-graph\">{\"@context\":\"https:\\\/\\\/schema.org\",\"@graph\":[{\"@type\":\"Article\",\"@id\":\"https:\\\/\\\/www.rri.ro\\\/de\\\/aktuell\\\/rri-aktuell\\\/kandidaten-zur-europawahl-stehen-fest-id460951.html#article\",\"isPartOf\":{\"@id\":\"https:\\\/\\\/www.rri.ro\\\/de\\\/aktuell\\\/rri-aktuell\\\/kandidaten-zur-europawahl-stehen-fest-id460951.html\"},\"author\":{\"name\":\"\u015etefan Stoica\",\"@id\":\"https:\\\/\\\/www.rri.ro\\\/#\\\/schema\\\/person\\\/2d81d5dc94d44190d13245f64551d334\"},\"headline\":\"Kandidaten zur Europawahl stehen fest\",\"datePublished\":\"2019-03-28T14:59:00+00:00\",\"dateModified\":\"2024-02-19T18:48:26+00:00\",\"mainEntityOfPage\":{\"@id\":\"https:\\\/\\\/www.rri.ro\\\/de\\\/aktuell\\\/rri-aktuell\\\/kandidaten-zur-europawahl-stehen-fest-id460951.html\"},\"wordCount\":539,\"image\":{\"@id\":\"https:\\\/\\\/www.rri.ro\\\/de\\\/aktuell\\\/rri-aktuell\\\/kandidaten-zur-europawahl-stehen-fest-id460951.html#primaryimage\"},\"thumbnailUrl\":\"https:\\\/\\\/www.rri.ro\\\/wp-content\\\/uploads\\\/2023\\\/10\\\/logo-alegeri-europene-2019png-alt.png\",\"keywords\":[\"Allinaz 2020-Plus\",\"Dacian Ciolos\",\"Europawahl\",\"Norica Nicolai\",\"PNL\",\"PSD\",\"Rares Bogdan\",\"Rovana Plumb\",\"Rum\u00e4nien\",\"Traian Basesscu\",\"Union Rettet Rum\u00e4nien\",\"Victor Ponta\"],\"articleSection\":[\"RRI Aktuell\"],\"inLanguage\":\"de\"},{\"@type\":\"WebPage\",\"@id\":\"https:\\\/\\\/www.rri.ro\\\/de\\\/aktuell\\\/rri-aktuell\\\/kandidaten-zur-europawahl-stehen-fest-id460951.html\",\"url\":\"https:\\\/\\\/www.rri.ro\\\/de\\\/aktuell\\\/rri-aktuell\\\/kandidaten-zur-europawahl-stehen-fest-id460951.html\",\"name\":\"Kandidaten zur Europawahl stehen fest - Radio Rum\u00e4nien International\",\"isPartOf\":{\"@id\":\"https:\\\/\\\/www.rri.ro\\\/#website\"},\"primaryImageOfPage\":{\"@id\":\"https:\\\/\\\/www.rri.ro\\\/de\\\/aktuell\\\/rri-aktuell\\\/kandidaten-zur-europawahl-stehen-fest-id460951.html#primaryimage\"},\"image\":{\"@id\":\"https:\\\/\\\/www.rri.ro\\\/de\\\/aktuell\\\/rri-aktuell\\\/kandidaten-zur-europawahl-stehen-fest-id460951.html#primaryimage\"},\"thumbnailUrl\":\"https:\\\/\\\/www.rri.ro\\\/wp-content\\\/uploads\\\/2023\\\/10\\\/logo-alegeri-europene-2019png-alt.png\",\"datePublished\":\"2019-03-28T14:59:00+00:00\",\"dateModified\":\"2024-02-19T18:48:26+00:00\",\"author\":{\"@id\":\"https:\\\/\\\/www.rri.ro\\\/#\\\/schema\\\/person\\\/2d81d5dc94d44190d13245f64551d334\"},\"breadcrumb\":{\"@id\":\"https:\\\/\\\/www.rri.ro\\\/de\\\/aktuell\\\/rri-aktuell\\\/kandidaten-zur-europawahl-stehen-fest-id460951.html#breadcrumb\"},\"inLanguage\":\"de\",\"potentialAction\":[{\"@type\":\"ReadAction\",\"target\":[\"https:\\\/\\\/www.rri.ro\\\/de\\\/aktuell\\\/rri-aktuell\\\/kandidaten-zur-europawahl-stehen-fest-id460951.html\"]}]},{\"@type\":\"ImageObject\",\"inLanguage\":\"de\",\"@id\":\"https:\\\/\\\/www.rri.ro\\\/de\\\/aktuell\\\/rri-aktuell\\\/kandidaten-zur-europawahl-stehen-fest-id460951.html#primaryimage\",\"url\":\"https:\\\/\\\/www.rri.ro\\\/wp-content\\\/uploads\\\/2023\\\/10\\\/logo-alegeri-europene-2019png-alt.png\",\"contentUrl\":\"https:\\\/\\\/www.rri.ro\\\/wp-content\\\/uploads\\\/2023\\\/10\\\/logo-alegeri-europene-2019png-alt.png\",\"width\":640,\"height\":480},{\"@type\":\"BreadcrumbList\",\"@id\":\"https:\\\/\\\/www.rri.ro\\\/de\\\/aktuell\\\/rri-aktuell\\\/kandidaten-zur-europawahl-stehen-fest-id460951.html#breadcrumb\",\"itemListElement\":[{\"@type\":\"ListItem\",\"position\":1,\"name\":\"Startseite\",\"item\":\"https:\\\/\\\/www.rri.ro\\\/de\"},{\"@type\":\"ListItem\",\"position\":2,\"name\":\"Aktuell\",\"item\":\"https:\\\/\\\/www.rri.ro\\\/de\\\/aktuell\"},{\"@type\":\"ListItem\",\"position\":3,\"name\":\"RRI Aktuell\",\"item\":\"https:\\\/\\\/www.rri.ro\\\/de\\\/aktuell\\\/rri-aktuell\"},{\"@type\":\"ListItem\",\"position\":4,\"name\":\"Kandidaten zur Europawahl stehen fest\"}]},{\"@type\":\"WebSite\",\"@id\":\"https:\\\/\\\/www.rri.ro\\\/#website\",\"url\":\"https:\\\/\\\/www.rri.ro\\\/\",\"name\":\"Radio Rum\u00e4nien International\",\"description\":\"Totul despre Rom\u00e2nia \u015fi rom\u00e2ni, \u00een 13 limbi\\\/dialecte!\",\"inLanguage\":\"de\"},{\"@type\":\"Person\",\"@id\":\"https:\\\/\\\/www.rri.ro\\\/#\\\/schema\\\/person\\\/2d81d5dc94d44190d13245f64551d334\",\"name\":\"\u015etefan Stoica\",\"url\":\"https:\\\/\\\/www.rri.ro\\\/de\\\/author\\\/stefan-stoica\"}]}<\/script>\n<!-- \/ Yoast SEO plugin. -->","yoast_head_json":{"title":"Kandidaten zur Europawahl stehen fest - Radio Rum\u00e4nien International","robots":{"index":"index","follow":"follow","max-snippet":"max-snippet:-1","max-image-preview":"max-image-preview:large","max-video-preview":"max-video-preview:-1"},"canonical":"https:\/\/www.rri.ro\/de\/aktuell\/rri-aktuell\/kandidaten-zur-europawahl-stehen-fest-id460951.html","og_locale":"de_DE","og_type":"article","og_title":"Kandidaten zur Europawahl stehen fest - Radio Rum\u00e4nien International","og_description":"Donnerstag ist in Rum\u00e4nien der letzte Tag, in dem man die Kandidaturen zur Europawahl vorlegen kann. Laut der Sitzverteilung im Europ\u00e4ischen Parlament, soll Rum\u00e4nien eine festgelegte Zahl von 33 Mandaten erhalten.","og_url":"https:\/\/www.rri.ro\/de\/aktuell\/rri-aktuell\/kandidaten-zur-europawahl-stehen-fest-id460951.html","og_site_name":"Radio Rum\u00e4nien International","article_published_time":"2019-03-28T14:59:00+00:00","article_modified_time":"2024-02-19T18:48:26+00:00","og_image":[{"width":640,"height":480,"url":"https:\/\/www.rri.ro\/wp-content\/uploads\/2023\/10\/logo-alegeri-europene-2019png-alt.png","type":"image\/png"}],"author":"\u015etefan Stoica","twitter_card":"summary_large_image","twitter_misc":{"Verfasst von":"\u015etefan Stoica","Gesch\u00e4tzte Lesezeit":"3\u00a0Minuten","Written by":"\u015etefan Stoica"},"schema":{"@context":"https:\/\/schema.org","@graph":[{"@type":"Article","@id":"https:\/\/www.rri.ro\/de\/aktuell\/rri-aktuell\/kandidaten-zur-europawahl-stehen-fest-id460951.html#article","isPartOf":{"@id":"https:\/\/www.rri.ro\/de\/aktuell\/rri-aktuell\/kandidaten-zur-europawahl-stehen-fest-id460951.html"},"author":{"name":"\u015etefan Stoica","@id":"https:\/\/www.rri.ro\/#\/schema\/person\/2d81d5dc94d44190d13245f64551d334"},"headline":"Kandidaten zur Europawahl stehen fest","datePublished":"2019-03-28T14:59:00+00:00","dateModified":"2024-02-19T18:48:26+00:00","mainEntityOfPage":{"@id":"https:\/\/www.rri.ro\/de\/aktuell\/rri-aktuell\/kandidaten-zur-europawahl-stehen-fest-id460951.html"},"wordCount":539,"image":{"@id":"https:\/\/www.rri.ro\/de\/aktuell\/rri-aktuell\/kandidaten-zur-europawahl-stehen-fest-id460951.html#primaryimage"},"thumbnailUrl":"https:\/\/www.rri.ro\/wp-content\/uploads\/2023\/10\/logo-alegeri-europene-2019png-alt.png","keywords":["Allinaz 2020-Plus","Dacian Ciolos","Europawahl","Norica Nicolai","PNL","PSD","Rares Bogdan","Rovana Plumb","Rum\u00e4nien","Traian Basesscu","Union Rettet Rum\u00e4nien","Victor Ponta"],"articleSection":["RRI Aktuell"],"inLanguage":"de"},{"@type":"WebPage","@id":"https:\/\/www.rri.ro\/de\/aktuell\/rri-aktuell\/kandidaten-zur-europawahl-stehen-fest-id460951.html","url":"https:\/\/www.rri.ro\/de\/aktuell\/rri-aktuell\/kandidaten-zur-europawahl-stehen-fest-id460951.html","name":"Kandidaten zur Europawahl stehen fest - Radio Rum\u00e4nien International","isPartOf":{"@id":"https:\/\/www.rri.ro\/#website"},"primaryImageOfPage":{"@id":"https:\/\/www.rri.ro\/de\/aktuell\/rri-aktuell\/kandidaten-zur-europawahl-stehen-fest-id460951.html#primaryimage"},"image":{"@id":"https:\/\/www.rri.ro\/de\/aktuell\/rri-aktuell\/kandidaten-zur-europawahl-stehen-fest-id460951.html#primaryimage"},"thumbnailUrl":"https:\/\/www.rri.ro\/wp-content\/uploads\/2023\/10\/logo-alegeri-europene-2019png-alt.png","datePublished":"2019-03-28T14:59:00+00:00","dateModified":"2024-02-19T18:48:26+00:00","author":{"@id":"https:\/\/www.rri.ro\/#\/schema\/person\/2d81d5dc94d44190d13245f64551d334"},"breadcrumb":{"@id":"https:\/\/www.rri.ro\/de\/aktuell\/rri-aktuell\/kandidaten-zur-europawahl-stehen-fest-id460951.html#breadcrumb"},"inLanguage":"de","potentialAction":[{"@type":"ReadAction","target":["https:\/\/www.rri.ro\/de\/aktuell\/rri-aktuell\/kandidaten-zur-europawahl-stehen-fest-id460951.html"]}]},{"@type":"ImageObject","inLanguage":"de","@id":"https:\/\/www.rri.ro\/de\/aktuell\/rri-aktuell\/kandidaten-zur-europawahl-stehen-fest-id460951.html#primaryimage","url":"https:\/\/www.rri.ro\/wp-content\/uploads\/2023\/10\/logo-alegeri-europene-2019png-alt.png","contentUrl":"https:\/\/www.rri.ro\/wp-content\/uploads\/2023\/10\/logo-alegeri-europene-2019png-alt.png","width":640,"height":480},{"@type":"BreadcrumbList","@id":"https:\/\/www.rri.ro\/de\/aktuell\/rri-aktuell\/kandidaten-zur-europawahl-stehen-fest-id460951.html#breadcrumb","itemListElement":[{"@type":"ListItem","position":1,"name":"Startseite","item":"https:\/\/www.rri.ro\/de"},{"@type":"ListItem","position":2,"name":"Aktuell","item":"https:\/\/www.rri.ro\/de\/aktuell"},{"@type":"ListItem","position":3,"name":"RRI Aktuell","item":"https:\/\/www.rri.ro\/de\/aktuell\/rri-aktuell"},{"@type":"ListItem","position":4,"name":"Kandidaten zur Europawahl stehen fest"}]},{"@type":"WebSite","@id":"https:\/\/www.rri.ro\/#website","url":"https:\/\/www.rri.ro\/","name":"Radio Rum\u00e4nien International","description":"Totul despre Rom\u00e2nia \u015fi rom\u00e2ni, \u00een 13 limbi\/dialecte!","inLanguage":"de"},{"@type":"Person","@id":"https:\/\/www.rri.ro\/#\/schema\/person\/2d81d5dc94d44190d13245f64551d334","name":"\u015etefan Stoica","url":"https:\/\/www.rri.ro\/de\/author\/stefan-stoica"}]}},"_links":{"self":[{"href":"https:\/\/www.rri.ro\/de\/wp-json\/wp\/v2\/posts\/460951","targetHints":{"allow":["GET"]}}],"collection":[{"href":"https:\/\/www.rri.ro\/de\/wp-json\/wp\/v2\/posts"}],"about":[{"href":"https:\/\/www.rri.ro\/de\/wp-json\/wp\/v2\/types\/post"}],"author":[{"embeddable":true,"href":"https:\/\/www.rri.ro\/de\/wp-json\/wp\/v2\/users\/110"}],"replies":[{"embeddable":true,"href":"https:\/\/www.rri.ro\/de\/wp-json\/wp\/v2\/comments?post=460951"}],"version-history":[{"count":0,"href":"https:\/\/www.rri.ro\/de\/wp-json\/wp\/v2\/posts\/460951\/revisions"}],"wp:featuredmedia":[{"embeddable":true,"href":"https:\/\/www.rri.ro\/de\/wp-json\/wp\/v2\/media\/460952"}],"wp:attachment":[{"href":"https:\/\/www.rri.ro\/de\/wp-json\/wp\/v2\/media?parent=460951"}],"wp:term":[{"taxonomy":"category","embeddable":true,"href":"https:\/\/www.rri.ro\/de\/wp-json\/wp\/v2\/categories?post=460951"},{"taxonomy":"post_tag","embeddable":true,"href":"https:\/\/www.rri.ro\/de\/wp-json\/wp\/v2\/tags?post=460951"},{"taxonomy":"author","embeddable":true,"href":"https:\/\/www.rri.ro\/de\/wp-json\/wp\/v2\/coauthors?post=460951"}],"curies":[{"name":"wp","href":"https:\/\/api.w.org\/{rel}","templated":true}]}}