{"id":460967,"date":"2019-04-02T14:40:00","date_gmt":"2019-04-02T11:40:00","guid":{"rendered":"http:\/\/devrri.freshlemon.ro\/aktuell\/praesident-weitet-beratungen-ueber-referendum-aus-id460967.html"},"modified":"2024-02-19T20:48:36","modified_gmt":"2024-02-19T18:48:36","slug":"praesident-weitet-beratungen-ueber-referendum-aus","status":"publish","type":"post","link":"https:\/\/www.rri.ro\/de\/aktuell\/rri-aktuell\/praesident-weitet-beratungen-ueber-referendum-aus-id460967.html","title":{"rendered":"Pr\u00e4sident weitet Beratungen \u00fcber Referendum aus"},"content":{"rendered":"<p>Der rum\u00e4nische Pr\u00e4sident Klaus Iohannis hat in der vergangenen Woche bekannt gegeben, dass am 26. Mai ein Referendum zur Justiz stattfinden wird, gleichzeitig mit den Wahlen zum Europ\u00e4ischen Parlament. Warum dieses Thema? Da die Justiz unter dem permanenten Angriff der Sozialdemokratischen Partei (PSD) steht, erkl\u00e4rte der Pr\u00e4sident. Ferner sagte er, der Dilettantismus und die Inkompetenz der gegenw\u00e4rtigen Macht seien mit verheerenden Auswirkungen f\u00fcr das Land verflochten, mit der Absicht, im Interesse der Kriminellen Gesetze zu erlassen.<\/p>\n<p>&#13;<br \/>\n&#13;<\/p>\n<p>&#13;<br \/>\n&#13;<\/p>\n<p>&#13;<br \/>\n&#13;<\/p>\n<p>Am Montag ging der Pr\u00e4sident weiter und k\u00fcndigte an, die Legislative konsultieren zu wollen, um das Thema des Referendums zu erweitern, das er sich st\u00e4rker w\u00fcnscht. Klaus Iohannis kritisierte die PSD-ALDE-Regierung erneut, weil es auf undurchsichtige Weise Eilverordnungen erl\u00e4sst und warnte diese vor dem Referendum, normativen Akte in Strafsachen zu erlassen.<\/p>\n<p>&#13;<br \/>\n&#13;<\/p>\n<p>&#13;<br \/>\n&#13;<\/p>\n<p>Klaus Iohannis: Ich werde mich mit einer neuen Konsultation an das rum\u00e4nische Parlament wenden, die den Rahmen des Referendums erweitert, um es effektiver und m\u00e4chtiger zu machen. Ich fordere die rum\u00e4nische Regierung auf, in den Bereichen Justiz, Strafpolitik keine Notverordnungen zu erlassen, bis sich das Volk ausspricht, bis wir den souver\u00e4nen Willen der Rum\u00e4nen nicht kennen. \u201c<\/p>\n<p>&#13;<br \/>\n&#13;<\/p>\n<p>&#13;<br \/>\n&#13;<\/p>\n<p>Als Antwort gab die Sozialdemokratische Partei bekannt, sie werde zu dem Referendum keine Meinung \u00e4u\u200e\u00dfern, bis der Pr\u00e4sident die Frage formuliert, die er an die Rum\u00e4nen richten will. Die Sozialdemokraten wehren sich und sagen \u00fcber das Staatsoberhaupt, Iohannis wolle die Debatte von Themen wie der Wirtschaft, dem Einkommen der Bev\u00f6lkerung oder der Frage, wie das Land im Europ\u00e4ischen Parlament zu Fragen der Jusitz zu verteidigen ist, verlagern.<\/p>\n<p>&#13;<br \/>\n&#13;<\/p>\n<p>&#13;<br \/>\n&#13;<\/p>\n<p>Der Abgeordnete der SPD, C\u0103t\u0103lin R\u0103dulescu, warnte, das Staatsoberhaupt solle mit den R\u00fcgen gegen\u00fcber dem Parlament und der Regierung aufh\u00f6ren: Auch wenn die Verfassung dem Pr\u00e4sidialamt Immunit\u00e4t gew\u00e4hrt, k\u00f6nnte sein, dass es irgendwann aufh\u00f6rt. Weder die Regierung noch sein Wertek\u00e4stchen, sind ein Anh\u00e4ngsel der Pr\u00e4sidentschaft. Er soll mit solchen Drohungen aufh\u00f6ren, denn sie sind \u00fcberhaupt nicht verfassungsm\u00e4\u200e\u00dfig. <\/p>\n<p>&#13;<br \/>\n&#13;<\/p>\n<p>&#13;<br \/>\n&#13;<\/p>\n<p>Aus der Opposition vergleicht die Nationalliberale Partei (PNL) das Referendum mit einem Misstrauensantrag gegen die Regierung und unterst\u00fctzt es daher. Die Vorsitzende der liberalen Abgeordneten, Raluca Turcan: Die Nationalliberale Partei wird die Initiative des Pr\u00e4sidenten unterst\u00fctzen, so wie es in dieser Zeit solidarisch war, mit denen, die get\u00e4uscht wurden, mit denen, die \u00fcbervorteilt wurden, mit denen, die sich ihrer Hoffnungen auf ein ehrliches und wohlhabendes Schicksal in Rum\u00e4nien beraubt gesehen haben, wegen der PSD und ALDE \u201c.<\/p>\n<p>&#13;<br \/>\n&#13;<\/p>\n<p>&#13;<br \/>\n&#13;<\/p>\n<p>Pr\u00e4sident Iohannis sagte, er werde sich \u00fcber das Referendum vom 26. Mai auch mit den politischen Parteien beraten. Letzte Woche hatte er zu diesem Thema Treffen mit Vertretern der Zivilgesellschaft, wobei die meisten f\u00fcr die Konsultation waren, und mit Vertretern der Richter und Staatsanw\u00e4lte.<\/p>\n<p>&#13;<\/p>\n","protected":false},"excerpt":{"rendered":"<p>Pr\u00e4sident Klaus Iohannis m\u00f6chte das Thema des Referendums \u00fcber Justiz vom 26. Mai erweitern.<\/p>\n","protected":false},"author":110,"featured_media":80800,"comment_status":"closed","ping_status":"closed","sticky":false,"template":"","format":"standard","meta":{"_acf_changed":false,"footnotes":""},"categories":[99583],"tags":[104578,99625,137226,104577,102114,38817,155287,104196],"coauthors":[],"class_list":["post-460967","post","type-post","status-publish","format-standard","has-post-thumbnail","hentry","category-rri-aktuell","tag-catalin-radulescu","tag-justiz","tag-klaus-iohannis-de","tag-nationalliberale-partei-pnl","tag-praesident","tag-raluca-turcan","tag-referendum-de","tag-sozialdemokratische-partei-psd"],"acf":[],"yoast_head":"<!-- This site is optimized with the Yoast SEO plugin v27.3 - https:\/\/yoast.com\/product\/yoast-seo-wordpress\/ -->\n<title>Pr\u00e4sident weitet Beratungen \u00fcber Referendum aus - Radio Rum\u00e4nien International<\/title>\n<meta name=\"robots\" content=\"index, follow, max-snippet:-1, max-image-preview:large, max-video-preview:-1\" \/>\n<link rel=\"canonical\" href=\"https:\/\/www.rri.ro\/de\/aktuell\/rri-aktuell\/praesident-weitet-beratungen-ueber-referendum-aus-id460967.html\" \/>\n<meta property=\"og:locale\" content=\"de_DE\" \/>\n<meta property=\"og:type\" content=\"article\" \/>\n<meta property=\"og:title\" content=\"Pr\u00e4sident weitet Beratungen \u00fcber Referendum aus - Radio Rum\u00e4nien International\" \/>\n<meta property=\"og:description\" content=\"Pr\u00e4sident Klaus Iohannis m\u00f6chte das Thema des Referendums \u00fcber Justiz vom 26. Mai erweitern.\" \/>\n<meta property=\"og:url\" content=\"https:\/\/www.rri.ro\/de\/aktuell\/rri-aktuell\/praesident-weitet-beratungen-ueber-referendum-aus-id460967.html\" \/>\n<meta property=\"og:site_name\" content=\"Radio Rum\u00e4nien International\" \/>\n<meta property=\"article:published_time\" content=\"2019-04-02T11:40:00+00:00\" \/>\n<meta property=\"article:modified_time\" content=\"2024-02-19T18:48:36+00:00\" \/>\n<meta property=\"og:image\" content=\"https:\/\/www.rri.ro\/wp-content\/uploads\/2023\/10\/klaus-iohannis-ok.png\" \/>\n\t<meta property=\"og:image:width\" content=\"640\" \/>\n\t<meta property=\"og:image:height\" content=\"427\" \/>\n\t<meta property=\"og:image:type\" content=\"image\/png\" \/>\n<meta name=\"author\" content=\"\u015etefan Stoica\" \/>\n<meta name=\"twitter:card\" content=\"summary_large_image\" \/>\n<meta name=\"twitter:label1\" content=\"Verfasst von\" \/>\n\t<meta name=\"twitter:data1\" content=\"\u015etefan Stoica\" \/>\n\t<meta name=\"twitter:label2\" content=\"Gesch\u00e4tzte Lesezeit\" \/>\n\t<meta name=\"twitter:data2\" content=\"2\u00a0Minuten\" \/>\n\t<meta name=\"twitter:label3\" content=\"Written by\" \/>\n\t<meta name=\"twitter:data3\" content=\"\u015etefan Stoica\" \/>\n<script type=\"application\/ld+json\" class=\"yoast-schema-graph\">{\"@context\":\"https:\\\/\\\/schema.org\",\"@graph\":[{\"@type\":\"Article\",\"@id\":\"https:\\\/\\\/www.rri.ro\\\/de\\\/aktuell\\\/rri-aktuell\\\/praesident-weitet-beratungen-ueber-referendum-aus-id460967.html#article\",\"isPartOf\":{\"@id\":\"https:\\\/\\\/www.rri.ro\\\/de\\\/aktuell\\\/rri-aktuell\\\/praesident-weitet-beratungen-ueber-referendum-aus-id460967.html\"},\"author\":{\"name\":\"\u015etefan Stoica\",\"@id\":\"https:\\\/\\\/www.rri.ro\\\/#\\\/schema\\\/person\\\/2d81d5dc94d44190d13245f64551d334\"},\"headline\":\"Pr\u00e4sident weitet Beratungen \u00fcber Referendum aus\",\"datePublished\":\"2019-04-02T11:40:00+00:00\",\"dateModified\":\"2024-02-19T18:48:36+00:00\",\"mainEntityOfPage\":{\"@id\":\"https:\\\/\\\/www.rri.ro\\\/de\\\/aktuell\\\/rri-aktuell\\\/praesident-weitet-beratungen-ueber-referendum-aus-id460967.html\"},\"wordCount\":478,\"image\":{\"@id\":\"https:\\\/\\\/www.rri.ro\\\/de\\\/aktuell\\\/rri-aktuell\\\/praesident-weitet-beratungen-ueber-referendum-aus-id460967.html#primaryimage\"},\"thumbnailUrl\":\"https:\\\/\\\/www.rri.ro\\\/wp-content\\\/uploads\\\/2023\\\/10\\\/klaus-iohannis-ok.png\",\"keywords\":[\"C\u0103t\u0103lin R\u0103dulescu\",\"Justiz\",\"Klaus Iohannis\",\"Nationalliberale Partei (PNL)\",\"Pr\u00e4sident\",\"Raluca Turcan\",\"referendum\",\"sozialdemokratische Partei (PSD)\"],\"articleSection\":[\"RRI Aktuell\"],\"inLanguage\":\"de\"},{\"@type\":\"WebPage\",\"@id\":\"https:\\\/\\\/www.rri.ro\\\/de\\\/aktuell\\\/rri-aktuell\\\/praesident-weitet-beratungen-ueber-referendum-aus-id460967.html\",\"url\":\"https:\\\/\\\/www.rri.ro\\\/de\\\/aktuell\\\/rri-aktuell\\\/praesident-weitet-beratungen-ueber-referendum-aus-id460967.html\",\"name\":\"Pr\u00e4sident weitet Beratungen \u00fcber Referendum aus - Radio Rum\u00e4nien International\",\"isPartOf\":{\"@id\":\"https:\\\/\\\/www.rri.ro\\\/#website\"},\"primaryImageOfPage\":{\"@id\":\"https:\\\/\\\/www.rri.ro\\\/de\\\/aktuell\\\/rri-aktuell\\\/praesident-weitet-beratungen-ueber-referendum-aus-id460967.html#primaryimage\"},\"image\":{\"@id\":\"https:\\\/\\\/www.rri.ro\\\/de\\\/aktuell\\\/rri-aktuell\\\/praesident-weitet-beratungen-ueber-referendum-aus-id460967.html#primaryimage\"},\"thumbnailUrl\":\"https:\\\/\\\/www.rri.ro\\\/wp-content\\\/uploads\\\/2023\\\/10\\\/klaus-iohannis-ok.png\",\"datePublished\":\"2019-04-02T11:40:00+00:00\",\"dateModified\":\"2024-02-19T18:48:36+00:00\",\"author\":{\"@id\":\"https:\\\/\\\/www.rri.ro\\\/#\\\/schema\\\/person\\\/2d81d5dc94d44190d13245f64551d334\"},\"breadcrumb\":{\"@id\":\"https:\\\/\\\/www.rri.ro\\\/de\\\/aktuell\\\/rri-aktuell\\\/praesident-weitet-beratungen-ueber-referendum-aus-id460967.html#breadcrumb\"},\"inLanguage\":\"de\",\"potentialAction\":[{\"@type\":\"ReadAction\",\"target\":[\"https:\\\/\\\/www.rri.ro\\\/de\\\/aktuell\\\/rri-aktuell\\\/praesident-weitet-beratungen-ueber-referendum-aus-id460967.html\"]}]},{\"@type\":\"ImageObject\",\"inLanguage\":\"de\",\"@id\":\"https:\\\/\\\/www.rri.ro\\\/de\\\/aktuell\\\/rri-aktuell\\\/praesident-weitet-beratungen-ueber-referendum-aus-id460967.html#primaryimage\",\"url\":\"https:\\\/\\\/www.rri.ro\\\/wp-content\\\/uploads\\\/2023\\\/10\\\/klaus-iohannis-ok.png\",\"contentUrl\":\"https:\\\/\\\/www.rri.ro\\\/wp-content\\\/uploads\\\/2023\\\/10\\\/klaus-iohannis-ok.png\",\"width\":640,\"height\":427},{\"@type\":\"BreadcrumbList\",\"@id\":\"https:\\\/\\\/www.rri.ro\\\/de\\\/aktuell\\\/rri-aktuell\\\/praesident-weitet-beratungen-ueber-referendum-aus-id460967.html#breadcrumb\",\"itemListElement\":[{\"@type\":\"ListItem\",\"position\":1,\"name\":\"Startseite\",\"item\":\"https:\\\/\\\/www.rri.ro\\\/de\"},{\"@type\":\"ListItem\",\"position\":2,\"name\":\"Aktuell\",\"item\":\"https:\\\/\\\/www.rri.ro\\\/de\\\/aktuell\"},{\"@type\":\"ListItem\",\"position\":3,\"name\":\"RRI Aktuell\",\"item\":\"https:\\\/\\\/www.rri.ro\\\/de\\\/aktuell\\\/rri-aktuell\"},{\"@type\":\"ListItem\",\"position\":4,\"name\":\"Pr\u00e4sident weitet Beratungen \u00fcber Referendum aus\"}]},{\"@type\":\"WebSite\",\"@id\":\"https:\\\/\\\/www.rri.ro\\\/#website\",\"url\":\"https:\\\/\\\/www.rri.ro\\\/\",\"name\":\"Radio Rum\u00e4nien International\",\"description\":\"Totul despre Rom\u00e2nia \u015fi rom\u00e2ni, \u00een 13 limbi\\\/dialecte!\",\"inLanguage\":\"de\"},{\"@type\":\"Person\",\"@id\":\"https:\\\/\\\/www.rri.ro\\\/#\\\/schema\\\/person\\\/2d81d5dc94d44190d13245f64551d334\",\"name\":\"\u015etefan Stoica\",\"url\":\"https:\\\/\\\/www.rri.ro\\\/de\\\/author\\\/stefan-stoica\"}]}<\/script>\n<!-- \/ Yoast SEO plugin. -->","yoast_head_json":{"title":"Pr\u00e4sident weitet Beratungen \u00fcber Referendum aus - Radio Rum\u00e4nien International","robots":{"index":"index","follow":"follow","max-snippet":"max-snippet:-1","max-image-preview":"max-image-preview:large","max-video-preview":"max-video-preview:-1"},"canonical":"https:\/\/www.rri.ro\/de\/aktuell\/rri-aktuell\/praesident-weitet-beratungen-ueber-referendum-aus-id460967.html","og_locale":"de_DE","og_type":"article","og_title":"Pr\u00e4sident weitet Beratungen \u00fcber Referendum aus - Radio Rum\u00e4nien International","og_description":"Pr\u00e4sident Klaus Iohannis m\u00f6chte das Thema des Referendums \u00fcber Justiz vom 26. Mai erweitern.","og_url":"https:\/\/www.rri.ro\/de\/aktuell\/rri-aktuell\/praesident-weitet-beratungen-ueber-referendum-aus-id460967.html","og_site_name":"Radio Rum\u00e4nien International","article_published_time":"2019-04-02T11:40:00+00:00","article_modified_time":"2024-02-19T18:48:36+00:00","og_image":[{"width":640,"height":427,"url":"https:\/\/www.rri.ro\/wp-content\/uploads\/2023\/10\/klaus-iohannis-ok.png","type":"image\/png"}],"author":"\u015etefan Stoica","twitter_card":"summary_large_image","twitter_misc":{"Verfasst von":"\u015etefan Stoica","Gesch\u00e4tzte Lesezeit":"2\u00a0Minuten","Written by":"\u015etefan Stoica"},"schema":{"@context":"https:\/\/schema.org","@graph":[{"@type":"Article","@id":"https:\/\/www.rri.ro\/de\/aktuell\/rri-aktuell\/praesident-weitet-beratungen-ueber-referendum-aus-id460967.html#article","isPartOf":{"@id":"https:\/\/www.rri.ro\/de\/aktuell\/rri-aktuell\/praesident-weitet-beratungen-ueber-referendum-aus-id460967.html"},"author":{"name":"\u015etefan Stoica","@id":"https:\/\/www.rri.ro\/#\/schema\/person\/2d81d5dc94d44190d13245f64551d334"},"headline":"Pr\u00e4sident weitet Beratungen \u00fcber Referendum aus","datePublished":"2019-04-02T11:40:00+00:00","dateModified":"2024-02-19T18:48:36+00:00","mainEntityOfPage":{"@id":"https:\/\/www.rri.ro\/de\/aktuell\/rri-aktuell\/praesident-weitet-beratungen-ueber-referendum-aus-id460967.html"},"wordCount":478,"image":{"@id":"https:\/\/www.rri.ro\/de\/aktuell\/rri-aktuell\/praesident-weitet-beratungen-ueber-referendum-aus-id460967.html#primaryimage"},"thumbnailUrl":"https:\/\/www.rri.ro\/wp-content\/uploads\/2023\/10\/klaus-iohannis-ok.png","keywords":["C\u0103t\u0103lin R\u0103dulescu","Justiz","Klaus Iohannis","Nationalliberale Partei (PNL)","Pr\u00e4sident","Raluca Turcan","referendum","sozialdemokratische Partei (PSD)"],"articleSection":["RRI Aktuell"],"inLanguage":"de"},{"@type":"WebPage","@id":"https:\/\/www.rri.ro\/de\/aktuell\/rri-aktuell\/praesident-weitet-beratungen-ueber-referendum-aus-id460967.html","url":"https:\/\/www.rri.ro\/de\/aktuell\/rri-aktuell\/praesident-weitet-beratungen-ueber-referendum-aus-id460967.html","name":"Pr\u00e4sident weitet Beratungen \u00fcber Referendum aus - Radio Rum\u00e4nien International","isPartOf":{"@id":"https:\/\/www.rri.ro\/#website"},"primaryImageOfPage":{"@id":"https:\/\/www.rri.ro\/de\/aktuell\/rri-aktuell\/praesident-weitet-beratungen-ueber-referendum-aus-id460967.html#primaryimage"},"image":{"@id":"https:\/\/www.rri.ro\/de\/aktuell\/rri-aktuell\/praesident-weitet-beratungen-ueber-referendum-aus-id460967.html#primaryimage"},"thumbnailUrl":"https:\/\/www.rri.ro\/wp-content\/uploads\/2023\/10\/klaus-iohannis-ok.png","datePublished":"2019-04-02T11:40:00+00:00","dateModified":"2024-02-19T18:48:36+00:00","author":{"@id":"https:\/\/www.rri.ro\/#\/schema\/person\/2d81d5dc94d44190d13245f64551d334"},"breadcrumb":{"@id":"https:\/\/www.rri.ro\/de\/aktuell\/rri-aktuell\/praesident-weitet-beratungen-ueber-referendum-aus-id460967.html#breadcrumb"},"inLanguage":"de","potentialAction":[{"@type":"ReadAction","target":["https:\/\/www.rri.ro\/de\/aktuell\/rri-aktuell\/praesident-weitet-beratungen-ueber-referendum-aus-id460967.html"]}]},{"@type":"ImageObject","inLanguage":"de","@id":"https:\/\/www.rri.ro\/de\/aktuell\/rri-aktuell\/praesident-weitet-beratungen-ueber-referendum-aus-id460967.html#primaryimage","url":"https:\/\/www.rri.ro\/wp-content\/uploads\/2023\/10\/klaus-iohannis-ok.png","contentUrl":"https:\/\/www.rri.ro\/wp-content\/uploads\/2023\/10\/klaus-iohannis-ok.png","width":640,"height":427},{"@type":"BreadcrumbList","@id":"https:\/\/www.rri.ro\/de\/aktuell\/rri-aktuell\/praesident-weitet-beratungen-ueber-referendum-aus-id460967.html#breadcrumb","itemListElement":[{"@type":"ListItem","position":1,"name":"Startseite","item":"https:\/\/www.rri.ro\/de"},{"@type":"ListItem","position":2,"name":"Aktuell","item":"https:\/\/www.rri.ro\/de\/aktuell"},{"@type":"ListItem","position":3,"name":"RRI Aktuell","item":"https:\/\/www.rri.ro\/de\/aktuell\/rri-aktuell"},{"@type":"ListItem","position":4,"name":"Pr\u00e4sident weitet Beratungen \u00fcber Referendum aus"}]},{"@type":"WebSite","@id":"https:\/\/www.rri.ro\/#website","url":"https:\/\/www.rri.ro\/","name":"Radio Rum\u00e4nien International","description":"Totul despre Rom\u00e2nia \u015fi rom\u00e2ni, \u00een 13 limbi\/dialecte!","inLanguage":"de"},{"@type":"Person","@id":"https:\/\/www.rri.ro\/#\/schema\/person\/2d81d5dc94d44190d13245f64551d334","name":"\u015etefan Stoica","url":"https:\/\/www.rri.ro\/de\/author\/stefan-stoica"}]}},"_links":{"self":[{"href":"https:\/\/www.rri.ro\/de\/wp-json\/wp\/v2\/posts\/460967","targetHints":{"allow":["GET"]}}],"collection":[{"href":"https:\/\/www.rri.ro\/de\/wp-json\/wp\/v2\/posts"}],"about":[{"href":"https:\/\/www.rri.ro\/de\/wp-json\/wp\/v2\/types\/post"}],"author":[{"embeddable":true,"href":"https:\/\/www.rri.ro\/de\/wp-json\/wp\/v2\/users\/110"}],"replies":[{"embeddable":true,"href":"https:\/\/www.rri.ro\/de\/wp-json\/wp\/v2\/comments?post=460967"}],"version-history":[{"count":0,"href":"https:\/\/www.rri.ro\/de\/wp-json\/wp\/v2\/posts\/460967\/revisions"}],"wp:featuredmedia":[{"embeddable":true,"href":"https:\/\/www.rri.ro\/de\/wp-json\/wp\/v2\/media\/80800"}],"wp:attachment":[{"href":"https:\/\/www.rri.ro\/de\/wp-json\/wp\/v2\/media?parent=460967"}],"wp:term":[{"taxonomy":"category","embeddable":true,"href":"https:\/\/www.rri.ro\/de\/wp-json\/wp\/v2\/categories?post=460967"},{"taxonomy":"post_tag","embeddable":true,"href":"https:\/\/www.rri.ro\/de\/wp-json\/wp\/v2\/tags?post=460967"},{"taxonomy":"author","embeddable":true,"href":"https:\/\/www.rri.ro\/de\/wp-json\/wp\/v2\/coauthors?post=460967"}],"curies":[{"name":"wp","href":"https:\/\/api.w.org\/{rel}","templated":true}]}}