{"id":460969,"date":"2019-04-03T16:16:00","date_gmt":"2019-04-03T13:16:00","guid":{"rendered":"http:\/\/devrri.freshlemon.ro\/aktuell\/rumaenien-bekraeftigt-sein-bekenntnis-zur-nato-id460969.html"},"modified":"2024-02-19T20:48:37","modified_gmt":"2024-02-19T18:48:37","slug":"rumaenien-bekraeftigt-sein-bekenntnis-zur-nato","status":"publish","type":"post","link":"https:\/\/www.rri.ro\/de\/aktuell\/rri-aktuell\/rumaenien-bekraeftigt-sein-bekenntnis-zur-nato-id460969.html","title":{"rendered":"Rum\u00e4nien bekr\u00e4ftigt sein Bekenntnis zur NATO"},"content":{"rendered":"<p>Das rum\u00e4nische Parlament ist vom inneren politischen Kampf zerrissen und findet nur selten Einigkeit und dann nur in au\u200e\u00dfenpolitischen Fragen. Am Dienstag, 15 Jahre nach dem Beitritt Rum\u00e4niens zur NATO, verabschiedeten alle Abgeordneten und Senatoren, die an einer gemeinsamen Sondertagung der beiden Parlamentskammern teilnahmen, eine Erkl\u00e4rung, in der sie ihr Bekenntnis zu den Werten und Zielen dieses B\u00fcndnisses bekr\u00e4ftigen. Sie bringen ihre Besorgnis \u00fcber die Diversifizierung und Intensivierung der Sicherheitsbedrohungen gegen die Alliierten zum Ausdruck und unterst\u00fctzen die Bem\u00fchungen der NATO in den Bereichen Raketenabwehr, Cyberabwehr und Bek\u00e4mpfung hybrider Bedrohungen. Das Dokument unterstreicht auch die Notwendigkeit, die Politik der offenen T\u00fcr der Allianz fortzusetzen, und begr\u00fc\u200e\u00dft die j\u00fcngsten Beitritte Montenegros und Nordmazedoniens.<\/p>\n<p>&#13;<br \/>\n&#13;<\/p>\n<p>&#13;<br \/>\n&#13;<\/p>\n<p>Rum\u00e4nien wird auch weiterhin ein vertrauensw\u00fcrdiger Verb\u00fcndeter, ein Bef\u00fcrworter der Werte der NATO und eine S\u00e4ule der Stabilit\u00e4t und Sicherheit in der Schwarzmeerregion sein, sagte Pr\u00e4sident Klaus Iohannis. Als er zur Sitzung des Parlaments eingeladen wurde, betonte er, dass Bukarest, das derzeit die Ratspr\u00e4sidentschaft der Europ\u00e4ischen Union innehat, der Zusammenarbeit zwischen der Union und der NATO in allen Bereichen von gemeinsamem Interesse besondere Aufmerksamkeit widmete. Er versprach auch, dass Rum\u00e4nien die verst\u00e4rkte Solidarit\u00e4t innerhalb der NATO weiterhin unterst\u00fctzen werde, unter anderem durch die Konsolidierung der transatlantischen Beziehungen.<\/p>\n<p>&#13;<br \/>\n&#13;<\/p>\n<p>&#13;<br \/>\n&#13;<\/p>\n<p>Der NATO-Generalsekret\u00e4r Jens Stoltenberg sandte anl\u00e4sslich des Jubil\u00e4ums des NATO-Beitritts Rum\u00e4niens eine Nachricht an Pr\u00e4sident Iohannis. Er begr\u00fc\u200e\u00dft die Pl\u00e4ne Rum\u00e4niens, 2% seines BIP f\u00fcr die Verteidigung auszugeben und seine Streitkr\u00e4fte zu modernisieren:<em> Rum\u00e4nien ist ein starker und engagierter Verb\u00fcndeter, Sie tragen zu unserer gemeinsamen Sicherheit und unserer kollektiven Verteidigung, zu unseren Missionen und Operationen bei. In Afghanistan traf ich einige professionelle rum\u00e4nische Truppen, die dazu beigetragen haben, das Land zu stabilisieren und internationalen Terroristen den sicheren Himmel zu verweigern. Im Kosovo tragen Sie zur Aufrechterhaltung der Stabilit\u00e4t in den westlichen Balkanl\u00e4ndern bei. In Polen haben Sie als Teil unserer internationalen Kampfgruppe zur Abwehr vor Aggressionen beigetragen, Sie haben auch einen Standort f\u00fcr das Raketenabwehrsystem der NATO und leisten einen wesentlichen Beitrag zur Sicherheit in der Schwarzmeerregion Land, in der Luft und auf See. Diese Region ist strategisch wichtig f\u00fcr die euro-atlantische Sicherheit und verdient unsere st\u00e4ndige Aufmerksamkeit und Pr\u00e4senz.\u201c<\/em><\/p>\n<p>&#13;<br \/>\n&#13;<\/p>\n<p>&#13;<br \/>\n&#13;<\/p>\n<p>Derzeit sind 887 rum\u00e4nische Milit\u00e4rs an NATO-Missionen beteiligt. Die Mitgliedschaft im Euro-Atlantischen B\u00fcndnis, die strategische Partnerschaft mit den Vereinigten Staaten und die Mitgliedschaft in der Europ\u00e4ischen Union sind die grundlegenden Elemente der rum\u00e4nischen Au\u200e\u00dfenpolitik.<\/p>\n<p>&#13;<\/p>\n","protected":false},"excerpt":{"rendered":"<p>15 Jahre nach seiner Aufnahme bekr\u00e4ftigt Rum\u00e4nien sein Bekenntnis zur Nordatlantischen Allianz.<\/p>\n","protected":false},"author":105,"featured_media":81281,"comment_status":"closed","ping_status":"closed","sticky":false,"template":"","format":"standard","meta":{"_acf_changed":false,"footnotes":""},"categories":[99583],"tags":[29812,101388,13794],"coauthors":[],"class_list":["post-460969","post","type-post","status-publish","format-standard","has-post-thumbnail","hentry","category-rri-aktuell","tag-jens-stoltenberg","tag-jubilaeum","tag-nato"],"acf":[],"yoast_head":"<!-- This site is optimized with the Yoast SEO plugin v27.5 - https:\/\/yoast.com\/product\/yoast-seo-wordpress\/ -->\n<title>Rum\u00e4nien bekr\u00e4ftigt sein Bekenntnis zur NATO - Radio Rum\u00e4nien International<\/title>\n<meta name=\"robots\" content=\"index, follow, max-snippet:-1, max-image-preview:large, max-video-preview:-1\" \/>\n<link rel=\"canonical\" href=\"https:\/\/www.rri.ro\/de\/aktuell\/rri-aktuell\/rumaenien-bekraeftigt-sein-bekenntnis-zur-nato-id460969.html\" \/>\n<meta property=\"og:locale\" content=\"de_DE\" \/>\n<meta property=\"og:type\" content=\"article\" \/>\n<meta property=\"og:title\" content=\"Rum\u00e4nien bekr\u00e4ftigt sein Bekenntnis zur NATO - Radio Rum\u00e4nien International\" \/>\n<meta property=\"og:description\" content=\"15 Jahre nach seiner Aufnahme bekr\u00e4ftigt Rum\u00e4nien sein Bekenntnis zur Nordatlantischen Allianz.\" \/>\n<meta property=\"og:url\" content=\"https:\/\/www.rri.ro\/de\/aktuell\/rri-aktuell\/rumaenien-bekraeftigt-sein-bekenntnis-zur-nato-id460969.html\" \/>\n<meta property=\"og:site_name\" content=\"Radio Rum\u00e4nien International\" \/>\n<meta property=\"article:published_time\" content=\"2019-04-03T13:16:00+00:00\" \/>\n<meta property=\"article:modified_time\" content=\"2024-02-19T18:48:37+00:00\" \/>\n<meta property=\"og:image\" content=\"https:\/\/www.rri.ro\/wp-content\/uploads\/2023\/10\/romania-nato-steaguri-foto-mapn.jpg\" \/>\n\t<meta property=\"og:image:width\" content=\"640\" \/>\n\t<meta property=\"og:image:height\" content=\"427\" \/>\n\t<meta property=\"og:image:type\" content=\"image\/jpeg\" \/>\n<meta name=\"author\" content=\"Bogdan Matei\" \/>\n<meta name=\"twitter:card\" content=\"summary_large_image\" \/>\n<meta name=\"twitter:label1\" content=\"Verfasst von\" \/>\n\t<meta name=\"twitter:data1\" content=\"Bogdan Matei\" \/>\n\t<meta name=\"twitter:label2\" content=\"Gesch\u00e4tzte Lesezeit\" \/>\n\t<meta name=\"twitter:data2\" content=\"2\u00a0Minuten\" \/>\n\t<meta name=\"twitter:label3\" content=\"Written by\" \/>\n\t<meta name=\"twitter:data3\" content=\"Bogdan Matei\" \/>\n<script type=\"application\/ld+json\" class=\"yoast-schema-graph\">{\"@context\":\"https:\\\/\\\/schema.org\",\"@graph\":[{\"@type\":\"Article\",\"@id\":\"https:\\\/\\\/www.rri.ro\\\/de\\\/aktuell\\\/rri-aktuell\\\/rumaenien-bekraeftigt-sein-bekenntnis-zur-nato-id460969.html#article\",\"isPartOf\":{\"@id\":\"https:\\\/\\\/www.rri.ro\\\/de\\\/aktuell\\\/rri-aktuell\\\/rumaenien-bekraeftigt-sein-bekenntnis-zur-nato-id460969.html\"},\"author\":{\"name\":\"Bogdan Matei\",\"@id\":\"https:\\\/\\\/www.rri.ro\\\/#\\\/schema\\\/person\\\/0ed327d40678578e6dbb840527e3ba32\"},\"headline\":\"Rum\u00e4nien bekr\u00e4ftigt sein Bekenntnis zur NATO\",\"datePublished\":\"2019-04-03T13:16:00+00:00\",\"dateModified\":\"2024-02-19T18:48:37+00:00\",\"mainEntityOfPage\":{\"@id\":\"https:\\\/\\\/www.rri.ro\\\/de\\\/aktuell\\\/rri-aktuell\\\/rumaenien-bekraeftigt-sein-bekenntnis-zur-nato-id460969.html\"},\"wordCount\":438,\"image\":{\"@id\":\"https:\\\/\\\/www.rri.ro\\\/de\\\/aktuell\\\/rri-aktuell\\\/rumaenien-bekraeftigt-sein-bekenntnis-zur-nato-id460969.html#primaryimage\"},\"thumbnailUrl\":\"https:\\\/\\\/www.rri.ro\\\/wp-content\\\/uploads\\\/2023\\\/10\\\/romania-nato-steaguri-foto-mapn.jpg\",\"keywords\":[\"Jens Stoltenberg\",\"Jubil\u00e4um\",\"NATO\"],\"articleSection\":[\"RRI Aktuell\"],\"inLanguage\":\"de\"},{\"@type\":\"WebPage\",\"@id\":\"https:\\\/\\\/www.rri.ro\\\/de\\\/aktuell\\\/rri-aktuell\\\/rumaenien-bekraeftigt-sein-bekenntnis-zur-nato-id460969.html\",\"url\":\"https:\\\/\\\/www.rri.ro\\\/de\\\/aktuell\\\/rri-aktuell\\\/rumaenien-bekraeftigt-sein-bekenntnis-zur-nato-id460969.html\",\"name\":\"Rum\u00e4nien bekr\u00e4ftigt sein Bekenntnis zur NATO - Radio Rum\u00e4nien International\",\"isPartOf\":{\"@id\":\"https:\\\/\\\/www.rri.ro\\\/#website\"},\"primaryImageOfPage\":{\"@id\":\"https:\\\/\\\/www.rri.ro\\\/de\\\/aktuell\\\/rri-aktuell\\\/rumaenien-bekraeftigt-sein-bekenntnis-zur-nato-id460969.html#primaryimage\"},\"image\":{\"@id\":\"https:\\\/\\\/www.rri.ro\\\/de\\\/aktuell\\\/rri-aktuell\\\/rumaenien-bekraeftigt-sein-bekenntnis-zur-nato-id460969.html#primaryimage\"},\"thumbnailUrl\":\"https:\\\/\\\/www.rri.ro\\\/wp-content\\\/uploads\\\/2023\\\/10\\\/romania-nato-steaguri-foto-mapn.jpg\",\"datePublished\":\"2019-04-03T13:16:00+00:00\",\"dateModified\":\"2024-02-19T18:48:37+00:00\",\"author\":{\"@id\":\"https:\\\/\\\/www.rri.ro\\\/#\\\/schema\\\/person\\\/0ed327d40678578e6dbb840527e3ba32\"},\"breadcrumb\":{\"@id\":\"https:\\\/\\\/www.rri.ro\\\/de\\\/aktuell\\\/rri-aktuell\\\/rumaenien-bekraeftigt-sein-bekenntnis-zur-nato-id460969.html#breadcrumb\"},\"inLanguage\":\"de\",\"potentialAction\":[{\"@type\":\"ReadAction\",\"target\":[\"https:\\\/\\\/www.rri.ro\\\/de\\\/aktuell\\\/rri-aktuell\\\/rumaenien-bekraeftigt-sein-bekenntnis-zur-nato-id460969.html\"]}]},{\"@type\":\"ImageObject\",\"inLanguage\":\"de\",\"@id\":\"https:\\\/\\\/www.rri.ro\\\/de\\\/aktuell\\\/rri-aktuell\\\/rumaenien-bekraeftigt-sein-bekenntnis-zur-nato-id460969.html#primaryimage\",\"url\":\"https:\\\/\\\/www.rri.ro\\\/wp-content\\\/uploads\\\/2023\\\/10\\\/romania-nato-steaguri-foto-mapn.jpg\",\"contentUrl\":\"https:\\\/\\\/www.rri.ro\\\/wp-content\\\/uploads\\\/2023\\\/10\\\/romania-nato-steaguri-foto-mapn.jpg\",\"width\":640,\"height\":427},{\"@type\":\"BreadcrumbList\",\"@id\":\"https:\\\/\\\/www.rri.ro\\\/de\\\/aktuell\\\/rri-aktuell\\\/rumaenien-bekraeftigt-sein-bekenntnis-zur-nato-id460969.html#breadcrumb\",\"itemListElement\":[{\"@type\":\"ListItem\",\"position\":1,\"name\":\"Startseite\",\"item\":\"https:\\\/\\\/www.rri.ro\\\/de\"},{\"@type\":\"ListItem\",\"position\":2,\"name\":\"Aktuell\",\"item\":\"https:\\\/\\\/www.rri.ro\\\/de\\\/aktuell\"},{\"@type\":\"ListItem\",\"position\":3,\"name\":\"RRI Aktuell\",\"item\":\"https:\\\/\\\/www.rri.ro\\\/de\\\/aktuell\\\/rri-aktuell\"},{\"@type\":\"ListItem\",\"position\":4,\"name\":\"Rum\u00e4nien bekr\u00e4ftigt sein Bekenntnis zur NATO\"}]},{\"@type\":\"WebSite\",\"@id\":\"https:\\\/\\\/www.rri.ro\\\/#website\",\"url\":\"https:\\\/\\\/www.rri.ro\\\/\",\"name\":\"Radio Rum\u00e4nien International\",\"description\":\"Totul despre Rom\u00e2nia \u015fi rom\u00e2ni, \u00een 13 limbi\\\/dialecte!\",\"inLanguage\":\"de\"},{\"@type\":\"Person\",\"@id\":\"https:\\\/\\\/www.rri.ro\\\/#\\\/schema\\\/person\\\/0ed327d40678578e6dbb840527e3ba32\",\"name\":\"Bogdan Matei\",\"url\":\"https:\\\/\\\/www.rri.ro\\\/de\\\/author\\\/bogdan-matei\"}]}<\/script>\n<!-- \/ Yoast SEO plugin. -->","yoast_head_json":{"title":"Rum\u00e4nien bekr\u00e4ftigt sein Bekenntnis zur NATO - Radio Rum\u00e4nien International","robots":{"index":"index","follow":"follow","max-snippet":"max-snippet:-1","max-image-preview":"max-image-preview:large","max-video-preview":"max-video-preview:-1"},"canonical":"https:\/\/www.rri.ro\/de\/aktuell\/rri-aktuell\/rumaenien-bekraeftigt-sein-bekenntnis-zur-nato-id460969.html","og_locale":"de_DE","og_type":"article","og_title":"Rum\u00e4nien bekr\u00e4ftigt sein Bekenntnis zur NATO - Radio Rum\u00e4nien International","og_description":"15 Jahre nach seiner Aufnahme bekr\u00e4ftigt Rum\u00e4nien sein Bekenntnis zur Nordatlantischen Allianz.","og_url":"https:\/\/www.rri.ro\/de\/aktuell\/rri-aktuell\/rumaenien-bekraeftigt-sein-bekenntnis-zur-nato-id460969.html","og_site_name":"Radio Rum\u00e4nien International","article_published_time":"2019-04-03T13:16:00+00:00","article_modified_time":"2024-02-19T18:48:37+00:00","og_image":[{"width":640,"height":427,"url":"https:\/\/www.rri.ro\/wp-content\/uploads\/2023\/10\/romania-nato-steaguri-foto-mapn.jpg","type":"image\/jpeg"}],"author":"Bogdan Matei","twitter_card":"summary_large_image","twitter_misc":{"Verfasst von":"Bogdan Matei","Gesch\u00e4tzte Lesezeit":"2\u00a0Minuten","Written by":"Bogdan Matei"},"schema":{"@context":"https:\/\/schema.org","@graph":[{"@type":"Article","@id":"https:\/\/www.rri.ro\/de\/aktuell\/rri-aktuell\/rumaenien-bekraeftigt-sein-bekenntnis-zur-nato-id460969.html#article","isPartOf":{"@id":"https:\/\/www.rri.ro\/de\/aktuell\/rri-aktuell\/rumaenien-bekraeftigt-sein-bekenntnis-zur-nato-id460969.html"},"author":{"name":"Bogdan Matei","@id":"https:\/\/www.rri.ro\/#\/schema\/person\/0ed327d40678578e6dbb840527e3ba32"},"headline":"Rum\u00e4nien bekr\u00e4ftigt sein Bekenntnis zur NATO","datePublished":"2019-04-03T13:16:00+00:00","dateModified":"2024-02-19T18:48:37+00:00","mainEntityOfPage":{"@id":"https:\/\/www.rri.ro\/de\/aktuell\/rri-aktuell\/rumaenien-bekraeftigt-sein-bekenntnis-zur-nato-id460969.html"},"wordCount":438,"image":{"@id":"https:\/\/www.rri.ro\/de\/aktuell\/rri-aktuell\/rumaenien-bekraeftigt-sein-bekenntnis-zur-nato-id460969.html#primaryimage"},"thumbnailUrl":"https:\/\/www.rri.ro\/wp-content\/uploads\/2023\/10\/romania-nato-steaguri-foto-mapn.jpg","keywords":["Jens Stoltenberg","Jubil\u00e4um","NATO"],"articleSection":["RRI Aktuell"],"inLanguage":"de"},{"@type":"WebPage","@id":"https:\/\/www.rri.ro\/de\/aktuell\/rri-aktuell\/rumaenien-bekraeftigt-sein-bekenntnis-zur-nato-id460969.html","url":"https:\/\/www.rri.ro\/de\/aktuell\/rri-aktuell\/rumaenien-bekraeftigt-sein-bekenntnis-zur-nato-id460969.html","name":"Rum\u00e4nien bekr\u00e4ftigt sein Bekenntnis zur NATO - Radio Rum\u00e4nien International","isPartOf":{"@id":"https:\/\/www.rri.ro\/#website"},"primaryImageOfPage":{"@id":"https:\/\/www.rri.ro\/de\/aktuell\/rri-aktuell\/rumaenien-bekraeftigt-sein-bekenntnis-zur-nato-id460969.html#primaryimage"},"image":{"@id":"https:\/\/www.rri.ro\/de\/aktuell\/rri-aktuell\/rumaenien-bekraeftigt-sein-bekenntnis-zur-nato-id460969.html#primaryimage"},"thumbnailUrl":"https:\/\/www.rri.ro\/wp-content\/uploads\/2023\/10\/romania-nato-steaguri-foto-mapn.jpg","datePublished":"2019-04-03T13:16:00+00:00","dateModified":"2024-02-19T18:48:37+00:00","author":{"@id":"https:\/\/www.rri.ro\/#\/schema\/person\/0ed327d40678578e6dbb840527e3ba32"},"breadcrumb":{"@id":"https:\/\/www.rri.ro\/de\/aktuell\/rri-aktuell\/rumaenien-bekraeftigt-sein-bekenntnis-zur-nato-id460969.html#breadcrumb"},"inLanguage":"de","potentialAction":[{"@type":"ReadAction","target":["https:\/\/www.rri.ro\/de\/aktuell\/rri-aktuell\/rumaenien-bekraeftigt-sein-bekenntnis-zur-nato-id460969.html"]}]},{"@type":"ImageObject","inLanguage":"de","@id":"https:\/\/www.rri.ro\/de\/aktuell\/rri-aktuell\/rumaenien-bekraeftigt-sein-bekenntnis-zur-nato-id460969.html#primaryimage","url":"https:\/\/www.rri.ro\/wp-content\/uploads\/2023\/10\/romania-nato-steaguri-foto-mapn.jpg","contentUrl":"https:\/\/www.rri.ro\/wp-content\/uploads\/2023\/10\/romania-nato-steaguri-foto-mapn.jpg","width":640,"height":427},{"@type":"BreadcrumbList","@id":"https:\/\/www.rri.ro\/de\/aktuell\/rri-aktuell\/rumaenien-bekraeftigt-sein-bekenntnis-zur-nato-id460969.html#breadcrumb","itemListElement":[{"@type":"ListItem","position":1,"name":"Startseite","item":"https:\/\/www.rri.ro\/de"},{"@type":"ListItem","position":2,"name":"Aktuell","item":"https:\/\/www.rri.ro\/de\/aktuell"},{"@type":"ListItem","position":3,"name":"RRI Aktuell","item":"https:\/\/www.rri.ro\/de\/aktuell\/rri-aktuell"},{"@type":"ListItem","position":4,"name":"Rum\u00e4nien bekr\u00e4ftigt sein Bekenntnis zur NATO"}]},{"@type":"WebSite","@id":"https:\/\/www.rri.ro\/#website","url":"https:\/\/www.rri.ro\/","name":"Radio Rum\u00e4nien International","description":"Totul despre Rom\u00e2nia \u015fi rom\u00e2ni, \u00een 13 limbi\/dialecte!","inLanguage":"de"},{"@type":"Person","@id":"https:\/\/www.rri.ro\/#\/schema\/person\/0ed327d40678578e6dbb840527e3ba32","name":"Bogdan Matei","url":"https:\/\/www.rri.ro\/de\/author\/bogdan-matei"}]}},"_links":{"self":[{"href":"https:\/\/www.rri.ro\/de\/wp-json\/wp\/v2\/posts\/460969","targetHints":{"allow":["GET"]}}],"collection":[{"href":"https:\/\/www.rri.ro\/de\/wp-json\/wp\/v2\/posts"}],"about":[{"href":"https:\/\/www.rri.ro\/de\/wp-json\/wp\/v2\/types\/post"}],"author":[{"embeddable":true,"href":"https:\/\/www.rri.ro\/de\/wp-json\/wp\/v2\/users\/105"}],"replies":[{"embeddable":true,"href":"https:\/\/www.rri.ro\/de\/wp-json\/wp\/v2\/comments?post=460969"}],"version-history":[{"count":0,"href":"https:\/\/www.rri.ro\/de\/wp-json\/wp\/v2\/posts\/460969\/revisions"}],"wp:featuredmedia":[{"embeddable":true,"href":"https:\/\/www.rri.ro\/de\/wp-json\/wp\/v2\/media\/81281"}],"wp:attachment":[{"href":"https:\/\/www.rri.ro\/de\/wp-json\/wp\/v2\/media?parent=460969"}],"wp:term":[{"taxonomy":"category","embeddable":true,"href":"https:\/\/www.rri.ro\/de\/wp-json\/wp\/v2\/categories?post=460969"},{"taxonomy":"post_tag","embeddable":true,"href":"https:\/\/www.rri.ro\/de\/wp-json\/wp\/v2\/tags?post=460969"},{"taxonomy":"author","embeddable":true,"href":"https:\/\/www.rri.ro\/de\/wp-json\/wp\/v2\/coauthors?post=460969"}],"curies":[{"name":"wp","href":"https:\/\/api.w.org\/{rel}","templated":true}]}}