{"id":460988,"date":"2019-05-03T13:44:00","date_gmt":"2019-05-03T10:44:00","guid":{"rendered":"http:\/\/devrri.freshlemon.ro\/aktuell\/das-warnsystem-ro-alert-wird-auf-unwetterphaenomene-erweitert-id460988.html"},"modified":"2024-02-19T20:48:54","modified_gmt":"2024-02-19T18:48:54","slug":"das-warnsystem-ro-alert-wird-auf-unwetterphaenomene-erweitert","status":"publish","type":"post","link":"https:\/\/www.rri.ro\/de\/aktuell\/rri-aktuell\/das-warnsystem-ro-alert-wird-auf-unwetterphaenomene-erweitert-id460988.html","title":{"rendered":"Das Warnsystem RO-ALERT wird auf Unwetterph\u00e4nomene erweitert"},"content":{"rendered":"<p>Das unbest\u00e4ndige und unberechenbare Wetter hat es dieses Jahr geschafft, den Kurzurlaub, den die Rum\u00e4nen \u00fcber Ostern und den 1. Mai, den Internationalen Tag der Arbeit, hatten, zu verderben. Am Dienstag war der S\u00fcden des Landes, darunter auch Bukarest, von St\u00fcrmen und heftigen Regenf\u00e4llen betroffen. Nach einem Bericht der Generalinspektion f\u00fcr Notfallsituationen mussten mehr als eintausend Feuerwehrleute eingesetzt werden, um den lokalen Beh\u00f6rden und der Bev\u00f6lkerung zu helfen. Sie trugen dazu bei, das Wasser aus den Kellern mehrerer H\u00e4user und \u00f6ffentlicher Einrichtungen abzulassen, und die vom Wind geschlagenen B\u00e4ume und Strommasten zu entfernen. Im Landkreis Calarasi (im S\u00fcden des Landes) zwang ein mittelgro\u00dfer Tornado einen Bus von der Stra\u00dfe und stie\u00df ihn in einem nahe gelegenen Feld um. 12 Personen wurden verletzt. Der Tornado, der zweite, der in Rum\u00e4nien gemeldet wurde (nach dem von 2002), hat auch die D\u00e4cher von Dutzenden H\u00e4usern abgerissen.<\/p>\n<p>&#13;<br \/>\n&#13;<\/p>\n<p>&#13;<br \/>\n&#13;<\/p>\n<p>Die zentralen Beh\u00f6rden haben daher entschieden, dass das Warnsystem RO-ALERT f\u00fcr Notsituationen auch dazu verwendet werden soll, Warnungen vor Unwetter zu senden. Die Ma\u00dfnahme wurde von der Notabteilung des Innenministeriums und von der Nationalen Wetterbeh\u00f6rde verabschiedet. Der Leiter der Notabteilung des Innenministeriums, Raed Arafat, hat erkl\u00e4rt, dass die Gesetzgebung \u00fcber das Funktionieren des RO-ALERT-Systems noch nicht abgeschlossen ist. Das System wird jedoch neue Arten von Warnungen vermitteln, und zwar in einem Verfahren, das bis Montag abgeschlossen sein wird. Raed Arafat:<\/p>\n<p>&#13;<br \/>\n&#13;<\/p>\n<p>&#13;<br \/>\n&#13;<\/p>\n<p><em>Zusammen mit unseren Kollegen von der Nationalen Wetterbeh\u00f6rde haben wir bestimmte Situationen festgelegt, wie z. B. Unwetter mit Windb\u00f6en, die sich zu St\u00fcrmen entwickeln k\u00f6nnen, das bedeutet eine Entwicklung von Wetteralarm Stufe Orange auf Wetteralarm Stufe Rot mit gro\u00dfen Auswirkungen. Somit k\u00f6nnen die Menschen vor Hagelst\u00fcrmen und anderen extremen oder gef\u00e4hrlichen Unwetterph\u00e4nomenen gewarnt werden. Die Wetterexperten informieren uns dar\u00fcber, und wir schicken sofort eine Warnung durch das RO-ALERT-System in die betroffenen Gebiete. Au\u00dferdem diskutierten wir auch dar\u00fcber, die Anrufe zum Notdienst 112 aus Gebieten, die unter Wetteralarm Stufe Rot stehen, zu ber\u00fccksichtigen. Wenn die Anrufer unter die Notrufnummer 112 unvorhersehbare Situationen melden, kann das RO-ALERT-System auch an diesen Orten aktiviert werden.<\/em><\/p>\n<p>&#13;<br \/>\n&#13;<\/p>\n<p>&#13;<br \/>\n&#13;<\/p>\n<p>F\u00fcr eine umgehende \u00dcbermittlung der Informationen wird eine direkte Verbindung zwischen der Generalinspektion f\u00fcr Notfallsituationen und dem Nationalen Wetterdienst hergestellt. Elena Mateescu, Direktorin der Nationalen Wetterbeh\u00f6rde, erl\u00e4utert:<\/p>\n<p>&#13;<br \/>\n&#13;<\/p>\n<p>&#13;<br \/>\n&#13;<\/p>\n<p><em>Die Gesetzgebung muss nun angepasst werden, damit die Nationale Wetterbeh\u00f6rde die geltenden Vorschriften und Verfahren einhalten kann. Bis zum Montag werden wir festlegen, welche Arten von Wetterph\u00e4nomenen das RO-ALERT-Warnsystem abdeckt, und zwar die Schwellen der unmittelbar bevorstehenden Unwetterph\u00e4nomen, die in den Bereichen mit Wetterwarnung Stufe Rot zu gef\u00e4hrlichen Situationen f\u00fchren k\u00f6nnen.<\/em><\/p>\n<p>&#13;<br \/>\n&#13;<\/p>\n<p>&#13;<br \/>\n&#13;<\/p>\n<p>Fachleute haben gewarnt, dass das RO-ALERT-System nicht wie ein Wetterradar funktioniert, das Wetterereignisse oder andere gef\u00e4hrliche Situationen erkennen k\u00f6nnte, sondern lediglich ein Warnsystem ist.<\/p>\n<p>&#13;<\/p>\n","protected":false},"excerpt":{"rendered":"<p>Die Bukarester Beh\u00f6rden haben beschlossen, das RO-ALERT-Warnsystem f\u00fcr Notsituationen auf Unwetterph\u00e4nomene auszuweiten.<\/p>\n","protected":false},"author":105,"featured_media":81632,"comment_status":"closed","ping_status":"closed","sticky":false,"template":"","format":"standard","meta":{"_acf_changed":false,"footnotes":""},"categories":[99583],"tags":[104599,39655,99721,104038],"coauthors":[],"class_list":["post-460988","post","type-post","status-publish","format-standard","has-post-thumbnail","hentry","category-rri-aktuell","tag-notfallsituationen","tag-ro-alert","tag-unwetter","tag-warnsystem"],"acf":[],"yoast_head":"<!-- This site is optimized with the Yoast SEO plugin v27.3 - https:\/\/yoast.com\/product\/yoast-seo-wordpress\/ -->\n<title>Das Warnsystem RO-ALERT wird auf Unwetterph\u00e4nomene erweitert - Radio Rum\u00e4nien International<\/title>\n<meta name=\"robots\" content=\"index, follow, max-snippet:-1, max-image-preview:large, max-video-preview:-1\" \/>\n<link rel=\"canonical\" href=\"https:\/\/www.rri.ro\/de\/aktuell\/rri-aktuell\/das-warnsystem-ro-alert-wird-auf-unwetterphaenomene-erweitert-id460988.html\" \/>\n<meta property=\"og:locale\" content=\"de_DE\" \/>\n<meta property=\"og:type\" content=\"article\" \/>\n<meta property=\"og:title\" content=\"Das Warnsystem RO-ALERT wird auf Unwetterph\u00e4nomene erweitert - Radio Rum\u00e4nien International\" \/>\n<meta property=\"og:description\" content=\"Die Bukarester Beh\u00f6rden haben beschlossen, das RO-ALERT-Warnsystem f\u00fcr Notsituationen auf Unwetterph\u00e4nomene auszuweiten.\" \/>\n<meta property=\"og:url\" content=\"https:\/\/www.rri.ro\/de\/aktuell\/rri-aktuell\/das-warnsystem-ro-alert-wird-auf-unwetterphaenomene-erweitert-id460988.html\" \/>\n<meta property=\"og:site_name\" content=\"Radio Rum\u00e4nien International\" \/>\n<meta property=\"article:published_time\" content=\"2019-05-03T10:44:00+00:00\" \/>\n<meta property=\"article:modified_time\" content=\"2024-02-19T18:48:54+00:00\" \/>\n<meta property=\"og:image\" content=\"https:\/\/www.rri.ro\/wp-content\/uploads\/2023\/10\/ro-alert-foto-fb-dsu.png\" \/>\n\t<meta property=\"og:image:width\" content=\"640\" \/>\n\t<meta property=\"og:image:height\" content=\"426\" \/>\n\t<meta property=\"og:image:type\" content=\"image\/png\" \/>\n<meta name=\"author\" content=\"Bogdan Matei\" \/>\n<meta name=\"twitter:card\" content=\"summary_large_image\" \/>\n<meta name=\"twitter:label1\" content=\"Verfasst von\" \/>\n\t<meta name=\"twitter:data1\" content=\"Bogdan Matei\" \/>\n\t<meta name=\"twitter:label2\" content=\"Gesch\u00e4tzte Lesezeit\" \/>\n\t<meta name=\"twitter:data2\" content=\"2\u00a0Minuten\" \/>\n\t<meta name=\"twitter:label3\" content=\"Written by\" \/>\n\t<meta name=\"twitter:data3\" content=\"Bogdan Matei\" \/>\n<script type=\"application\/ld+json\" class=\"yoast-schema-graph\">{\"@context\":\"https:\\\/\\\/schema.org\",\"@graph\":[{\"@type\":\"Article\",\"@id\":\"https:\\\/\\\/www.rri.ro\\\/de\\\/aktuell\\\/rri-aktuell\\\/das-warnsystem-ro-alert-wird-auf-unwetterphaenomene-erweitert-id460988.html#article\",\"isPartOf\":{\"@id\":\"https:\\\/\\\/www.rri.ro\\\/de\\\/aktuell\\\/rri-aktuell\\\/das-warnsystem-ro-alert-wird-auf-unwetterphaenomene-erweitert-id460988.html\"},\"author\":{\"name\":\"Bogdan Matei\",\"@id\":\"https:\\\/\\\/www.rri.ro\\\/#\\\/schema\\\/person\\\/0ed327d40678578e6dbb840527e3ba32\"},\"headline\":\"Das Warnsystem RO-ALERT wird auf Unwetterph\u00e4nomene erweitert\",\"datePublished\":\"2019-05-03T10:44:00+00:00\",\"dateModified\":\"2024-02-19T18:48:54+00:00\",\"mainEntityOfPage\":{\"@id\":\"https:\\\/\\\/www.rri.ro\\\/de\\\/aktuell\\\/rri-aktuell\\\/das-warnsystem-ro-alert-wird-auf-unwetterphaenomene-erweitert-id460988.html\"},\"wordCount\":485,\"image\":{\"@id\":\"https:\\\/\\\/www.rri.ro\\\/de\\\/aktuell\\\/rri-aktuell\\\/das-warnsystem-ro-alert-wird-auf-unwetterphaenomene-erweitert-id460988.html#primaryimage\"},\"thumbnailUrl\":\"https:\\\/\\\/www.rri.ro\\\/wp-content\\\/uploads\\\/2023\\\/10\\\/ro-alert-foto-fb-dsu.png\",\"keywords\":[\"Notfallsituationen\",\"RO-ALERT\",\"Unwetter\",\"Warnsystem\"],\"articleSection\":[\"RRI Aktuell\"],\"inLanguage\":\"de\"},{\"@type\":\"WebPage\",\"@id\":\"https:\\\/\\\/www.rri.ro\\\/de\\\/aktuell\\\/rri-aktuell\\\/das-warnsystem-ro-alert-wird-auf-unwetterphaenomene-erweitert-id460988.html\",\"url\":\"https:\\\/\\\/www.rri.ro\\\/de\\\/aktuell\\\/rri-aktuell\\\/das-warnsystem-ro-alert-wird-auf-unwetterphaenomene-erweitert-id460988.html\",\"name\":\"Das Warnsystem RO-ALERT wird auf Unwetterph\u00e4nomene erweitert - Radio Rum\u00e4nien International\",\"isPartOf\":{\"@id\":\"https:\\\/\\\/www.rri.ro\\\/#website\"},\"primaryImageOfPage\":{\"@id\":\"https:\\\/\\\/www.rri.ro\\\/de\\\/aktuell\\\/rri-aktuell\\\/das-warnsystem-ro-alert-wird-auf-unwetterphaenomene-erweitert-id460988.html#primaryimage\"},\"image\":{\"@id\":\"https:\\\/\\\/www.rri.ro\\\/de\\\/aktuell\\\/rri-aktuell\\\/das-warnsystem-ro-alert-wird-auf-unwetterphaenomene-erweitert-id460988.html#primaryimage\"},\"thumbnailUrl\":\"https:\\\/\\\/www.rri.ro\\\/wp-content\\\/uploads\\\/2023\\\/10\\\/ro-alert-foto-fb-dsu.png\",\"datePublished\":\"2019-05-03T10:44:00+00:00\",\"dateModified\":\"2024-02-19T18:48:54+00:00\",\"author\":{\"@id\":\"https:\\\/\\\/www.rri.ro\\\/#\\\/schema\\\/person\\\/0ed327d40678578e6dbb840527e3ba32\"},\"breadcrumb\":{\"@id\":\"https:\\\/\\\/www.rri.ro\\\/de\\\/aktuell\\\/rri-aktuell\\\/das-warnsystem-ro-alert-wird-auf-unwetterphaenomene-erweitert-id460988.html#breadcrumb\"},\"inLanguage\":\"de\",\"potentialAction\":[{\"@type\":\"ReadAction\",\"target\":[\"https:\\\/\\\/www.rri.ro\\\/de\\\/aktuell\\\/rri-aktuell\\\/das-warnsystem-ro-alert-wird-auf-unwetterphaenomene-erweitert-id460988.html\"]}]},{\"@type\":\"ImageObject\",\"inLanguage\":\"de\",\"@id\":\"https:\\\/\\\/www.rri.ro\\\/de\\\/aktuell\\\/rri-aktuell\\\/das-warnsystem-ro-alert-wird-auf-unwetterphaenomene-erweitert-id460988.html#primaryimage\",\"url\":\"https:\\\/\\\/www.rri.ro\\\/wp-content\\\/uploads\\\/2023\\\/10\\\/ro-alert-foto-fb-dsu.png\",\"contentUrl\":\"https:\\\/\\\/www.rri.ro\\\/wp-content\\\/uploads\\\/2023\\\/10\\\/ro-alert-foto-fb-dsu.png\",\"width\":640,\"height\":426},{\"@type\":\"BreadcrumbList\",\"@id\":\"https:\\\/\\\/www.rri.ro\\\/de\\\/aktuell\\\/rri-aktuell\\\/das-warnsystem-ro-alert-wird-auf-unwetterphaenomene-erweitert-id460988.html#breadcrumb\",\"itemListElement\":[{\"@type\":\"ListItem\",\"position\":1,\"name\":\"Startseite\",\"item\":\"https:\\\/\\\/www.rri.ro\\\/de\"},{\"@type\":\"ListItem\",\"position\":2,\"name\":\"Aktuell\",\"item\":\"https:\\\/\\\/www.rri.ro\\\/de\\\/aktuell\"},{\"@type\":\"ListItem\",\"position\":3,\"name\":\"RRI Aktuell\",\"item\":\"https:\\\/\\\/www.rri.ro\\\/de\\\/aktuell\\\/rri-aktuell\"},{\"@type\":\"ListItem\",\"position\":4,\"name\":\"Das Warnsystem RO-ALERT wird auf Unwetterph\u00e4nomene erweitert\"}]},{\"@type\":\"WebSite\",\"@id\":\"https:\\\/\\\/www.rri.ro\\\/#website\",\"url\":\"https:\\\/\\\/www.rri.ro\\\/\",\"name\":\"Radio Rum\u00e4nien International\",\"description\":\"Totul despre Rom\u00e2nia \u015fi rom\u00e2ni, \u00een 13 limbi\\\/dialecte!\",\"inLanguage\":\"de\"},{\"@type\":\"Person\",\"@id\":\"https:\\\/\\\/www.rri.ro\\\/#\\\/schema\\\/person\\\/0ed327d40678578e6dbb840527e3ba32\",\"name\":\"Bogdan Matei\",\"url\":\"https:\\\/\\\/www.rri.ro\\\/de\\\/author\\\/bogdan-matei\"}]}<\/script>\n<!-- \/ Yoast SEO plugin. -->","yoast_head_json":{"title":"Das Warnsystem RO-ALERT wird auf Unwetterph\u00e4nomene erweitert - Radio Rum\u00e4nien International","robots":{"index":"index","follow":"follow","max-snippet":"max-snippet:-1","max-image-preview":"max-image-preview:large","max-video-preview":"max-video-preview:-1"},"canonical":"https:\/\/www.rri.ro\/de\/aktuell\/rri-aktuell\/das-warnsystem-ro-alert-wird-auf-unwetterphaenomene-erweitert-id460988.html","og_locale":"de_DE","og_type":"article","og_title":"Das Warnsystem RO-ALERT wird auf Unwetterph\u00e4nomene erweitert - Radio Rum\u00e4nien International","og_description":"Die Bukarester Beh\u00f6rden haben beschlossen, das RO-ALERT-Warnsystem f\u00fcr Notsituationen auf Unwetterph\u00e4nomene auszuweiten.","og_url":"https:\/\/www.rri.ro\/de\/aktuell\/rri-aktuell\/das-warnsystem-ro-alert-wird-auf-unwetterphaenomene-erweitert-id460988.html","og_site_name":"Radio Rum\u00e4nien International","article_published_time":"2019-05-03T10:44:00+00:00","article_modified_time":"2024-02-19T18:48:54+00:00","og_image":[{"width":640,"height":426,"url":"https:\/\/www.rri.ro\/wp-content\/uploads\/2023\/10\/ro-alert-foto-fb-dsu.png","type":"image\/png"}],"author":"Bogdan Matei","twitter_card":"summary_large_image","twitter_misc":{"Verfasst von":"Bogdan Matei","Gesch\u00e4tzte Lesezeit":"2\u00a0Minuten","Written by":"Bogdan Matei"},"schema":{"@context":"https:\/\/schema.org","@graph":[{"@type":"Article","@id":"https:\/\/www.rri.ro\/de\/aktuell\/rri-aktuell\/das-warnsystem-ro-alert-wird-auf-unwetterphaenomene-erweitert-id460988.html#article","isPartOf":{"@id":"https:\/\/www.rri.ro\/de\/aktuell\/rri-aktuell\/das-warnsystem-ro-alert-wird-auf-unwetterphaenomene-erweitert-id460988.html"},"author":{"name":"Bogdan Matei","@id":"https:\/\/www.rri.ro\/#\/schema\/person\/0ed327d40678578e6dbb840527e3ba32"},"headline":"Das Warnsystem RO-ALERT wird auf Unwetterph\u00e4nomene erweitert","datePublished":"2019-05-03T10:44:00+00:00","dateModified":"2024-02-19T18:48:54+00:00","mainEntityOfPage":{"@id":"https:\/\/www.rri.ro\/de\/aktuell\/rri-aktuell\/das-warnsystem-ro-alert-wird-auf-unwetterphaenomene-erweitert-id460988.html"},"wordCount":485,"image":{"@id":"https:\/\/www.rri.ro\/de\/aktuell\/rri-aktuell\/das-warnsystem-ro-alert-wird-auf-unwetterphaenomene-erweitert-id460988.html#primaryimage"},"thumbnailUrl":"https:\/\/www.rri.ro\/wp-content\/uploads\/2023\/10\/ro-alert-foto-fb-dsu.png","keywords":["Notfallsituationen","RO-ALERT","Unwetter","Warnsystem"],"articleSection":["RRI Aktuell"],"inLanguage":"de"},{"@type":"WebPage","@id":"https:\/\/www.rri.ro\/de\/aktuell\/rri-aktuell\/das-warnsystem-ro-alert-wird-auf-unwetterphaenomene-erweitert-id460988.html","url":"https:\/\/www.rri.ro\/de\/aktuell\/rri-aktuell\/das-warnsystem-ro-alert-wird-auf-unwetterphaenomene-erweitert-id460988.html","name":"Das Warnsystem RO-ALERT wird auf Unwetterph\u00e4nomene erweitert - Radio Rum\u00e4nien International","isPartOf":{"@id":"https:\/\/www.rri.ro\/#website"},"primaryImageOfPage":{"@id":"https:\/\/www.rri.ro\/de\/aktuell\/rri-aktuell\/das-warnsystem-ro-alert-wird-auf-unwetterphaenomene-erweitert-id460988.html#primaryimage"},"image":{"@id":"https:\/\/www.rri.ro\/de\/aktuell\/rri-aktuell\/das-warnsystem-ro-alert-wird-auf-unwetterphaenomene-erweitert-id460988.html#primaryimage"},"thumbnailUrl":"https:\/\/www.rri.ro\/wp-content\/uploads\/2023\/10\/ro-alert-foto-fb-dsu.png","datePublished":"2019-05-03T10:44:00+00:00","dateModified":"2024-02-19T18:48:54+00:00","author":{"@id":"https:\/\/www.rri.ro\/#\/schema\/person\/0ed327d40678578e6dbb840527e3ba32"},"breadcrumb":{"@id":"https:\/\/www.rri.ro\/de\/aktuell\/rri-aktuell\/das-warnsystem-ro-alert-wird-auf-unwetterphaenomene-erweitert-id460988.html#breadcrumb"},"inLanguage":"de","potentialAction":[{"@type":"ReadAction","target":["https:\/\/www.rri.ro\/de\/aktuell\/rri-aktuell\/das-warnsystem-ro-alert-wird-auf-unwetterphaenomene-erweitert-id460988.html"]}]},{"@type":"ImageObject","inLanguage":"de","@id":"https:\/\/www.rri.ro\/de\/aktuell\/rri-aktuell\/das-warnsystem-ro-alert-wird-auf-unwetterphaenomene-erweitert-id460988.html#primaryimage","url":"https:\/\/www.rri.ro\/wp-content\/uploads\/2023\/10\/ro-alert-foto-fb-dsu.png","contentUrl":"https:\/\/www.rri.ro\/wp-content\/uploads\/2023\/10\/ro-alert-foto-fb-dsu.png","width":640,"height":426},{"@type":"BreadcrumbList","@id":"https:\/\/www.rri.ro\/de\/aktuell\/rri-aktuell\/das-warnsystem-ro-alert-wird-auf-unwetterphaenomene-erweitert-id460988.html#breadcrumb","itemListElement":[{"@type":"ListItem","position":1,"name":"Startseite","item":"https:\/\/www.rri.ro\/de"},{"@type":"ListItem","position":2,"name":"Aktuell","item":"https:\/\/www.rri.ro\/de\/aktuell"},{"@type":"ListItem","position":3,"name":"RRI Aktuell","item":"https:\/\/www.rri.ro\/de\/aktuell\/rri-aktuell"},{"@type":"ListItem","position":4,"name":"Das Warnsystem RO-ALERT wird auf Unwetterph\u00e4nomene erweitert"}]},{"@type":"WebSite","@id":"https:\/\/www.rri.ro\/#website","url":"https:\/\/www.rri.ro\/","name":"Radio Rum\u00e4nien International","description":"Totul despre Rom\u00e2nia \u015fi rom\u00e2ni, \u00een 13 limbi\/dialecte!","inLanguage":"de"},{"@type":"Person","@id":"https:\/\/www.rri.ro\/#\/schema\/person\/0ed327d40678578e6dbb840527e3ba32","name":"Bogdan Matei","url":"https:\/\/www.rri.ro\/de\/author\/bogdan-matei"}]}},"_links":{"self":[{"href":"https:\/\/www.rri.ro\/de\/wp-json\/wp\/v2\/posts\/460988","targetHints":{"allow":["GET"]}}],"collection":[{"href":"https:\/\/www.rri.ro\/de\/wp-json\/wp\/v2\/posts"}],"about":[{"href":"https:\/\/www.rri.ro\/de\/wp-json\/wp\/v2\/types\/post"}],"author":[{"embeddable":true,"href":"https:\/\/www.rri.ro\/de\/wp-json\/wp\/v2\/users\/105"}],"replies":[{"embeddable":true,"href":"https:\/\/www.rri.ro\/de\/wp-json\/wp\/v2\/comments?post=460988"}],"version-history":[{"count":0,"href":"https:\/\/www.rri.ro\/de\/wp-json\/wp\/v2\/posts\/460988\/revisions"}],"wp:featuredmedia":[{"embeddable":true,"href":"https:\/\/www.rri.ro\/de\/wp-json\/wp\/v2\/media\/81632"}],"wp:attachment":[{"href":"https:\/\/www.rri.ro\/de\/wp-json\/wp\/v2\/media?parent=460988"}],"wp:term":[{"taxonomy":"category","embeddable":true,"href":"https:\/\/www.rri.ro\/de\/wp-json\/wp\/v2\/categories?post=460988"},{"taxonomy":"post_tag","embeddable":true,"href":"https:\/\/www.rri.ro\/de\/wp-json\/wp\/v2\/tags?post=460988"},{"taxonomy":"author","embeddable":true,"href":"https:\/\/www.rri.ro\/de\/wp-json\/wp\/v2\/coauthors?post=460988"}],"curies":[{"name":"wp","href":"https:\/\/api.w.org\/{rel}","templated":true}]}}