{"id":460994,"date":"2019-05-08T16:15:00","date_gmt":"2019-05-08T13:15:00","guid":{"rendered":"http:\/\/devrri.freshlemon.ro\/aktuell\/unwetter-rumaenien-unter-stuermen-sintflutartigen-regenfaellen-und-hagel-id460994.html"},"modified":"2024-02-19T20:48:58","modified_gmt":"2024-02-19T18:48:58","slug":"unwetter-rumaenien-unter-stuermen-sintflutartigen-regenfaellen-und-hagel","status":"publish","type":"post","link":"https:\/\/www.rri.ro\/de\/aktuell\/rri-aktuell\/unwetter-rumaenien-unter-stuermen-sintflutartigen-regenfaellen-und-hagel-id460994.html","title":{"rendered":"Unwetter: Rum\u00e4nien unter St\u00fcrmen, sintflutartigen Regenf\u00e4llen und Hagel"},"content":{"rendered":"<p>In diesem Mai, laut Kalender ein Fr\u00fchlingsmonat, wurde Rum\u00e4nien von St\u00fcrmen, sintflutartigen Regenf\u00e4llen, Hagel und in den Bergen sogar vom Blizzard \u00fcberrollt. Mehr als die H\u00e4lfte des Landes stand unter Schlecht-Wetter-Warnung. Die Meteorologen sprachen von atmosph\u00e4rischer Instabilit\u00e4t und Schneef\u00e4llen in den Bergen. Auch die Hydrologen warnten, und zwar vor \u00dcberflutungen in der Landesmitte und im Westen und vor \u00dcberschwemmungen im Nordwesten und Osten.<\/p>\n<p>&#13;<br \/>\n&#13;<\/p>\n<p>&#13;<br \/>\n&#13;<\/p>\n<p>Dar\u00fcber hinaus war es zu dieser Zeit ausgesprochen kalt, die H\u00f6chsttemperaturen kletterten lediglich bis auf 16\u00b0C. Die Beh\u00f6rden haben angefangen, die durch Unwetter verursachten Sch\u00e4den zu begutachten. Leider sind bei den Unwettern auch Menschen ums Leben gekommen. Laut dem j\u00fcngsten Bericht der Generalinspektion f\u00fcr Notfallsituationen (IGSU) wurden Hunderte von Haushalten \u00fcberschwemmt, mehrere tausend Hektar Ackerland, Obstplantagen und Gem\u00fcseg\u00e4rten durch Hagel zerst\u00f6rt, Landstra\u200e\u00dfen wurden mit Wasser \u00fcberflutet oder mit Schlamm bedeckt, in einigen Orten wurden die Stromversorgung unterbrochen. Am st\u00e4rksten betroffen waren einige Orte in s\u00fcdrum\u00e4nischen Landkreis Calarasi, das f\u00fcr mehrere Stunden von Sturm, Hagel und sintflutartigen Regenf\u00e4llen heimgesucht wurde.<\/p>\n<p>&#13;<br \/>\n&#13;<\/p>\n<p>&#13;<br \/>\n&#13;<\/p>\n<p>Im selben Landkreis hat letzte Woche ein mittelgro\u200e\u00dfer Tornado &#8211; ein in Rum\u00e4nien eher seltenes Ph\u00e4nomen &#8211; B\u00e4ume entwurzelt und Dutzende H\u00e4user abgedeckt. Ein Bus wurde umgeworfen und von der Stra\u200e\u00dfe auf ein nahe gelegenes Feld projiziert. 39 Menschen waren in Lebensgefahr. Gott sei Dank gab es keinen Toten. 12 Menschen wurden jedoch verletzt.<\/p>\n<p>&#13;<br \/>\n&#13;<\/p>\n<p>&#13;<br \/>\n&#13;<\/p>\n<p>F\u00fcr eine neue Schlecht-Wetter-Front hat das Innenministerium 15.000 Feuerwehrleute, Polizisten und Gendarmen in Bereitschaft gestellt. Mehrere Menschen wurden vorsorglich aus Gebieten evakuiert, in denen eine Hochwassergefahr besteht. Die Feuerwehrleute sind zur Unterst\u00fctzung der Menschen und der lokalen Beh\u00f6rden berordert worden &#8212; um Wasser aus den Kellern \u00f6ffentlicher Einrichtungen und Haushalten zu pumpen sowie umgefallene B\u00e4ume und M\u00e4ste zu entfernen.<\/p>\n<p>&#13;<br \/>\n&#13;<\/p>\n<p>&#13;<br \/>\n&#13;<\/p>\n<p>In den Gebirgsgegenden im Norden und Nordosten des Landes, wo Schneeregen und Schnee gemeldet worden waren, haben Arbeiter erneut Salz auf die Stra\u200e\u00dfen gestreut, um Unf\u00e4lle zu vermeiden.<\/p>\n<p>&#13;<br \/>\n&#13;<\/p>\n<p>&#13;<br \/>\n&#13;<\/p>\n<p>Meteorologen kommen heute endlich mit besseren Nachrichten. Am Mittwoch verbessert sich das Wetter in Rum\u00e4nien. Es wird w\u00e4rmer, es gibt also Entwarnung f\u00fcr die Bev\u00f6lkerung. Auf der anderen Seite hat der Minister f\u00fcr Landwirtschaft und l\u00e4ndliche Entwicklung, Petre Daea, angek\u00fcndigt, dass im n\u00e4chsten Jahr ein Investitionsprogramm f\u00fcr den Ausbau des Hagelschutzsystems im S\u00fcden des Landes gestartet werden soll.<\/p>\n<p>&#13;<\/p>\n","protected":false},"excerpt":{"rendered":"<p>Mehr als die H\u00e4lfte Rum\u00e4niens stand in den vergangenen Tagen unter Unwetterwarnung.<\/p>\n","protected":false},"author":2,"featured_media":74771,"comment_status":"closed","ping_status":"closed","sticky":false,"template":"","format":"standard","meta":{"_acf_changed":false,"footnotes":""},"categories":[99583],"tags":[29798,148967,104607,104606,29691,99721],"coauthors":[],"class_list":["post-460994","post","type-post","status-publish","format-standard","has-post-thumbnail","hentry","category-rri-aktuell","tag-blizzard","tag-hagel-de","tag-regenfaellen","tag-stuermen","tag-tornado","tag-unwetter"],"acf":[],"yoast_head":"<!-- This site is optimized with the Yoast SEO plugin v27.3 - https:\/\/yoast.com\/product\/yoast-seo-wordpress\/ -->\n<title>Unwetter: Rum\u00e4nien unter St\u00fcrmen, sintflutartigen Regenf\u00e4llen und Hagel - Radio Rum\u00e4nien International<\/title>\n<meta name=\"robots\" content=\"index, follow, max-snippet:-1, max-image-preview:large, max-video-preview:-1\" \/>\n<link rel=\"canonical\" href=\"https:\/\/www.rri.ro\/de\/aktuell\/rri-aktuell\/unwetter-rumaenien-unter-stuermen-sintflutartigen-regenfaellen-und-hagel-id460994.html\" \/>\n<meta property=\"og:locale\" content=\"de_DE\" \/>\n<meta property=\"og:type\" content=\"article\" \/>\n<meta property=\"og:title\" content=\"Unwetter: Rum\u00e4nien unter St\u00fcrmen, sintflutartigen Regenf\u00e4llen und Hagel - Radio Rum\u00e4nien International\" \/>\n<meta property=\"og:description\" content=\"Mehr als die H\u00e4lfte Rum\u00e4niens stand in den vergangenen Tagen unter Unwetterwarnung.\" \/>\n<meta property=\"og:url\" content=\"https:\/\/www.rri.ro\/de\/aktuell\/rri-aktuell\/unwetter-rumaenien-unter-stuermen-sintflutartigen-regenfaellen-und-hagel-id460994.html\" \/>\n<meta property=\"og:site_name\" content=\"Radio Rum\u00e4nien International\" \/>\n<meta property=\"article:published_time\" content=\"2019-05-08T13:15:00+00:00\" \/>\n<meta property=\"article:modified_time\" content=\"2024-02-19T18:48:58+00:00\" \/>\n<meta property=\"og:image\" content=\"https:\/\/www.rri.ro\/wp-content\/uploads\/2023\/10\/nori-ploaie-furtuna-vijelie-meteo.png\" \/>\n\t<meta property=\"og:image:width\" content=\"640\" \/>\n\t<meta property=\"og:image:height\" content=\"480\" \/>\n\t<meta property=\"og:image:type\" content=\"image\/png\" \/>\n<meta name=\"author\" content=\"Rom\u00e2nia Interna\u021bional\" \/>\n<meta name=\"twitter:card\" content=\"summary_large_image\" \/>\n<meta name=\"twitter:label1\" content=\"Verfasst von\" \/>\n\t<meta name=\"twitter:data1\" content=\"Rom\u00e2nia Interna\u021bional\" \/>\n\t<meta name=\"twitter:label2\" content=\"Gesch\u00e4tzte Lesezeit\" \/>\n\t<meta name=\"twitter:data2\" content=\"2\u00a0Minuten\" \/>\n\t<meta name=\"twitter:label3\" content=\"Written by\" \/>\n\t<meta name=\"twitter:data3\" content=\"Rom\u00e2nia Interna\u021bional\" \/>\n<script type=\"application\/ld+json\" class=\"yoast-schema-graph\">{\"@context\":\"https:\\\/\\\/schema.org\",\"@graph\":[{\"@type\":\"Article\",\"@id\":\"https:\\\/\\\/www.rri.ro\\\/de\\\/aktuell\\\/rri-aktuell\\\/unwetter-rumaenien-unter-stuermen-sintflutartigen-regenfaellen-und-hagel-id460994.html#article\",\"isPartOf\":{\"@id\":\"https:\\\/\\\/www.rri.ro\\\/de\\\/aktuell\\\/rri-aktuell\\\/unwetter-rumaenien-unter-stuermen-sintflutartigen-regenfaellen-und-hagel-id460994.html\"},\"author\":{\"name\":\"Rom\u00e2nia Interna\u021bional\",\"@id\":\"https:\\\/\\\/www.rri.ro\\\/#\\\/schema\\\/person\\\/18fac491bccbfe149b92aea77ad60abd\"},\"headline\":\"Unwetter: Rum\u00e4nien unter St\u00fcrmen, sintflutartigen Regenf\u00e4llen und Hagel\",\"datePublished\":\"2019-05-08T13:15:00+00:00\",\"dateModified\":\"2024-02-19T18:48:58+00:00\",\"mainEntityOfPage\":{\"@id\":\"https:\\\/\\\/www.rri.ro\\\/de\\\/aktuell\\\/rri-aktuell\\\/unwetter-rumaenien-unter-stuermen-sintflutartigen-regenfaellen-und-hagel-id460994.html\"},\"wordCount\":415,\"image\":{\"@id\":\"https:\\\/\\\/www.rri.ro\\\/de\\\/aktuell\\\/rri-aktuell\\\/unwetter-rumaenien-unter-stuermen-sintflutartigen-regenfaellen-und-hagel-id460994.html#primaryimage\"},\"thumbnailUrl\":\"https:\\\/\\\/www.rri.ro\\\/wp-content\\\/uploads\\\/2023\\\/10\\\/nori-ploaie-furtuna-vijelie-meteo.png\",\"keywords\":[\"blizzard\",\"Hagel\",\"Regenf\u00e4llen\",\"St\u00fcrmen\",\"tornado\",\"Unwetter\"],\"articleSection\":[\"RRI Aktuell\"],\"inLanguage\":\"de\"},{\"@type\":\"WebPage\",\"@id\":\"https:\\\/\\\/www.rri.ro\\\/de\\\/aktuell\\\/rri-aktuell\\\/unwetter-rumaenien-unter-stuermen-sintflutartigen-regenfaellen-und-hagel-id460994.html\",\"url\":\"https:\\\/\\\/www.rri.ro\\\/de\\\/aktuell\\\/rri-aktuell\\\/unwetter-rumaenien-unter-stuermen-sintflutartigen-regenfaellen-und-hagel-id460994.html\",\"name\":\"Unwetter: Rum\u00e4nien unter St\u00fcrmen, sintflutartigen Regenf\u00e4llen und Hagel - Radio Rum\u00e4nien International\",\"isPartOf\":{\"@id\":\"https:\\\/\\\/www.rri.ro\\\/#website\"},\"primaryImageOfPage\":{\"@id\":\"https:\\\/\\\/www.rri.ro\\\/de\\\/aktuell\\\/rri-aktuell\\\/unwetter-rumaenien-unter-stuermen-sintflutartigen-regenfaellen-und-hagel-id460994.html#primaryimage\"},\"image\":{\"@id\":\"https:\\\/\\\/www.rri.ro\\\/de\\\/aktuell\\\/rri-aktuell\\\/unwetter-rumaenien-unter-stuermen-sintflutartigen-regenfaellen-und-hagel-id460994.html#primaryimage\"},\"thumbnailUrl\":\"https:\\\/\\\/www.rri.ro\\\/wp-content\\\/uploads\\\/2023\\\/10\\\/nori-ploaie-furtuna-vijelie-meteo.png\",\"datePublished\":\"2019-05-08T13:15:00+00:00\",\"dateModified\":\"2024-02-19T18:48:58+00:00\",\"author\":{\"@id\":\"https:\\\/\\\/www.rri.ro\\\/#\\\/schema\\\/person\\\/18fac491bccbfe149b92aea77ad60abd\"},\"breadcrumb\":{\"@id\":\"https:\\\/\\\/www.rri.ro\\\/de\\\/aktuell\\\/rri-aktuell\\\/unwetter-rumaenien-unter-stuermen-sintflutartigen-regenfaellen-und-hagel-id460994.html#breadcrumb\"},\"inLanguage\":\"de\",\"potentialAction\":[{\"@type\":\"ReadAction\",\"target\":[\"https:\\\/\\\/www.rri.ro\\\/de\\\/aktuell\\\/rri-aktuell\\\/unwetter-rumaenien-unter-stuermen-sintflutartigen-regenfaellen-und-hagel-id460994.html\"]}]},{\"@type\":\"ImageObject\",\"inLanguage\":\"de\",\"@id\":\"https:\\\/\\\/www.rri.ro\\\/de\\\/aktuell\\\/rri-aktuell\\\/unwetter-rumaenien-unter-stuermen-sintflutartigen-regenfaellen-und-hagel-id460994.html#primaryimage\",\"url\":\"https:\\\/\\\/www.rri.ro\\\/wp-content\\\/uploads\\\/2023\\\/10\\\/nori-ploaie-furtuna-vijelie-meteo.png\",\"contentUrl\":\"https:\\\/\\\/www.rri.ro\\\/wp-content\\\/uploads\\\/2023\\\/10\\\/nori-ploaie-furtuna-vijelie-meteo.png\",\"width\":640,\"height\":480},{\"@type\":\"BreadcrumbList\",\"@id\":\"https:\\\/\\\/www.rri.ro\\\/de\\\/aktuell\\\/rri-aktuell\\\/unwetter-rumaenien-unter-stuermen-sintflutartigen-regenfaellen-und-hagel-id460994.html#breadcrumb\",\"itemListElement\":[{\"@type\":\"ListItem\",\"position\":1,\"name\":\"Startseite\",\"item\":\"https:\\\/\\\/www.rri.ro\\\/de\"},{\"@type\":\"ListItem\",\"position\":2,\"name\":\"Aktuell\",\"item\":\"https:\\\/\\\/www.rri.ro\\\/de\\\/aktuell\"},{\"@type\":\"ListItem\",\"position\":3,\"name\":\"RRI Aktuell\",\"item\":\"https:\\\/\\\/www.rri.ro\\\/de\\\/aktuell\\\/rri-aktuell\"},{\"@type\":\"ListItem\",\"position\":4,\"name\":\"Unwetter: Rum\u00e4nien unter St\u00fcrmen, sintflutartigen Regenf\u00e4llen und Hagel\"}]},{\"@type\":\"WebSite\",\"@id\":\"https:\\\/\\\/www.rri.ro\\\/#website\",\"url\":\"https:\\\/\\\/www.rri.ro\\\/\",\"name\":\"Radio Rum\u00e4nien International\",\"description\":\"Totul despre Rom\u00e2nia \u015fi rom\u00e2ni, \u00een 13 limbi\\\/dialecte!\",\"inLanguage\":\"de\"},{\"@type\":\"Person\",\"@id\":\"https:\\\/\\\/www.rri.ro\\\/#\\\/schema\\\/person\\\/18fac491bccbfe149b92aea77ad60abd\",\"name\":\"Rom\u00e2nia Interna\u021bional\",\"url\":\"https:\\\/\\\/www.rri.ro\\\/de\\\/author\\\/redactia\"}]}<\/script>\n<!-- \/ Yoast SEO plugin. -->","yoast_head_json":{"title":"Unwetter: Rum\u00e4nien unter St\u00fcrmen, sintflutartigen Regenf\u00e4llen und Hagel - Radio Rum\u00e4nien International","robots":{"index":"index","follow":"follow","max-snippet":"max-snippet:-1","max-image-preview":"max-image-preview:large","max-video-preview":"max-video-preview:-1"},"canonical":"https:\/\/www.rri.ro\/de\/aktuell\/rri-aktuell\/unwetter-rumaenien-unter-stuermen-sintflutartigen-regenfaellen-und-hagel-id460994.html","og_locale":"de_DE","og_type":"article","og_title":"Unwetter: Rum\u00e4nien unter St\u00fcrmen, sintflutartigen Regenf\u00e4llen und Hagel - Radio Rum\u00e4nien International","og_description":"Mehr als die H\u00e4lfte Rum\u00e4niens stand in den vergangenen Tagen unter Unwetterwarnung.","og_url":"https:\/\/www.rri.ro\/de\/aktuell\/rri-aktuell\/unwetter-rumaenien-unter-stuermen-sintflutartigen-regenfaellen-und-hagel-id460994.html","og_site_name":"Radio Rum\u00e4nien International","article_published_time":"2019-05-08T13:15:00+00:00","article_modified_time":"2024-02-19T18:48:58+00:00","og_image":[{"width":640,"height":480,"url":"https:\/\/www.rri.ro\/wp-content\/uploads\/2023\/10\/nori-ploaie-furtuna-vijelie-meteo.png","type":"image\/png"}],"author":"Rom\u00e2nia Interna\u021bional","twitter_card":"summary_large_image","twitter_misc":{"Verfasst von":"Rom\u00e2nia Interna\u021bional","Gesch\u00e4tzte Lesezeit":"2\u00a0Minuten","Written by":"Rom\u00e2nia Interna\u021bional"},"schema":{"@context":"https:\/\/schema.org","@graph":[{"@type":"Article","@id":"https:\/\/www.rri.ro\/de\/aktuell\/rri-aktuell\/unwetter-rumaenien-unter-stuermen-sintflutartigen-regenfaellen-und-hagel-id460994.html#article","isPartOf":{"@id":"https:\/\/www.rri.ro\/de\/aktuell\/rri-aktuell\/unwetter-rumaenien-unter-stuermen-sintflutartigen-regenfaellen-und-hagel-id460994.html"},"author":{"name":"Rom\u00e2nia Interna\u021bional","@id":"https:\/\/www.rri.ro\/#\/schema\/person\/18fac491bccbfe149b92aea77ad60abd"},"headline":"Unwetter: Rum\u00e4nien unter St\u00fcrmen, sintflutartigen Regenf\u00e4llen und Hagel","datePublished":"2019-05-08T13:15:00+00:00","dateModified":"2024-02-19T18:48:58+00:00","mainEntityOfPage":{"@id":"https:\/\/www.rri.ro\/de\/aktuell\/rri-aktuell\/unwetter-rumaenien-unter-stuermen-sintflutartigen-regenfaellen-und-hagel-id460994.html"},"wordCount":415,"image":{"@id":"https:\/\/www.rri.ro\/de\/aktuell\/rri-aktuell\/unwetter-rumaenien-unter-stuermen-sintflutartigen-regenfaellen-und-hagel-id460994.html#primaryimage"},"thumbnailUrl":"https:\/\/www.rri.ro\/wp-content\/uploads\/2023\/10\/nori-ploaie-furtuna-vijelie-meteo.png","keywords":["blizzard","Hagel","Regenf\u00e4llen","St\u00fcrmen","tornado","Unwetter"],"articleSection":["RRI Aktuell"],"inLanguage":"de"},{"@type":"WebPage","@id":"https:\/\/www.rri.ro\/de\/aktuell\/rri-aktuell\/unwetter-rumaenien-unter-stuermen-sintflutartigen-regenfaellen-und-hagel-id460994.html","url":"https:\/\/www.rri.ro\/de\/aktuell\/rri-aktuell\/unwetter-rumaenien-unter-stuermen-sintflutartigen-regenfaellen-und-hagel-id460994.html","name":"Unwetter: Rum\u00e4nien unter St\u00fcrmen, sintflutartigen Regenf\u00e4llen und Hagel - Radio Rum\u00e4nien International","isPartOf":{"@id":"https:\/\/www.rri.ro\/#website"},"primaryImageOfPage":{"@id":"https:\/\/www.rri.ro\/de\/aktuell\/rri-aktuell\/unwetter-rumaenien-unter-stuermen-sintflutartigen-regenfaellen-und-hagel-id460994.html#primaryimage"},"image":{"@id":"https:\/\/www.rri.ro\/de\/aktuell\/rri-aktuell\/unwetter-rumaenien-unter-stuermen-sintflutartigen-regenfaellen-und-hagel-id460994.html#primaryimage"},"thumbnailUrl":"https:\/\/www.rri.ro\/wp-content\/uploads\/2023\/10\/nori-ploaie-furtuna-vijelie-meteo.png","datePublished":"2019-05-08T13:15:00+00:00","dateModified":"2024-02-19T18:48:58+00:00","author":{"@id":"https:\/\/www.rri.ro\/#\/schema\/person\/18fac491bccbfe149b92aea77ad60abd"},"breadcrumb":{"@id":"https:\/\/www.rri.ro\/de\/aktuell\/rri-aktuell\/unwetter-rumaenien-unter-stuermen-sintflutartigen-regenfaellen-und-hagel-id460994.html#breadcrumb"},"inLanguage":"de","potentialAction":[{"@type":"ReadAction","target":["https:\/\/www.rri.ro\/de\/aktuell\/rri-aktuell\/unwetter-rumaenien-unter-stuermen-sintflutartigen-regenfaellen-und-hagel-id460994.html"]}]},{"@type":"ImageObject","inLanguage":"de","@id":"https:\/\/www.rri.ro\/de\/aktuell\/rri-aktuell\/unwetter-rumaenien-unter-stuermen-sintflutartigen-regenfaellen-und-hagel-id460994.html#primaryimage","url":"https:\/\/www.rri.ro\/wp-content\/uploads\/2023\/10\/nori-ploaie-furtuna-vijelie-meteo.png","contentUrl":"https:\/\/www.rri.ro\/wp-content\/uploads\/2023\/10\/nori-ploaie-furtuna-vijelie-meteo.png","width":640,"height":480},{"@type":"BreadcrumbList","@id":"https:\/\/www.rri.ro\/de\/aktuell\/rri-aktuell\/unwetter-rumaenien-unter-stuermen-sintflutartigen-regenfaellen-und-hagel-id460994.html#breadcrumb","itemListElement":[{"@type":"ListItem","position":1,"name":"Startseite","item":"https:\/\/www.rri.ro\/de"},{"@type":"ListItem","position":2,"name":"Aktuell","item":"https:\/\/www.rri.ro\/de\/aktuell"},{"@type":"ListItem","position":3,"name":"RRI Aktuell","item":"https:\/\/www.rri.ro\/de\/aktuell\/rri-aktuell"},{"@type":"ListItem","position":4,"name":"Unwetter: Rum\u00e4nien unter St\u00fcrmen, sintflutartigen Regenf\u00e4llen und Hagel"}]},{"@type":"WebSite","@id":"https:\/\/www.rri.ro\/#website","url":"https:\/\/www.rri.ro\/","name":"Radio Rum\u00e4nien International","description":"Totul despre Rom\u00e2nia \u015fi rom\u00e2ni, \u00een 13 limbi\/dialecte!","inLanguage":"de"},{"@type":"Person","@id":"https:\/\/www.rri.ro\/#\/schema\/person\/18fac491bccbfe149b92aea77ad60abd","name":"Rom\u00e2nia Interna\u021bional","url":"https:\/\/www.rri.ro\/de\/author\/redactia"}]}},"_links":{"self":[{"href":"https:\/\/www.rri.ro\/de\/wp-json\/wp\/v2\/posts\/460994","targetHints":{"allow":["GET"]}}],"collection":[{"href":"https:\/\/www.rri.ro\/de\/wp-json\/wp\/v2\/posts"}],"about":[{"href":"https:\/\/www.rri.ro\/de\/wp-json\/wp\/v2\/types\/post"}],"author":[{"embeddable":true,"href":"https:\/\/www.rri.ro\/de\/wp-json\/wp\/v2\/users\/2"}],"replies":[{"embeddable":true,"href":"https:\/\/www.rri.ro\/de\/wp-json\/wp\/v2\/comments?post=460994"}],"version-history":[{"count":0,"href":"https:\/\/www.rri.ro\/de\/wp-json\/wp\/v2\/posts\/460994\/revisions"}],"wp:featuredmedia":[{"embeddable":true,"href":"https:\/\/www.rri.ro\/de\/wp-json\/wp\/v2\/media\/74771"}],"wp:attachment":[{"href":"https:\/\/www.rri.ro\/de\/wp-json\/wp\/v2\/media?parent=460994"}],"wp:term":[{"taxonomy":"category","embeddable":true,"href":"https:\/\/www.rri.ro\/de\/wp-json\/wp\/v2\/categories?post=460994"},{"taxonomy":"post_tag","embeddable":true,"href":"https:\/\/www.rri.ro\/de\/wp-json\/wp\/v2\/tags?post=460994"},{"taxonomy":"author","embeddable":true,"href":"https:\/\/www.rri.ro\/de\/wp-json\/wp\/v2\/coauthors?post=460994"}],"curies":[{"name":"wp","href":"https:\/\/api.w.org\/{rel}","templated":true}]}}