{"id":461022,"date":"2019-05-24T16:53:00","date_gmt":"2019-05-24T13:53:00","guid":{"rendered":"http:\/\/devrri.freshlemon.ro\/aktuell\/eilverordnung-zur-regelung-der-mitfahrgelegenheiten-steht-unter-debatte-id461022.html"},"modified":"2024-02-19T20:49:12","modified_gmt":"2024-02-19T18:49:12","slug":"eilverordnung-zur-regelung-der-mitfahrgelegenheiten-steht-unter-debatte","status":"publish","type":"post","link":"https:\/\/www.rri.ro\/de\/aktuell\/rri-aktuell\/eilverordnung-zur-regelung-der-mitfahrgelegenheiten-steht-unter-debatte-id461022.html","title":{"rendered":"Eilverordnung zur Regelung der Mitfahrgelegenheiten steht unter Debatte"},"content":{"rendered":"<p>Der Entwurf der Eilverordnung der Regierung zur Regelung der Mitfahrgelegenheiten in Rum\u00e4nien wurde \u00f6ffentlich diskutiert. Nach mehrt\u00e4gigen Gespr\u00e4chen gaben die Vertreter der alternativen Transportunternehmen bekannt, dass sie am Donnerstag eine Einigung mit den Vertretern der Regierung \u00fcber den Entwurf der Eilverordnung \u00fcber die in Rum\u00e4nien funktionierenden Anwendungen f\u00fcr den Personentransport erzielt haben. Die neuen Vorschriften werden gleiche Zulassungsbedingungen f\u00fcr alternative Transportanwendungen und Taxiunternehmen gew\u00e4hrleisten.<\/p>\n<p>&#13;<br \/>\n&#13;<\/p>\n<p>&#13;<br \/>\n&#13;<\/p>\n<p>Dem Text zufolge m\u00fcssen Anwendungsbetreiber die Genehmigung des Kommunikationsministeriums einholen, und Partnerfahrer m\u00fcssen die technischen und rechtlichen Anforderungen einhalten, die denen von Taxifahrern entsprechen. Die Genehmigung wird g\u00fcltig, nachdem der Betreiber eine Lizenzgeb\u00fchr von 50.000 Lei an das Ministerium entrichtet hat. Gleichzeitig muss der Betreiber eine Genehmigung f\u00fcr die alternative Bef\u00f6rderung von der Gebietsk\u00f6rperschaft der rum\u00e4nischen Stra\u200e\u00dfenbeh\u00f6rde (ARR) des Bezirks oder der Gemeinde Bukarest einholen, oder wo er seinen Firmensitz oder Wohnsitz hat.<\/p>\n<p>&#13;<br \/>\n&#13;<\/p>\n<p>&#13;<br \/>\n&#13;<\/p>\n<p>Die Genehmigung f\u00fcr die alternative Bef\u00f6rderung wird f\u00fcr einen Zeitraum von 3 Jahren nach Zahlung einer Geb\u00fchr von 300 Lei durch den Betreiber der alternativen Bef\u00f6rderungsanwendung erteilt. Alternative Fahrzeuge m\u00fcssen mehrere Bedingungen erf\u00fcllen: maximal 5 Sitze haben; alle sechs Monate einer regelm\u00e4\u200e\u00dfigen technischen Inspektion (ITP) untersetzt werden, zum Zeitpunkt der Fahrt die technischen Regeln f\u00fcr Verkehrssicherheit, Umweltschutz und bestimmungsgem\u00e4\u200e\u00dfen Gebrauch einhalten; die entsprechende Kopie der alternativen Transportgenehmigung haben. Au\u200e\u00dfedem werden im Stra\u200e\u00dfenverkehr die auf der digitalen Plattform zugelassenen Autos an der Windschutzscheibe ein Abzeichen mit dem Fahrzeugkennzeichen und dem Plattformnamen tragen. <\/p>\n<p>&#13;<br \/>\n&#13;<\/p>\n<p>&#13;<br \/>\n&#13;<\/p>\n<p>Die Unterlage besagt auch, dass Fahrer, die keine Zulassung besitzen, eine Geldstrafe erhalten. In Rum\u00e4nien haben hunderttausende Menschen ein Gesuch zur dringenden Regulierung von Mitfahrgelegenheiten unterzeichnet. Gem\u00e4\u200e\u00df diesen, hat diese Gesetzesl\u00fccke zur Folge, dass tausende Fahrer kein Einkommen mehr haben und 2,5 Millionen Nutzer entweder kein Auto finden k\u00f6nnen oder dreimal so hohe Kosten bezahlen m\u00fcssen.<\/p>\n<p>&#13;<br \/>\n&#13;<\/p>\n<p>&#13;<br \/>\n&#13;<\/p>\n<p>Der Entwurf dieser Eilverordnung entstand, nachdem alternative Transportunternehmen eine Regulierung ihrer Dienste forderten, um den Betrieb fortzusetzen. Taxifirmen in Rum\u00e4nien, die st\u00e4ndig f\u00fcr die schlechte Qualit\u00e4t ihrer Dienstleistungen kritisiert werden, werfen Mitfahrgelegenheiten vor, illegal zu funktionieren. <\/p>\n<p>&#13;<\/p>\n","protected":false},"excerpt":{"rendered":"<p>Der Entwurf der Eilverordnung f\u00fcr alternativen Personenbef\u00f6rdernung wurde bis zum 3. Juni zur \u00f6ffentlichen Debatte gestellt.<\/p>\n","protected":false},"author":107,"featured_media":461023,"comment_status":"closed","ping_status":"closed","sticky":false,"template":"","format":"standard","meta":{"_acf_changed":false,"footnotes":""},"categories":[99583],"tags":[104627,61697,104626,33392],"coauthors":[],"class_list":["post-461022","post","type-post","status-publish","format-standard","has-post-thumbnail","hentry","category-rri-aktuell","tag-alternative-transportanwendungen","tag-bolt","tag-mitfahrgelegenheiten","tag-uber"],"acf":[],"yoast_head":"<!-- This site is optimized with the Yoast SEO plugin v27.3 - https:\/\/yoast.com\/product\/yoast-seo-wordpress\/ -->\n<title>Eilverordnung zur Regelung der Mitfahrgelegenheiten steht unter Debatte - Radio Rum\u00e4nien International<\/title>\n<meta name=\"robots\" content=\"index, follow, max-snippet:-1, max-image-preview:large, max-video-preview:-1\" \/>\n<link rel=\"canonical\" href=\"https:\/\/www.rri.ro\/de\/aktuell\/rri-aktuell\/eilverordnung-zur-regelung-der-mitfahrgelegenheiten-steht-unter-debatte-id461022.html\" \/>\n<meta property=\"og:locale\" content=\"de_DE\" \/>\n<meta property=\"og:type\" content=\"article\" \/>\n<meta property=\"og:title\" content=\"Eilverordnung zur Regelung der Mitfahrgelegenheiten steht unter Debatte - Radio Rum\u00e4nien International\" \/>\n<meta property=\"og:description\" content=\"Der Entwurf der Eilverordnung f\u00fcr alternativen Personenbef\u00f6rdernung wurde bis zum 3. Juni zur \u00f6ffentlichen Debatte gestellt.\" \/>\n<meta property=\"og:url\" content=\"https:\/\/www.rri.ro\/de\/aktuell\/rri-aktuell\/eilverordnung-zur-regelung-der-mitfahrgelegenheiten-steht-unter-debatte-id461022.html\" \/>\n<meta property=\"og:site_name\" content=\"Radio Rum\u00e4nien International\" \/>\n<meta property=\"article:published_time\" content=\"2019-05-24T13:53:00+00:00\" \/>\n<meta property=\"article:modified_time\" content=\"2024-02-19T18:49:12+00:00\" \/>\n<meta property=\"og:image\" content=\"https:\/\/www.rri.ro\/wp-content\/uploads\/2023\/10\/uber.jpg\" \/>\n\t<meta property=\"og:image:width\" content=\"640\" \/>\n\t<meta property=\"og:image:height\" content=\"480\" \/>\n\t<meta property=\"og:image:type\" content=\"image\/png\" \/>\n<meta name=\"author\" content=\"Daniela Budu\" \/>\n<meta name=\"twitter:card\" content=\"summary_large_image\" \/>\n<meta name=\"twitter:label1\" content=\"Verfasst von\" \/>\n\t<meta name=\"twitter:data1\" content=\"Daniela Budu\" \/>\n\t<meta name=\"twitter:label2\" content=\"Gesch\u00e4tzte Lesezeit\" \/>\n\t<meta name=\"twitter:data2\" content=\"2\u00a0Minuten\" \/>\n\t<meta name=\"twitter:label3\" content=\"Written by\" \/>\n\t<meta name=\"twitter:data3\" content=\"Daniela Budu\" \/>\n<script type=\"application\/ld+json\" class=\"yoast-schema-graph\">{\"@context\":\"https:\\\/\\\/schema.org\",\"@graph\":[{\"@type\":\"Article\",\"@id\":\"https:\\\/\\\/www.rri.ro\\\/de\\\/aktuell\\\/rri-aktuell\\\/eilverordnung-zur-regelung-der-mitfahrgelegenheiten-steht-unter-debatte-id461022.html#article\",\"isPartOf\":{\"@id\":\"https:\\\/\\\/www.rri.ro\\\/de\\\/aktuell\\\/rri-aktuell\\\/eilverordnung-zur-regelung-der-mitfahrgelegenheiten-steht-unter-debatte-id461022.html\"},\"author\":{\"name\":\"Daniela Budu\",\"@id\":\"https:\\\/\\\/www.rri.ro\\\/#\\\/schema\\\/person\\\/b46b8f80d7d6e4b5ac9f14f0acbad0c4\"},\"headline\":\"Eilverordnung zur Regelung der Mitfahrgelegenheiten steht unter Debatte\",\"datePublished\":\"2019-05-24T13:53:00+00:00\",\"dateModified\":\"2024-02-19T18:49:12+00:00\",\"mainEntityOfPage\":{\"@id\":\"https:\\\/\\\/www.rri.ro\\\/de\\\/aktuell\\\/rri-aktuell\\\/eilverordnung-zur-regelung-der-mitfahrgelegenheiten-steht-unter-debatte-id461022.html\"},\"wordCount\":360,\"image\":{\"@id\":\"https:\\\/\\\/www.rri.ro\\\/de\\\/aktuell\\\/rri-aktuell\\\/eilverordnung-zur-regelung-der-mitfahrgelegenheiten-steht-unter-debatte-id461022.html#primaryimage\"},\"thumbnailUrl\":\"https:\\\/\\\/www.rri.ro\\\/wp-content\\\/uploads\\\/2023\\\/10\\\/uber.jpg\",\"keywords\":[\"alternative Transportanwendungen\",\"Bolt\",\"Mitfahrgelegenheiten\",\"Uber\"],\"articleSection\":[\"RRI Aktuell\"],\"inLanguage\":\"de\"},{\"@type\":\"WebPage\",\"@id\":\"https:\\\/\\\/www.rri.ro\\\/de\\\/aktuell\\\/rri-aktuell\\\/eilverordnung-zur-regelung-der-mitfahrgelegenheiten-steht-unter-debatte-id461022.html\",\"url\":\"https:\\\/\\\/www.rri.ro\\\/de\\\/aktuell\\\/rri-aktuell\\\/eilverordnung-zur-regelung-der-mitfahrgelegenheiten-steht-unter-debatte-id461022.html\",\"name\":\"Eilverordnung zur Regelung der Mitfahrgelegenheiten steht unter Debatte - Radio Rum\u00e4nien International\",\"isPartOf\":{\"@id\":\"https:\\\/\\\/www.rri.ro\\\/#website\"},\"primaryImageOfPage\":{\"@id\":\"https:\\\/\\\/www.rri.ro\\\/de\\\/aktuell\\\/rri-aktuell\\\/eilverordnung-zur-regelung-der-mitfahrgelegenheiten-steht-unter-debatte-id461022.html#primaryimage\"},\"image\":{\"@id\":\"https:\\\/\\\/www.rri.ro\\\/de\\\/aktuell\\\/rri-aktuell\\\/eilverordnung-zur-regelung-der-mitfahrgelegenheiten-steht-unter-debatte-id461022.html#primaryimage\"},\"thumbnailUrl\":\"https:\\\/\\\/www.rri.ro\\\/wp-content\\\/uploads\\\/2023\\\/10\\\/uber.jpg\",\"datePublished\":\"2019-05-24T13:53:00+00:00\",\"dateModified\":\"2024-02-19T18:49:12+00:00\",\"author\":{\"@id\":\"https:\\\/\\\/www.rri.ro\\\/#\\\/schema\\\/person\\\/b46b8f80d7d6e4b5ac9f14f0acbad0c4\"},\"breadcrumb\":{\"@id\":\"https:\\\/\\\/www.rri.ro\\\/de\\\/aktuell\\\/rri-aktuell\\\/eilverordnung-zur-regelung-der-mitfahrgelegenheiten-steht-unter-debatte-id461022.html#breadcrumb\"},\"inLanguage\":\"de\",\"potentialAction\":[{\"@type\":\"ReadAction\",\"target\":[\"https:\\\/\\\/www.rri.ro\\\/de\\\/aktuell\\\/rri-aktuell\\\/eilverordnung-zur-regelung-der-mitfahrgelegenheiten-steht-unter-debatte-id461022.html\"]}]},{\"@type\":\"ImageObject\",\"inLanguage\":\"de\",\"@id\":\"https:\\\/\\\/www.rri.ro\\\/de\\\/aktuell\\\/rri-aktuell\\\/eilverordnung-zur-regelung-der-mitfahrgelegenheiten-steht-unter-debatte-id461022.html#primaryimage\",\"url\":\"https:\\\/\\\/www.rri.ro\\\/wp-content\\\/uploads\\\/2023\\\/10\\\/uber.jpg\",\"contentUrl\":\"https:\\\/\\\/www.rri.ro\\\/wp-content\\\/uploads\\\/2023\\\/10\\\/uber.jpg\",\"width\":640,\"height\":480},{\"@type\":\"BreadcrumbList\",\"@id\":\"https:\\\/\\\/www.rri.ro\\\/de\\\/aktuell\\\/rri-aktuell\\\/eilverordnung-zur-regelung-der-mitfahrgelegenheiten-steht-unter-debatte-id461022.html#breadcrumb\",\"itemListElement\":[{\"@type\":\"ListItem\",\"position\":1,\"name\":\"Startseite\",\"item\":\"https:\\\/\\\/www.rri.ro\\\/de\"},{\"@type\":\"ListItem\",\"position\":2,\"name\":\"Aktuell\",\"item\":\"https:\\\/\\\/www.rri.ro\\\/de\\\/aktuell\"},{\"@type\":\"ListItem\",\"position\":3,\"name\":\"RRI Aktuell\",\"item\":\"https:\\\/\\\/www.rri.ro\\\/de\\\/aktuell\\\/rri-aktuell\"},{\"@type\":\"ListItem\",\"position\":4,\"name\":\"Eilverordnung zur Regelung der Mitfahrgelegenheiten steht unter Debatte\"}]},{\"@type\":\"WebSite\",\"@id\":\"https:\\\/\\\/www.rri.ro\\\/#website\",\"url\":\"https:\\\/\\\/www.rri.ro\\\/\",\"name\":\"Radio Rum\u00e4nien International\",\"description\":\"Totul despre Rom\u00e2nia \u015fi rom\u00e2ni, \u00een 13 limbi\\\/dialecte!\",\"inLanguage\":\"de\"},{\"@type\":\"Person\",\"@id\":\"https:\\\/\\\/www.rri.ro\\\/#\\\/schema\\\/person\\\/b46b8f80d7d6e4b5ac9f14f0acbad0c4\",\"name\":\"Daniela Budu\",\"url\":\"https:\\\/\\\/www.rri.ro\\\/de\\\/author\\\/daniela-budu\"}]}<\/script>\n<!-- \/ Yoast SEO plugin. -->","yoast_head_json":{"title":"Eilverordnung zur Regelung der Mitfahrgelegenheiten steht unter Debatte - Radio Rum\u00e4nien International","robots":{"index":"index","follow":"follow","max-snippet":"max-snippet:-1","max-image-preview":"max-image-preview:large","max-video-preview":"max-video-preview:-1"},"canonical":"https:\/\/www.rri.ro\/de\/aktuell\/rri-aktuell\/eilverordnung-zur-regelung-der-mitfahrgelegenheiten-steht-unter-debatte-id461022.html","og_locale":"de_DE","og_type":"article","og_title":"Eilverordnung zur Regelung der Mitfahrgelegenheiten steht unter Debatte - Radio Rum\u00e4nien International","og_description":"Der Entwurf der Eilverordnung f\u00fcr alternativen Personenbef\u00f6rdernung wurde bis zum 3. Juni zur \u00f6ffentlichen Debatte gestellt.","og_url":"https:\/\/www.rri.ro\/de\/aktuell\/rri-aktuell\/eilverordnung-zur-regelung-der-mitfahrgelegenheiten-steht-unter-debatte-id461022.html","og_site_name":"Radio Rum\u00e4nien International","article_published_time":"2019-05-24T13:53:00+00:00","article_modified_time":"2024-02-19T18:49:12+00:00","og_image":[{"width":640,"height":480,"url":"https:\/\/www.rri.ro\/wp-content\/uploads\/2023\/10\/uber.jpg","type":"image\/png"}],"author":"Daniela Budu","twitter_card":"summary_large_image","twitter_misc":{"Verfasst von":"Daniela Budu","Gesch\u00e4tzte Lesezeit":"2\u00a0Minuten","Written by":"Daniela Budu"},"schema":{"@context":"https:\/\/schema.org","@graph":[{"@type":"Article","@id":"https:\/\/www.rri.ro\/de\/aktuell\/rri-aktuell\/eilverordnung-zur-regelung-der-mitfahrgelegenheiten-steht-unter-debatte-id461022.html#article","isPartOf":{"@id":"https:\/\/www.rri.ro\/de\/aktuell\/rri-aktuell\/eilverordnung-zur-regelung-der-mitfahrgelegenheiten-steht-unter-debatte-id461022.html"},"author":{"name":"Daniela Budu","@id":"https:\/\/www.rri.ro\/#\/schema\/person\/b46b8f80d7d6e4b5ac9f14f0acbad0c4"},"headline":"Eilverordnung zur Regelung der Mitfahrgelegenheiten steht unter Debatte","datePublished":"2019-05-24T13:53:00+00:00","dateModified":"2024-02-19T18:49:12+00:00","mainEntityOfPage":{"@id":"https:\/\/www.rri.ro\/de\/aktuell\/rri-aktuell\/eilverordnung-zur-regelung-der-mitfahrgelegenheiten-steht-unter-debatte-id461022.html"},"wordCount":360,"image":{"@id":"https:\/\/www.rri.ro\/de\/aktuell\/rri-aktuell\/eilverordnung-zur-regelung-der-mitfahrgelegenheiten-steht-unter-debatte-id461022.html#primaryimage"},"thumbnailUrl":"https:\/\/www.rri.ro\/wp-content\/uploads\/2023\/10\/uber.jpg","keywords":["alternative Transportanwendungen","Bolt","Mitfahrgelegenheiten","Uber"],"articleSection":["RRI Aktuell"],"inLanguage":"de"},{"@type":"WebPage","@id":"https:\/\/www.rri.ro\/de\/aktuell\/rri-aktuell\/eilverordnung-zur-regelung-der-mitfahrgelegenheiten-steht-unter-debatte-id461022.html","url":"https:\/\/www.rri.ro\/de\/aktuell\/rri-aktuell\/eilverordnung-zur-regelung-der-mitfahrgelegenheiten-steht-unter-debatte-id461022.html","name":"Eilverordnung zur Regelung der Mitfahrgelegenheiten steht unter Debatte - Radio Rum\u00e4nien International","isPartOf":{"@id":"https:\/\/www.rri.ro\/#website"},"primaryImageOfPage":{"@id":"https:\/\/www.rri.ro\/de\/aktuell\/rri-aktuell\/eilverordnung-zur-regelung-der-mitfahrgelegenheiten-steht-unter-debatte-id461022.html#primaryimage"},"image":{"@id":"https:\/\/www.rri.ro\/de\/aktuell\/rri-aktuell\/eilverordnung-zur-regelung-der-mitfahrgelegenheiten-steht-unter-debatte-id461022.html#primaryimage"},"thumbnailUrl":"https:\/\/www.rri.ro\/wp-content\/uploads\/2023\/10\/uber.jpg","datePublished":"2019-05-24T13:53:00+00:00","dateModified":"2024-02-19T18:49:12+00:00","author":{"@id":"https:\/\/www.rri.ro\/#\/schema\/person\/b46b8f80d7d6e4b5ac9f14f0acbad0c4"},"breadcrumb":{"@id":"https:\/\/www.rri.ro\/de\/aktuell\/rri-aktuell\/eilverordnung-zur-regelung-der-mitfahrgelegenheiten-steht-unter-debatte-id461022.html#breadcrumb"},"inLanguage":"de","potentialAction":[{"@type":"ReadAction","target":["https:\/\/www.rri.ro\/de\/aktuell\/rri-aktuell\/eilverordnung-zur-regelung-der-mitfahrgelegenheiten-steht-unter-debatte-id461022.html"]}]},{"@type":"ImageObject","inLanguage":"de","@id":"https:\/\/www.rri.ro\/de\/aktuell\/rri-aktuell\/eilverordnung-zur-regelung-der-mitfahrgelegenheiten-steht-unter-debatte-id461022.html#primaryimage","url":"https:\/\/www.rri.ro\/wp-content\/uploads\/2023\/10\/uber.jpg","contentUrl":"https:\/\/www.rri.ro\/wp-content\/uploads\/2023\/10\/uber.jpg","width":640,"height":480},{"@type":"BreadcrumbList","@id":"https:\/\/www.rri.ro\/de\/aktuell\/rri-aktuell\/eilverordnung-zur-regelung-der-mitfahrgelegenheiten-steht-unter-debatte-id461022.html#breadcrumb","itemListElement":[{"@type":"ListItem","position":1,"name":"Startseite","item":"https:\/\/www.rri.ro\/de"},{"@type":"ListItem","position":2,"name":"Aktuell","item":"https:\/\/www.rri.ro\/de\/aktuell"},{"@type":"ListItem","position":3,"name":"RRI Aktuell","item":"https:\/\/www.rri.ro\/de\/aktuell\/rri-aktuell"},{"@type":"ListItem","position":4,"name":"Eilverordnung zur Regelung der Mitfahrgelegenheiten steht unter Debatte"}]},{"@type":"WebSite","@id":"https:\/\/www.rri.ro\/#website","url":"https:\/\/www.rri.ro\/","name":"Radio Rum\u00e4nien International","description":"Totul despre Rom\u00e2nia \u015fi rom\u00e2ni, \u00een 13 limbi\/dialecte!","inLanguage":"de"},{"@type":"Person","@id":"https:\/\/www.rri.ro\/#\/schema\/person\/b46b8f80d7d6e4b5ac9f14f0acbad0c4","name":"Daniela Budu","url":"https:\/\/www.rri.ro\/de\/author\/daniela-budu"}]}},"_links":{"self":[{"href":"https:\/\/www.rri.ro\/de\/wp-json\/wp\/v2\/posts\/461022","targetHints":{"allow":["GET"]}}],"collection":[{"href":"https:\/\/www.rri.ro\/de\/wp-json\/wp\/v2\/posts"}],"about":[{"href":"https:\/\/www.rri.ro\/de\/wp-json\/wp\/v2\/types\/post"}],"author":[{"embeddable":true,"href":"https:\/\/www.rri.ro\/de\/wp-json\/wp\/v2\/users\/107"}],"replies":[{"embeddable":true,"href":"https:\/\/www.rri.ro\/de\/wp-json\/wp\/v2\/comments?post=461022"}],"version-history":[{"count":0,"href":"https:\/\/www.rri.ro\/de\/wp-json\/wp\/v2\/posts\/461022\/revisions"}],"wp:featuredmedia":[{"embeddable":true,"href":"https:\/\/www.rri.ro\/de\/wp-json\/wp\/v2\/media\/461023"}],"wp:attachment":[{"href":"https:\/\/www.rri.ro\/de\/wp-json\/wp\/v2\/media?parent=461022"}],"wp:term":[{"taxonomy":"category","embeddable":true,"href":"https:\/\/www.rri.ro\/de\/wp-json\/wp\/v2\/categories?post=461022"},{"taxonomy":"post_tag","embeddable":true,"href":"https:\/\/www.rri.ro\/de\/wp-json\/wp\/v2\/tags?post=461022"},{"taxonomy":"author","embeddable":true,"href":"https:\/\/www.rri.ro\/de\/wp-json\/wp\/v2\/coauthors?post=461022"}],"curies":[{"name":"wp","href":"https:\/\/api.w.org\/{rel}","templated":true}]}}