{"id":461078,"date":"2019-06-10T17:10:00","date_gmt":"2019-06-10T14:10:00","guid":{"rendered":"http:\/\/devrri.freshlemon.ro\/aktuell\/bukarester-parlament-startet-die-woche-mit-debatten-id461078.html"},"modified":"2024-02-19T20:49:26","modified_gmt":"2024-02-19T18:49:26","slug":"bukarester-parlament-startet-die-woche-mit-debatten","status":"publish","type":"post","link":"https:\/\/www.rri.ro\/de\/aktuell\/rri-aktuell\/bukarester-parlament-startet-die-woche-mit-debatten-id461078.html","title":{"rendered":"Bukarester Parlament startet die Woche mit Debatten"},"content":{"rendered":"<p>Nach der Abstimmung bei den Wahlen zum Europ\u00e4ischen Parlament und dem Referendum \u00fcber die Justiz ist die Tagesordnung in dieser Woche im Parlament in Bukarest voll. An einem einzigen Tag &#8211; Dienstag &#8212; wird Au\u200e\u00dfenminister Teodor Melescanu von PNL und USR in die Abgeordnetenkammer zur Regierungsstunde\u201c eingeladen, w\u00e4hrend der Senat \u00fcber einen einfachen Antrag der Opposition gegen ihn debattiert. Die politischen Debatten konzentrieren sich auf die Probleme, die bei den Wahlen am 26. Mai in der Diaspora aufgetreten sind. PNL-, USR- und PMP-Abgeordnete fordern den R\u00fccktritt des Au\u200e\u00dfenministers wegen der schlechten Verwaltung der Wahlen.<\/p>\n<p>&#13;<br \/>\n&#13;<\/p>\n<p>&#13;<br \/>\n&#13;<\/p>\n<p>Andererseits wird die F\u00fchrung des Parlaments diese Woche zusammentreten, um \u00fcber die Gr\u00fcndung eines Wahlgesetzausschusses zu entscheiden, der auf dem Treffen der Regierungskoalition vereinbart wurde. Der Pr\u00e4sident des Juniorpartners ALDE Calin Popescu-Tariceanu erkl\u00e4rt, dass die Ausschussmitglieder einen Gesetzesentwurf ausarbeiten m\u00fcssen, der es allen B\u00fcrgern erm\u00f6glicht, ihr Stimmrecht wirksam zum Ausdruck zu bringen. C\u0103lin Popescu-Tariceanu: TRACK <em>Wir werden die St\u00e4ndige Wahlbeh\u00f6rde einladen, die, wie ich festgestellt habe, bereits einige L\u00f6sungen angef\u00fchrt hat, und zwar die, die ich vorgeschlagen habe, eine vorgezogene verl\u00e4ngerte Abstimmung, elektronische Stimmabgabe oder Stimmabgabe per Post. Wir werden das Au\u200e\u00dfenministerium und das Innenministerium einladen, um die beste L\u00f6sung zu finden, damit diese Menschenschlangen in Zukunft vermieden werden k\u00f6nnen.\u201c<\/em><\/p>\n<p>&#13;<br \/>\n&#13;<\/p>\n<p>&#13;<br \/>\n&#13;<\/p>\n<p>Wir erinnern daran, dass bei den Europawahlen und dem Referendum \u00fcber die Justiz vom 26. Mai Tausende Rum\u00e4nen im Ausland aufgrund der schlechten Organisation nicht stimmen k\u00f6nnen, obwohl die Anzahl der Wahllokale f\u00fcr die Diaspora verdoppelt wurde. Im Bericht des Au\u200e\u00dfenministeriums, der auf Anfrage von Premierministerin Viorica D\u0103ncil\u0103 erarbeitet wurde, betrachtet sich das besagte Ministerium nicht als verantwortlich und beschuldigt Pr\u00e4sident Klaus Iohannis f\u00fcr das Scheitern der Organisation der Wahlen, der das Referendum gleichzeitig mit den Europawahlen veranstalten wollte, und die sogenannten Wahl-Touristen.<\/p>\n<p>&#13;<br \/>\n&#13;<\/p>\n<p>&#13;<br \/>\n&#13;<\/p>\n<p>Zu den Sachen, die die Opposition unter anderem Minister Teodor Melescanu vorwirft, ist, dass Rum\u00e4nien es am Freitag vers\u00e4umt hat, ein nichtst\u00e4ndiges Mitglied des Sicherheitsrates der Vereinten Nationen zu werden. Unterdessen versucht die Opposition, Stimmen zu sammeln, die f\u00fcr den Erfolg eines Misstrauensantrags erforderlich sind, um die PSD-ALDE-Koalition von der Regierung zu beseitigen.<\/p>\n<p>&#13;<br \/>\n&#13;<\/p>\n<p>&#13;<br \/>\n&#13;<\/p>\n<p>PNL-Senatorin Alina Gorghiu weist darauf hin, dass die anderen Oppositionsparteien versichert haben, sie w\u00fcrden den Misstrauensantrag unterst\u00fctzen. Alina Gorghiu: <em>Ich begr\u00fc\u200e\u00dfe die Verf\u00fcgbarkeit aller, die im rum\u00e4nischen Parlament, durch ihre Stimme, die Regierung durch ein Misstrauensvotum entlassen wollen, und ich versichere denjenigen, die sich an der Seite von Frau D\u0103ncil\u0103 an die Macht klammern, dass iher Verbleib in der Regierung, ohne zu verstehen zur\u00fcckzutreten, sie in eine irrelevante Partei auf der politischen B\u00fchne verwandeln wird.\u201c<\/em><\/p>\n<p>&#13;<br \/>\n&#13;<\/p>\n<p>&#13;<br \/>\n&#13;<\/p>\n<p>Die Partei PRO Romania, die sich in der Opposition unter F\u00fchrung des ehemaligen PSD-Premierministers Victor Ponta befindet, hat bereits angek\u00fcndigt, dass sie in dieser Sitzung f\u00fcr den Misstrauensantrag stimmen wird, obwohl sie diesen nicht unterzeichnet.<\/p>\n<p>&#13;<\/p>\n","protected":false},"excerpt":{"rendered":"<p>Eine volle Woche im rum\u00e4nischen Parlament &#8211; Au\u00dfenminister Teodor Melescanu kommt zur Stunde der Regierung\u201c und es wird \u00fcber einen einfachen Antrag gegen ihn abgestimmt.<\/p>\n","protected":false},"author":107,"featured_media":80579,"comment_status":"closed","ping_status":"closed","sticky":false,"template":"","format":"standard","meta":{"_acf_changed":false,"footnotes":""},"categories":[99583],"tags":[102328,99681,145379],"coauthors":[],"class_list":["post-461078","post","type-post","status-publish","format-standard","has-post-thumbnail","hentry","category-rri-aktuell","tag-debatten","tag-misstrauensantrag","tag-parlament-de"],"acf":[],"yoast_head":"<!-- This site is optimized with the Yoast SEO plugin v27.3 - https:\/\/yoast.com\/product\/yoast-seo-wordpress\/ -->\n<title>Bukarester Parlament startet die Woche mit Debatten - Radio Rum\u00e4nien International<\/title>\n<meta name=\"robots\" content=\"index, follow, max-snippet:-1, max-image-preview:large, max-video-preview:-1\" \/>\n<link rel=\"canonical\" href=\"https:\/\/www.rri.ro\/de\/aktuell\/rri-aktuell\/bukarester-parlament-startet-die-woche-mit-debatten-id461078.html\" \/>\n<meta property=\"og:locale\" content=\"de_DE\" \/>\n<meta property=\"og:type\" content=\"article\" \/>\n<meta property=\"og:title\" content=\"Bukarester Parlament startet die Woche mit Debatten - Radio Rum\u00e4nien International\" \/>\n<meta property=\"og:description\" content=\"Eine volle Woche im rum\u00e4nischen Parlament - Au\u00dfenminister Teodor Melescanu kommt zur Stunde der Regierung\u201c und es wird \u00fcber einen einfachen Antrag gegen ihn abgestimmt.\" \/>\n<meta property=\"og:url\" content=\"https:\/\/www.rri.ro\/de\/aktuell\/rri-aktuell\/bukarester-parlament-startet-die-woche-mit-debatten-id461078.html\" \/>\n<meta property=\"og:site_name\" content=\"Radio Rum\u00e4nien International\" \/>\n<meta property=\"article:published_time\" content=\"2019-06-10T14:10:00+00:00\" \/>\n<meta property=\"article:modified_time\" content=\"2024-02-19T18:49:26+00:00\" \/>\n<meta property=\"og:image\" content=\"https:\/\/www.rri.ro\/wp-content\/uploads\/2023\/10\/parlamentul-romaniei-reunit-foto-cdep-ro.jpg\" \/>\n\t<meta property=\"og:image:width\" content=\"640\" \/>\n\t<meta property=\"og:image:height\" content=\"427\" \/>\n\t<meta property=\"og:image:type\" content=\"image\/jpeg\" \/>\n<meta name=\"author\" content=\"Daniela Budu\" \/>\n<meta name=\"twitter:card\" content=\"summary_large_image\" \/>\n<meta name=\"twitter:label1\" content=\"Verfasst von\" \/>\n\t<meta name=\"twitter:data1\" content=\"Daniela Budu\" \/>\n\t<meta name=\"twitter:label2\" content=\"Gesch\u00e4tzte Lesezeit\" \/>\n\t<meta name=\"twitter:data2\" content=\"2\u00a0Minuten\" \/>\n\t<meta name=\"twitter:label3\" content=\"Written by\" \/>\n\t<meta name=\"twitter:data3\" content=\"Daniela Budu\" \/>\n<script type=\"application\/ld+json\" class=\"yoast-schema-graph\">{\"@context\":\"https:\\\/\\\/schema.org\",\"@graph\":[{\"@type\":\"Article\",\"@id\":\"https:\\\/\\\/www.rri.ro\\\/de\\\/aktuell\\\/rri-aktuell\\\/bukarester-parlament-startet-die-woche-mit-debatten-id461078.html#article\",\"isPartOf\":{\"@id\":\"https:\\\/\\\/www.rri.ro\\\/de\\\/aktuell\\\/rri-aktuell\\\/bukarester-parlament-startet-die-woche-mit-debatten-id461078.html\"},\"author\":{\"name\":\"Daniela Budu\",\"@id\":\"https:\\\/\\\/www.rri.ro\\\/#\\\/schema\\\/person\\\/b46b8f80d7d6e4b5ac9f14f0acbad0c4\"},\"headline\":\"Bukarester Parlament startet die Woche mit Debatten\",\"datePublished\":\"2019-06-10T14:10:00+00:00\",\"dateModified\":\"2024-02-19T18:49:26+00:00\",\"mainEntityOfPage\":{\"@id\":\"https:\\\/\\\/www.rri.ro\\\/de\\\/aktuell\\\/rri-aktuell\\\/bukarester-parlament-startet-die-woche-mit-debatten-id461078.html\"},\"wordCount\":498,\"image\":{\"@id\":\"https:\\\/\\\/www.rri.ro\\\/de\\\/aktuell\\\/rri-aktuell\\\/bukarester-parlament-startet-die-woche-mit-debatten-id461078.html#primaryimage\"},\"thumbnailUrl\":\"https:\\\/\\\/www.rri.ro\\\/wp-content\\\/uploads\\\/2023\\\/10\\\/parlamentul-romaniei-reunit-foto-cdep-ro.jpg\",\"keywords\":[\"Debatten\",\"Misstrauensantrag\",\"Parlament\"],\"articleSection\":[\"RRI Aktuell\"],\"inLanguage\":\"de\"},{\"@type\":\"WebPage\",\"@id\":\"https:\\\/\\\/www.rri.ro\\\/de\\\/aktuell\\\/rri-aktuell\\\/bukarester-parlament-startet-die-woche-mit-debatten-id461078.html\",\"url\":\"https:\\\/\\\/www.rri.ro\\\/de\\\/aktuell\\\/rri-aktuell\\\/bukarester-parlament-startet-die-woche-mit-debatten-id461078.html\",\"name\":\"Bukarester Parlament startet die Woche mit Debatten - Radio Rum\u00e4nien International\",\"isPartOf\":{\"@id\":\"https:\\\/\\\/www.rri.ro\\\/#website\"},\"primaryImageOfPage\":{\"@id\":\"https:\\\/\\\/www.rri.ro\\\/de\\\/aktuell\\\/rri-aktuell\\\/bukarester-parlament-startet-die-woche-mit-debatten-id461078.html#primaryimage\"},\"image\":{\"@id\":\"https:\\\/\\\/www.rri.ro\\\/de\\\/aktuell\\\/rri-aktuell\\\/bukarester-parlament-startet-die-woche-mit-debatten-id461078.html#primaryimage\"},\"thumbnailUrl\":\"https:\\\/\\\/www.rri.ro\\\/wp-content\\\/uploads\\\/2023\\\/10\\\/parlamentul-romaniei-reunit-foto-cdep-ro.jpg\",\"datePublished\":\"2019-06-10T14:10:00+00:00\",\"dateModified\":\"2024-02-19T18:49:26+00:00\",\"author\":{\"@id\":\"https:\\\/\\\/www.rri.ro\\\/#\\\/schema\\\/person\\\/b46b8f80d7d6e4b5ac9f14f0acbad0c4\"},\"breadcrumb\":{\"@id\":\"https:\\\/\\\/www.rri.ro\\\/de\\\/aktuell\\\/rri-aktuell\\\/bukarester-parlament-startet-die-woche-mit-debatten-id461078.html#breadcrumb\"},\"inLanguage\":\"de\",\"potentialAction\":[{\"@type\":\"ReadAction\",\"target\":[\"https:\\\/\\\/www.rri.ro\\\/de\\\/aktuell\\\/rri-aktuell\\\/bukarester-parlament-startet-die-woche-mit-debatten-id461078.html\"]}]},{\"@type\":\"ImageObject\",\"inLanguage\":\"de\",\"@id\":\"https:\\\/\\\/www.rri.ro\\\/de\\\/aktuell\\\/rri-aktuell\\\/bukarester-parlament-startet-die-woche-mit-debatten-id461078.html#primaryimage\",\"url\":\"https:\\\/\\\/www.rri.ro\\\/wp-content\\\/uploads\\\/2023\\\/10\\\/parlamentul-romaniei-reunit-foto-cdep-ro.jpg\",\"contentUrl\":\"https:\\\/\\\/www.rri.ro\\\/wp-content\\\/uploads\\\/2023\\\/10\\\/parlamentul-romaniei-reunit-foto-cdep-ro.jpg\",\"width\":640,\"height\":427},{\"@type\":\"BreadcrumbList\",\"@id\":\"https:\\\/\\\/www.rri.ro\\\/de\\\/aktuell\\\/rri-aktuell\\\/bukarester-parlament-startet-die-woche-mit-debatten-id461078.html#breadcrumb\",\"itemListElement\":[{\"@type\":\"ListItem\",\"position\":1,\"name\":\"Startseite\",\"item\":\"https:\\\/\\\/www.rri.ro\\\/de\"},{\"@type\":\"ListItem\",\"position\":2,\"name\":\"Aktuell\",\"item\":\"https:\\\/\\\/www.rri.ro\\\/de\\\/aktuell\"},{\"@type\":\"ListItem\",\"position\":3,\"name\":\"RRI Aktuell\",\"item\":\"https:\\\/\\\/www.rri.ro\\\/de\\\/aktuell\\\/rri-aktuell\"},{\"@type\":\"ListItem\",\"position\":4,\"name\":\"Bukarester Parlament startet die Woche mit Debatten\"}]},{\"@type\":\"WebSite\",\"@id\":\"https:\\\/\\\/www.rri.ro\\\/#website\",\"url\":\"https:\\\/\\\/www.rri.ro\\\/\",\"name\":\"Radio Rum\u00e4nien International\",\"description\":\"Totul despre Rom\u00e2nia \u015fi rom\u00e2ni, \u00een 13 limbi\\\/dialecte!\",\"inLanguage\":\"de\"},{\"@type\":\"Person\",\"@id\":\"https:\\\/\\\/www.rri.ro\\\/#\\\/schema\\\/person\\\/b46b8f80d7d6e4b5ac9f14f0acbad0c4\",\"name\":\"Daniela Budu\",\"url\":\"https:\\\/\\\/www.rri.ro\\\/de\\\/author\\\/daniela-budu\"}]}<\/script>\n<!-- \/ Yoast SEO plugin. -->","yoast_head_json":{"title":"Bukarester Parlament startet die Woche mit Debatten - Radio Rum\u00e4nien International","robots":{"index":"index","follow":"follow","max-snippet":"max-snippet:-1","max-image-preview":"max-image-preview:large","max-video-preview":"max-video-preview:-1"},"canonical":"https:\/\/www.rri.ro\/de\/aktuell\/rri-aktuell\/bukarester-parlament-startet-die-woche-mit-debatten-id461078.html","og_locale":"de_DE","og_type":"article","og_title":"Bukarester Parlament startet die Woche mit Debatten - Radio Rum\u00e4nien International","og_description":"Eine volle Woche im rum\u00e4nischen Parlament - Au\u00dfenminister Teodor Melescanu kommt zur Stunde der Regierung\u201c und es wird \u00fcber einen einfachen Antrag gegen ihn abgestimmt.","og_url":"https:\/\/www.rri.ro\/de\/aktuell\/rri-aktuell\/bukarester-parlament-startet-die-woche-mit-debatten-id461078.html","og_site_name":"Radio Rum\u00e4nien International","article_published_time":"2019-06-10T14:10:00+00:00","article_modified_time":"2024-02-19T18:49:26+00:00","og_image":[{"width":640,"height":427,"url":"https:\/\/www.rri.ro\/wp-content\/uploads\/2023\/10\/parlamentul-romaniei-reunit-foto-cdep-ro.jpg","type":"image\/jpeg"}],"author":"Daniela Budu","twitter_card":"summary_large_image","twitter_misc":{"Verfasst von":"Daniela Budu","Gesch\u00e4tzte Lesezeit":"2\u00a0Minuten","Written by":"Daniela Budu"},"schema":{"@context":"https:\/\/schema.org","@graph":[{"@type":"Article","@id":"https:\/\/www.rri.ro\/de\/aktuell\/rri-aktuell\/bukarester-parlament-startet-die-woche-mit-debatten-id461078.html#article","isPartOf":{"@id":"https:\/\/www.rri.ro\/de\/aktuell\/rri-aktuell\/bukarester-parlament-startet-die-woche-mit-debatten-id461078.html"},"author":{"name":"Daniela Budu","@id":"https:\/\/www.rri.ro\/#\/schema\/person\/b46b8f80d7d6e4b5ac9f14f0acbad0c4"},"headline":"Bukarester Parlament startet die Woche mit Debatten","datePublished":"2019-06-10T14:10:00+00:00","dateModified":"2024-02-19T18:49:26+00:00","mainEntityOfPage":{"@id":"https:\/\/www.rri.ro\/de\/aktuell\/rri-aktuell\/bukarester-parlament-startet-die-woche-mit-debatten-id461078.html"},"wordCount":498,"image":{"@id":"https:\/\/www.rri.ro\/de\/aktuell\/rri-aktuell\/bukarester-parlament-startet-die-woche-mit-debatten-id461078.html#primaryimage"},"thumbnailUrl":"https:\/\/www.rri.ro\/wp-content\/uploads\/2023\/10\/parlamentul-romaniei-reunit-foto-cdep-ro.jpg","keywords":["Debatten","Misstrauensantrag","Parlament"],"articleSection":["RRI Aktuell"],"inLanguage":"de"},{"@type":"WebPage","@id":"https:\/\/www.rri.ro\/de\/aktuell\/rri-aktuell\/bukarester-parlament-startet-die-woche-mit-debatten-id461078.html","url":"https:\/\/www.rri.ro\/de\/aktuell\/rri-aktuell\/bukarester-parlament-startet-die-woche-mit-debatten-id461078.html","name":"Bukarester Parlament startet die Woche mit Debatten - Radio Rum\u00e4nien International","isPartOf":{"@id":"https:\/\/www.rri.ro\/#website"},"primaryImageOfPage":{"@id":"https:\/\/www.rri.ro\/de\/aktuell\/rri-aktuell\/bukarester-parlament-startet-die-woche-mit-debatten-id461078.html#primaryimage"},"image":{"@id":"https:\/\/www.rri.ro\/de\/aktuell\/rri-aktuell\/bukarester-parlament-startet-die-woche-mit-debatten-id461078.html#primaryimage"},"thumbnailUrl":"https:\/\/www.rri.ro\/wp-content\/uploads\/2023\/10\/parlamentul-romaniei-reunit-foto-cdep-ro.jpg","datePublished":"2019-06-10T14:10:00+00:00","dateModified":"2024-02-19T18:49:26+00:00","author":{"@id":"https:\/\/www.rri.ro\/#\/schema\/person\/b46b8f80d7d6e4b5ac9f14f0acbad0c4"},"breadcrumb":{"@id":"https:\/\/www.rri.ro\/de\/aktuell\/rri-aktuell\/bukarester-parlament-startet-die-woche-mit-debatten-id461078.html#breadcrumb"},"inLanguage":"de","potentialAction":[{"@type":"ReadAction","target":["https:\/\/www.rri.ro\/de\/aktuell\/rri-aktuell\/bukarester-parlament-startet-die-woche-mit-debatten-id461078.html"]}]},{"@type":"ImageObject","inLanguage":"de","@id":"https:\/\/www.rri.ro\/de\/aktuell\/rri-aktuell\/bukarester-parlament-startet-die-woche-mit-debatten-id461078.html#primaryimage","url":"https:\/\/www.rri.ro\/wp-content\/uploads\/2023\/10\/parlamentul-romaniei-reunit-foto-cdep-ro.jpg","contentUrl":"https:\/\/www.rri.ro\/wp-content\/uploads\/2023\/10\/parlamentul-romaniei-reunit-foto-cdep-ro.jpg","width":640,"height":427},{"@type":"BreadcrumbList","@id":"https:\/\/www.rri.ro\/de\/aktuell\/rri-aktuell\/bukarester-parlament-startet-die-woche-mit-debatten-id461078.html#breadcrumb","itemListElement":[{"@type":"ListItem","position":1,"name":"Startseite","item":"https:\/\/www.rri.ro\/de"},{"@type":"ListItem","position":2,"name":"Aktuell","item":"https:\/\/www.rri.ro\/de\/aktuell"},{"@type":"ListItem","position":3,"name":"RRI Aktuell","item":"https:\/\/www.rri.ro\/de\/aktuell\/rri-aktuell"},{"@type":"ListItem","position":4,"name":"Bukarester Parlament startet die Woche mit Debatten"}]},{"@type":"WebSite","@id":"https:\/\/www.rri.ro\/#website","url":"https:\/\/www.rri.ro\/","name":"Radio Rum\u00e4nien International","description":"Totul despre Rom\u00e2nia \u015fi rom\u00e2ni, \u00een 13 limbi\/dialecte!","inLanguage":"de"},{"@type":"Person","@id":"https:\/\/www.rri.ro\/#\/schema\/person\/b46b8f80d7d6e4b5ac9f14f0acbad0c4","name":"Daniela Budu","url":"https:\/\/www.rri.ro\/de\/author\/daniela-budu"}]}},"_links":{"self":[{"href":"https:\/\/www.rri.ro\/de\/wp-json\/wp\/v2\/posts\/461078","targetHints":{"allow":["GET"]}}],"collection":[{"href":"https:\/\/www.rri.ro\/de\/wp-json\/wp\/v2\/posts"}],"about":[{"href":"https:\/\/www.rri.ro\/de\/wp-json\/wp\/v2\/types\/post"}],"author":[{"embeddable":true,"href":"https:\/\/www.rri.ro\/de\/wp-json\/wp\/v2\/users\/107"}],"replies":[{"embeddable":true,"href":"https:\/\/www.rri.ro\/de\/wp-json\/wp\/v2\/comments?post=461078"}],"version-history":[{"count":0,"href":"https:\/\/www.rri.ro\/de\/wp-json\/wp\/v2\/posts\/461078\/revisions"}],"wp:featuredmedia":[{"embeddable":true,"href":"https:\/\/www.rri.ro\/de\/wp-json\/wp\/v2\/media\/80579"}],"wp:attachment":[{"href":"https:\/\/www.rri.ro\/de\/wp-json\/wp\/v2\/media?parent=461078"}],"wp:term":[{"taxonomy":"category","embeddable":true,"href":"https:\/\/www.rri.ro\/de\/wp-json\/wp\/v2\/categories?post=461078"},{"taxonomy":"post_tag","embeddable":true,"href":"https:\/\/www.rri.ro\/de\/wp-json\/wp\/v2\/tags?post=461078"},{"taxonomy":"author","embeddable":true,"href":"https:\/\/www.rri.ro\/de\/wp-json\/wp\/v2\/coauthors?post=461078"}],"curies":[{"name":"wp","href":"https:\/\/api.w.org\/{rel}","templated":true}]}}