{"id":461124,"date":"2019-07-16T12:45:00","date_gmt":"2019-07-16T09:45:00","guid":{"rendered":"http:\/\/devrri.freshlemon.ro\/aktuell\/aenderungen-auf-der-politischen-buehne-in-rumaenien-id461124.html"},"modified":"2024-02-19T20:49:52","modified_gmt":"2024-02-19T18:49:52","slug":"aenderungen-auf-der-politischen-buehne-in-rumaenien","status":"publish","type":"post","link":"https:\/\/www.rri.ro\/de\/aktuell\/rri-aktuell\/aenderungen-auf-der-politischen-buehne-in-rumaenien-id461124.html","title":{"rendered":"\u00c4nderungen auf der politischen B\u00fchne in Rum\u00e4nien"},"content":{"rendered":"<p>Die linksgerichtete PSD-ALDE-Regierung wird die Innenministerin Carmen Dan und den Au\u00dfenminister Teodor Mele\u015fcanu aus ihren \u00c4mtern entlassen. Die F\u00fchrung der Sozialdemokraten hat bei dem Exekutivkomittee am Montag beschlossen, dass die \u00c4mter des Innenministers und des Au\u00dfenministers vom PSD-Senator Nicolae Moga, bzw. von Ramona M\u0103nescu, vom Koalitionspartner ALDE, \u00fcbernommen werden. Die PSD-Innenministerin Carmen Dan, eine treue Mitarbeiterin des ehemaligen sozialdemokratischen F\u00fchrers Liviu Dragnea, der wegen Korruption verurteilt wurde und zur Zeit eine Freiheitsstrafe verb\u00fc\u00dft, hatte bereits vor dem Beschlu\u00df des Exekutivkomittees ihr Amt niedergelegt. Sie beschuldigte die Partei, dem Druck von Pr\u00e4sident Klaus Iohannis nachgegeben zu haben.<\/p>\n<p>&#13;<br \/>\n&#13;<\/p>\n<p>&#13;<br \/>\n&#13;<\/p>\n<p>Carmen Dan und Teodor Melescanu wurden vom Staatspr\u00e4sidenten Klaus Iohannis f\u00fcr die Art und Weise, wie die Abstimmung bei den Wahlen zum Europ\u00e4ischen Parlament am 26. Mai organisiert wurde, hart kritisiert. Ziel der Kritik war vor allem der Au\u00dfenminister Teodor Melescanu, denn in der Diaspora bildeten sich endlose Schlangen, und viele Rum\u00e4nen konnten ihr Wahlrecht nicht aus\u00fcben. Die Innenministerin Carmen Dan sei au\u00dferdem f\u00fcr die unverh\u00e4ltnism\u00e4\u00dfig brutale Reaktion der Gendarmen bei der Gro\u00dfkundgebung gegen die Regierung am 10. August 2018 verantwortlich. Premierministerin Viorica D\u0103ncil\u0103 erkl\u00e4rte, dass infolge der ung\u00fcnstigen \u00f6ffentlichen Wahrnehmung die zwei Minister die politische Unterst\u00fctzung ihrer Parteien verloren h\u00e4tten. Ferner hat die Sozialdemokratische Partei den PSD-Exekutivpr\u00e4sidenten Mihai Fifor f\u00fcr das Amt des Vizepremierministers f\u00fcr strategische Partnerschaften vorgeschlagen.<\/p>\n<p>&#13;<br \/>\n&#13;<\/p>\n<p>&#13;<br \/>\n&#13;<\/p>\n<p>Das waren die Entscheidungen der Sozialdemokratischen Partei in Bezug auf die Exekutive. Die PSD-F\u00fchrung mu\u00df aber noch eine wichtige Entscheidung treffen, die Auswirkungen auf die politische Landschaft vor der Pr\u00e4sidentschaftswahl haben k\u00f6nnte: Die Sozialdemokratische Partei, die wichtigste Partei der Regierungskoalition in Rum\u00e4nien, wird einen eigenen Kandidaten f\u00fcr die Pr\u00e4sidentschaftswahl im November haben, und der Kongress, der diesen Kandidaten best\u00e4tigen wird, wird am 3. August stattfinden. Die PSD w\u00fcnscht sich, dass ihr Kandidat von ALDE und PRO Rom\u00e2nia unterst\u00fctzt wird. Die Partei Pro Rom\u00e2nia ist eine aus der PSD abstammende Dissidentengrupierung, die vom ehemaligen Premierminister und sozialdemokratischen F\u00fchrer Victor Ponta gegr\u00fcndet wurde. Der Koalitionspartner ALDE f\u00fchlt sich jedoch bei seinen Pr\u00e4sidentschaftsbestrebungen verraten, und antwortete der PSD, dass ALDE einen eigenen Pr\u00e4sidentschaftskandidaten haben wird, n\u00e4mlich den Parteivorsitzenden C\u0103lin Popescu T\u0103riceanu. Gewisse Sozialdemokraten betrachten T\u0103riceanu als einen starken gemeinsamen PSD-ALDE Kandidaten im Rennen um das Amt des Staatspr\u00e4sidenten.<\/p>\n<p>&#13;<br \/>\n&#13;<\/p>\n<p>&#13;<br \/>\n&#13;<\/p>\n<p>N\u00e4chste Woche werden die Sozialdemokraten ihren Kandidaten f\u00fcr die Pr\u00e4sidentschaftswahl offiziell bekanntgeben. Die Politkommentatoren haben zugegeben, dass eine gro\u00dfe Partei verpflichtet ist, mit einem eigenen Kandidaten ins Rennen zu gehen, aber sie sehen nicht, welcher PSD-Kandidat echte Chancen h\u00e4tte, den gro\u00dfen Favoriten, den jetzigen Staatschef Klaus Iohannis, zu besiegen.<\/p>\n<p>&#13;<br \/>\n&#13;<\/p>\n<p>&#13;<br \/>\n&#13;<\/p>\n<p>Aus dieser Perspektive ist f\u00fcr die rechtsgerichtete National-Liberale Partei PNL alles klar: Sie unterst\u00fctzt Klaus Iohannis. Die Seltsamkeit der rum\u00e4nischen Politik f\u00fchrt aber dazu, dass der wichtigste Gegenkandidat von rechts und nicht von links kommt, wie es eigentlich logisch w\u00e4re. Der Kongress der oppositionellen Gruppierung Union Rettet Rum\u00e4nien USR hat den Parteivorsitzenden, Dan Barna, zum Pr\u00e4sidentschaftskandidaten ernannt. Nachdem auch die mit der USR verb\u00fcndete Partei PLUS ihren Kandidaten bekanntgibt &#8211; h\u00f6chstwahrscheinlich wird das der Parteivorsitzende Dacian Ciolo\u015f, der ehemalige technokratische Premierminister \u2013 werden die beiden Parteien, USR und PLUS, die als Verb\u00fcndete bei der Europawahl am 26. Mai erfolgreich waren, einen gemeinsamen Pr\u00e4sidentschaftskandidaten nominieren. USR und PLUS beabsichtigen, bei der Pr\u00e4sidentschaftswahl am 10. November mit einem Tandem Staatspr\u00e4sident-Ministerpr\u00e4sident vorzutreten.<\/p>\n<p>&#13;<\/p>\n","protected":false},"excerpt":{"rendered":"<p>Die Sozialdemokratische Partei PSD, die wichtigste Partei der Regierungskoalition, hat beschlossen, die Innen- und Au\u00dfenminister aus ihren \u00c4mtern zu entlassen.<\/p>\n","protected":false},"author":110,"featured_media":80988,"comment_status":"closed","ping_status":"closed","sticky":false,"template":"","format":"standard","meta":{"_acf_changed":false,"footnotes":""},"categories":[99583],"tags":[100010,33244,100935,101777,29080,101795,31448],"coauthors":[],"class_list":["post-461124","post","type-post","status-publish","format-standard","has-post-thumbnail","hentry","category-rri-aktuell","tag-aussenminister","tag-carmen-dan","tag-innenminister","tag-kandidat","tag-liviu-dragnea","tag-praesidentschaftswahl","tag-teodor-melescanu"],"acf":[],"yoast_head":"<!-- This site is optimized with the Yoast SEO plugin v27.5 - https:\/\/yoast.com\/product\/yoast-seo-wordpress\/ -->\n<title>\u00c4nderungen auf der politischen B\u00fchne in Rum\u00e4nien - Radio Rum\u00e4nien International<\/title>\n<meta name=\"robots\" content=\"index, follow, max-snippet:-1, max-image-preview:large, max-video-preview:-1\" \/>\n<link rel=\"canonical\" href=\"https:\/\/www.rri.ro\/de\/aktuell\/rri-aktuell\/aenderungen-auf-der-politischen-buehne-in-rumaenien-id461124.html\" \/>\n<meta property=\"og:locale\" content=\"de_DE\" \/>\n<meta property=\"og:type\" content=\"article\" \/>\n<meta property=\"og:title\" content=\"\u00c4nderungen auf der politischen B\u00fchne in Rum\u00e4nien - Radio Rum\u00e4nien International\" \/>\n<meta property=\"og:description\" content=\"Die Sozialdemokratische Partei PSD, die wichtigste Partei der Regierungskoalition, hat beschlossen, die Innen- und Au\u00dfenminister aus ihren \u00c4mtern zu entlassen.\" \/>\n<meta property=\"og:url\" content=\"https:\/\/www.rri.ro\/de\/aktuell\/rri-aktuell\/aenderungen-auf-der-politischen-buehne-in-rumaenien-id461124.html\" \/>\n<meta property=\"og:site_name\" content=\"Radio Rum\u00e4nien International\" \/>\n<meta property=\"article:published_time\" content=\"2019-07-16T09:45:00+00:00\" \/>\n<meta property=\"article:modified_time\" content=\"2024-02-19T18:49:52+00:00\" \/>\n<meta property=\"og:image\" content=\"https:\/\/www.rri.ro\/wp-content\/uploads\/2023\/10\/viorica-dancila-sed-guvern-foto-gov-ro.png\" \/>\n\t<meta property=\"og:image:width\" content=\"640\" \/>\n\t<meta property=\"og:image:height\" content=\"480\" \/>\n\t<meta property=\"og:image:type\" content=\"image\/png\" \/>\n<meta name=\"author\" content=\"\u015etefan Stoica\" \/>\n<meta name=\"twitter:card\" content=\"summary_large_image\" \/>\n<meta name=\"twitter:label1\" content=\"Verfasst von\" \/>\n\t<meta name=\"twitter:data1\" content=\"\u015etefan Stoica\" \/>\n\t<meta name=\"twitter:label2\" content=\"Gesch\u00e4tzte Lesezeit\" \/>\n\t<meta name=\"twitter:data2\" content=\"3\u00a0Minuten\" \/>\n\t<meta name=\"twitter:label3\" content=\"Written by\" \/>\n\t<meta name=\"twitter:data3\" content=\"\u015etefan Stoica\" \/>\n<script type=\"application\/ld+json\" class=\"yoast-schema-graph\">{\"@context\":\"https:\\\/\\\/schema.org\",\"@graph\":[{\"@type\":\"Article\",\"@id\":\"https:\\\/\\\/www.rri.ro\\\/de\\\/aktuell\\\/rri-aktuell\\\/aenderungen-auf-der-politischen-buehne-in-rumaenien-id461124.html#article\",\"isPartOf\":{\"@id\":\"https:\\\/\\\/www.rri.ro\\\/de\\\/aktuell\\\/rri-aktuell\\\/aenderungen-auf-der-politischen-buehne-in-rumaenien-id461124.html\"},\"author\":{\"name\":\"\u015etefan Stoica\",\"@id\":\"https:\\\/\\\/www.rri.ro\\\/#\\\/schema\\\/person\\\/2d81d5dc94d44190d13245f64551d334\"},\"headline\":\"\u00c4nderungen auf der politischen B\u00fchne in Rum\u00e4nien\",\"datePublished\":\"2019-07-16T09:45:00+00:00\",\"dateModified\":\"2024-02-19T18:49:52+00:00\",\"mainEntityOfPage\":{\"@id\":\"https:\\\/\\\/www.rri.ro\\\/de\\\/aktuell\\\/rri-aktuell\\\/aenderungen-auf-der-politischen-buehne-in-rumaenien-id461124.html\"},\"wordCount\":598,\"image\":{\"@id\":\"https:\\\/\\\/www.rri.ro\\\/de\\\/aktuell\\\/rri-aktuell\\\/aenderungen-auf-der-politischen-buehne-in-rumaenien-id461124.html#primaryimage\"},\"thumbnailUrl\":\"https:\\\/\\\/www.rri.ro\\\/wp-content\\\/uploads\\\/2023\\\/10\\\/viorica-dancila-sed-guvern-foto-gov-ro.png\",\"keywords\":[\"Au\u00dfenminister\",\"carmen dan\",\"Innenminister\",\"Kandidat\",\"Liviu Dragnea\",\"Pr\u00e4sidentschaftswahl\",\"Teodor Mele\u015fcanu\"],\"articleSection\":[\"RRI Aktuell\"],\"inLanguage\":\"de\"},{\"@type\":\"WebPage\",\"@id\":\"https:\\\/\\\/www.rri.ro\\\/de\\\/aktuell\\\/rri-aktuell\\\/aenderungen-auf-der-politischen-buehne-in-rumaenien-id461124.html\",\"url\":\"https:\\\/\\\/www.rri.ro\\\/de\\\/aktuell\\\/rri-aktuell\\\/aenderungen-auf-der-politischen-buehne-in-rumaenien-id461124.html\",\"name\":\"\u00c4nderungen auf der politischen B\u00fchne in Rum\u00e4nien - Radio Rum\u00e4nien International\",\"isPartOf\":{\"@id\":\"https:\\\/\\\/www.rri.ro\\\/#website\"},\"primaryImageOfPage\":{\"@id\":\"https:\\\/\\\/www.rri.ro\\\/de\\\/aktuell\\\/rri-aktuell\\\/aenderungen-auf-der-politischen-buehne-in-rumaenien-id461124.html#primaryimage\"},\"image\":{\"@id\":\"https:\\\/\\\/www.rri.ro\\\/de\\\/aktuell\\\/rri-aktuell\\\/aenderungen-auf-der-politischen-buehne-in-rumaenien-id461124.html#primaryimage\"},\"thumbnailUrl\":\"https:\\\/\\\/www.rri.ro\\\/wp-content\\\/uploads\\\/2023\\\/10\\\/viorica-dancila-sed-guvern-foto-gov-ro.png\",\"datePublished\":\"2019-07-16T09:45:00+00:00\",\"dateModified\":\"2024-02-19T18:49:52+00:00\",\"author\":{\"@id\":\"https:\\\/\\\/www.rri.ro\\\/#\\\/schema\\\/person\\\/2d81d5dc94d44190d13245f64551d334\"},\"breadcrumb\":{\"@id\":\"https:\\\/\\\/www.rri.ro\\\/de\\\/aktuell\\\/rri-aktuell\\\/aenderungen-auf-der-politischen-buehne-in-rumaenien-id461124.html#breadcrumb\"},\"inLanguage\":\"de\",\"potentialAction\":[{\"@type\":\"ReadAction\",\"target\":[\"https:\\\/\\\/www.rri.ro\\\/de\\\/aktuell\\\/rri-aktuell\\\/aenderungen-auf-der-politischen-buehne-in-rumaenien-id461124.html\"]}]},{\"@type\":\"ImageObject\",\"inLanguage\":\"de\",\"@id\":\"https:\\\/\\\/www.rri.ro\\\/de\\\/aktuell\\\/rri-aktuell\\\/aenderungen-auf-der-politischen-buehne-in-rumaenien-id461124.html#primaryimage\",\"url\":\"https:\\\/\\\/www.rri.ro\\\/wp-content\\\/uploads\\\/2023\\\/10\\\/viorica-dancila-sed-guvern-foto-gov-ro.png\",\"contentUrl\":\"https:\\\/\\\/www.rri.ro\\\/wp-content\\\/uploads\\\/2023\\\/10\\\/viorica-dancila-sed-guvern-foto-gov-ro.png\",\"width\":640,\"height\":480},{\"@type\":\"BreadcrumbList\",\"@id\":\"https:\\\/\\\/www.rri.ro\\\/de\\\/aktuell\\\/rri-aktuell\\\/aenderungen-auf-der-politischen-buehne-in-rumaenien-id461124.html#breadcrumb\",\"itemListElement\":[{\"@type\":\"ListItem\",\"position\":1,\"name\":\"Startseite\",\"item\":\"https:\\\/\\\/www.rri.ro\\\/de\"},{\"@type\":\"ListItem\",\"position\":2,\"name\":\"Aktuell\",\"item\":\"https:\\\/\\\/www.rri.ro\\\/de\\\/aktuell\"},{\"@type\":\"ListItem\",\"position\":3,\"name\":\"RRI Aktuell\",\"item\":\"https:\\\/\\\/www.rri.ro\\\/de\\\/aktuell\\\/rri-aktuell\"},{\"@type\":\"ListItem\",\"position\":4,\"name\":\"\u00c4nderungen auf der politischen B\u00fchne in Rum\u00e4nien\"}]},{\"@type\":\"WebSite\",\"@id\":\"https:\\\/\\\/www.rri.ro\\\/#website\",\"url\":\"https:\\\/\\\/www.rri.ro\\\/\",\"name\":\"Radio Rum\u00e4nien International\",\"description\":\"Totul despre Rom\u00e2nia \u015fi rom\u00e2ni, \u00een 13 limbi\\\/dialecte!\",\"inLanguage\":\"de\"},{\"@type\":\"Person\",\"@id\":\"https:\\\/\\\/www.rri.ro\\\/#\\\/schema\\\/person\\\/2d81d5dc94d44190d13245f64551d334\",\"name\":\"\u015etefan Stoica\",\"url\":\"https:\\\/\\\/www.rri.ro\\\/de\\\/author\\\/stefan-stoica\"}]}<\/script>\n<!-- \/ Yoast SEO plugin. -->","yoast_head_json":{"title":"\u00c4nderungen auf der politischen B\u00fchne in Rum\u00e4nien - Radio Rum\u00e4nien International","robots":{"index":"index","follow":"follow","max-snippet":"max-snippet:-1","max-image-preview":"max-image-preview:large","max-video-preview":"max-video-preview:-1"},"canonical":"https:\/\/www.rri.ro\/de\/aktuell\/rri-aktuell\/aenderungen-auf-der-politischen-buehne-in-rumaenien-id461124.html","og_locale":"de_DE","og_type":"article","og_title":"\u00c4nderungen auf der politischen B\u00fchne in Rum\u00e4nien - Radio Rum\u00e4nien International","og_description":"Die Sozialdemokratische Partei PSD, die wichtigste Partei der Regierungskoalition, hat beschlossen, die Innen- und Au\u00dfenminister aus ihren \u00c4mtern zu entlassen.","og_url":"https:\/\/www.rri.ro\/de\/aktuell\/rri-aktuell\/aenderungen-auf-der-politischen-buehne-in-rumaenien-id461124.html","og_site_name":"Radio Rum\u00e4nien International","article_published_time":"2019-07-16T09:45:00+00:00","article_modified_time":"2024-02-19T18:49:52+00:00","og_image":[{"width":640,"height":480,"url":"https:\/\/www.rri.ro\/wp-content\/uploads\/2023\/10\/viorica-dancila-sed-guvern-foto-gov-ro.png","type":"image\/png"}],"author":"\u015etefan Stoica","twitter_card":"summary_large_image","twitter_misc":{"Verfasst von":"\u015etefan Stoica","Gesch\u00e4tzte Lesezeit":"3\u00a0Minuten","Written by":"\u015etefan Stoica"},"schema":{"@context":"https:\/\/schema.org","@graph":[{"@type":"Article","@id":"https:\/\/www.rri.ro\/de\/aktuell\/rri-aktuell\/aenderungen-auf-der-politischen-buehne-in-rumaenien-id461124.html#article","isPartOf":{"@id":"https:\/\/www.rri.ro\/de\/aktuell\/rri-aktuell\/aenderungen-auf-der-politischen-buehne-in-rumaenien-id461124.html"},"author":{"name":"\u015etefan Stoica","@id":"https:\/\/www.rri.ro\/#\/schema\/person\/2d81d5dc94d44190d13245f64551d334"},"headline":"\u00c4nderungen auf der politischen B\u00fchne in Rum\u00e4nien","datePublished":"2019-07-16T09:45:00+00:00","dateModified":"2024-02-19T18:49:52+00:00","mainEntityOfPage":{"@id":"https:\/\/www.rri.ro\/de\/aktuell\/rri-aktuell\/aenderungen-auf-der-politischen-buehne-in-rumaenien-id461124.html"},"wordCount":598,"image":{"@id":"https:\/\/www.rri.ro\/de\/aktuell\/rri-aktuell\/aenderungen-auf-der-politischen-buehne-in-rumaenien-id461124.html#primaryimage"},"thumbnailUrl":"https:\/\/www.rri.ro\/wp-content\/uploads\/2023\/10\/viorica-dancila-sed-guvern-foto-gov-ro.png","keywords":["Au\u00dfenminister","carmen dan","Innenminister","Kandidat","Liviu Dragnea","Pr\u00e4sidentschaftswahl","Teodor Mele\u015fcanu"],"articleSection":["RRI Aktuell"],"inLanguage":"de"},{"@type":"WebPage","@id":"https:\/\/www.rri.ro\/de\/aktuell\/rri-aktuell\/aenderungen-auf-der-politischen-buehne-in-rumaenien-id461124.html","url":"https:\/\/www.rri.ro\/de\/aktuell\/rri-aktuell\/aenderungen-auf-der-politischen-buehne-in-rumaenien-id461124.html","name":"\u00c4nderungen auf der politischen B\u00fchne in Rum\u00e4nien - Radio Rum\u00e4nien International","isPartOf":{"@id":"https:\/\/www.rri.ro\/#website"},"primaryImageOfPage":{"@id":"https:\/\/www.rri.ro\/de\/aktuell\/rri-aktuell\/aenderungen-auf-der-politischen-buehne-in-rumaenien-id461124.html#primaryimage"},"image":{"@id":"https:\/\/www.rri.ro\/de\/aktuell\/rri-aktuell\/aenderungen-auf-der-politischen-buehne-in-rumaenien-id461124.html#primaryimage"},"thumbnailUrl":"https:\/\/www.rri.ro\/wp-content\/uploads\/2023\/10\/viorica-dancila-sed-guvern-foto-gov-ro.png","datePublished":"2019-07-16T09:45:00+00:00","dateModified":"2024-02-19T18:49:52+00:00","author":{"@id":"https:\/\/www.rri.ro\/#\/schema\/person\/2d81d5dc94d44190d13245f64551d334"},"breadcrumb":{"@id":"https:\/\/www.rri.ro\/de\/aktuell\/rri-aktuell\/aenderungen-auf-der-politischen-buehne-in-rumaenien-id461124.html#breadcrumb"},"inLanguage":"de","potentialAction":[{"@type":"ReadAction","target":["https:\/\/www.rri.ro\/de\/aktuell\/rri-aktuell\/aenderungen-auf-der-politischen-buehne-in-rumaenien-id461124.html"]}]},{"@type":"ImageObject","inLanguage":"de","@id":"https:\/\/www.rri.ro\/de\/aktuell\/rri-aktuell\/aenderungen-auf-der-politischen-buehne-in-rumaenien-id461124.html#primaryimage","url":"https:\/\/www.rri.ro\/wp-content\/uploads\/2023\/10\/viorica-dancila-sed-guvern-foto-gov-ro.png","contentUrl":"https:\/\/www.rri.ro\/wp-content\/uploads\/2023\/10\/viorica-dancila-sed-guvern-foto-gov-ro.png","width":640,"height":480},{"@type":"BreadcrumbList","@id":"https:\/\/www.rri.ro\/de\/aktuell\/rri-aktuell\/aenderungen-auf-der-politischen-buehne-in-rumaenien-id461124.html#breadcrumb","itemListElement":[{"@type":"ListItem","position":1,"name":"Startseite","item":"https:\/\/www.rri.ro\/de"},{"@type":"ListItem","position":2,"name":"Aktuell","item":"https:\/\/www.rri.ro\/de\/aktuell"},{"@type":"ListItem","position":3,"name":"RRI Aktuell","item":"https:\/\/www.rri.ro\/de\/aktuell\/rri-aktuell"},{"@type":"ListItem","position":4,"name":"\u00c4nderungen auf der politischen B\u00fchne in Rum\u00e4nien"}]},{"@type":"WebSite","@id":"https:\/\/www.rri.ro\/#website","url":"https:\/\/www.rri.ro\/","name":"Radio Rum\u00e4nien International","description":"Totul despre Rom\u00e2nia \u015fi rom\u00e2ni, \u00een 13 limbi\/dialecte!","inLanguage":"de"},{"@type":"Person","@id":"https:\/\/www.rri.ro\/#\/schema\/person\/2d81d5dc94d44190d13245f64551d334","name":"\u015etefan Stoica","url":"https:\/\/www.rri.ro\/de\/author\/stefan-stoica"}]}},"_links":{"self":[{"href":"https:\/\/www.rri.ro\/de\/wp-json\/wp\/v2\/posts\/461124","targetHints":{"allow":["GET"]}}],"collection":[{"href":"https:\/\/www.rri.ro\/de\/wp-json\/wp\/v2\/posts"}],"about":[{"href":"https:\/\/www.rri.ro\/de\/wp-json\/wp\/v2\/types\/post"}],"author":[{"embeddable":true,"href":"https:\/\/www.rri.ro\/de\/wp-json\/wp\/v2\/users\/110"}],"replies":[{"embeddable":true,"href":"https:\/\/www.rri.ro\/de\/wp-json\/wp\/v2\/comments?post=461124"}],"version-history":[{"count":0,"href":"https:\/\/www.rri.ro\/de\/wp-json\/wp\/v2\/posts\/461124\/revisions"}],"wp:featuredmedia":[{"embeddable":true,"href":"https:\/\/www.rri.ro\/de\/wp-json\/wp\/v2\/media\/80988"}],"wp:attachment":[{"href":"https:\/\/www.rri.ro\/de\/wp-json\/wp\/v2\/media?parent=461124"}],"wp:term":[{"taxonomy":"category","embeddable":true,"href":"https:\/\/www.rri.ro\/de\/wp-json\/wp\/v2\/categories?post=461124"},{"taxonomy":"post_tag","embeddable":true,"href":"https:\/\/www.rri.ro\/de\/wp-json\/wp\/v2\/tags?post=461124"},{"taxonomy":"author","embeddable":true,"href":"https:\/\/www.rri.ro\/de\/wp-json\/wp\/v2\/coauthors?post=461124"}],"curies":[{"name":"wp","href":"https:\/\/api.w.org\/{rel}","templated":true}]}}