{"id":461133,"date":"2019-07-27T16:53:00","date_gmt":"2019-07-27T13:53:00","guid":{"rendered":"http:\/\/devrri.freshlemon.ro\/aktuell\/wichtig-rri-sendebetrieb-teilweise-gestoert-id461133.html"},"modified":"2024-02-19T20:50:00","modified_gmt":"2024-02-19T18:50:00","slug":"wichtig-rri-sendebetrieb-teilweise-gestoert","status":"publish","type":"post","link":"https:\/\/www.rri.ro\/de\/aktuell\/rri-aktuell\/wichtig-rri-sendebetrieb-teilweise-gestoert-id461133.html","title":{"rendered":"Wichtig: RRI-Sendebetrieb teilweise gest\u00f6rt"},"content":{"rendered":"<p><strong>Es gibt technische Schwierigkeiten mit einem unserer Kurzwellensender in Tiganesti bei Bukarest. Auch die DRM-\u00dcbertragung zu bestimmten Uhrzeiten k\u00f6nnte betroffen sein. Einige unserer Sendungen werden deshalb vor\u00fcbergehend von unserem Sender in Saftica \u00fcbertragen. Nach Angaben der nationalen  Gesellschaft Radiocom werde der Austausch der defekten Ger\u00e4te mehrere Wochen dauern. W\u00e4hrend dieser Zeit bitten wir Sie, die jeweils zweite auf unserer Website verf\u00fcgbare Frequenz zu nutzen, um die Sendungen von RRI zu h\u00f6ren.<\/strong><\/p>\n<p>&#13;<br \/>\n&#13;<\/p>\n<p>&#13;<br \/>\n&#13;<\/p>\n<p><strong>Folgende Frequenzen des deutschen Dienstes sind betroffen:<\/strong><\/p>\n<p>&#13;<br \/>\n&#13;<\/p>\n<p><strong>F\u00fcr die Mittagssendung die Frequenz 7355 kHz.   <\/strong><br \/>&#13;<br \/>\n<strong>F\u00fcr die Abendsendung die Frequenz 6090 kHz.<\/strong><\/p>\n<p>&#13;<br \/>\n&#13;<\/p>\n<p>&#13;<br \/>\n&#13;<\/p>\n<div><strong>Sie k\u00f6nnen mittags auf 9600 kHz und abends auf 9570 khZ ausweichen.   <\/strong><\/div>\n<p>&#13;<\/p>\n","protected":false},"excerpt":{"rendered":"<p>Es gibt technische Schwierigkeiten mit einem unserer Kurzwellensender in Tiganesti bei Bukarest. Auch die DRM-\u00dcbertragung zu bestimmten Uhrzeiten k\u00f6nnte betroffen sein. Einige unserer Sendungen werden deshalb vor\u00fcbergehend von unserem Sender in Saftica \u00fcbertragen. Nach Angaben der nationalen Gesellschaft Radiocom werde der Austausch der defekten Ger\u00e4te mehrere Wochen dauern. W\u00e4hrend dieser Zeit bitten wir Sie, die [&hellip;]<\/p>\n","protected":false},"author":113,"featured_media":130348,"comment_status":"closed","ping_status":"closed","sticky":false,"template":"","format":"standard","meta":{"_acf_changed":false,"footnotes":""},"categories":[99583],"tags":[],"coauthors":[],"class_list":["post-461133","post","type-post","status-publish","format-standard","has-post-thumbnail","hentry","category-rri-aktuell"],"acf":[],"yoast_head":"<!-- This site is optimized with the Yoast SEO plugin v27.3 - https:\/\/yoast.com\/product\/yoast-seo-wordpress\/ -->\n<title>Wichtig: RRI-Sendebetrieb teilweise gest\u00f6rt - Radio Rum\u00e4nien International<\/title>\n<meta name=\"robots\" content=\"index, follow, max-snippet:-1, max-image-preview:large, max-video-preview:-1\" \/>\n<link rel=\"canonical\" href=\"https:\/\/www.rri.ro\/de\/aktuell\/rri-aktuell\/wichtig-rri-sendebetrieb-teilweise-gestoert-id461133.html\" \/>\n<meta property=\"og:locale\" content=\"de_DE\" \/>\n<meta property=\"og:type\" content=\"article\" \/>\n<meta property=\"og:title\" content=\"Wichtig: RRI-Sendebetrieb teilweise gest\u00f6rt - Radio Rum\u00e4nien International\" \/>\n<meta property=\"og:description\" content=\"Es gibt technische Schwierigkeiten mit einem unserer Kurzwellensender in Tiganesti bei Bukarest. Auch die DRM-\u00dcbertragung zu bestimmten Uhrzeiten k\u00f6nnte betroffen sein. Einige unserer Sendungen werden deshalb vor\u00fcbergehend von unserem Sender in Saftica \u00fcbertragen. Nach Angaben der nationalen Gesellschaft Radiocom werde der Austausch der defekten Ger\u00e4te mehrere Wochen dauern. W\u00e4hrend dieser Zeit bitten wir Sie, die [&hellip;]\" \/>\n<meta property=\"og:url\" content=\"https:\/\/www.rri.ro\/de\/aktuell\/rri-aktuell\/wichtig-rri-sendebetrieb-teilweise-gestoert-id461133.html\" \/>\n<meta property=\"og:site_name\" content=\"Radio Rum\u00e4nien International\" \/>\n<meta property=\"article:published_time\" content=\"2019-07-27T13:53:00+00:00\" \/>\n<meta property=\"article:modified_time\" content=\"2024-02-19T18:50:00+00:00\" \/>\n<meta property=\"og:image\" content=\"https:\/\/www.rri.ro\/wp-content\/uploads\/2023\/10\/LOGO-RRI-FUNDALNEGRU-640.png\" \/>\n\t<meta property=\"og:image:width\" content=\"640\" \/>\n\t<meta property=\"og:image:height\" content=\"480\" \/>\n\t<meta property=\"og:image:type\" content=\"image\/png\" \/>\n<meta name=\"author\" content=\"Newsroom\" \/>\n<meta name=\"twitter:card\" content=\"summary_large_image\" \/>\n<meta name=\"twitter:label1\" content=\"Verfasst von\" \/>\n\t<meta name=\"twitter:data1\" content=\"Newsroom\" \/>\n\t<meta name=\"twitter:label2\" content=\"Gesch\u00e4tzte Lesezeit\" \/>\n\t<meta name=\"twitter:data2\" content=\"1\u00a0Minute\" \/>\n\t<meta name=\"twitter:label3\" content=\"Written by\" \/>\n\t<meta name=\"twitter:data3\" content=\"Newsroom\" \/>\n<script type=\"application\/ld+json\" class=\"yoast-schema-graph\">{\"@context\":\"https:\\\/\\\/schema.org\",\"@graph\":[{\"@type\":\"Article\",\"@id\":\"https:\\\/\\\/www.rri.ro\\\/de\\\/aktuell\\\/rri-aktuell\\\/wichtig-rri-sendebetrieb-teilweise-gestoert-id461133.html#article\",\"isPartOf\":{\"@id\":\"https:\\\/\\\/www.rri.ro\\\/de\\\/aktuell\\\/rri-aktuell\\\/wichtig-rri-sendebetrieb-teilweise-gestoert-id461133.html\"},\"author\":{\"name\":\"Newsroom\",\"@id\":\"https:\\\/\\\/www.rri.ro\\\/#\\\/schema\\\/person\\\/4a479940371b9fdefd194f561e8a7f88\"},\"headline\":\"Wichtig: RRI-Sendebetrieb teilweise gest\u00f6rt\",\"datePublished\":\"2019-07-27T13:53:00+00:00\",\"dateModified\":\"2024-02-19T18:50:00+00:00\",\"mainEntityOfPage\":{\"@id\":\"https:\\\/\\\/www.rri.ro\\\/de\\\/aktuell\\\/rri-aktuell\\\/wichtig-rri-sendebetrieb-teilweise-gestoert-id461133.html\"},\"wordCount\":115,\"image\":{\"@id\":\"https:\\\/\\\/www.rri.ro\\\/de\\\/aktuell\\\/rri-aktuell\\\/wichtig-rri-sendebetrieb-teilweise-gestoert-id461133.html#primaryimage\"},\"thumbnailUrl\":\"https:\\\/\\\/www.rri.ro\\\/wp-content\\\/uploads\\\/2023\\\/10\\\/LOGO-RRI-FUNDALNEGRU-640.png\",\"articleSection\":[\"RRI Aktuell\"],\"inLanguage\":\"de\"},{\"@type\":\"WebPage\",\"@id\":\"https:\\\/\\\/www.rri.ro\\\/de\\\/aktuell\\\/rri-aktuell\\\/wichtig-rri-sendebetrieb-teilweise-gestoert-id461133.html\",\"url\":\"https:\\\/\\\/www.rri.ro\\\/de\\\/aktuell\\\/rri-aktuell\\\/wichtig-rri-sendebetrieb-teilweise-gestoert-id461133.html\",\"name\":\"Wichtig: RRI-Sendebetrieb teilweise gest\u00f6rt - Radio Rum\u00e4nien International\",\"isPartOf\":{\"@id\":\"https:\\\/\\\/www.rri.ro\\\/#website\"},\"primaryImageOfPage\":{\"@id\":\"https:\\\/\\\/www.rri.ro\\\/de\\\/aktuell\\\/rri-aktuell\\\/wichtig-rri-sendebetrieb-teilweise-gestoert-id461133.html#primaryimage\"},\"image\":{\"@id\":\"https:\\\/\\\/www.rri.ro\\\/de\\\/aktuell\\\/rri-aktuell\\\/wichtig-rri-sendebetrieb-teilweise-gestoert-id461133.html#primaryimage\"},\"thumbnailUrl\":\"https:\\\/\\\/www.rri.ro\\\/wp-content\\\/uploads\\\/2023\\\/10\\\/LOGO-RRI-FUNDALNEGRU-640.png\",\"datePublished\":\"2019-07-27T13:53:00+00:00\",\"dateModified\":\"2024-02-19T18:50:00+00:00\",\"author\":{\"@id\":\"https:\\\/\\\/www.rri.ro\\\/#\\\/schema\\\/person\\\/4a479940371b9fdefd194f561e8a7f88\"},\"breadcrumb\":{\"@id\":\"https:\\\/\\\/www.rri.ro\\\/de\\\/aktuell\\\/rri-aktuell\\\/wichtig-rri-sendebetrieb-teilweise-gestoert-id461133.html#breadcrumb\"},\"inLanguage\":\"de\",\"potentialAction\":[{\"@type\":\"ReadAction\",\"target\":[\"https:\\\/\\\/www.rri.ro\\\/de\\\/aktuell\\\/rri-aktuell\\\/wichtig-rri-sendebetrieb-teilweise-gestoert-id461133.html\"]}]},{\"@type\":\"ImageObject\",\"inLanguage\":\"de\",\"@id\":\"https:\\\/\\\/www.rri.ro\\\/de\\\/aktuell\\\/rri-aktuell\\\/wichtig-rri-sendebetrieb-teilweise-gestoert-id461133.html#primaryimage\",\"url\":\"https:\\\/\\\/www.rri.ro\\\/wp-content\\\/uploads\\\/2023\\\/10\\\/LOGO-RRI-FUNDALNEGRU-640.png\",\"contentUrl\":\"https:\\\/\\\/www.rri.ro\\\/wp-content\\\/uploads\\\/2023\\\/10\\\/LOGO-RRI-FUNDALNEGRU-640.png\",\"width\":640,\"height\":480},{\"@type\":\"BreadcrumbList\",\"@id\":\"https:\\\/\\\/www.rri.ro\\\/de\\\/aktuell\\\/rri-aktuell\\\/wichtig-rri-sendebetrieb-teilweise-gestoert-id461133.html#breadcrumb\",\"itemListElement\":[{\"@type\":\"ListItem\",\"position\":1,\"name\":\"Startseite\",\"item\":\"https:\\\/\\\/www.rri.ro\\\/de\"},{\"@type\":\"ListItem\",\"position\":2,\"name\":\"Aktuell\",\"item\":\"https:\\\/\\\/www.rri.ro\\\/de\\\/aktuell\"},{\"@type\":\"ListItem\",\"position\":3,\"name\":\"RRI Aktuell\",\"item\":\"https:\\\/\\\/www.rri.ro\\\/de\\\/aktuell\\\/rri-aktuell\"},{\"@type\":\"ListItem\",\"position\":4,\"name\":\"Wichtig: RRI-Sendebetrieb teilweise gest\u00f6rt\"}]},{\"@type\":\"WebSite\",\"@id\":\"https:\\\/\\\/www.rri.ro\\\/#website\",\"url\":\"https:\\\/\\\/www.rri.ro\\\/\",\"name\":\"Radio Rum\u00e4nien International\",\"description\":\"Totul despre Rom\u00e2nia \u015fi rom\u00e2ni, \u00een 13 limbi\\\/dialecte!\",\"inLanguage\":\"de\"},{\"@type\":\"Person\",\"@id\":\"https:\\\/\\\/www.rri.ro\\\/#\\\/schema\\\/person\\\/4a479940371b9fdefd194f561e8a7f88\",\"name\":\"Newsroom\",\"url\":\"https:\\\/\\\/www.rri.ro\\\/de\\\/author\\\/newsroom\"}]}<\/script>\n<!-- \/ Yoast SEO plugin. -->","yoast_head_json":{"title":"Wichtig: RRI-Sendebetrieb teilweise gest\u00f6rt - Radio Rum\u00e4nien International","robots":{"index":"index","follow":"follow","max-snippet":"max-snippet:-1","max-image-preview":"max-image-preview:large","max-video-preview":"max-video-preview:-1"},"canonical":"https:\/\/www.rri.ro\/de\/aktuell\/rri-aktuell\/wichtig-rri-sendebetrieb-teilweise-gestoert-id461133.html","og_locale":"de_DE","og_type":"article","og_title":"Wichtig: RRI-Sendebetrieb teilweise gest\u00f6rt - Radio Rum\u00e4nien International","og_description":"Es gibt technische Schwierigkeiten mit einem unserer Kurzwellensender in Tiganesti bei Bukarest. Auch die DRM-\u00dcbertragung zu bestimmten Uhrzeiten k\u00f6nnte betroffen sein. Einige unserer Sendungen werden deshalb vor\u00fcbergehend von unserem Sender in Saftica \u00fcbertragen. Nach Angaben der nationalen Gesellschaft Radiocom werde der Austausch der defekten Ger\u00e4te mehrere Wochen dauern. W\u00e4hrend dieser Zeit bitten wir Sie, die [&hellip;]","og_url":"https:\/\/www.rri.ro\/de\/aktuell\/rri-aktuell\/wichtig-rri-sendebetrieb-teilweise-gestoert-id461133.html","og_site_name":"Radio Rum\u00e4nien International","article_published_time":"2019-07-27T13:53:00+00:00","article_modified_time":"2024-02-19T18:50:00+00:00","og_image":[{"width":640,"height":480,"url":"https:\/\/www.rri.ro\/wp-content\/uploads\/2023\/10\/LOGO-RRI-FUNDALNEGRU-640.png","type":"image\/png"}],"author":"Newsroom","twitter_card":"summary_large_image","twitter_misc":{"Verfasst von":"Newsroom","Gesch\u00e4tzte Lesezeit":"1\u00a0Minute","Written by":"Newsroom"},"schema":{"@context":"https:\/\/schema.org","@graph":[{"@type":"Article","@id":"https:\/\/www.rri.ro\/de\/aktuell\/rri-aktuell\/wichtig-rri-sendebetrieb-teilweise-gestoert-id461133.html#article","isPartOf":{"@id":"https:\/\/www.rri.ro\/de\/aktuell\/rri-aktuell\/wichtig-rri-sendebetrieb-teilweise-gestoert-id461133.html"},"author":{"name":"Newsroom","@id":"https:\/\/www.rri.ro\/#\/schema\/person\/4a479940371b9fdefd194f561e8a7f88"},"headline":"Wichtig: RRI-Sendebetrieb teilweise gest\u00f6rt","datePublished":"2019-07-27T13:53:00+00:00","dateModified":"2024-02-19T18:50:00+00:00","mainEntityOfPage":{"@id":"https:\/\/www.rri.ro\/de\/aktuell\/rri-aktuell\/wichtig-rri-sendebetrieb-teilweise-gestoert-id461133.html"},"wordCount":115,"image":{"@id":"https:\/\/www.rri.ro\/de\/aktuell\/rri-aktuell\/wichtig-rri-sendebetrieb-teilweise-gestoert-id461133.html#primaryimage"},"thumbnailUrl":"https:\/\/www.rri.ro\/wp-content\/uploads\/2023\/10\/LOGO-RRI-FUNDALNEGRU-640.png","articleSection":["RRI Aktuell"],"inLanguage":"de"},{"@type":"WebPage","@id":"https:\/\/www.rri.ro\/de\/aktuell\/rri-aktuell\/wichtig-rri-sendebetrieb-teilweise-gestoert-id461133.html","url":"https:\/\/www.rri.ro\/de\/aktuell\/rri-aktuell\/wichtig-rri-sendebetrieb-teilweise-gestoert-id461133.html","name":"Wichtig: RRI-Sendebetrieb teilweise gest\u00f6rt - Radio Rum\u00e4nien International","isPartOf":{"@id":"https:\/\/www.rri.ro\/#website"},"primaryImageOfPage":{"@id":"https:\/\/www.rri.ro\/de\/aktuell\/rri-aktuell\/wichtig-rri-sendebetrieb-teilweise-gestoert-id461133.html#primaryimage"},"image":{"@id":"https:\/\/www.rri.ro\/de\/aktuell\/rri-aktuell\/wichtig-rri-sendebetrieb-teilweise-gestoert-id461133.html#primaryimage"},"thumbnailUrl":"https:\/\/www.rri.ro\/wp-content\/uploads\/2023\/10\/LOGO-RRI-FUNDALNEGRU-640.png","datePublished":"2019-07-27T13:53:00+00:00","dateModified":"2024-02-19T18:50:00+00:00","author":{"@id":"https:\/\/www.rri.ro\/#\/schema\/person\/4a479940371b9fdefd194f561e8a7f88"},"breadcrumb":{"@id":"https:\/\/www.rri.ro\/de\/aktuell\/rri-aktuell\/wichtig-rri-sendebetrieb-teilweise-gestoert-id461133.html#breadcrumb"},"inLanguage":"de","potentialAction":[{"@type":"ReadAction","target":["https:\/\/www.rri.ro\/de\/aktuell\/rri-aktuell\/wichtig-rri-sendebetrieb-teilweise-gestoert-id461133.html"]}]},{"@type":"ImageObject","inLanguage":"de","@id":"https:\/\/www.rri.ro\/de\/aktuell\/rri-aktuell\/wichtig-rri-sendebetrieb-teilweise-gestoert-id461133.html#primaryimage","url":"https:\/\/www.rri.ro\/wp-content\/uploads\/2023\/10\/LOGO-RRI-FUNDALNEGRU-640.png","contentUrl":"https:\/\/www.rri.ro\/wp-content\/uploads\/2023\/10\/LOGO-RRI-FUNDALNEGRU-640.png","width":640,"height":480},{"@type":"BreadcrumbList","@id":"https:\/\/www.rri.ro\/de\/aktuell\/rri-aktuell\/wichtig-rri-sendebetrieb-teilweise-gestoert-id461133.html#breadcrumb","itemListElement":[{"@type":"ListItem","position":1,"name":"Startseite","item":"https:\/\/www.rri.ro\/de"},{"@type":"ListItem","position":2,"name":"Aktuell","item":"https:\/\/www.rri.ro\/de\/aktuell"},{"@type":"ListItem","position":3,"name":"RRI Aktuell","item":"https:\/\/www.rri.ro\/de\/aktuell\/rri-aktuell"},{"@type":"ListItem","position":4,"name":"Wichtig: RRI-Sendebetrieb teilweise gest\u00f6rt"}]},{"@type":"WebSite","@id":"https:\/\/www.rri.ro\/#website","url":"https:\/\/www.rri.ro\/","name":"Radio Rum\u00e4nien International","description":"Totul despre Rom\u00e2nia \u015fi rom\u00e2ni, \u00een 13 limbi\/dialecte!","inLanguage":"de"},{"@type":"Person","@id":"https:\/\/www.rri.ro\/#\/schema\/person\/4a479940371b9fdefd194f561e8a7f88","name":"Newsroom","url":"https:\/\/www.rri.ro\/de\/author\/newsroom"}]}},"_links":{"self":[{"href":"https:\/\/www.rri.ro\/de\/wp-json\/wp\/v2\/posts\/461133","targetHints":{"allow":["GET"]}}],"collection":[{"href":"https:\/\/www.rri.ro\/de\/wp-json\/wp\/v2\/posts"}],"about":[{"href":"https:\/\/www.rri.ro\/de\/wp-json\/wp\/v2\/types\/post"}],"author":[{"embeddable":true,"href":"https:\/\/www.rri.ro\/de\/wp-json\/wp\/v2\/users\/113"}],"replies":[{"embeddable":true,"href":"https:\/\/www.rri.ro\/de\/wp-json\/wp\/v2\/comments?post=461133"}],"version-history":[{"count":0,"href":"https:\/\/www.rri.ro\/de\/wp-json\/wp\/v2\/posts\/461133\/revisions"}],"wp:featuredmedia":[{"embeddable":true,"href":"https:\/\/www.rri.ro\/de\/wp-json\/wp\/v2\/media\/130348"}],"wp:attachment":[{"href":"https:\/\/www.rri.ro\/de\/wp-json\/wp\/v2\/media?parent=461133"}],"wp:term":[{"taxonomy":"category","embeddable":true,"href":"https:\/\/www.rri.ro\/de\/wp-json\/wp\/v2\/categories?post=461133"},{"taxonomy":"post_tag","embeddable":true,"href":"https:\/\/www.rri.ro\/de\/wp-json\/wp\/v2\/tags?post=461133"},{"taxonomy":"author","embeddable":true,"href":"https:\/\/www.rri.ro\/de\/wp-json\/wp\/v2\/coauthors?post=461133"}],"curies":[{"name":"wp","href":"https:\/\/api.w.org\/{rel}","templated":true}]}}