{"id":461134,"date":"2019-07-29T16:38:00","date_gmt":"2019-07-29T13:38:00","guid":{"rendered":"http:\/\/devrri.freshlemon.ro\/aktuell\/ein-mordfall-erschuettert-ganz-rumaenien-id461134.html"},"modified":"2024-02-19T20:50:00","modified_gmt":"2024-02-19T18:50:00","slug":"ein-mordfall-erschuettert-ganz-rumaenien","status":"publish","type":"post","link":"https:\/\/www.rri.ro\/de\/aktuell\/rri-aktuell\/ein-mordfall-erschuettert-ganz-rumaenien-id461134.html","title":{"rendered":"Ein Mordfall ersch\u00fcttert ganz Rum\u00e4nien"},"content":{"rendered":"<p>Gheorghe Dinc\u0103, der 60-j\u00e4hrige Automechaniker aus der s\u00fcdrum\u00e4nischen Kleinstadt Caracal hat am Sonntag gestanden zwei M\u00e4dchen entf\u00fchrt, der Freiheit beraubt, vergewaltigt und get\u00f6tet zu haben. Die 15-j\u00e4hrige Alexandra M\u0103ce\u015fanu war am Mittwoch als vermisst gemeldet worden. Am Donnerstag hat sie dreimal die Notrufnummer 112 gew\u00e4hlt. Obwohl das M\u00e4dchen Angaben zum Ort an dem sie festgehalten wurde gemacht hat, konnten die Beh\u00f6rden sie nicht genau orten. Es dauerte ganze 19 Stunden bis die \u00f6rtliche Polizei den mutma\u200e\u00dflichen Tatort st\u00fcrmen konnte, zuvor wurde das M\u00e4dchen an drei falschen Adressen gesucht.<\/p>\n<p>&#13;<br \/>\n&#13;<\/p>\n<p>&#13;<br \/>\n&#13;<\/p>\n<p>&#13;<br \/>\n&#13;<\/p>\n<p>Die Ordnungskr\u00e4fte behaupten nun, unter anderem, der federf\u00fchrend Staatsanwalt habe ihnen nicht erlaubt das Haus des Tods\u201c vor Freitag, um 6 Uhr in der Fr\u00fch zu durchsuchen. Der T\u00e4ter, Gheorghe Dinc\u0103 hat gestanden, Alexandra gleich nach den letzten Notruf get\u00f6tet zu haben. Die Ermittler gehen davon aus, dass er ihren K\u00f6rper verbrannt hat. In einem K\u00fcble in Hof haben die Ermittler verbrannte menschliche \u00dcberreste und Schmuckst\u00fccke, die dem M\u00e4dchen geh\u00f6rt haben, gefunden.<\/p>\n<p>&#13;<br \/>\n&#13;<\/p>\n<p>&#13;<br \/>\n&#13;<\/p>\n<p>&#13;<br \/>\n&#13;<\/p>\n<p>Ein \u00e4hnliches Schicksal erlitt im April dieses Jahres die 18-j\u00e4hrige Luiza Mihaela Melencu, die von ihrer Familie als vermisst gemeldet wurden war. Gheorghe Dinca, der urspr\u00fcnglich des Menschenhandels mit Kindern und Vergewaltigung beschuldigt worden war, wird nun, nach der Schuldbekenntnis, des Mordes aus niedrigen Beweggr\u00fcnden angeklagt. Psychiater weisen darauf hin, dass der Beschuldigt ein Serienm\u00f6rder sein k\u00f6nnte, der f\u00fcr l\u00e4ngere Zeit unentdeckt sein Unwesen getrieben habe. Darum k\u00f6nnte die Akte Caracal, erst am Anfang einer Reihe von grausigen Enth\u00fcllungen stehen.<\/p>\n<p>&#13;<br \/>\n&#13;<\/p>\n<p>&#13;<br \/>\n&#13;<\/p>\n<p>&#13;<br \/>\n&#13;<\/p>\n<p>Am Freitag, nach dem die ersten Informationen bekannt wurden, versammelten sich vor dem Haus des T\u00e4ters zahlreiche Schaulustige aber auch viele Menschen, die ihrer Wut gegen\u00fcber der Inkompetenz der Beh\u00f6rden freien Lauf gelassen haben. Proteste gegen die Beh\u00f6rden hat es am Wochenende in Bukarest und anderen rum\u00e4nischen Gro\u200e\u00dfst\u00e4dten gegeben.<\/p>\n<p>&#13;<br \/>\n&#13;<\/p>\n<p>&#13;<br \/>\n&#13;<\/p>\n<p>&#13;<br \/>\n&#13;<\/p>\n<p>Die Entlassungen des Leiters der rum\u00e4nischen Polizei, des Leiters der lokalen Polizei und des Pr\u00e4fekten des Landkreises Olt, haben die emp\u00f6rten Menschen nicht beruhigt. K\u00fcrzlich ist auch der Leiter des geheimen Kommunikationsdienstes zur\u00fcckgetreten.  Landespr\u00e4sident Klaus Iohannis hat f\u00fcr Dienstag einen umfassenden Bericht der Geschehnisse in Caracal vor den Obersten Landesverteidigungsrates gefordert. Der Pr\u00e4sident erkl\u00e4rte, die Amtsenthebung all jener, die sich mit dem Fall befasst haben ist unumg\u00e4nglich aber nicht ausreichend. Es m\u00fcssen die Ursachen, die zu diesem Drama gef\u00fchrt haben ausgeschlossen werden. Er \u00fcbte auch scharfe Kritik an der Regierungsmehrheit und forderte diese auf, die Strafgesetzgebung zum Zweck der Verteidigung der grundlegenden Rechte zu \u00e4ndern und nicht zur Verteidigung der Straft\u00e4ter. Ministerpr\u00e4sidentin Viorica D\u0103ncil\u0103, beschloss unterdessen eine Arbeitsgruppe zu bilden, welche die Reaktionszeit auf kritische Situation verringern soll.<\/p>\n<p>&#13;<br \/>\n&#13;<\/p>\n<p align=center>\n<p>&#13;<\/p>\n","protected":false},"excerpt":{"rendered":"<p>Die emp\u00f6rten B\u00fcrger klagen die Inkompetenz der Beh\u00f6rden im Mordfall eines jungen M\u00e4dchens an.<\/p>\n","protected":false},"author":109,"featured_media":82590,"comment_status":"closed","ping_status":"closed","sticky":false,"template":"","format":"standard","meta":{"_acf_changed":false,"footnotes":""},"categories":[99583],"tags":[104697,99587,34932,33066,104696,29125,104699,103578,104701,101001,104698,99918,104702,143895,104703,104700],"coauthors":[],"class_list":["post-461134","post","type-post","status-publish","format-standard","has-post-thumbnail","hentry","category-rri-aktuell","tag-alexandra","tag-bukarest","tag-caracal","tag-dancila","tag-dinca","tag-iohannis","tag-luiza","tag-menschenhandel","tag-mord","tag-notruf","tag-ordnungskraefte","tag-polizei","tag-praefekt","tag-proteste-de","tag-strafgesetzgebung","tag-vergewaltigung"],"acf":[],"yoast_head":"<!-- This site is optimized with the Yoast SEO plugin v27.3 - https:\/\/yoast.com\/product\/yoast-seo-wordpress\/ -->\n<title>Ein Mordfall ersch\u00fcttert ganz Rum\u00e4nien - Radio Rum\u00e4nien International<\/title>\n<meta name=\"robots\" content=\"index, follow, max-snippet:-1, max-image-preview:large, max-video-preview:-1\" \/>\n<link rel=\"canonical\" href=\"https:\/\/www.rri.ro\/de\/aktuell\/rri-aktuell\/ein-mordfall-erschuettert-ganz-rumaenien-id461134.html\" \/>\n<meta property=\"og:locale\" content=\"de_DE\" \/>\n<meta property=\"og:type\" content=\"article\" \/>\n<meta property=\"og:title\" content=\"Ein Mordfall ersch\u00fcttert ganz Rum\u00e4nien - Radio Rum\u00e4nien International\" \/>\n<meta property=\"og:description\" content=\"Die emp\u00f6rten B\u00fcrger klagen die Inkompetenz der Beh\u00f6rden im Mordfall eines jungen M\u00e4dchens an.\" \/>\n<meta property=\"og:url\" content=\"https:\/\/www.rri.ro\/de\/aktuell\/rri-aktuell\/ein-mordfall-erschuettert-ganz-rumaenien-id461134.html\" \/>\n<meta property=\"og:site_name\" content=\"Radio Rum\u00e4nien International\" \/>\n<meta property=\"article:published_time\" content=\"2019-07-29T13:38:00+00:00\" \/>\n<meta property=\"article:modified_time\" content=\"2024-02-19T18:50:00+00:00\" \/>\n<meta property=\"og:image\" content=\"https:\/\/www.rri.ro\/wp-content\/uploads\/2023\/10\/protest-crima-caracal-buc-agerpres.jpg\" \/>\n\t<meta property=\"og:image:width\" content=\"640\" \/>\n\t<meta property=\"og:image:height\" content=\"426\" \/>\n\t<meta property=\"og:image:type\" content=\"image\/jpeg\" \/>\n<meta name=\"author\" content=\"Roxana Vasile\" \/>\n<meta name=\"twitter:card\" content=\"summary_large_image\" \/>\n<meta name=\"twitter:label1\" content=\"Verfasst von\" \/>\n\t<meta name=\"twitter:data1\" content=\"Roxana Vasile\" \/>\n\t<meta name=\"twitter:label2\" content=\"Gesch\u00e4tzte Lesezeit\" \/>\n\t<meta name=\"twitter:data2\" content=\"2\u00a0Minuten\" \/>\n\t<meta name=\"twitter:label3\" content=\"Written by\" \/>\n\t<meta name=\"twitter:data3\" content=\"Roxana Vasile\" \/>\n<script type=\"application\/ld+json\" class=\"yoast-schema-graph\">{\"@context\":\"https:\\\/\\\/schema.org\",\"@graph\":[{\"@type\":\"Article\",\"@id\":\"https:\\\/\\\/www.rri.ro\\\/de\\\/aktuell\\\/rri-aktuell\\\/ein-mordfall-erschuettert-ganz-rumaenien-id461134.html#article\",\"isPartOf\":{\"@id\":\"https:\\\/\\\/www.rri.ro\\\/de\\\/aktuell\\\/rri-aktuell\\\/ein-mordfall-erschuettert-ganz-rumaenien-id461134.html\"},\"author\":{\"name\":\"Roxana Vasile\",\"@id\":\"https:\\\/\\\/www.rri.ro\\\/#\\\/schema\\\/person\\\/0745b519f2d1287783422f162c4112af\"},\"headline\":\"Ein Mordfall ersch\u00fcttert ganz Rum\u00e4nien\",\"datePublished\":\"2019-07-29T13:38:00+00:00\",\"dateModified\":\"2024-02-19T18:50:00+00:00\",\"mainEntityOfPage\":{\"@id\":\"https:\\\/\\\/www.rri.ro\\\/de\\\/aktuell\\\/rri-aktuell\\\/ein-mordfall-erschuettert-ganz-rumaenien-id461134.html\"},\"wordCount\":477,\"image\":{\"@id\":\"https:\\\/\\\/www.rri.ro\\\/de\\\/aktuell\\\/rri-aktuell\\\/ein-mordfall-erschuettert-ganz-rumaenien-id461134.html#primaryimage\"},\"thumbnailUrl\":\"https:\\\/\\\/www.rri.ro\\\/wp-content\\\/uploads\\\/2023\\\/10\\\/protest-crima-caracal-buc-agerpres.jpg\",\"keywords\":[\"Alexandra\",\"Bukarest\",\"Caracal\",\"Dancila\",\"Dinc\u0103\",\"Iohannis\",\"Luiza\",\"Menschenhandel\",\"Mord\",\"Notruf\",\"Ordnungskr\u00e4fte\",\"Polizei\",\"Pr\u00e4fekt\",\"proteste\",\"Strafgesetzgebung\",\"Vergewaltigung\"],\"articleSection\":[\"RRI Aktuell\"],\"inLanguage\":\"de\"},{\"@type\":\"WebPage\",\"@id\":\"https:\\\/\\\/www.rri.ro\\\/de\\\/aktuell\\\/rri-aktuell\\\/ein-mordfall-erschuettert-ganz-rumaenien-id461134.html\",\"url\":\"https:\\\/\\\/www.rri.ro\\\/de\\\/aktuell\\\/rri-aktuell\\\/ein-mordfall-erschuettert-ganz-rumaenien-id461134.html\",\"name\":\"Ein Mordfall ersch\u00fcttert ganz Rum\u00e4nien - Radio Rum\u00e4nien International\",\"isPartOf\":{\"@id\":\"https:\\\/\\\/www.rri.ro\\\/#website\"},\"primaryImageOfPage\":{\"@id\":\"https:\\\/\\\/www.rri.ro\\\/de\\\/aktuell\\\/rri-aktuell\\\/ein-mordfall-erschuettert-ganz-rumaenien-id461134.html#primaryimage\"},\"image\":{\"@id\":\"https:\\\/\\\/www.rri.ro\\\/de\\\/aktuell\\\/rri-aktuell\\\/ein-mordfall-erschuettert-ganz-rumaenien-id461134.html#primaryimage\"},\"thumbnailUrl\":\"https:\\\/\\\/www.rri.ro\\\/wp-content\\\/uploads\\\/2023\\\/10\\\/protest-crima-caracal-buc-agerpres.jpg\",\"datePublished\":\"2019-07-29T13:38:00+00:00\",\"dateModified\":\"2024-02-19T18:50:00+00:00\",\"author\":{\"@id\":\"https:\\\/\\\/www.rri.ro\\\/#\\\/schema\\\/person\\\/0745b519f2d1287783422f162c4112af\"},\"breadcrumb\":{\"@id\":\"https:\\\/\\\/www.rri.ro\\\/de\\\/aktuell\\\/rri-aktuell\\\/ein-mordfall-erschuettert-ganz-rumaenien-id461134.html#breadcrumb\"},\"inLanguage\":\"de\",\"potentialAction\":[{\"@type\":\"ReadAction\",\"target\":[\"https:\\\/\\\/www.rri.ro\\\/de\\\/aktuell\\\/rri-aktuell\\\/ein-mordfall-erschuettert-ganz-rumaenien-id461134.html\"]}]},{\"@type\":\"ImageObject\",\"inLanguage\":\"de\",\"@id\":\"https:\\\/\\\/www.rri.ro\\\/de\\\/aktuell\\\/rri-aktuell\\\/ein-mordfall-erschuettert-ganz-rumaenien-id461134.html#primaryimage\",\"url\":\"https:\\\/\\\/www.rri.ro\\\/wp-content\\\/uploads\\\/2023\\\/10\\\/protest-crima-caracal-buc-agerpres.jpg\",\"contentUrl\":\"https:\\\/\\\/www.rri.ro\\\/wp-content\\\/uploads\\\/2023\\\/10\\\/protest-crima-caracal-buc-agerpres.jpg\",\"width\":640,\"height\":426},{\"@type\":\"BreadcrumbList\",\"@id\":\"https:\\\/\\\/www.rri.ro\\\/de\\\/aktuell\\\/rri-aktuell\\\/ein-mordfall-erschuettert-ganz-rumaenien-id461134.html#breadcrumb\",\"itemListElement\":[{\"@type\":\"ListItem\",\"position\":1,\"name\":\"Startseite\",\"item\":\"https:\\\/\\\/www.rri.ro\\\/de\"},{\"@type\":\"ListItem\",\"position\":2,\"name\":\"Aktuell\",\"item\":\"https:\\\/\\\/www.rri.ro\\\/de\\\/aktuell\"},{\"@type\":\"ListItem\",\"position\":3,\"name\":\"RRI Aktuell\",\"item\":\"https:\\\/\\\/www.rri.ro\\\/de\\\/aktuell\\\/rri-aktuell\"},{\"@type\":\"ListItem\",\"position\":4,\"name\":\"Ein Mordfall ersch\u00fcttert ganz Rum\u00e4nien\"}]},{\"@type\":\"WebSite\",\"@id\":\"https:\\\/\\\/www.rri.ro\\\/#website\",\"url\":\"https:\\\/\\\/www.rri.ro\\\/\",\"name\":\"Radio Rum\u00e4nien International\",\"description\":\"Totul despre Rom\u00e2nia \u015fi rom\u00e2ni, \u00een 13 limbi\\\/dialecte!\",\"inLanguage\":\"de\"},{\"@type\":\"Person\",\"@id\":\"https:\\\/\\\/www.rri.ro\\\/#\\\/schema\\\/person\\\/0745b519f2d1287783422f162c4112af\",\"name\":\"Roxana Vasile\",\"url\":\"https:\\\/\\\/www.rri.ro\\\/de\\\/author\\\/roxana-vasile\"}]}<\/script>\n<!-- \/ Yoast SEO plugin. -->","yoast_head_json":{"title":"Ein Mordfall ersch\u00fcttert ganz Rum\u00e4nien - Radio Rum\u00e4nien International","robots":{"index":"index","follow":"follow","max-snippet":"max-snippet:-1","max-image-preview":"max-image-preview:large","max-video-preview":"max-video-preview:-1"},"canonical":"https:\/\/www.rri.ro\/de\/aktuell\/rri-aktuell\/ein-mordfall-erschuettert-ganz-rumaenien-id461134.html","og_locale":"de_DE","og_type":"article","og_title":"Ein Mordfall ersch\u00fcttert ganz Rum\u00e4nien - Radio Rum\u00e4nien International","og_description":"Die emp\u00f6rten B\u00fcrger klagen die Inkompetenz der Beh\u00f6rden im Mordfall eines jungen M\u00e4dchens an.","og_url":"https:\/\/www.rri.ro\/de\/aktuell\/rri-aktuell\/ein-mordfall-erschuettert-ganz-rumaenien-id461134.html","og_site_name":"Radio Rum\u00e4nien International","article_published_time":"2019-07-29T13:38:00+00:00","article_modified_time":"2024-02-19T18:50:00+00:00","og_image":[{"width":640,"height":426,"url":"https:\/\/www.rri.ro\/wp-content\/uploads\/2023\/10\/protest-crima-caracal-buc-agerpres.jpg","type":"image\/jpeg"}],"author":"Roxana Vasile","twitter_card":"summary_large_image","twitter_misc":{"Verfasst von":"Roxana Vasile","Gesch\u00e4tzte Lesezeit":"2\u00a0Minuten","Written by":"Roxana Vasile"},"schema":{"@context":"https:\/\/schema.org","@graph":[{"@type":"Article","@id":"https:\/\/www.rri.ro\/de\/aktuell\/rri-aktuell\/ein-mordfall-erschuettert-ganz-rumaenien-id461134.html#article","isPartOf":{"@id":"https:\/\/www.rri.ro\/de\/aktuell\/rri-aktuell\/ein-mordfall-erschuettert-ganz-rumaenien-id461134.html"},"author":{"name":"Roxana Vasile","@id":"https:\/\/www.rri.ro\/#\/schema\/person\/0745b519f2d1287783422f162c4112af"},"headline":"Ein Mordfall ersch\u00fcttert ganz Rum\u00e4nien","datePublished":"2019-07-29T13:38:00+00:00","dateModified":"2024-02-19T18:50:00+00:00","mainEntityOfPage":{"@id":"https:\/\/www.rri.ro\/de\/aktuell\/rri-aktuell\/ein-mordfall-erschuettert-ganz-rumaenien-id461134.html"},"wordCount":477,"image":{"@id":"https:\/\/www.rri.ro\/de\/aktuell\/rri-aktuell\/ein-mordfall-erschuettert-ganz-rumaenien-id461134.html#primaryimage"},"thumbnailUrl":"https:\/\/www.rri.ro\/wp-content\/uploads\/2023\/10\/protest-crima-caracal-buc-agerpres.jpg","keywords":["Alexandra","Bukarest","Caracal","Dancila","Dinc\u0103","Iohannis","Luiza","Menschenhandel","Mord","Notruf","Ordnungskr\u00e4fte","Polizei","Pr\u00e4fekt","proteste","Strafgesetzgebung","Vergewaltigung"],"articleSection":["RRI Aktuell"],"inLanguage":"de"},{"@type":"WebPage","@id":"https:\/\/www.rri.ro\/de\/aktuell\/rri-aktuell\/ein-mordfall-erschuettert-ganz-rumaenien-id461134.html","url":"https:\/\/www.rri.ro\/de\/aktuell\/rri-aktuell\/ein-mordfall-erschuettert-ganz-rumaenien-id461134.html","name":"Ein Mordfall ersch\u00fcttert ganz Rum\u00e4nien - Radio Rum\u00e4nien International","isPartOf":{"@id":"https:\/\/www.rri.ro\/#website"},"primaryImageOfPage":{"@id":"https:\/\/www.rri.ro\/de\/aktuell\/rri-aktuell\/ein-mordfall-erschuettert-ganz-rumaenien-id461134.html#primaryimage"},"image":{"@id":"https:\/\/www.rri.ro\/de\/aktuell\/rri-aktuell\/ein-mordfall-erschuettert-ganz-rumaenien-id461134.html#primaryimage"},"thumbnailUrl":"https:\/\/www.rri.ro\/wp-content\/uploads\/2023\/10\/protest-crima-caracal-buc-agerpres.jpg","datePublished":"2019-07-29T13:38:00+00:00","dateModified":"2024-02-19T18:50:00+00:00","author":{"@id":"https:\/\/www.rri.ro\/#\/schema\/person\/0745b519f2d1287783422f162c4112af"},"breadcrumb":{"@id":"https:\/\/www.rri.ro\/de\/aktuell\/rri-aktuell\/ein-mordfall-erschuettert-ganz-rumaenien-id461134.html#breadcrumb"},"inLanguage":"de","potentialAction":[{"@type":"ReadAction","target":["https:\/\/www.rri.ro\/de\/aktuell\/rri-aktuell\/ein-mordfall-erschuettert-ganz-rumaenien-id461134.html"]}]},{"@type":"ImageObject","inLanguage":"de","@id":"https:\/\/www.rri.ro\/de\/aktuell\/rri-aktuell\/ein-mordfall-erschuettert-ganz-rumaenien-id461134.html#primaryimage","url":"https:\/\/www.rri.ro\/wp-content\/uploads\/2023\/10\/protest-crima-caracal-buc-agerpres.jpg","contentUrl":"https:\/\/www.rri.ro\/wp-content\/uploads\/2023\/10\/protest-crima-caracal-buc-agerpres.jpg","width":640,"height":426},{"@type":"BreadcrumbList","@id":"https:\/\/www.rri.ro\/de\/aktuell\/rri-aktuell\/ein-mordfall-erschuettert-ganz-rumaenien-id461134.html#breadcrumb","itemListElement":[{"@type":"ListItem","position":1,"name":"Startseite","item":"https:\/\/www.rri.ro\/de"},{"@type":"ListItem","position":2,"name":"Aktuell","item":"https:\/\/www.rri.ro\/de\/aktuell"},{"@type":"ListItem","position":3,"name":"RRI Aktuell","item":"https:\/\/www.rri.ro\/de\/aktuell\/rri-aktuell"},{"@type":"ListItem","position":4,"name":"Ein Mordfall ersch\u00fcttert ganz Rum\u00e4nien"}]},{"@type":"WebSite","@id":"https:\/\/www.rri.ro\/#website","url":"https:\/\/www.rri.ro\/","name":"Radio Rum\u00e4nien International","description":"Totul despre Rom\u00e2nia \u015fi rom\u00e2ni, \u00een 13 limbi\/dialecte!","inLanguage":"de"},{"@type":"Person","@id":"https:\/\/www.rri.ro\/#\/schema\/person\/0745b519f2d1287783422f162c4112af","name":"Roxana Vasile","url":"https:\/\/www.rri.ro\/de\/author\/roxana-vasile"}]}},"_links":{"self":[{"href":"https:\/\/www.rri.ro\/de\/wp-json\/wp\/v2\/posts\/461134","targetHints":{"allow":["GET"]}}],"collection":[{"href":"https:\/\/www.rri.ro\/de\/wp-json\/wp\/v2\/posts"}],"about":[{"href":"https:\/\/www.rri.ro\/de\/wp-json\/wp\/v2\/types\/post"}],"author":[{"embeddable":true,"href":"https:\/\/www.rri.ro\/de\/wp-json\/wp\/v2\/users\/109"}],"replies":[{"embeddable":true,"href":"https:\/\/www.rri.ro\/de\/wp-json\/wp\/v2\/comments?post=461134"}],"version-history":[{"count":0,"href":"https:\/\/www.rri.ro\/de\/wp-json\/wp\/v2\/posts\/461134\/revisions"}],"wp:featuredmedia":[{"embeddable":true,"href":"https:\/\/www.rri.ro\/de\/wp-json\/wp\/v2\/media\/82590"}],"wp:attachment":[{"href":"https:\/\/www.rri.ro\/de\/wp-json\/wp\/v2\/media?parent=461134"}],"wp:term":[{"taxonomy":"category","embeddable":true,"href":"https:\/\/www.rri.ro\/de\/wp-json\/wp\/v2\/categories?post=461134"},{"taxonomy":"post_tag","embeddable":true,"href":"https:\/\/www.rri.ro\/de\/wp-json\/wp\/v2\/tags?post=461134"},{"taxonomy":"author","embeddable":true,"href":"https:\/\/www.rri.ro\/de\/wp-json\/wp\/v2\/coauthors?post=461134"}],"curies":[{"name":"wp","href":"https:\/\/api.w.org\/{rel}","templated":true}]}}