{"id":461135,"date":"2019-07-30T15:44:00","date_gmt":"2019-07-30T12:44:00","guid":{"rendered":"http:\/\/devrri.freshlemon.ro\/aktuell\/aenderungen-des-strafgesetzes-fuer-verfassungswidrig-erklaert-id461135.html"},"modified":"2024-02-19T20:50:01","modified_gmt":"2024-02-19T18:50:01","slug":"aenderungen-des-strafgesetzes-fuer-verfassungswidrig-erklaert","status":"publish","type":"post","link":"https:\/\/www.rri.ro\/de\/aktuell\/rri-aktuell\/aenderungen-des-strafgesetzes-fuer-verfassungswidrig-erklaert-id461135.html","title":{"rendered":"\u00c4nderungen des Strafgesetzes f\u00fcr verfassungswidrig erkl\u00e4rt"},"content":{"rendered":"<p>Das Verfassungsgericht hat seinen Beschlu\u200e\u00df dadurch begr\u00fcndet,  dass das Parlament seiner Verpflichtung, diese \u00c4nderungen mit fr\u00fcheren Urteilen des Verfassungsgerichts in Einklang zu bringen, nicht nachgekommen sei. Ein Urteil in diesem Fall hatte das Verfassungsgericht allerdings sieben Mal verschoben. Die fraglichen \u00c4nderungen beziehen sich unter anderem auf eine erhebliche Verk\u00fcrzung der Verj\u00e4hrungsfristen f\u00fcr als sozial besonders gef\u00e4hrlich eingestuften Straftaten bei gleichzeitiger Verk\u00fcrzung der Sonderverj\u00e4hrungsfristen auf die H\u00e4lfte. Halbiert wurden auch die Strafen f\u00fcr Veruntreuung und Amtsmissbrauch, wenn T\u00e4ter den Schaden decken, bevor eine endg\u00fcltige Entscheidung getroffen wird.<\/p>\n<p>&#13;<br \/>\n&#13;<\/p>\n<p>&#13;<br \/>\n&#13;<\/p>\n<p>Was die Strafprozessordnung betrifft, so betrafen die \u00c4nderungen unter anderem die Erkenntnisse aus den Haftbefehlen der nationalen Sicherheit, die von den Gerichten der allgemeinen Gerichtsbarkeit auch in Korruptions-, Vergewaltigungs- oder Mordf\u00e4llen nicht mehr genutzt werden sollten. Weitere \u00c4nderungen sollten es den Staatsanw\u00e4lten verbieten, bei einer Durchsuchung Beweismittel zu sammeln, wenn es sich um eine andere als die Straftat handelt, f\u00fcr die der Durchsuchungsbefehl erlassen wurde. Eine andere \u00c4nderung machte Berichte an die Beh\u00f6rden \u00fcber einen T\u00e4ter ung\u00fcltig, wenn die Straftat \u00e4lter als ein Jahr ist.<\/p>\n<p>&#13;<br \/>\n&#13;<\/p>\n<p>&#13;<br \/>\n&#13;<\/p>\n<p>Pr\u00e4sident Klaus Iohannis, die National-Liberalen und die Union Rettet Rum\u00e4nien hatten die besagten \u00c4nderungen vor dem Verfassungsgericht angefochten. Durch die von der parlamentarischen Mehrheit aus der sozial-demokratischen Partei PSD und der Allianz der Liberalen und Demokraten ALDE verabschiedeten Gesetze seien mehr als 300 sch\u00e4dliche \u00c4nderungen am rum\u00e4nischen Strafrecht vorgenommen worden, so die Opposition. Klaus Iohannis begr\u00fc\u200e\u00dfte die Entscheidung des Verfassungsgerichts und forderte das Parlament auf, alle Initiativen zur \u00c4nderung von Vorschriften des Strafrechts abzulehnen und die bereits durchgef\u00fchrten \u00c4nderungen an den Justizgesetzen aufzuheben. Der Vorsitzende der liberalen Partei Ludovic Orban fordert das Parlament wiederum auf, die neuen Strafgesetzb\u00fccher als Ganzes abzulehnen und gegebenenfalls nach Anh\u00f6rung und Debatte der \u00d6ffentlichkeit weitere Anpassungen durch einen neuen Gesetzentwurf vorzunehmen. Die Union Rettet Rum\u00e4nien fordert ihreseits, dass Polizeichefs aufgrund ihrer Verdienste ernannt werden. <\/p>\n<p>&#13;<br \/>\n&#13;<\/p>\n<p>&#13;<br \/>\n&#13;<\/p>\n<p>Unterdessen k\u00fcndigte die Regierungskoalition an, dass sie an einer Regierungsnotverordnung zur Verbesserung des rechtlichen Rahmens arbeiten w\u00fcrde. PSD und ALDE entschieden des Weiteres, eine Sondersitzung des Parlaments einzuberufen. \u00dcber das Urteil des rum\u00e4nischen Verfassungsgerichts gegen die \u00c4nderung des Strafgesetzes haben auch die internationalen Medien berichtet. Die sozialdemokratische Regierung habe seit dem Amtsantritt im Jahr 2016 eine Reihe von Gesetzes\u00e4nderungen vorgenommen, die die Unabh\u00e4ngigkeit der Justiz bedrohen und sowohl in Br\u00fcssel als auch in Bukarest Besorgnis ausl\u00f6sen, schreibt Reuters. Auch die Venedig-Kommission habe die Aufhebung dieser \u00c4nderungen beantragt, erinnert die Presseagentur.<\/p>\n<p>&#13;<br \/>\n&#13;<\/p>\n<p>&#13;<br \/>\n&#13;<\/p>\n<p>&#13;<br \/>\n&#13;<\/p>\n<p>&#13;<br \/>\n&#13;<\/p>\n<p>&#13;<br \/>\n&#13;<\/p>\n<p>&#13;<br \/>\n&#13;<\/p>\n<p>&#13;<\/p>\n","protected":false},"excerpt":{"rendered":"<p>Die vom Parlament vorgenommenen \u00c4nderungen des Strafgesetzbuches und der Strafprozessordnung sind verfassungswidrig, haben die Richter des Verfassungsgerichtshofes am Montag einstimmig entschieden.<\/p>\n","protected":false},"author":107,"featured_media":51330,"comment_status":"closed","ping_status":"closed","sticky":false,"template":"","format":"standard","meta":{"_acf_changed":false,"footnotes":""},"categories":[99583],"tags":[31338,28945,31837,29386,100694,100981,100151,104704,102182],"coauthors":[],"class_list":["post-461135","post","type-post","status-publish","format-standard","has-post-thumbnail","hentry","category-rri-aktuell","tag-alde","tag-klaus-iohannis","tag-opposition","tag-psd","tag-strafgesetz","tag-strafprozessordnung","tag-venedig-kommission","tag-verfaasungsgericht","tag-verfassungswidrig"],"acf":[],"yoast_head":"<!-- This site is optimized with the Yoast SEO plugin v27.5 - https:\/\/yoast.com\/product\/yoast-seo-wordpress\/ -->\n<title>\u00c4nderungen des Strafgesetzes f\u00fcr verfassungswidrig erkl\u00e4rt - Radio Rum\u00e4nien International<\/title>\n<meta name=\"robots\" content=\"index, follow, max-snippet:-1, max-image-preview:large, max-video-preview:-1\" \/>\n<link rel=\"canonical\" href=\"https:\/\/www.rri.ro\/de\/aktuell\/rri-aktuell\/aenderungen-des-strafgesetzes-fuer-verfassungswidrig-erklaert-id461135.html\" \/>\n<meta property=\"og:locale\" content=\"de_DE\" \/>\n<meta property=\"og:type\" content=\"article\" \/>\n<meta property=\"og:title\" content=\"\u00c4nderungen des Strafgesetzes f\u00fcr verfassungswidrig erkl\u00e4rt - Radio Rum\u00e4nien International\" \/>\n<meta property=\"og:description\" content=\"Die vom Parlament vorgenommenen \u00c4nderungen des Strafgesetzbuches und der Strafprozessordnung sind verfassungswidrig, haben die Richter des Verfassungsgerichtshofes am Montag einstimmig entschieden.\" \/>\n<meta property=\"og:url\" content=\"https:\/\/www.rri.ro\/de\/aktuell\/rri-aktuell\/aenderungen-des-strafgesetzes-fuer-verfassungswidrig-erklaert-id461135.html\" \/>\n<meta property=\"og:site_name\" content=\"Radio Rum\u00e4nien International\" \/>\n<meta property=\"article:published_time\" content=\"2019-07-30T12:44:00+00:00\" \/>\n<meta property=\"article:modified_time\" content=\"2024-02-19T18:50:01+00:00\" \/>\n<meta property=\"og:image\" content=\"https:\/\/www.rri.ro\/wp-content\/uploads\/2023\/10\/curtea-constitutionala-detaliu.png\" \/>\n\t<meta property=\"og:image:width\" content=\"640\" \/>\n\t<meta property=\"og:image:height\" content=\"524\" \/>\n\t<meta property=\"og:image:type\" content=\"image\/png\" \/>\n<meta name=\"author\" content=\"Daniela Budu\" \/>\n<meta name=\"twitter:card\" content=\"summary_large_image\" \/>\n<meta name=\"twitter:label1\" content=\"Verfasst von\" \/>\n\t<meta name=\"twitter:data1\" content=\"Daniela Budu\" \/>\n\t<meta name=\"twitter:label2\" content=\"Gesch\u00e4tzte Lesezeit\" \/>\n\t<meta name=\"twitter:data2\" content=\"2\u00a0Minuten\" \/>\n\t<meta name=\"twitter:label3\" content=\"Written by\" \/>\n\t<meta name=\"twitter:data3\" content=\"Daniela Budu\" \/>\n<script type=\"application\/ld+json\" class=\"yoast-schema-graph\">{\"@context\":\"https:\\\/\\\/schema.org\",\"@graph\":[{\"@type\":\"Article\",\"@id\":\"https:\\\/\\\/www.rri.ro\\\/de\\\/aktuell\\\/rri-aktuell\\\/aenderungen-des-strafgesetzes-fuer-verfassungswidrig-erklaert-id461135.html#article\",\"isPartOf\":{\"@id\":\"https:\\\/\\\/www.rri.ro\\\/de\\\/aktuell\\\/rri-aktuell\\\/aenderungen-des-strafgesetzes-fuer-verfassungswidrig-erklaert-id461135.html\"},\"author\":{\"name\":\"Daniela Budu\",\"@id\":\"https:\\\/\\\/www.rri.ro\\\/#\\\/schema\\\/person\\\/b46b8f80d7d6e4b5ac9f14f0acbad0c4\"},\"headline\":\"\u00c4nderungen des Strafgesetzes f\u00fcr verfassungswidrig erkl\u00e4rt\",\"datePublished\":\"2019-07-30T12:44:00+00:00\",\"dateModified\":\"2024-02-19T18:50:01+00:00\",\"mainEntityOfPage\":{\"@id\":\"https:\\\/\\\/www.rri.ro\\\/de\\\/aktuell\\\/rri-aktuell\\\/aenderungen-des-strafgesetzes-fuer-verfassungswidrig-erklaert-id461135.html\"},\"wordCount\":430,\"image\":{\"@id\":\"https:\\\/\\\/www.rri.ro\\\/de\\\/aktuell\\\/rri-aktuell\\\/aenderungen-des-strafgesetzes-fuer-verfassungswidrig-erklaert-id461135.html#primaryimage\"},\"thumbnailUrl\":\"https:\\\/\\\/www.rri.ro\\\/wp-content\\\/uploads\\\/2023\\\/10\\\/curtea-constitutionala-detaliu.png\",\"keywords\":[\"ALDE\",\"Klaus Iohannis\",\"opposition\",\"PSD\",\"Strafgesetz\",\"Strafprozessordnung\",\"Venedig Kommission\",\"Verfaasungsgericht\",\"verfassungswidrig\"],\"articleSection\":[\"RRI Aktuell\"],\"inLanguage\":\"de\"},{\"@type\":\"WebPage\",\"@id\":\"https:\\\/\\\/www.rri.ro\\\/de\\\/aktuell\\\/rri-aktuell\\\/aenderungen-des-strafgesetzes-fuer-verfassungswidrig-erklaert-id461135.html\",\"url\":\"https:\\\/\\\/www.rri.ro\\\/de\\\/aktuell\\\/rri-aktuell\\\/aenderungen-des-strafgesetzes-fuer-verfassungswidrig-erklaert-id461135.html\",\"name\":\"\u00c4nderungen des Strafgesetzes f\u00fcr verfassungswidrig erkl\u00e4rt - Radio Rum\u00e4nien International\",\"isPartOf\":{\"@id\":\"https:\\\/\\\/www.rri.ro\\\/#website\"},\"primaryImageOfPage\":{\"@id\":\"https:\\\/\\\/www.rri.ro\\\/de\\\/aktuell\\\/rri-aktuell\\\/aenderungen-des-strafgesetzes-fuer-verfassungswidrig-erklaert-id461135.html#primaryimage\"},\"image\":{\"@id\":\"https:\\\/\\\/www.rri.ro\\\/de\\\/aktuell\\\/rri-aktuell\\\/aenderungen-des-strafgesetzes-fuer-verfassungswidrig-erklaert-id461135.html#primaryimage\"},\"thumbnailUrl\":\"https:\\\/\\\/www.rri.ro\\\/wp-content\\\/uploads\\\/2023\\\/10\\\/curtea-constitutionala-detaliu.png\",\"datePublished\":\"2019-07-30T12:44:00+00:00\",\"dateModified\":\"2024-02-19T18:50:01+00:00\",\"author\":{\"@id\":\"https:\\\/\\\/www.rri.ro\\\/#\\\/schema\\\/person\\\/b46b8f80d7d6e4b5ac9f14f0acbad0c4\"},\"breadcrumb\":{\"@id\":\"https:\\\/\\\/www.rri.ro\\\/de\\\/aktuell\\\/rri-aktuell\\\/aenderungen-des-strafgesetzes-fuer-verfassungswidrig-erklaert-id461135.html#breadcrumb\"},\"inLanguage\":\"de\",\"potentialAction\":[{\"@type\":\"ReadAction\",\"target\":[\"https:\\\/\\\/www.rri.ro\\\/de\\\/aktuell\\\/rri-aktuell\\\/aenderungen-des-strafgesetzes-fuer-verfassungswidrig-erklaert-id461135.html\"]}]},{\"@type\":\"ImageObject\",\"inLanguage\":\"de\",\"@id\":\"https:\\\/\\\/www.rri.ro\\\/de\\\/aktuell\\\/rri-aktuell\\\/aenderungen-des-strafgesetzes-fuer-verfassungswidrig-erklaert-id461135.html#primaryimage\",\"url\":\"https:\\\/\\\/www.rri.ro\\\/wp-content\\\/uploads\\\/2023\\\/10\\\/curtea-constitutionala-detaliu.png\",\"contentUrl\":\"https:\\\/\\\/www.rri.ro\\\/wp-content\\\/uploads\\\/2023\\\/10\\\/curtea-constitutionala-detaliu.png\",\"width\":640,\"height\":524},{\"@type\":\"BreadcrumbList\",\"@id\":\"https:\\\/\\\/www.rri.ro\\\/de\\\/aktuell\\\/rri-aktuell\\\/aenderungen-des-strafgesetzes-fuer-verfassungswidrig-erklaert-id461135.html#breadcrumb\",\"itemListElement\":[{\"@type\":\"ListItem\",\"position\":1,\"name\":\"Startseite\",\"item\":\"https:\\\/\\\/www.rri.ro\\\/de\"},{\"@type\":\"ListItem\",\"position\":2,\"name\":\"Aktuell\",\"item\":\"https:\\\/\\\/www.rri.ro\\\/de\\\/aktuell\"},{\"@type\":\"ListItem\",\"position\":3,\"name\":\"RRI Aktuell\",\"item\":\"https:\\\/\\\/www.rri.ro\\\/de\\\/aktuell\\\/rri-aktuell\"},{\"@type\":\"ListItem\",\"position\":4,\"name\":\"\u00c4nderungen des Strafgesetzes f\u00fcr verfassungswidrig erkl\u00e4rt\"}]},{\"@type\":\"WebSite\",\"@id\":\"https:\\\/\\\/www.rri.ro\\\/#website\",\"url\":\"https:\\\/\\\/www.rri.ro\\\/\",\"name\":\"Radio Rum\u00e4nien International\",\"description\":\"Totul despre Rom\u00e2nia \u015fi rom\u00e2ni, \u00een 13 limbi\\\/dialecte!\",\"inLanguage\":\"de\"},{\"@type\":\"Person\",\"@id\":\"https:\\\/\\\/www.rri.ro\\\/#\\\/schema\\\/person\\\/b46b8f80d7d6e4b5ac9f14f0acbad0c4\",\"name\":\"Daniela Budu\",\"url\":\"https:\\\/\\\/www.rri.ro\\\/de\\\/author\\\/daniela-budu\"}]}<\/script>\n<!-- \/ Yoast SEO plugin. -->","yoast_head_json":{"title":"\u00c4nderungen des Strafgesetzes f\u00fcr verfassungswidrig erkl\u00e4rt - Radio Rum\u00e4nien International","robots":{"index":"index","follow":"follow","max-snippet":"max-snippet:-1","max-image-preview":"max-image-preview:large","max-video-preview":"max-video-preview:-1"},"canonical":"https:\/\/www.rri.ro\/de\/aktuell\/rri-aktuell\/aenderungen-des-strafgesetzes-fuer-verfassungswidrig-erklaert-id461135.html","og_locale":"de_DE","og_type":"article","og_title":"\u00c4nderungen des Strafgesetzes f\u00fcr verfassungswidrig erkl\u00e4rt - Radio Rum\u00e4nien International","og_description":"Die vom Parlament vorgenommenen \u00c4nderungen des Strafgesetzbuches und der Strafprozessordnung sind verfassungswidrig, haben die Richter des Verfassungsgerichtshofes am Montag einstimmig entschieden.","og_url":"https:\/\/www.rri.ro\/de\/aktuell\/rri-aktuell\/aenderungen-des-strafgesetzes-fuer-verfassungswidrig-erklaert-id461135.html","og_site_name":"Radio Rum\u00e4nien International","article_published_time":"2019-07-30T12:44:00+00:00","article_modified_time":"2024-02-19T18:50:01+00:00","og_image":[{"width":640,"height":524,"url":"https:\/\/www.rri.ro\/wp-content\/uploads\/2023\/10\/curtea-constitutionala-detaliu.png","type":"image\/png"}],"author":"Daniela Budu","twitter_card":"summary_large_image","twitter_misc":{"Verfasst von":"Daniela Budu","Gesch\u00e4tzte Lesezeit":"2\u00a0Minuten","Written by":"Daniela Budu"},"schema":{"@context":"https:\/\/schema.org","@graph":[{"@type":"Article","@id":"https:\/\/www.rri.ro\/de\/aktuell\/rri-aktuell\/aenderungen-des-strafgesetzes-fuer-verfassungswidrig-erklaert-id461135.html#article","isPartOf":{"@id":"https:\/\/www.rri.ro\/de\/aktuell\/rri-aktuell\/aenderungen-des-strafgesetzes-fuer-verfassungswidrig-erklaert-id461135.html"},"author":{"name":"Daniela Budu","@id":"https:\/\/www.rri.ro\/#\/schema\/person\/b46b8f80d7d6e4b5ac9f14f0acbad0c4"},"headline":"\u00c4nderungen des Strafgesetzes f\u00fcr verfassungswidrig erkl\u00e4rt","datePublished":"2019-07-30T12:44:00+00:00","dateModified":"2024-02-19T18:50:01+00:00","mainEntityOfPage":{"@id":"https:\/\/www.rri.ro\/de\/aktuell\/rri-aktuell\/aenderungen-des-strafgesetzes-fuer-verfassungswidrig-erklaert-id461135.html"},"wordCount":430,"image":{"@id":"https:\/\/www.rri.ro\/de\/aktuell\/rri-aktuell\/aenderungen-des-strafgesetzes-fuer-verfassungswidrig-erklaert-id461135.html#primaryimage"},"thumbnailUrl":"https:\/\/www.rri.ro\/wp-content\/uploads\/2023\/10\/curtea-constitutionala-detaliu.png","keywords":["ALDE","Klaus Iohannis","opposition","PSD","Strafgesetz","Strafprozessordnung","Venedig Kommission","Verfaasungsgericht","verfassungswidrig"],"articleSection":["RRI Aktuell"],"inLanguage":"de"},{"@type":"WebPage","@id":"https:\/\/www.rri.ro\/de\/aktuell\/rri-aktuell\/aenderungen-des-strafgesetzes-fuer-verfassungswidrig-erklaert-id461135.html","url":"https:\/\/www.rri.ro\/de\/aktuell\/rri-aktuell\/aenderungen-des-strafgesetzes-fuer-verfassungswidrig-erklaert-id461135.html","name":"\u00c4nderungen des Strafgesetzes f\u00fcr verfassungswidrig erkl\u00e4rt - Radio Rum\u00e4nien International","isPartOf":{"@id":"https:\/\/www.rri.ro\/#website"},"primaryImageOfPage":{"@id":"https:\/\/www.rri.ro\/de\/aktuell\/rri-aktuell\/aenderungen-des-strafgesetzes-fuer-verfassungswidrig-erklaert-id461135.html#primaryimage"},"image":{"@id":"https:\/\/www.rri.ro\/de\/aktuell\/rri-aktuell\/aenderungen-des-strafgesetzes-fuer-verfassungswidrig-erklaert-id461135.html#primaryimage"},"thumbnailUrl":"https:\/\/www.rri.ro\/wp-content\/uploads\/2023\/10\/curtea-constitutionala-detaliu.png","datePublished":"2019-07-30T12:44:00+00:00","dateModified":"2024-02-19T18:50:01+00:00","author":{"@id":"https:\/\/www.rri.ro\/#\/schema\/person\/b46b8f80d7d6e4b5ac9f14f0acbad0c4"},"breadcrumb":{"@id":"https:\/\/www.rri.ro\/de\/aktuell\/rri-aktuell\/aenderungen-des-strafgesetzes-fuer-verfassungswidrig-erklaert-id461135.html#breadcrumb"},"inLanguage":"de","potentialAction":[{"@type":"ReadAction","target":["https:\/\/www.rri.ro\/de\/aktuell\/rri-aktuell\/aenderungen-des-strafgesetzes-fuer-verfassungswidrig-erklaert-id461135.html"]}]},{"@type":"ImageObject","inLanguage":"de","@id":"https:\/\/www.rri.ro\/de\/aktuell\/rri-aktuell\/aenderungen-des-strafgesetzes-fuer-verfassungswidrig-erklaert-id461135.html#primaryimage","url":"https:\/\/www.rri.ro\/wp-content\/uploads\/2023\/10\/curtea-constitutionala-detaliu.png","contentUrl":"https:\/\/www.rri.ro\/wp-content\/uploads\/2023\/10\/curtea-constitutionala-detaliu.png","width":640,"height":524},{"@type":"BreadcrumbList","@id":"https:\/\/www.rri.ro\/de\/aktuell\/rri-aktuell\/aenderungen-des-strafgesetzes-fuer-verfassungswidrig-erklaert-id461135.html#breadcrumb","itemListElement":[{"@type":"ListItem","position":1,"name":"Startseite","item":"https:\/\/www.rri.ro\/de"},{"@type":"ListItem","position":2,"name":"Aktuell","item":"https:\/\/www.rri.ro\/de\/aktuell"},{"@type":"ListItem","position":3,"name":"RRI Aktuell","item":"https:\/\/www.rri.ro\/de\/aktuell\/rri-aktuell"},{"@type":"ListItem","position":4,"name":"\u00c4nderungen des Strafgesetzes f\u00fcr verfassungswidrig erkl\u00e4rt"}]},{"@type":"WebSite","@id":"https:\/\/www.rri.ro\/#website","url":"https:\/\/www.rri.ro\/","name":"Radio Rum\u00e4nien International","description":"Totul despre Rom\u00e2nia \u015fi rom\u00e2ni, \u00een 13 limbi\/dialecte!","inLanguage":"de"},{"@type":"Person","@id":"https:\/\/www.rri.ro\/#\/schema\/person\/b46b8f80d7d6e4b5ac9f14f0acbad0c4","name":"Daniela Budu","url":"https:\/\/www.rri.ro\/de\/author\/daniela-budu"}]}},"_links":{"self":[{"href":"https:\/\/www.rri.ro\/de\/wp-json\/wp\/v2\/posts\/461135","targetHints":{"allow":["GET"]}}],"collection":[{"href":"https:\/\/www.rri.ro\/de\/wp-json\/wp\/v2\/posts"}],"about":[{"href":"https:\/\/www.rri.ro\/de\/wp-json\/wp\/v2\/types\/post"}],"author":[{"embeddable":true,"href":"https:\/\/www.rri.ro\/de\/wp-json\/wp\/v2\/users\/107"}],"replies":[{"embeddable":true,"href":"https:\/\/www.rri.ro\/de\/wp-json\/wp\/v2\/comments?post=461135"}],"version-history":[{"count":0,"href":"https:\/\/www.rri.ro\/de\/wp-json\/wp\/v2\/posts\/461135\/revisions"}],"wp:featuredmedia":[{"embeddable":true,"href":"https:\/\/www.rri.ro\/de\/wp-json\/wp\/v2\/media\/51330"}],"wp:attachment":[{"href":"https:\/\/www.rri.ro\/de\/wp-json\/wp\/v2\/media?parent=461135"}],"wp:term":[{"taxonomy":"category","embeddable":true,"href":"https:\/\/www.rri.ro\/de\/wp-json\/wp\/v2\/categories?post=461135"},{"taxonomy":"post_tag","embeddable":true,"href":"https:\/\/www.rri.ro\/de\/wp-json\/wp\/v2\/tags?post=461135"},{"taxonomy":"author","embeddable":true,"href":"https:\/\/www.rri.ro\/de\/wp-json\/wp\/v2\/coauthors?post=461135"}],"curies":[{"name":"wp","href":"https:\/\/api.w.org\/{rel}","templated":true}]}}