{"id":461143,"date":"2019-08-14T17:04:00","date_gmt":"2019-08-14T14:04:00","guid":{"rendered":"http:\/\/devrri.freshlemon.ro\/aktuell\/us-rumaenischer-gipfel-am-20-august-id461143.html"},"modified":"2024-02-19T20:50:09","modified_gmt":"2024-02-19T18:50:09","slug":"us-rumaenischer-gipfel-am-20-august","status":"publish","type":"post","link":"https:\/\/www.rri.ro\/de\/aktuell\/rri-aktuell\/us-rumaenischer-gipfel-am-20-august-id461143.html","title":{"rendered":"US-rum\u00e4nischer Gipfel am 20. August"},"content":{"rendered":"<p dir=ltr style=line-height:1.38;margin-top:0pt;margin-bottom:0pt;>Der rum\u00e4nische Pr\u00e4sident Klaus Iohannis wird am 20. August das Wei\u200e\u00dfe Haus besuchen und dabei US-Pr\u00e4sident Donald Trump zu einem Besuch in Rum\u00e4nien einladen. Im Studio ist AG, Autorin war Daniela Budu.<\/p>\n<p>&#13;<br \/>\n&#13;<\/p>\n<p>&#13;<br \/>\n&#13;<\/p>\n<p dir=ltr style=line-height:1.38;margin-top:0pt;margin-bottom:0pt;>Am 20. August, wenn er den USA einen offiziellen Besuch abstattet, wird der rum\u00e4nische Pr\u00e4sident Klaus Iohannis mit seinem amerikanischen Amtskollegen Donald Trump eine Reihe wichtiger Fragen er\u00f6rtern, darunter Energiesicherheit und das Programm zur visumsfreien Einreise  rum\u00e4nischer B\u00fcrger in die USA. Pr\u00e4sident Iohannis erkl\u00e4rte, dass es zudem um weitere sehr wichtige Themen gibt, die angegangen werden m\u00fcssen, wie die strategische Partnerschaft, Sicherheitsaspekte, die NATO und die Bereitstellung von 2 % des BIP f\u00fcr die Verteidigung und die Wirtschaftsbeziehungen.<\/p>\n<p>&#13;<br \/>\n&#13;<\/p>\n<p>&#13;<br \/>\n&#13;<\/p>\n<p dir=ltr style=line-height:1.38;margin-top:0pt;margin-bottom:0pt;>\n<p>&#13;<br \/>\n&#13;<\/p>\n<p>&#13;<br \/>\n&#13;<\/p>\n<p dir=ltr style=line-height:1.38;margin-top:0pt;margin-bottom:0pt;>Ebenfalls diskutiert werden die Ausr\u00fcstung der Armee, die Kooperation der beiden L\u00e4nder in Afghanistan. Das Visa Waiver Programm stellte Iohannis in den Vordergrund &#8211; er forderte, die Dinge etwas zu beschleunigen. Er erkl\u00e4rte jedoch, dass es der amerikanische Kongress sei, der die Entscheidung treffen m\u00fcsse, Rum\u00e4nien in das Visa Waiver-Programm aufzunehmen. Auch werde dieses Thema aus der Perspektive der Visa-Reziprozit\u00e4t zwischen den USA und der EU behandelt. Im Dezember 2018 forderte die Europ\u00e4ische Kommission die USA erneut auf, die Visumpflicht f\u00fcr alle EU-Mitgliedstaaten, einschlie\u200e\u00dflich Rum\u00e4nien, aufzuheben.<\/p>\n<p>&#13;<br \/>\n&#13;<\/p>\n<p>&#13;<br \/>\n&#13;<\/p>\n<p dir=ltr style=line-height:1.38;margin-top:0pt;margin-bottom:0pt;>\n<p>&#13;<br \/>\n&#13;<\/p>\n<p>&#13;<br \/>\n&#13;<\/p>\n<p dir=ltr style=line-height:1.38;margin-top:0pt;margin-bottom:0pt;>Pr\u00e4sident Iohannis hat auch gesagt, dass die Amerikaner besorgt sind, dass Europa im Energiesektor zu sehr von Russland abh\u00e4ngig wird. &#8222;Energie ist ein sensibles und wichtiges Thema. Energiesicherheit ist eine Frage der nationalen Sicherheit&#8220;, erkl\u00e4rte der rum\u00e4nische Pr\u00e4sident. Iohannis will mit Donald Trump auch \u00fcber das in Rum\u00e4nien stationierte amerikanische Milit\u00e4r sprechen und erl\u00e4ren, dass das Land mehr amerikanische Truppen aufnehmen kann. Auf Wunsch Washingtons hat Rum\u00e4nien auf der letzten Sitzung des H\u00f6heren Verteidigungsrates beschlossen, die Zahl der rum\u00e4nischen Streitkr\u00e4fte in Afghanistan zu erh\u00f6hen.<\/p>\n<p>&#13;<br \/>\n&#13;<\/p>\n<p>&#13;<br \/>\n&#13;<\/p>\n<p dir=ltr style=line-height:1.38;margin-top:0pt;margin-bottom:0pt;>\n<p>&#13;<br \/>\n&#13;<\/p>\n<p>&#13;<br \/>\n&#13;<\/p>\n<p dir=ltr style=line-height:1.38;margin-top:0pt;margin-bottom:0pt;>Derzeit verf\u00fcgt Rum\u00e4nien \u00fcber 1.033 Milit\u00e4rs in Auslandsmissionen, davon 762 in Afghanistan. Andererseits besagt eine Pressemitteilung des Wei\u200e\u00dfen Hauses, dass der Besuch des rum\u00e4nischen Pr\u00e4sidenten in den USA stattfinden wird, da das Land das drei\u200e\u00dfigste Jahr seit dem Fall des Kommunismus und das f\u00fcnfzehnte Jahr der NATO-Mitgliedschaft feiert, und Pr\u00e4sident Trump sich darauf freut, diese wichtigen Termine mit Pr\u00e4sident Iohannis gemeinsame zu feiern. Die beiden Staats- und Regierungschefs werden er\u00f6rtern, wie die zahlreichen gemeinsamen Sicherheitsherausforderungen f\u00fcr die Vereinigten Staaten und Rum\u00e4nien am besten bew\u00e4ltigt werden k\u00f6nnen und wie faire und gegenseitige Handels- und Energiepartnerschaften gef\u00f6rdert werden k\u00f6nnen. Iohannis und Trump trafen sich auch 2017 im Wei\u200e\u00dfen Haus, als sie \u00fcber die Perspektiven f\u00fcr die Konsolidierung der strategischen Partnerschaft zwischen Rum\u00e4nien und den USA diskutierten.<\/p>\n<p>&#13;<br \/>\n&#13;<\/p>\n<p>&#13;<\/p>\n","protected":false},"excerpt":{"rendered":"<p>US-Pr\u00e4sident Trump und sein Amtskollege Iohannis sprechen in Washington wichtige bilaterale und internationale Fragen an.<\/p>\n","protected":false},"author":107,"featured_media":73816,"comment_status":"closed","ping_status":"closed","sticky":false,"template":"","format":"standard","meta":{"_acf_changed":false,"footnotes":""},"categories":[99583],"tags":[],"coauthors":[],"class_list":["post-461143","post","type-post","status-publish","format-standard","has-post-thumbnail","hentry","category-rri-aktuell"],"acf":[],"yoast_head":"<!-- This site is optimized with the Yoast SEO plugin v27.3 - https:\/\/yoast.com\/product\/yoast-seo-wordpress\/ -->\n<title>US-rum\u00e4nischer Gipfel am 20. August - Radio Rum\u00e4nien International<\/title>\n<meta name=\"robots\" content=\"index, follow, max-snippet:-1, max-image-preview:large, max-video-preview:-1\" \/>\n<link rel=\"canonical\" href=\"https:\/\/www.rri.ro\/de\/aktuell\/rri-aktuell\/us-rumaenischer-gipfel-am-20-august-id461143.html\" \/>\n<meta property=\"og:locale\" content=\"de_DE\" \/>\n<meta property=\"og:type\" content=\"article\" \/>\n<meta property=\"og:title\" content=\"US-rum\u00e4nischer Gipfel am 20. August - Radio Rum\u00e4nien International\" \/>\n<meta property=\"og:description\" content=\"US-Pr\u00e4sident Trump und sein Amtskollege Iohannis sprechen in Washington wichtige bilaterale und internationale Fragen an.\" \/>\n<meta property=\"og:url\" content=\"https:\/\/www.rri.ro\/de\/aktuell\/rri-aktuell\/us-rumaenischer-gipfel-am-20-august-id461143.html\" \/>\n<meta property=\"og:site_name\" content=\"Radio Rum\u00e4nien International\" \/>\n<meta property=\"article:published_time\" content=\"2019-08-14T14:04:00+00:00\" \/>\n<meta property=\"article:modified_time\" content=\"2024-02-19T18:50:09+00:00\" \/>\n<meta property=\"og:image\" content=\"https:\/\/www.rri.ro\/wp-content\/uploads\/2023\/10\/iohannis-trump-iun2017-02.jpg\" \/>\n\t<meta property=\"og:image:width\" content=\"640\" \/>\n\t<meta property=\"og:image:height\" content=\"427\" \/>\n\t<meta property=\"og:image:type\" content=\"image\/jpeg\" \/>\n<meta name=\"author\" content=\"Daniela Budu\" \/>\n<meta name=\"twitter:card\" content=\"summary_large_image\" \/>\n<meta name=\"twitter:label1\" content=\"Verfasst von\" \/>\n\t<meta name=\"twitter:data1\" content=\"Daniela Budu\" \/>\n\t<meta name=\"twitter:label2\" content=\"Gesch\u00e4tzte Lesezeit\" \/>\n\t<meta name=\"twitter:data2\" content=\"2\u00a0Minuten\" \/>\n\t<meta name=\"twitter:label3\" content=\"Written by\" \/>\n\t<meta name=\"twitter:data3\" content=\"Daniela Budu\" \/>\n<script type=\"application\/ld+json\" class=\"yoast-schema-graph\">{\"@context\":\"https:\\\/\\\/schema.org\",\"@graph\":[{\"@type\":\"Article\",\"@id\":\"https:\\\/\\\/www.rri.ro\\\/de\\\/aktuell\\\/rri-aktuell\\\/us-rumaenischer-gipfel-am-20-august-id461143.html#article\",\"isPartOf\":{\"@id\":\"https:\\\/\\\/www.rri.ro\\\/de\\\/aktuell\\\/rri-aktuell\\\/us-rumaenischer-gipfel-am-20-august-id461143.html\"},\"author\":{\"name\":\"Daniela Budu\",\"@id\":\"https:\\\/\\\/www.rri.ro\\\/#\\\/schema\\\/person\\\/b46b8f80d7d6e4b5ac9f14f0acbad0c4\"},\"headline\":\"US-rum\u00e4nischer Gipfel am 20. August\",\"datePublished\":\"2019-08-14T14:04:00+00:00\",\"dateModified\":\"2024-02-19T18:50:09+00:00\",\"mainEntityOfPage\":{\"@id\":\"https:\\\/\\\/www.rri.ro\\\/de\\\/aktuell\\\/rri-aktuell\\\/us-rumaenischer-gipfel-am-20-august-id461143.html\"},\"wordCount\":458,\"image\":{\"@id\":\"https:\\\/\\\/www.rri.ro\\\/de\\\/aktuell\\\/rri-aktuell\\\/us-rumaenischer-gipfel-am-20-august-id461143.html#primaryimage\"},\"thumbnailUrl\":\"https:\\\/\\\/www.rri.ro\\\/wp-content\\\/uploads\\\/2023\\\/10\\\/iohannis-trump-iun2017-02.jpg\",\"articleSection\":[\"RRI Aktuell\"],\"inLanguage\":\"de\"},{\"@type\":\"WebPage\",\"@id\":\"https:\\\/\\\/www.rri.ro\\\/de\\\/aktuell\\\/rri-aktuell\\\/us-rumaenischer-gipfel-am-20-august-id461143.html\",\"url\":\"https:\\\/\\\/www.rri.ro\\\/de\\\/aktuell\\\/rri-aktuell\\\/us-rumaenischer-gipfel-am-20-august-id461143.html\",\"name\":\"US-rum\u00e4nischer Gipfel am 20. August - Radio Rum\u00e4nien International\",\"isPartOf\":{\"@id\":\"https:\\\/\\\/www.rri.ro\\\/#website\"},\"primaryImageOfPage\":{\"@id\":\"https:\\\/\\\/www.rri.ro\\\/de\\\/aktuell\\\/rri-aktuell\\\/us-rumaenischer-gipfel-am-20-august-id461143.html#primaryimage\"},\"image\":{\"@id\":\"https:\\\/\\\/www.rri.ro\\\/de\\\/aktuell\\\/rri-aktuell\\\/us-rumaenischer-gipfel-am-20-august-id461143.html#primaryimage\"},\"thumbnailUrl\":\"https:\\\/\\\/www.rri.ro\\\/wp-content\\\/uploads\\\/2023\\\/10\\\/iohannis-trump-iun2017-02.jpg\",\"datePublished\":\"2019-08-14T14:04:00+00:00\",\"dateModified\":\"2024-02-19T18:50:09+00:00\",\"author\":{\"@id\":\"https:\\\/\\\/www.rri.ro\\\/#\\\/schema\\\/person\\\/b46b8f80d7d6e4b5ac9f14f0acbad0c4\"},\"breadcrumb\":{\"@id\":\"https:\\\/\\\/www.rri.ro\\\/de\\\/aktuell\\\/rri-aktuell\\\/us-rumaenischer-gipfel-am-20-august-id461143.html#breadcrumb\"},\"inLanguage\":\"de\",\"potentialAction\":[{\"@type\":\"ReadAction\",\"target\":[\"https:\\\/\\\/www.rri.ro\\\/de\\\/aktuell\\\/rri-aktuell\\\/us-rumaenischer-gipfel-am-20-august-id461143.html\"]}]},{\"@type\":\"ImageObject\",\"inLanguage\":\"de\",\"@id\":\"https:\\\/\\\/www.rri.ro\\\/de\\\/aktuell\\\/rri-aktuell\\\/us-rumaenischer-gipfel-am-20-august-id461143.html#primaryimage\",\"url\":\"https:\\\/\\\/www.rri.ro\\\/wp-content\\\/uploads\\\/2023\\\/10\\\/iohannis-trump-iun2017-02.jpg\",\"contentUrl\":\"https:\\\/\\\/www.rri.ro\\\/wp-content\\\/uploads\\\/2023\\\/10\\\/iohannis-trump-iun2017-02.jpg\",\"width\":640,\"height\":427},{\"@type\":\"BreadcrumbList\",\"@id\":\"https:\\\/\\\/www.rri.ro\\\/de\\\/aktuell\\\/rri-aktuell\\\/us-rumaenischer-gipfel-am-20-august-id461143.html#breadcrumb\",\"itemListElement\":[{\"@type\":\"ListItem\",\"position\":1,\"name\":\"Startseite\",\"item\":\"https:\\\/\\\/www.rri.ro\\\/de\"},{\"@type\":\"ListItem\",\"position\":2,\"name\":\"Aktuell\",\"item\":\"https:\\\/\\\/www.rri.ro\\\/de\\\/aktuell\"},{\"@type\":\"ListItem\",\"position\":3,\"name\":\"RRI Aktuell\",\"item\":\"https:\\\/\\\/www.rri.ro\\\/de\\\/aktuell\\\/rri-aktuell\"},{\"@type\":\"ListItem\",\"position\":4,\"name\":\"US-rum\u00e4nischer Gipfel am 20. August\"}]},{\"@type\":\"WebSite\",\"@id\":\"https:\\\/\\\/www.rri.ro\\\/#website\",\"url\":\"https:\\\/\\\/www.rri.ro\\\/\",\"name\":\"Radio Rum\u00e4nien International\",\"description\":\"Totul despre Rom\u00e2nia \u015fi rom\u00e2ni, \u00een 13 limbi\\\/dialecte!\",\"inLanguage\":\"de\"},{\"@type\":\"Person\",\"@id\":\"https:\\\/\\\/www.rri.ro\\\/#\\\/schema\\\/person\\\/b46b8f80d7d6e4b5ac9f14f0acbad0c4\",\"name\":\"Daniela Budu\",\"url\":\"https:\\\/\\\/www.rri.ro\\\/de\\\/author\\\/daniela-budu\"}]}<\/script>\n<!-- \/ Yoast SEO plugin. -->","yoast_head_json":{"title":"US-rum\u00e4nischer Gipfel am 20. August - Radio Rum\u00e4nien International","robots":{"index":"index","follow":"follow","max-snippet":"max-snippet:-1","max-image-preview":"max-image-preview:large","max-video-preview":"max-video-preview:-1"},"canonical":"https:\/\/www.rri.ro\/de\/aktuell\/rri-aktuell\/us-rumaenischer-gipfel-am-20-august-id461143.html","og_locale":"de_DE","og_type":"article","og_title":"US-rum\u00e4nischer Gipfel am 20. August - Radio Rum\u00e4nien International","og_description":"US-Pr\u00e4sident Trump und sein Amtskollege Iohannis sprechen in Washington wichtige bilaterale und internationale Fragen an.","og_url":"https:\/\/www.rri.ro\/de\/aktuell\/rri-aktuell\/us-rumaenischer-gipfel-am-20-august-id461143.html","og_site_name":"Radio Rum\u00e4nien International","article_published_time":"2019-08-14T14:04:00+00:00","article_modified_time":"2024-02-19T18:50:09+00:00","og_image":[{"width":640,"height":427,"url":"https:\/\/www.rri.ro\/wp-content\/uploads\/2023\/10\/iohannis-trump-iun2017-02.jpg","type":"image\/jpeg"}],"author":"Daniela Budu","twitter_card":"summary_large_image","twitter_misc":{"Verfasst von":"Daniela Budu","Gesch\u00e4tzte Lesezeit":"2\u00a0Minuten","Written by":"Daniela Budu"},"schema":{"@context":"https:\/\/schema.org","@graph":[{"@type":"Article","@id":"https:\/\/www.rri.ro\/de\/aktuell\/rri-aktuell\/us-rumaenischer-gipfel-am-20-august-id461143.html#article","isPartOf":{"@id":"https:\/\/www.rri.ro\/de\/aktuell\/rri-aktuell\/us-rumaenischer-gipfel-am-20-august-id461143.html"},"author":{"name":"Daniela Budu","@id":"https:\/\/www.rri.ro\/#\/schema\/person\/b46b8f80d7d6e4b5ac9f14f0acbad0c4"},"headline":"US-rum\u00e4nischer Gipfel am 20. August","datePublished":"2019-08-14T14:04:00+00:00","dateModified":"2024-02-19T18:50:09+00:00","mainEntityOfPage":{"@id":"https:\/\/www.rri.ro\/de\/aktuell\/rri-aktuell\/us-rumaenischer-gipfel-am-20-august-id461143.html"},"wordCount":458,"image":{"@id":"https:\/\/www.rri.ro\/de\/aktuell\/rri-aktuell\/us-rumaenischer-gipfel-am-20-august-id461143.html#primaryimage"},"thumbnailUrl":"https:\/\/www.rri.ro\/wp-content\/uploads\/2023\/10\/iohannis-trump-iun2017-02.jpg","articleSection":["RRI Aktuell"],"inLanguage":"de"},{"@type":"WebPage","@id":"https:\/\/www.rri.ro\/de\/aktuell\/rri-aktuell\/us-rumaenischer-gipfel-am-20-august-id461143.html","url":"https:\/\/www.rri.ro\/de\/aktuell\/rri-aktuell\/us-rumaenischer-gipfel-am-20-august-id461143.html","name":"US-rum\u00e4nischer Gipfel am 20. August - Radio Rum\u00e4nien International","isPartOf":{"@id":"https:\/\/www.rri.ro\/#website"},"primaryImageOfPage":{"@id":"https:\/\/www.rri.ro\/de\/aktuell\/rri-aktuell\/us-rumaenischer-gipfel-am-20-august-id461143.html#primaryimage"},"image":{"@id":"https:\/\/www.rri.ro\/de\/aktuell\/rri-aktuell\/us-rumaenischer-gipfel-am-20-august-id461143.html#primaryimage"},"thumbnailUrl":"https:\/\/www.rri.ro\/wp-content\/uploads\/2023\/10\/iohannis-trump-iun2017-02.jpg","datePublished":"2019-08-14T14:04:00+00:00","dateModified":"2024-02-19T18:50:09+00:00","author":{"@id":"https:\/\/www.rri.ro\/#\/schema\/person\/b46b8f80d7d6e4b5ac9f14f0acbad0c4"},"breadcrumb":{"@id":"https:\/\/www.rri.ro\/de\/aktuell\/rri-aktuell\/us-rumaenischer-gipfel-am-20-august-id461143.html#breadcrumb"},"inLanguage":"de","potentialAction":[{"@type":"ReadAction","target":["https:\/\/www.rri.ro\/de\/aktuell\/rri-aktuell\/us-rumaenischer-gipfel-am-20-august-id461143.html"]}]},{"@type":"ImageObject","inLanguage":"de","@id":"https:\/\/www.rri.ro\/de\/aktuell\/rri-aktuell\/us-rumaenischer-gipfel-am-20-august-id461143.html#primaryimage","url":"https:\/\/www.rri.ro\/wp-content\/uploads\/2023\/10\/iohannis-trump-iun2017-02.jpg","contentUrl":"https:\/\/www.rri.ro\/wp-content\/uploads\/2023\/10\/iohannis-trump-iun2017-02.jpg","width":640,"height":427},{"@type":"BreadcrumbList","@id":"https:\/\/www.rri.ro\/de\/aktuell\/rri-aktuell\/us-rumaenischer-gipfel-am-20-august-id461143.html#breadcrumb","itemListElement":[{"@type":"ListItem","position":1,"name":"Startseite","item":"https:\/\/www.rri.ro\/de"},{"@type":"ListItem","position":2,"name":"Aktuell","item":"https:\/\/www.rri.ro\/de\/aktuell"},{"@type":"ListItem","position":3,"name":"RRI Aktuell","item":"https:\/\/www.rri.ro\/de\/aktuell\/rri-aktuell"},{"@type":"ListItem","position":4,"name":"US-rum\u00e4nischer Gipfel am 20. August"}]},{"@type":"WebSite","@id":"https:\/\/www.rri.ro\/#website","url":"https:\/\/www.rri.ro\/","name":"Radio Rum\u00e4nien International","description":"Totul despre Rom\u00e2nia \u015fi rom\u00e2ni, \u00een 13 limbi\/dialecte!","inLanguage":"de"},{"@type":"Person","@id":"https:\/\/www.rri.ro\/#\/schema\/person\/b46b8f80d7d6e4b5ac9f14f0acbad0c4","name":"Daniela Budu","url":"https:\/\/www.rri.ro\/de\/author\/daniela-budu"}]}},"_links":{"self":[{"href":"https:\/\/www.rri.ro\/de\/wp-json\/wp\/v2\/posts\/461143","targetHints":{"allow":["GET"]}}],"collection":[{"href":"https:\/\/www.rri.ro\/de\/wp-json\/wp\/v2\/posts"}],"about":[{"href":"https:\/\/www.rri.ro\/de\/wp-json\/wp\/v2\/types\/post"}],"author":[{"embeddable":true,"href":"https:\/\/www.rri.ro\/de\/wp-json\/wp\/v2\/users\/107"}],"replies":[{"embeddable":true,"href":"https:\/\/www.rri.ro\/de\/wp-json\/wp\/v2\/comments?post=461143"}],"version-history":[{"count":0,"href":"https:\/\/www.rri.ro\/de\/wp-json\/wp\/v2\/posts\/461143\/revisions"}],"wp:featuredmedia":[{"embeddable":true,"href":"https:\/\/www.rri.ro\/de\/wp-json\/wp\/v2\/media\/73816"}],"wp:attachment":[{"href":"https:\/\/www.rri.ro\/de\/wp-json\/wp\/v2\/media?parent=461143"}],"wp:term":[{"taxonomy":"category","embeddable":true,"href":"https:\/\/www.rri.ro\/de\/wp-json\/wp\/v2\/categories?post=461143"},{"taxonomy":"post_tag","embeddable":true,"href":"https:\/\/www.rri.ro\/de\/wp-json\/wp\/v2\/tags?post=461143"},{"taxonomy":"author","embeddable":true,"href":"https:\/\/www.rri.ro\/de\/wp-json\/wp\/v2\/coauthors?post=461143"}],"curies":[{"name":"wp","href":"https:\/\/api.w.org\/{rel}","templated":true}]}}