{"id":461144,"date":"2019-08-21T17:00:00","date_gmt":"2019-08-21T14:00:00","guid":{"rendered":"http:\/\/devrri.freshlemon.ro\/aktuell\/rumaenien-und-die-usa-bekraeftigen-ihre-partnerschaft-id461144.html"},"modified":"2024-02-19T20:50:09","modified_gmt":"2024-02-19T18:50:09","slug":"rumaenien-und-die-usa-bekraeftigen-ihre-partnerschaft","status":"publish","type":"post","link":"https:\/\/www.rri.ro\/de\/aktuell\/rri-aktuell\/rumaenien-und-die-usa-bekraeftigen-ihre-partnerschaft-id461144.html","title":{"rendered":"Rum\u00e4nien und die USA bekr\u00e4ftigen ihre Partnerschaft"},"content":{"rendered":"<p style=margin: 0px 0px 13.33px; text-align: justify;>Am Dienstag traf der rum\u00e4nische Pr\u00e4sident Klaus Iohannis in Washington zum zweiten Mal mit dem US-Pr\u00e4sidenten Donald Trump zusammen. Das Treffen f\u00fchrte zu einer gemeinsamen Erkl\u00e4rung, in der die beiden F\u00fchrer versprechen, das zu vertiefen, was sie als unsere robuste und dauerhafte strategische Partnerschaft\u201c bezeichneten. Durch unsere vertiefende Partnerschaft werden wir neue M\u00f6glichkeiten f\u00fcr mehr Sicherheit, Wachstum und Wohlstand schaffen und besser in der Lage sein, auf gemeinsame globale Herausforderungen und Verantwortlichkeiten zu reagieren\u201c, hei\u200e\u00dft es in der Erkl\u00e4rung.<\/p>\n<p>&#13;<br \/>\n&#13;<\/p>\n<p style=margin: 0px 0px 13.33px; text-align: justify;>\n<p>&#13;<br \/>\n&#13;<\/p>\n<p style=margin: 0px 0px 13.33px; text-align: justify;>Das Dokument erinnert auch an die antikommunistische Revolution vom Dezember 1989, als die Rum\u00e4nen eine brutale Diktatur st\u00fcrzten und ihr Land auf den Weg zu Demokratie, Rechtsstaatlichkeit und Marktwirtschaft brachten. Es ist auch der 15. Jahrestag des Beitritts Rum\u00e4niens zur NATO.<\/p>\n<p>&#13;<br \/>\n&#13;<\/p>\n<p style=margin: 0px 0px 13.33px; text-align: justify;>\n<p>&#13;<br \/>\n&#13;<\/p>\n<p style=margin: 0px 0px 13.33px; text-align: justify;>Gemeinsam\u201c, hei\u200e\u00dft es auch in der Erkl\u00e4rung, haben unsere Nationen nachhaltige Anstrengungen unternommen, um unsere Streitkr\u00e4fte zu modernisieren und unsere NATO-Verpflichtungen zur Lastenverteilung zu erf\u00fcllen. Unsere Milit\u00e4rs stehen Schulter an Schulter zur Verteidigung der Freiheit und versuchen, unsere Verteidigungs- und Abschreckungshaltung an der Ostflanke der NATO zu st\u00e4rken, auch im Schwarzen Meer, das f\u00fcr die transatlantische Sicherheit von strategischer Bedeutung ist\u201c, betonen die beiden F\u00fchrer in der Erkl\u00e4rung. Au\u200e\u00dferdem geben sie Zusicherungen, dass beide L\u00e4nder versuchen, die Sicherheitsrisiken zu vermeiden, die mit chinesischen Investitionen in 5G-Telekommunikationsnetze einhergehen.<\/p>\n<p>&#13;<br \/>\n&#13;<\/p>\n<p style=margin: 0px 0px 13.33px; text-align: justify;>\n<p>&#13;<br \/>\n&#13;<\/p>\n<p style=margin: 0px 0px 13.33px; text-align: justify;>Ein heikles Thema, das bei dem Treffen angesprochen wurde, war die Energiesicherheit, und die gemeinsame Erkl\u00e4rung spiegelt dies wider und besagt: Die Vereinigten Staaten und Rum\u00e4nien erkennen an, dass Energiesicherheit nationale Sicherheit ist. Wir unterstreichen unsere Ablehnung von Nord Stream 2 und anderen Projekten, die unsere Verb\u00fcndeten und Partner von der Energie aus Russland abh\u00e4ngig machen. Die Erdgasressourcen in Rum\u00e4nien haben das Potenzial, den Wohlstand unserer Nationen zu steigern und die Energiesicherheit Europas zu verbessern. Die Vereinigten Staaten und Rum\u00e4nien werden pr\u00fcfen, wie das Klima f\u00fcr Energieinvestitionen in Rum\u00e4nien am besten so verbessert werden kann, dass beide L\u00e4nder davon profitieren.\u201c<\/p>\n<p>&#13;<br \/>\n&#13;<\/p>\n<p style=margin: 0px 0px 13.33px; text-align: justify;>\n<p>&#13;<br \/>\n&#13;<\/p>\n<p style=margin: 0px 0px 13.33px; text-align: justify;>Die rum\u00e4nischen und US-amerikanischen Staatschefs heben auch die ausgezeichnete Partnerschaft zwischen den beiden L\u00e4ndern in den Bereichen Strafverfolgung und Korruptionsbek\u00e4mpfung hervor, die fest auf einem gegenseitigen Engagement f\u00fcr Rechtsstaatlichkeit und eine unabh\u00e4ngige Justiz beruht.<\/p>\n<p>&#13;<br \/>\n&#13;<\/p>\n<p style=margin: 0px 0px 13.33px; text-align: justify;>\n<p>&#13;<br \/>\n&#13;<\/p>\n<p style=margin: 0px 0px 13.33px; text-align: justify;>In der gleichen Erkl\u00e4rung unterstreichen die Vereinigten Staaten und Rum\u00e4nien das erhebliche Handelswachstum zwischen den beiden L\u00e4ndern sowie ihr gemeinsames Interesse an der Gestaltung eines Investitionsklimas, das Transparenz, Berechenbarkeit und Stabilit\u00e4t bietet\u201c. Daher verpflichten sich die beiden Parteien, ihre Handelsbeziehungen weiter zu st\u00e4rken und verst\u00e4rkte Investitionen in beide Richtungen zu f\u00f6rdern\u201c.<\/p>\n<p>&#13;<br \/>\n&#13;<\/p>\n<p style=margin: 0px 0px 13.33px; text-align: justify;>\n<p>&#13;<br \/>\n&#13;<\/p>\n<p style=margin: 0px 0px 13.33px; text-align: justify;>Hier ist der rum\u00e4nische Pr\u00e4sident Klaus Iohannis:<\/p>\n<p>&#13;<br \/>\n&#13;<\/p>\n<p style=margin: 0px 0px 13.33px; text-align: justify;>\n<p>&#13;<br \/>\n&#13;<\/p>\n<p style=margin: 0px 0px 13.33px; text-align: justify;><em>Wir m\u00fcssen mehr tun, sowohl in Bezug auf Handel als auch auf Investitionen. Es ist wichtig, neue Wege zu finden, um die wirtschaftliche Zusammenarbeit in Bereichen wie Energie, Cybersicherheit und Verteidigung auszubauen. Tats\u00e4chlich wurde zwischen den beiden Regierungen eine Absichtserkl\u00e4rung \u00fcber die 5G-Technologie unterzeichnet, da die Sicherheit der Telekommunikationsnetze von gro\u200e\u00dfer Bedeutung ist.\u201c<\/em><\/p>\n<p>&#13;<br \/>\n&#13;<\/p>\n<p style=margin: 0px 0px 13.33px; text-align: justify;>\n<p>&#13;<br \/>\n&#13;<\/p>\n<p style=margin: 0px 0px 13.33px; text-align: justify;>Die beiden Staatschefs er\u00f6rterten auch die Visaregelung f\u00fcr rum\u00e4nische Staatsb\u00fcrger, und in der Erkl\u00e4rung hei\u200e\u00dft es: Die Vereinigten Staaten bekr\u00e4ftigen ihre Unterst\u00fctzung f\u00fcr die Bem\u00fchungen Rum\u00e4niens, gem\u00e4\u200e\u00df den Anforderungen des Rechts der Vereinigten Staaten Anspruch auf Aufnahme in das Visa Waver-Programm zu haben\u201c<\/p>\n<p>&#13;<\/p>\n","protected":false},"excerpt":{"rendered":"<p>Der rum\u00e4nische und der US-Pr\u00e4sident haben sich verpflichtet, gemeinsam als Freunde und Verb\u00fcndete zu handeln, um die strategische Partnerschaft zwischen ihren L\u00e4ndern voranzutreiben.<\/p>\n","protected":false},"author":110,"featured_media":184069,"comment_status":"closed","ping_status":"closed","sticky":false,"template":"","format":"standard","meta":{"_acf_changed":false,"footnotes":""},"categories":[99583],"tags":[102230,102143,104708,134271],"coauthors":[],"class_list":["post-461144","post","type-post","status-publish","format-standard","has-post-thumbnail","hentry","category-rri-aktuell","tag-gipfeltreffen","tag-praesident-klaus-iohannis","tag-us-praesident-donald-trump","tag-usa-de"],"acf":[],"yoast_head":"<!-- This site is optimized with the Yoast SEO plugin v27.3 - https:\/\/yoast.com\/product\/yoast-seo-wordpress\/ -->\n<title>Rum\u00e4nien und die USA bekr\u00e4ftigen ihre Partnerschaft - Radio Rum\u00e4nien International<\/title>\n<meta name=\"robots\" content=\"index, follow, max-snippet:-1, max-image-preview:large, max-video-preview:-1\" \/>\n<link rel=\"canonical\" href=\"https:\/\/www.rri.ro\/de\/aktuell\/rri-aktuell\/rumaenien-und-die-usa-bekraeftigen-ihre-partnerschaft-id461144.html\" \/>\n<meta property=\"og:locale\" content=\"de_DE\" \/>\n<meta property=\"og:type\" content=\"article\" \/>\n<meta property=\"og:title\" content=\"Rum\u00e4nien und die USA bekr\u00e4ftigen ihre Partnerschaft - Radio Rum\u00e4nien International\" \/>\n<meta property=\"og:description\" content=\"Der rum\u00e4nische und der US-Pr\u00e4sident haben sich verpflichtet, gemeinsam als Freunde und Verb\u00fcndete zu handeln, um die strategische Partnerschaft zwischen ihren L\u00e4ndern voranzutreiben.\" \/>\n<meta property=\"og:url\" content=\"https:\/\/www.rri.ro\/de\/aktuell\/rri-aktuell\/rumaenien-und-die-usa-bekraeftigen-ihre-partnerschaft-id461144.html\" \/>\n<meta property=\"og:site_name\" content=\"Radio Rum\u00e4nien International\" \/>\n<meta property=\"article:published_time\" content=\"2019-08-21T14:00:00+00:00\" \/>\n<meta property=\"article:modified_time\" content=\"2024-02-19T18:50:09+00:00\" \/>\n<meta property=\"og:image\" content=\"https:\/\/www.rri.ro\/wp-content\/uploads\/2023\/10\/iohannis-trump-aug2019-foto-presidency-ro.png\" \/>\n\t<meta property=\"og:image:width\" content=\"640\" \/>\n\t<meta property=\"og:image:height\" content=\"427\" \/>\n\t<meta property=\"og:image:type\" content=\"image\/png\" \/>\n<meta name=\"author\" content=\"\u015etefan Stoica\" \/>\n<meta name=\"twitter:card\" content=\"summary_large_image\" \/>\n<meta name=\"twitter:label1\" content=\"Verfasst von\" \/>\n\t<meta name=\"twitter:data1\" content=\"\u015etefan Stoica\" \/>\n\t<meta name=\"twitter:label2\" content=\"Gesch\u00e4tzte Lesezeit\" \/>\n\t<meta name=\"twitter:data2\" content=\"3\u00a0Minuten\" \/>\n\t<meta name=\"twitter:label3\" content=\"Written by\" \/>\n\t<meta name=\"twitter:data3\" content=\"\u015etefan Stoica\" \/>\n<script type=\"application\/ld+json\" class=\"yoast-schema-graph\">{\"@context\":\"https:\\\/\\\/schema.org\",\"@graph\":[{\"@type\":\"Article\",\"@id\":\"https:\\\/\\\/www.rri.ro\\\/de\\\/aktuell\\\/rri-aktuell\\\/rumaenien-und-die-usa-bekraeftigen-ihre-partnerschaft-id461144.html#article\",\"isPartOf\":{\"@id\":\"https:\\\/\\\/www.rri.ro\\\/de\\\/aktuell\\\/rri-aktuell\\\/rumaenien-und-die-usa-bekraeftigen-ihre-partnerschaft-id461144.html\"},\"author\":{\"name\":\"\u015etefan Stoica\",\"@id\":\"https:\\\/\\\/www.rri.ro\\\/#\\\/schema\\\/person\\\/2d81d5dc94d44190d13245f64551d334\"},\"headline\":\"Rum\u00e4nien und die USA bekr\u00e4ftigen ihre Partnerschaft\",\"datePublished\":\"2019-08-21T14:00:00+00:00\",\"dateModified\":\"2024-02-19T18:50:09+00:00\",\"mainEntityOfPage\":{\"@id\":\"https:\\\/\\\/www.rri.ro\\\/de\\\/aktuell\\\/rri-aktuell\\\/rumaenien-und-die-usa-bekraeftigen-ihre-partnerschaft-id461144.html\"},\"wordCount\":564,\"image\":{\"@id\":\"https:\\\/\\\/www.rri.ro\\\/de\\\/aktuell\\\/rri-aktuell\\\/rumaenien-und-die-usa-bekraeftigen-ihre-partnerschaft-id461144.html#primaryimage\"},\"thumbnailUrl\":\"https:\\\/\\\/www.rri.ro\\\/wp-content\\\/uploads\\\/2023\\\/10\\\/iohannis-trump-aug2019-foto-presidency-ro.png\",\"keywords\":[\"Gipfeltreffen\",\"Pr\u00e4sident Klaus Iohannis\",\"US-Pr\u00e4sident Donald Trump\",\"usa\"],\"articleSection\":[\"RRI Aktuell\"],\"inLanguage\":\"de\"},{\"@type\":\"WebPage\",\"@id\":\"https:\\\/\\\/www.rri.ro\\\/de\\\/aktuell\\\/rri-aktuell\\\/rumaenien-und-die-usa-bekraeftigen-ihre-partnerschaft-id461144.html\",\"url\":\"https:\\\/\\\/www.rri.ro\\\/de\\\/aktuell\\\/rri-aktuell\\\/rumaenien-und-die-usa-bekraeftigen-ihre-partnerschaft-id461144.html\",\"name\":\"Rum\u00e4nien und die USA bekr\u00e4ftigen ihre Partnerschaft - Radio Rum\u00e4nien International\",\"isPartOf\":{\"@id\":\"https:\\\/\\\/www.rri.ro\\\/#website\"},\"primaryImageOfPage\":{\"@id\":\"https:\\\/\\\/www.rri.ro\\\/de\\\/aktuell\\\/rri-aktuell\\\/rumaenien-und-die-usa-bekraeftigen-ihre-partnerschaft-id461144.html#primaryimage\"},\"image\":{\"@id\":\"https:\\\/\\\/www.rri.ro\\\/de\\\/aktuell\\\/rri-aktuell\\\/rumaenien-und-die-usa-bekraeftigen-ihre-partnerschaft-id461144.html#primaryimage\"},\"thumbnailUrl\":\"https:\\\/\\\/www.rri.ro\\\/wp-content\\\/uploads\\\/2023\\\/10\\\/iohannis-trump-aug2019-foto-presidency-ro.png\",\"datePublished\":\"2019-08-21T14:00:00+00:00\",\"dateModified\":\"2024-02-19T18:50:09+00:00\",\"author\":{\"@id\":\"https:\\\/\\\/www.rri.ro\\\/#\\\/schema\\\/person\\\/2d81d5dc94d44190d13245f64551d334\"},\"breadcrumb\":{\"@id\":\"https:\\\/\\\/www.rri.ro\\\/de\\\/aktuell\\\/rri-aktuell\\\/rumaenien-und-die-usa-bekraeftigen-ihre-partnerschaft-id461144.html#breadcrumb\"},\"inLanguage\":\"de\",\"potentialAction\":[{\"@type\":\"ReadAction\",\"target\":[\"https:\\\/\\\/www.rri.ro\\\/de\\\/aktuell\\\/rri-aktuell\\\/rumaenien-und-die-usa-bekraeftigen-ihre-partnerschaft-id461144.html\"]}]},{\"@type\":\"ImageObject\",\"inLanguage\":\"de\",\"@id\":\"https:\\\/\\\/www.rri.ro\\\/de\\\/aktuell\\\/rri-aktuell\\\/rumaenien-und-die-usa-bekraeftigen-ihre-partnerschaft-id461144.html#primaryimage\",\"url\":\"https:\\\/\\\/www.rri.ro\\\/wp-content\\\/uploads\\\/2023\\\/10\\\/iohannis-trump-aug2019-foto-presidency-ro.png\",\"contentUrl\":\"https:\\\/\\\/www.rri.ro\\\/wp-content\\\/uploads\\\/2023\\\/10\\\/iohannis-trump-aug2019-foto-presidency-ro.png\",\"width\":640,\"height\":427},{\"@type\":\"BreadcrumbList\",\"@id\":\"https:\\\/\\\/www.rri.ro\\\/de\\\/aktuell\\\/rri-aktuell\\\/rumaenien-und-die-usa-bekraeftigen-ihre-partnerschaft-id461144.html#breadcrumb\",\"itemListElement\":[{\"@type\":\"ListItem\",\"position\":1,\"name\":\"Startseite\",\"item\":\"https:\\\/\\\/www.rri.ro\\\/de\"},{\"@type\":\"ListItem\",\"position\":2,\"name\":\"Aktuell\",\"item\":\"https:\\\/\\\/www.rri.ro\\\/de\\\/aktuell\"},{\"@type\":\"ListItem\",\"position\":3,\"name\":\"RRI Aktuell\",\"item\":\"https:\\\/\\\/www.rri.ro\\\/de\\\/aktuell\\\/rri-aktuell\"},{\"@type\":\"ListItem\",\"position\":4,\"name\":\"Rum\u00e4nien und die USA bekr\u00e4ftigen ihre Partnerschaft\"}]},{\"@type\":\"WebSite\",\"@id\":\"https:\\\/\\\/www.rri.ro\\\/#website\",\"url\":\"https:\\\/\\\/www.rri.ro\\\/\",\"name\":\"Radio Rum\u00e4nien International\",\"description\":\"Totul despre Rom\u00e2nia \u015fi rom\u00e2ni, \u00een 13 limbi\\\/dialecte!\",\"inLanguage\":\"de\"},{\"@type\":\"Person\",\"@id\":\"https:\\\/\\\/www.rri.ro\\\/#\\\/schema\\\/person\\\/2d81d5dc94d44190d13245f64551d334\",\"name\":\"\u015etefan Stoica\",\"url\":\"https:\\\/\\\/www.rri.ro\\\/de\\\/author\\\/stefan-stoica\"}]}<\/script>\n<!-- \/ Yoast SEO plugin. -->","yoast_head_json":{"title":"Rum\u00e4nien und die USA bekr\u00e4ftigen ihre Partnerschaft - Radio Rum\u00e4nien International","robots":{"index":"index","follow":"follow","max-snippet":"max-snippet:-1","max-image-preview":"max-image-preview:large","max-video-preview":"max-video-preview:-1"},"canonical":"https:\/\/www.rri.ro\/de\/aktuell\/rri-aktuell\/rumaenien-und-die-usa-bekraeftigen-ihre-partnerschaft-id461144.html","og_locale":"de_DE","og_type":"article","og_title":"Rum\u00e4nien und die USA bekr\u00e4ftigen ihre Partnerschaft - Radio Rum\u00e4nien International","og_description":"Der rum\u00e4nische und der US-Pr\u00e4sident haben sich verpflichtet, gemeinsam als Freunde und Verb\u00fcndete zu handeln, um die strategische Partnerschaft zwischen ihren L\u00e4ndern voranzutreiben.","og_url":"https:\/\/www.rri.ro\/de\/aktuell\/rri-aktuell\/rumaenien-und-die-usa-bekraeftigen-ihre-partnerschaft-id461144.html","og_site_name":"Radio Rum\u00e4nien International","article_published_time":"2019-08-21T14:00:00+00:00","article_modified_time":"2024-02-19T18:50:09+00:00","og_image":[{"width":640,"height":427,"url":"https:\/\/www.rri.ro\/wp-content\/uploads\/2023\/10\/iohannis-trump-aug2019-foto-presidency-ro.png","type":"image\/png"}],"author":"\u015etefan Stoica","twitter_card":"summary_large_image","twitter_misc":{"Verfasst von":"\u015etefan Stoica","Gesch\u00e4tzte Lesezeit":"3\u00a0Minuten","Written by":"\u015etefan Stoica"},"schema":{"@context":"https:\/\/schema.org","@graph":[{"@type":"Article","@id":"https:\/\/www.rri.ro\/de\/aktuell\/rri-aktuell\/rumaenien-und-die-usa-bekraeftigen-ihre-partnerschaft-id461144.html#article","isPartOf":{"@id":"https:\/\/www.rri.ro\/de\/aktuell\/rri-aktuell\/rumaenien-und-die-usa-bekraeftigen-ihre-partnerschaft-id461144.html"},"author":{"name":"\u015etefan Stoica","@id":"https:\/\/www.rri.ro\/#\/schema\/person\/2d81d5dc94d44190d13245f64551d334"},"headline":"Rum\u00e4nien und die USA bekr\u00e4ftigen ihre Partnerschaft","datePublished":"2019-08-21T14:00:00+00:00","dateModified":"2024-02-19T18:50:09+00:00","mainEntityOfPage":{"@id":"https:\/\/www.rri.ro\/de\/aktuell\/rri-aktuell\/rumaenien-und-die-usa-bekraeftigen-ihre-partnerschaft-id461144.html"},"wordCount":564,"image":{"@id":"https:\/\/www.rri.ro\/de\/aktuell\/rri-aktuell\/rumaenien-und-die-usa-bekraeftigen-ihre-partnerschaft-id461144.html#primaryimage"},"thumbnailUrl":"https:\/\/www.rri.ro\/wp-content\/uploads\/2023\/10\/iohannis-trump-aug2019-foto-presidency-ro.png","keywords":["Gipfeltreffen","Pr\u00e4sident Klaus Iohannis","US-Pr\u00e4sident Donald Trump","usa"],"articleSection":["RRI Aktuell"],"inLanguage":"de"},{"@type":"WebPage","@id":"https:\/\/www.rri.ro\/de\/aktuell\/rri-aktuell\/rumaenien-und-die-usa-bekraeftigen-ihre-partnerschaft-id461144.html","url":"https:\/\/www.rri.ro\/de\/aktuell\/rri-aktuell\/rumaenien-und-die-usa-bekraeftigen-ihre-partnerschaft-id461144.html","name":"Rum\u00e4nien und die USA bekr\u00e4ftigen ihre Partnerschaft - Radio Rum\u00e4nien International","isPartOf":{"@id":"https:\/\/www.rri.ro\/#website"},"primaryImageOfPage":{"@id":"https:\/\/www.rri.ro\/de\/aktuell\/rri-aktuell\/rumaenien-und-die-usa-bekraeftigen-ihre-partnerschaft-id461144.html#primaryimage"},"image":{"@id":"https:\/\/www.rri.ro\/de\/aktuell\/rri-aktuell\/rumaenien-und-die-usa-bekraeftigen-ihre-partnerschaft-id461144.html#primaryimage"},"thumbnailUrl":"https:\/\/www.rri.ro\/wp-content\/uploads\/2023\/10\/iohannis-trump-aug2019-foto-presidency-ro.png","datePublished":"2019-08-21T14:00:00+00:00","dateModified":"2024-02-19T18:50:09+00:00","author":{"@id":"https:\/\/www.rri.ro\/#\/schema\/person\/2d81d5dc94d44190d13245f64551d334"},"breadcrumb":{"@id":"https:\/\/www.rri.ro\/de\/aktuell\/rri-aktuell\/rumaenien-und-die-usa-bekraeftigen-ihre-partnerschaft-id461144.html#breadcrumb"},"inLanguage":"de","potentialAction":[{"@type":"ReadAction","target":["https:\/\/www.rri.ro\/de\/aktuell\/rri-aktuell\/rumaenien-und-die-usa-bekraeftigen-ihre-partnerschaft-id461144.html"]}]},{"@type":"ImageObject","inLanguage":"de","@id":"https:\/\/www.rri.ro\/de\/aktuell\/rri-aktuell\/rumaenien-und-die-usa-bekraeftigen-ihre-partnerschaft-id461144.html#primaryimage","url":"https:\/\/www.rri.ro\/wp-content\/uploads\/2023\/10\/iohannis-trump-aug2019-foto-presidency-ro.png","contentUrl":"https:\/\/www.rri.ro\/wp-content\/uploads\/2023\/10\/iohannis-trump-aug2019-foto-presidency-ro.png","width":640,"height":427},{"@type":"BreadcrumbList","@id":"https:\/\/www.rri.ro\/de\/aktuell\/rri-aktuell\/rumaenien-und-die-usa-bekraeftigen-ihre-partnerschaft-id461144.html#breadcrumb","itemListElement":[{"@type":"ListItem","position":1,"name":"Startseite","item":"https:\/\/www.rri.ro\/de"},{"@type":"ListItem","position":2,"name":"Aktuell","item":"https:\/\/www.rri.ro\/de\/aktuell"},{"@type":"ListItem","position":3,"name":"RRI Aktuell","item":"https:\/\/www.rri.ro\/de\/aktuell\/rri-aktuell"},{"@type":"ListItem","position":4,"name":"Rum\u00e4nien und die USA bekr\u00e4ftigen ihre Partnerschaft"}]},{"@type":"WebSite","@id":"https:\/\/www.rri.ro\/#website","url":"https:\/\/www.rri.ro\/","name":"Radio Rum\u00e4nien International","description":"Totul despre Rom\u00e2nia \u015fi rom\u00e2ni, \u00een 13 limbi\/dialecte!","inLanguage":"de"},{"@type":"Person","@id":"https:\/\/www.rri.ro\/#\/schema\/person\/2d81d5dc94d44190d13245f64551d334","name":"\u015etefan Stoica","url":"https:\/\/www.rri.ro\/de\/author\/stefan-stoica"}]}},"_links":{"self":[{"href":"https:\/\/www.rri.ro\/de\/wp-json\/wp\/v2\/posts\/461144","targetHints":{"allow":["GET"]}}],"collection":[{"href":"https:\/\/www.rri.ro\/de\/wp-json\/wp\/v2\/posts"}],"about":[{"href":"https:\/\/www.rri.ro\/de\/wp-json\/wp\/v2\/types\/post"}],"author":[{"embeddable":true,"href":"https:\/\/www.rri.ro\/de\/wp-json\/wp\/v2\/users\/110"}],"replies":[{"embeddable":true,"href":"https:\/\/www.rri.ro\/de\/wp-json\/wp\/v2\/comments?post=461144"}],"version-history":[{"count":0,"href":"https:\/\/www.rri.ro\/de\/wp-json\/wp\/v2\/posts\/461144\/revisions"}],"wp:featuredmedia":[{"embeddable":true,"href":"https:\/\/www.rri.ro\/de\/wp-json\/wp\/v2\/media\/184069"}],"wp:attachment":[{"href":"https:\/\/www.rri.ro\/de\/wp-json\/wp\/v2\/media?parent=461144"}],"wp:term":[{"taxonomy":"category","embeddable":true,"href":"https:\/\/www.rri.ro\/de\/wp-json\/wp\/v2\/categories?post=461144"},{"taxonomy":"post_tag","embeddable":true,"href":"https:\/\/www.rri.ro\/de\/wp-json\/wp\/v2\/tags?post=461144"},{"taxonomy":"author","embeddable":true,"href":"https:\/\/www.rri.ro\/de\/wp-json\/wp\/v2\/coauthors?post=461144"}],"curies":[{"name":"wp","href":"https:\/\/api.w.org\/{rel}","templated":true}]}}