{"id":461145,"date":"2019-08-22T16:47:00","date_gmt":"2019-08-22T13:47:00","guid":{"rendered":"http:\/\/devrri.freshlemon.ro\/aktuell\/die-rumaenische-wirtschaft-schreibt-positive-konjunkturzahlen-id461145.html"},"modified":"2024-02-19T20:50:10","modified_gmt":"2024-02-19T18:50:10","slug":"die-rumaenische-wirtschaft-schreibt-positive-konjunkturzahlen","status":"publish","type":"post","link":"https:\/\/www.rri.ro\/de\/aktuell\/rri-aktuell\/die-rumaenische-wirtschaft-schreibt-positive-konjunkturzahlen-id461145.html","title":{"rendered":"Die rum\u00e4nische Wirtschaft schreibt positive Konjunkturzahlen"},"content":{"rendered":"<p>Das rum\u00e4nische BIP ist in der ersten Jahresh\u00e4lfte um 4,8% gegen\u00fcber dem gleichen Zeitraum 2018 gestiegen, so die j\u00fcngsten vom rum\u00e4nischen Statistikinstitut und von Eurostat ver\u00f6ffentlichten Daten. Die Zahlen wurden am Mittwoch von Premierministerin Viorica Dancil\u0103 bekannt gegeben:<\/p>\n<p>&#13;<br \/>\n&#13;<\/p>\n<p>&#13;<br \/>\n&#13;<\/p>\n<p><em>Das zweite Quartal 2019 ist das f\u00fcnfte, in dem wir ein progressives Wirtschaftswachstum von mehr als 1% von einem Quartal zum anderen verzeichnen. In der ersten Jahresh\u00e4lfte stiegen die ausl\u00e4ndischen Direktinvestitionen um 30% gegen\u00fcber dem gleichen Zeitraum 2018.\u201c<\/em><\/p>\n<p>&#13;<br \/>\n&#13;<\/p>\n<p>&#13;<br \/>\n&#13;<\/p>\n<p>Laut Dancil\u0103 steht Rum\u00e4nien in den ersten drei Monaten des Jahres 2019 an zweiter Stelle in Europa beim Wirtschaftswachstum. Die Ministerpr\u00e4sidentin sagte auch, dass seit Anfang des Jahres \u00fcber 53.000 neue Arbeitspl\u00e4tze geschaffen wurden. Diese Zahlen werden auch durch eine Studie der GfK Romania best\u00e4tigt, die zeigt, dass der Jahres\u00fcberschuss pro Kopf in Rum\u00e4nien im vergangenen Jahr um 18 Prozent auf fast 5.100 Euro gestiegen ist, um 1000 Euro mehr als 2016. Was die Kaufkraft der Rum\u00e4nen betrifft, d.h. das Jahresnettoeinkommen nach Steuern und Sozialversicherungsbeitr\u00e4gen, so sind Bukarest und die Landkreise Cluj, Timis und Ilfov die am weitesten entwickelten Gebiete. In der Hauptstadt Bukarest liegt die Kaufkraft um mindestens 20% \u00fcber dem europ\u00e4ischen Durchschnitt.<\/p>\n<p>&#13;<br \/>\n&#13;<\/p>\n<p>&#13;<br \/>\n&#13;<\/p>\n<p>Die Studie zeigt auch, dass Sibiu, Bra\u015fov, Arad, Constan\u0163a und Alba Iulia die St\u00e4dte sind, die aufgrund ihrer guten Infrastruktur und der dortigen Universit\u00e4tszentren bald st\u00e4rker entwickelt sein werden als Bukarest. Ein Anstieg des Lebensstandards ist in Zentralrum\u00e4nien zu verzeichnen, wo sich eine neue Industriezone entwickelt, die massive Investitionen erfordert. Cluj, Timi\u015foara und Bra\u015fov stehen bei der Absorption europ\u00e4ischer Mittel und der Entwicklung der Infrastruktur ganz oben auf der Liste. Arad, an der Westgrenze Rum\u00e4niens gelegen, hat eine bedeutende Anzahl von Verkehrsverbindungen mit dem europ\u00e4ischen Stra\u200e\u00dfennetz entwickelt, w\u00e4hrend Alba Iulia im Zentrum die Liste der Smart Cities mit einer bedeutenden Anzahl von realisierten Projekten anf\u00fchrt.<\/p>\n<p>&#13;<br \/>\n&#13;<\/p>\n<p>&#13;<br \/>\n&#13;<\/p>\n<p>Auf der anderen Seite liegen die Landkreise Boto\u015fani, Vaslui, C\u0103l\u0103ra\u015fi und Giurgiu, wo die Kaufkraft weit unter dem nationalen Durchschnitt liegt.<\/p>\n<p>&#13;<\/p>\n","protected":false},"excerpt":{"rendered":"<p>Die rum\u00e4nische Wirtschaft befindet sich weiterhin im Aufw\u00e4rtstrend<\/p>\n","protected":false},"author":107,"featured_media":81601,"comment_status":"closed","ping_status":"closed","sticky":false,"template":"","format":"standard","meta":{"_acf_changed":false,"footnotes":""},"categories":[99583],"tags":[151561,99620],"coauthors":[],"class_list":["post-461145","post","type-post","status-publish","format-standard","has-post-thumbnail","hentry","category-rri-aktuell","tag-eurostat-de","tag-wirtschaftswachstum"],"acf":[],"yoast_head":"<!-- This site is optimized with the Yoast SEO plugin v27.3 - https:\/\/yoast.com\/product\/yoast-seo-wordpress\/ -->\n<title>Die rum\u00e4nische Wirtschaft schreibt positive Konjunkturzahlen - Radio Rum\u00e4nien International<\/title>\n<meta name=\"robots\" content=\"index, follow, max-snippet:-1, max-image-preview:large, max-video-preview:-1\" \/>\n<link rel=\"canonical\" href=\"https:\/\/www.rri.ro\/de\/aktuell\/rri-aktuell\/die-rumaenische-wirtschaft-schreibt-positive-konjunkturzahlen-id461145.html\" \/>\n<meta property=\"og:locale\" content=\"de_DE\" \/>\n<meta property=\"og:type\" content=\"article\" \/>\n<meta property=\"og:title\" content=\"Die rum\u00e4nische Wirtschaft schreibt positive Konjunkturzahlen - Radio Rum\u00e4nien International\" \/>\n<meta property=\"og:description\" content=\"Die rum\u00e4nische Wirtschaft befindet sich weiterhin im Aufw\u00e4rtstrend\" \/>\n<meta property=\"og:url\" content=\"https:\/\/www.rri.ro\/de\/aktuell\/rri-aktuell\/die-rumaenische-wirtschaft-schreibt-positive-konjunkturzahlen-id461145.html\" \/>\n<meta property=\"og:site_name\" content=\"Radio Rum\u00e4nien International\" \/>\n<meta property=\"article:published_time\" content=\"2019-08-22T13:47:00+00:00\" \/>\n<meta property=\"article:modified_time\" content=\"2024-02-19T18:50:10+00:00\" \/>\n<meta property=\"og:image\" content=\"https:\/\/www.rri.ro\/wp-content\/uploads\/2023\/10\/economie-probleme-finante-statistici-foto-pe-poza-sursa-pixabay.png\" \/>\n\t<meta property=\"og:image:width\" content=\"640\" \/>\n\t<meta property=\"og:image:height\" content=\"426\" \/>\n\t<meta property=\"og:image:type\" content=\"image\/png\" \/>\n<meta name=\"author\" content=\"Daniela Budu\" \/>\n<meta name=\"twitter:card\" content=\"summary_large_image\" \/>\n<meta name=\"twitter:label1\" content=\"Verfasst von\" \/>\n\t<meta name=\"twitter:data1\" content=\"Daniela Budu\" \/>\n\t<meta name=\"twitter:label2\" content=\"Gesch\u00e4tzte Lesezeit\" \/>\n\t<meta name=\"twitter:data2\" content=\"2\u00a0Minuten\" \/>\n\t<meta name=\"twitter:label3\" content=\"Written by\" \/>\n\t<meta name=\"twitter:data3\" content=\"Daniela Budu\" \/>\n<script type=\"application\/ld+json\" class=\"yoast-schema-graph\">{\"@context\":\"https:\\\/\\\/schema.org\",\"@graph\":[{\"@type\":\"Article\",\"@id\":\"https:\\\/\\\/www.rri.ro\\\/de\\\/aktuell\\\/rri-aktuell\\\/die-rumaenische-wirtschaft-schreibt-positive-konjunkturzahlen-id461145.html#article\",\"isPartOf\":{\"@id\":\"https:\\\/\\\/www.rri.ro\\\/de\\\/aktuell\\\/rri-aktuell\\\/die-rumaenische-wirtschaft-schreibt-positive-konjunkturzahlen-id461145.html\"},\"author\":{\"name\":\"Daniela Budu\",\"@id\":\"https:\\\/\\\/www.rri.ro\\\/#\\\/schema\\\/person\\\/b46b8f80d7d6e4b5ac9f14f0acbad0c4\"},\"headline\":\"Die rum\u00e4nische Wirtschaft schreibt positive Konjunkturzahlen\",\"datePublished\":\"2019-08-22T13:47:00+00:00\",\"dateModified\":\"2024-02-19T18:50:10+00:00\",\"mainEntityOfPage\":{\"@id\":\"https:\\\/\\\/www.rri.ro\\\/de\\\/aktuell\\\/rri-aktuell\\\/die-rumaenische-wirtschaft-schreibt-positive-konjunkturzahlen-id461145.html\"},\"wordCount\":348,\"image\":{\"@id\":\"https:\\\/\\\/www.rri.ro\\\/de\\\/aktuell\\\/rri-aktuell\\\/die-rumaenische-wirtschaft-schreibt-positive-konjunkturzahlen-id461145.html#primaryimage\"},\"thumbnailUrl\":\"https:\\\/\\\/www.rri.ro\\\/wp-content\\\/uploads\\\/2023\\\/10\\\/economie-probleme-finante-statistici-foto-pe-poza-sursa-pixabay.png\",\"keywords\":[\"Eurostat\",\"Wirtschaftswachstum\"],\"articleSection\":[\"RRI Aktuell\"],\"inLanguage\":\"de\"},{\"@type\":\"WebPage\",\"@id\":\"https:\\\/\\\/www.rri.ro\\\/de\\\/aktuell\\\/rri-aktuell\\\/die-rumaenische-wirtschaft-schreibt-positive-konjunkturzahlen-id461145.html\",\"url\":\"https:\\\/\\\/www.rri.ro\\\/de\\\/aktuell\\\/rri-aktuell\\\/die-rumaenische-wirtschaft-schreibt-positive-konjunkturzahlen-id461145.html\",\"name\":\"Die rum\u00e4nische Wirtschaft schreibt positive Konjunkturzahlen - Radio Rum\u00e4nien International\",\"isPartOf\":{\"@id\":\"https:\\\/\\\/www.rri.ro\\\/#website\"},\"primaryImageOfPage\":{\"@id\":\"https:\\\/\\\/www.rri.ro\\\/de\\\/aktuell\\\/rri-aktuell\\\/die-rumaenische-wirtschaft-schreibt-positive-konjunkturzahlen-id461145.html#primaryimage\"},\"image\":{\"@id\":\"https:\\\/\\\/www.rri.ro\\\/de\\\/aktuell\\\/rri-aktuell\\\/die-rumaenische-wirtschaft-schreibt-positive-konjunkturzahlen-id461145.html#primaryimage\"},\"thumbnailUrl\":\"https:\\\/\\\/www.rri.ro\\\/wp-content\\\/uploads\\\/2023\\\/10\\\/economie-probleme-finante-statistici-foto-pe-poza-sursa-pixabay.png\",\"datePublished\":\"2019-08-22T13:47:00+00:00\",\"dateModified\":\"2024-02-19T18:50:10+00:00\",\"author\":{\"@id\":\"https:\\\/\\\/www.rri.ro\\\/#\\\/schema\\\/person\\\/b46b8f80d7d6e4b5ac9f14f0acbad0c4\"},\"breadcrumb\":{\"@id\":\"https:\\\/\\\/www.rri.ro\\\/de\\\/aktuell\\\/rri-aktuell\\\/die-rumaenische-wirtschaft-schreibt-positive-konjunkturzahlen-id461145.html#breadcrumb\"},\"inLanguage\":\"de\",\"potentialAction\":[{\"@type\":\"ReadAction\",\"target\":[\"https:\\\/\\\/www.rri.ro\\\/de\\\/aktuell\\\/rri-aktuell\\\/die-rumaenische-wirtschaft-schreibt-positive-konjunkturzahlen-id461145.html\"]}]},{\"@type\":\"ImageObject\",\"inLanguage\":\"de\",\"@id\":\"https:\\\/\\\/www.rri.ro\\\/de\\\/aktuell\\\/rri-aktuell\\\/die-rumaenische-wirtschaft-schreibt-positive-konjunkturzahlen-id461145.html#primaryimage\",\"url\":\"https:\\\/\\\/www.rri.ro\\\/wp-content\\\/uploads\\\/2023\\\/10\\\/economie-probleme-finante-statistici-foto-pe-poza-sursa-pixabay.png\",\"contentUrl\":\"https:\\\/\\\/www.rri.ro\\\/wp-content\\\/uploads\\\/2023\\\/10\\\/economie-probleme-finante-statistici-foto-pe-poza-sursa-pixabay.png\",\"width\":640,\"height\":426},{\"@type\":\"BreadcrumbList\",\"@id\":\"https:\\\/\\\/www.rri.ro\\\/de\\\/aktuell\\\/rri-aktuell\\\/die-rumaenische-wirtschaft-schreibt-positive-konjunkturzahlen-id461145.html#breadcrumb\",\"itemListElement\":[{\"@type\":\"ListItem\",\"position\":1,\"name\":\"Startseite\",\"item\":\"https:\\\/\\\/www.rri.ro\\\/de\"},{\"@type\":\"ListItem\",\"position\":2,\"name\":\"Aktuell\",\"item\":\"https:\\\/\\\/www.rri.ro\\\/de\\\/aktuell\"},{\"@type\":\"ListItem\",\"position\":3,\"name\":\"RRI Aktuell\",\"item\":\"https:\\\/\\\/www.rri.ro\\\/de\\\/aktuell\\\/rri-aktuell\"},{\"@type\":\"ListItem\",\"position\":4,\"name\":\"Die rum\u00e4nische Wirtschaft schreibt positive Konjunkturzahlen\"}]},{\"@type\":\"WebSite\",\"@id\":\"https:\\\/\\\/www.rri.ro\\\/#website\",\"url\":\"https:\\\/\\\/www.rri.ro\\\/\",\"name\":\"Radio Rum\u00e4nien International\",\"description\":\"Totul despre Rom\u00e2nia \u015fi rom\u00e2ni, \u00een 13 limbi\\\/dialecte!\",\"inLanguage\":\"de\"},{\"@type\":\"Person\",\"@id\":\"https:\\\/\\\/www.rri.ro\\\/#\\\/schema\\\/person\\\/b46b8f80d7d6e4b5ac9f14f0acbad0c4\",\"name\":\"Daniela Budu\",\"url\":\"https:\\\/\\\/www.rri.ro\\\/de\\\/author\\\/daniela-budu\"}]}<\/script>\n<!-- \/ Yoast SEO plugin. -->","yoast_head_json":{"title":"Die rum\u00e4nische Wirtschaft schreibt positive Konjunkturzahlen - Radio Rum\u00e4nien International","robots":{"index":"index","follow":"follow","max-snippet":"max-snippet:-1","max-image-preview":"max-image-preview:large","max-video-preview":"max-video-preview:-1"},"canonical":"https:\/\/www.rri.ro\/de\/aktuell\/rri-aktuell\/die-rumaenische-wirtschaft-schreibt-positive-konjunkturzahlen-id461145.html","og_locale":"de_DE","og_type":"article","og_title":"Die rum\u00e4nische Wirtschaft schreibt positive Konjunkturzahlen - Radio Rum\u00e4nien International","og_description":"Die rum\u00e4nische Wirtschaft befindet sich weiterhin im Aufw\u00e4rtstrend","og_url":"https:\/\/www.rri.ro\/de\/aktuell\/rri-aktuell\/die-rumaenische-wirtschaft-schreibt-positive-konjunkturzahlen-id461145.html","og_site_name":"Radio Rum\u00e4nien International","article_published_time":"2019-08-22T13:47:00+00:00","article_modified_time":"2024-02-19T18:50:10+00:00","og_image":[{"width":640,"height":426,"url":"https:\/\/www.rri.ro\/wp-content\/uploads\/2023\/10\/economie-probleme-finante-statistici-foto-pe-poza-sursa-pixabay.png","type":"image\/png"}],"author":"Daniela Budu","twitter_card":"summary_large_image","twitter_misc":{"Verfasst von":"Daniela Budu","Gesch\u00e4tzte Lesezeit":"2\u00a0Minuten","Written by":"Daniela Budu"},"schema":{"@context":"https:\/\/schema.org","@graph":[{"@type":"Article","@id":"https:\/\/www.rri.ro\/de\/aktuell\/rri-aktuell\/die-rumaenische-wirtschaft-schreibt-positive-konjunkturzahlen-id461145.html#article","isPartOf":{"@id":"https:\/\/www.rri.ro\/de\/aktuell\/rri-aktuell\/die-rumaenische-wirtschaft-schreibt-positive-konjunkturzahlen-id461145.html"},"author":{"name":"Daniela Budu","@id":"https:\/\/www.rri.ro\/#\/schema\/person\/b46b8f80d7d6e4b5ac9f14f0acbad0c4"},"headline":"Die rum\u00e4nische Wirtschaft schreibt positive Konjunkturzahlen","datePublished":"2019-08-22T13:47:00+00:00","dateModified":"2024-02-19T18:50:10+00:00","mainEntityOfPage":{"@id":"https:\/\/www.rri.ro\/de\/aktuell\/rri-aktuell\/die-rumaenische-wirtschaft-schreibt-positive-konjunkturzahlen-id461145.html"},"wordCount":348,"image":{"@id":"https:\/\/www.rri.ro\/de\/aktuell\/rri-aktuell\/die-rumaenische-wirtschaft-schreibt-positive-konjunkturzahlen-id461145.html#primaryimage"},"thumbnailUrl":"https:\/\/www.rri.ro\/wp-content\/uploads\/2023\/10\/economie-probleme-finante-statistici-foto-pe-poza-sursa-pixabay.png","keywords":["Eurostat","Wirtschaftswachstum"],"articleSection":["RRI Aktuell"],"inLanguage":"de"},{"@type":"WebPage","@id":"https:\/\/www.rri.ro\/de\/aktuell\/rri-aktuell\/die-rumaenische-wirtschaft-schreibt-positive-konjunkturzahlen-id461145.html","url":"https:\/\/www.rri.ro\/de\/aktuell\/rri-aktuell\/die-rumaenische-wirtschaft-schreibt-positive-konjunkturzahlen-id461145.html","name":"Die rum\u00e4nische Wirtschaft schreibt positive Konjunkturzahlen - Radio Rum\u00e4nien International","isPartOf":{"@id":"https:\/\/www.rri.ro\/#website"},"primaryImageOfPage":{"@id":"https:\/\/www.rri.ro\/de\/aktuell\/rri-aktuell\/die-rumaenische-wirtschaft-schreibt-positive-konjunkturzahlen-id461145.html#primaryimage"},"image":{"@id":"https:\/\/www.rri.ro\/de\/aktuell\/rri-aktuell\/die-rumaenische-wirtschaft-schreibt-positive-konjunkturzahlen-id461145.html#primaryimage"},"thumbnailUrl":"https:\/\/www.rri.ro\/wp-content\/uploads\/2023\/10\/economie-probleme-finante-statistici-foto-pe-poza-sursa-pixabay.png","datePublished":"2019-08-22T13:47:00+00:00","dateModified":"2024-02-19T18:50:10+00:00","author":{"@id":"https:\/\/www.rri.ro\/#\/schema\/person\/b46b8f80d7d6e4b5ac9f14f0acbad0c4"},"breadcrumb":{"@id":"https:\/\/www.rri.ro\/de\/aktuell\/rri-aktuell\/die-rumaenische-wirtschaft-schreibt-positive-konjunkturzahlen-id461145.html#breadcrumb"},"inLanguage":"de","potentialAction":[{"@type":"ReadAction","target":["https:\/\/www.rri.ro\/de\/aktuell\/rri-aktuell\/die-rumaenische-wirtschaft-schreibt-positive-konjunkturzahlen-id461145.html"]}]},{"@type":"ImageObject","inLanguage":"de","@id":"https:\/\/www.rri.ro\/de\/aktuell\/rri-aktuell\/die-rumaenische-wirtschaft-schreibt-positive-konjunkturzahlen-id461145.html#primaryimage","url":"https:\/\/www.rri.ro\/wp-content\/uploads\/2023\/10\/economie-probleme-finante-statistici-foto-pe-poza-sursa-pixabay.png","contentUrl":"https:\/\/www.rri.ro\/wp-content\/uploads\/2023\/10\/economie-probleme-finante-statistici-foto-pe-poza-sursa-pixabay.png","width":640,"height":426},{"@type":"BreadcrumbList","@id":"https:\/\/www.rri.ro\/de\/aktuell\/rri-aktuell\/die-rumaenische-wirtschaft-schreibt-positive-konjunkturzahlen-id461145.html#breadcrumb","itemListElement":[{"@type":"ListItem","position":1,"name":"Startseite","item":"https:\/\/www.rri.ro\/de"},{"@type":"ListItem","position":2,"name":"Aktuell","item":"https:\/\/www.rri.ro\/de\/aktuell"},{"@type":"ListItem","position":3,"name":"RRI Aktuell","item":"https:\/\/www.rri.ro\/de\/aktuell\/rri-aktuell"},{"@type":"ListItem","position":4,"name":"Die rum\u00e4nische Wirtschaft schreibt positive Konjunkturzahlen"}]},{"@type":"WebSite","@id":"https:\/\/www.rri.ro\/#website","url":"https:\/\/www.rri.ro\/","name":"Radio Rum\u00e4nien International","description":"Totul despre Rom\u00e2nia \u015fi rom\u00e2ni, \u00een 13 limbi\/dialecte!","inLanguage":"de"},{"@type":"Person","@id":"https:\/\/www.rri.ro\/#\/schema\/person\/b46b8f80d7d6e4b5ac9f14f0acbad0c4","name":"Daniela Budu","url":"https:\/\/www.rri.ro\/de\/author\/daniela-budu"}]}},"_links":{"self":[{"href":"https:\/\/www.rri.ro\/de\/wp-json\/wp\/v2\/posts\/461145","targetHints":{"allow":["GET"]}}],"collection":[{"href":"https:\/\/www.rri.ro\/de\/wp-json\/wp\/v2\/posts"}],"about":[{"href":"https:\/\/www.rri.ro\/de\/wp-json\/wp\/v2\/types\/post"}],"author":[{"embeddable":true,"href":"https:\/\/www.rri.ro\/de\/wp-json\/wp\/v2\/users\/107"}],"replies":[{"embeddable":true,"href":"https:\/\/www.rri.ro\/de\/wp-json\/wp\/v2\/comments?post=461145"}],"version-history":[{"count":0,"href":"https:\/\/www.rri.ro\/de\/wp-json\/wp\/v2\/posts\/461145\/revisions"}],"wp:featuredmedia":[{"embeddable":true,"href":"https:\/\/www.rri.ro\/de\/wp-json\/wp\/v2\/media\/81601"}],"wp:attachment":[{"href":"https:\/\/www.rri.ro\/de\/wp-json\/wp\/v2\/media?parent=461145"}],"wp:term":[{"taxonomy":"category","embeddable":true,"href":"https:\/\/www.rri.ro\/de\/wp-json\/wp\/v2\/categories?post=461145"},{"taxonomy":"post_tag","embeddable":true,"href":"https:\/\/www.rri.ro\/de\/wp-json\/wp\/v2\/tags?post=461145"},{"taxonomy":"author","embeddable":true,"href":"https:\/\/www.rri.ro\/de\/wp-json\/wp\/v2\/coauthors?post=461145"}],"curies":[{"name":"wp","href":"https:\/\/api.w.org\/{rel}","templated":true}]}}