{"id":461184,"date":"2019-10-03T16:13:00","date_gmt":"2019-10-03T13:13:00","guid":{"rendered":"http:\/\/devrri.freshlemon.ro\/aktuell\/neue-kandidaten-fuer-die-eu-kommission-abgelehnt-id461184.html"},"modified":"2024-02-19T20:50:43","modified_gmt":"2024-02-19T18:50:43","slug":"neue-kandidaten-fuer-die-eu-kommission-abgelehnt","status":"publish","type":"post","link":"https:\/\/www.rri.ro\/de\/aktuell\/rri-aktuell\/neue-kandidaten-fuer-die-eu-kommission-abgelehnt-id461184.html","title":{"rendered":"Neue Kandidaten f\u00fcr die EU-Kommission abgelehnt"},"content":{"rendered":"<p>Die neue Pr\u00e4sidentin der Europ\u00e4ischen Kommission Ursula von der Leyen versucht, ihr Team von Kommissaren zu bilden, aber die Aufgabe scheint komplizierter als erwartet. In Br\u00fcssel wurden die polnischen und schwedischen Kandidaten Janusz Wojckiechowski und Ylva Johansson, die f\u00fcr das Amt des Agrarkommissars bzw Innenpolitik vorgeschlagen wurden, nach Anh\u00f6rung in den Fachaussch\u00fcssen des Parlaments abgelehnt.  Die Abgeordneten des Landwirtschafts- und des Innenausschusses werden weitere Fragen an die beiden Kandidaten stellen.<\/p>\n<p>&#13;<br \/>\n&#13;<\/p>\n<p>&#13;<br \/>\n&#13;<\/p>\n<p>Auch die rum\u00e4nischen Abgeordneten des Europ\u00e4ischen Parlaments haben sich \u00fcber die beiden Kandidaten beschwert. Die Sozial-Demokratin Carmen Avram hat betont, dass die Landwirtschaft von einer kompetenten Person geleitet werden muss: F\u00fcr uns als Rum\u00e4nen ist die Vision des neuen Agrarkommissars \u00fcber die gemeinsame Agrarpolitik \u00e4u\u200e\u00dferst wichtig, aber wir haben nichts davon geh\u00f6rt. Deshalb stimme ich zu, dass dieser Kandidat erneut angeh\u00f6rt wird, denn das ist f\u00fcr Rum\u00e4nien \u00e4u\u200e\u00dferst wichtig.\u201d Der Abgeordnete Sigfried Muresan, Mitglied der Fraktion der Europ\u00e4ischen Volkspartei, wiederum hat sich ebenfalls entt\u00e4uscht \u00fcber den polnischen Kandidaten ge\u00e4u\u200e\u00dfert: F\u00fcr die Landwirte in Rum\u00e4nien und f\u00fcr eine solide Gemeinsame Agrarpolitik ist ein starker Kommissar eine absolute Notwendigkeit, und der Kandidat, den wir gestern gesehen haben, war keineswegs bereit, dieses \u00e4u\u200e\u00dferst wichtige Amt zu besetzen.\u201d<\/p>\n<p>&#13;<br \/>\n&#13;<\/p>\n<p>&#13;<br \/>\n&#13;<\/p>\n<p>Auch die franz\u00f6sische Kandidatin f\u00fcr den EU-Binnenmarkt, Sylvie Goulard, die mit einer Untersuchung des Europ\u00e4ischen Amtes f\u00fcr Betrugsbek\u00e4mpfung konfrontiert ist, konnte die Fraktion der Europ\u00e4ischen Volkspartei nicht \u00fcberzeugen, die eine zus\u00e4tzliche Klarstellung forderte, insbesondere in Bezug auf eine angebliche fiktive Besch\u00e4ftigung eines ihrer Mitarbeiter. Zwei weitere Kandidaten waren zuvor abgelehnt worden: die rum\u00e4nische Sozial-Demokratin Rovana Plumb und der ungarische Kandidat Laszlo Trocsanyi wurden f\u00fcr das Amt f\u00fcr Verkehr bzw die Nachbarschaft und Erweiterungspolitik vorgeschlagen. Die beiden wurden wegen einiger Interessenkonflikte abgelehnt.<\/p>\n<p>&#13;<br \/>\n&#13;<\/p>\n<p>&#13;<br \/>\n&#13;<\/p>\n<p>Der rum\u00e4nische Abgeordnete Dan Nica, ehemaliger Kommunikationsminister, ist der neue Vorschlag der sozial-demokratischen Partei, f\u00fcr das Amt des EU-Kommissars f\u00fcr Verkehr. Die Partei hat auch eine zweite Variante, falls die Europ\u00e4ische Kommission eine Frau f\u00fcr dieses spezielle Portfolio haben m\u00f6chte, n\u00e4mlich Gabriela Ciot, die derzeit Staatssekret\u00e4rin im Au\u200e\u00dfenministerium ist.<\/p>\n<p>&#13;<\/p>\n","protected":false},"excerpt":{"rendered":"<p>Einige der Kandidaten f\u00fcr das Amt des EU-Kommissars wurden von den Fachaussch\u00fcssen des Europ\u00e4ischen Parlaments abgelehnt. Unter ihnen auch die rum\u00e4nische Sozial-Demokratin Rovana Plumb. Rum\u00e4nien hat einen neuen Vorschlag f\u00fcr das neue Team  von der Leyen.<\/p>\n","protected":false},"author":46,"featured_media":81690,"comment_status":"closed","ping_status":"closed","sticky":false,"template":"","format":"standard","meta":{"_acf_changed":false,"footnotes":""},"categories":[99583],"tags":[99617,28957,61844,137199],"coauthors":[],"class_list":["post-461184","post","type-post","status-publish","format-standard","has-post-thumbnail","hentry","category-rri-aktuell","tag-eu-kommission","tag-rovana-plumb","tag-sylvie-goulard","tag-ursula-von-der-leyen-de"],"acf":[],"yoast_head":"<!-- This site is optimized with the Yoast SEO plugin v27.3 - https:\/\/yoast.com\/product\/yoast-seo-wordpress\/ -->\n<title>Neue Kandidaten f\u00fcr die EU-Kommission abgelehnt - Radio Rum\u00e4nien International<\/title>\n<meta name=\"robots\" content=\"index, follow, max-snippet:-1, max-image-preview:large, max-video-preview:-1\" \/>\n<link rel=\"canonical\" href=\"https:\/\/www.rri.ro\/de\/aktuell\/rri-aktuell\/neue-kandidaten-fuer-die-eu-kommission-abgelehnt-id461184.html\" \/>\n<meta property=\"og:locale\" content=\"de_DE\" \/>\n<meta property=\"og:type\" content=\"article\" \/>\n<meta property=\"og:title\" content=\"Neue Kandidaten f\u00fcr die EU-Kommission abgelehnt - Radio Rum\u00e4nien International\" \/>\n<meta property=\"og:description\" content=\"Einige der Kandidaten f\u00fcr das Amt des EU-Kommissars wurden von den Fachaussch\u00fcssen des Europ\u00e4ischen Parlaments abgelehnt. Unter ihnen auch die rum\u00e4nische Sozial-Demokratin Rovana Plumb. Rum\u00e4nien hat einen neuen Vorschlag f\u00fcr das neue Team von der Leyen.\" \/>\n<meta property=\"og:url\" content=\"https:\/\/www.rri.ro\/de\/aktuell\/rri-aktuell\/neue-kandidaten-fuer-die-eu-kommission-abgelehnt-id461184.html\" \/>\n<meta property=\"og:site_name\" content=\"Radio Rum\u00e4nien International\" \/>\n<meta property=\"article:published_time\" content=\"2019-10-03T13:13:00+00:00\" \/>\n<meta property=\"article:modified_time\" content=\"2024-02-19T18:50:43+00:00\" \/>\n<meta property=\"og:image\" content=\"https:\/\/www.rri.ro\/wp-content\/uploads\/2023\/10\/comisia-europeana-cladire-foto-European-Union-2017-Photo-Mauro-Bottaro-Source-EC-Audiovisual-Service.png\" \/>\n\t<meta property=\"og:image:width\" content=\"640\" \/>\n\t<meta property=\"og:image:height\" content=\"480\" \/>\n\t<meta property=\"og:image:type\" content=\"image\/png\" \/>\n<meta name=\"author\" content=\"Leyla Cheamil\" \/>\n<meta name=\"twitter:card\" content=\"summary_large_image\" \/>\n<meta name=\"twitter:label1\" content=\"Verfasst von\" \/>\n\t<meta name=\"twitter:data1\" content=\"Leyla Cheamil\" \/>\n\t<meta name=\"twitter:label2\" content=\"Gesch\u00e4tzte Lesezeit\" \/>\n\t<meta name=\"twitter:data2\" content=\"2\u00a0Minuten\" \/>\n\t<meta name=\"twitter:label3\" content=\"Written by\" \/>\n\t<meta name=\"twitter:data3\" content=\"Leyla Cheamil\" \/>\n<script type=\"application\/ld+json\" class=\"yoast-schema-graph\">{\"@context\":\"https:\\\/\\\/schema.org\",\"@graph\":[{\"@type\":\"Article\",\"@id\":\"https:\\\/\\\/www.rri.ro\\\/de\\\/aktuell\\\/rri-aktuell\\\/neue-kandidaten-fuer-die-eu-kommission-abgelehnt-id461184.html#article\",\"isPartOf\":{\"@id\":\"https:\\\/\\\/www.rri.ro\\\/de\\\/aktuell\\\/rri-aktuell\\\/neue-kandidaten-fuer-die-eu-kommission-abgelehnt-id461184.html\"},\"author\":{\"name\":\"Leyla Cheamil\",\"@id\":\"https:\\\/\\\/www.rri.ro\\\/#\\\/schema\\\/person\\\/e6364ed2d4b6af207a82ca66000d07e0\"},\"headline\":\"Neue Kandidaten f\u00fcr die EU-Kommission abgelehnt\",\"datePublished\":\"2019-10-03T13:13:00+00:00\",\"dateModified\":\"2024-02-19T18:50:43+00:00\",\"mainEntityOfPage\":{\"@id\":\"https:\\\/\\\/www.rri.ro\\\/de\\\/aktuell\\\/rri-aktuell\\\/neue-kandidaten-fuer-die-eu-kommission-abgelehnt-id461184.html\"},\"wordCount\":375,\"image\":{\"@id\":\"https:\\\/\\\/www.rri.ro\\\/de\\\/aktuell\\\/rri-aktuell\\\/neue-kandidaten-fuer-die-eu-kommission-abgelehnt-id461184.html#primaryimage\"},\"thumbnailUrl\":\"https:\\\/\\\/www.rri.ro\\\/wp-content\\\/uploads\\\/2023\\\/10\\\/comisia-europeana-cladire-foto-European-Union-2017-Photo-Mauro-Bottaro-Source-EC-Audiovisual-Service.png\",\"keywords\":[\"EU-Kommission\",\"Rovana Plumb\",\"Sylvie Goulard\",\"Ursula von der Leyen\"],\"articleSection\":[\"RRI Aktuell\"],\"inLanguage\":\"de\"},{\"@type\":\"WebPage\",\"@id\":\"https:\\\/\\\/www.rri.ro\\\/de\\\/aktuell\\\/rri-aktuell\\\/neue-kandidaten-fuer-die-eu-kommission-abgelehnt-id461184.html\",\"url\":\"https:\\\/\\\/www.rri.ro\\\/de\\\/aktuell\\\/rri-aktuell\\\/neue-kandidaten-fuer-die-eu-kommission-abgelehnt-id461184.html\",\"name\":\"Neue Kandidaten f\u00fcr die EU-Kommission abgelehnt - Radio Rum\u00e4nien International\",\"isPartOf\":{\"@id\":\"https:\\\/\\\/www.rri.ro\\\/#website\"},\"primaryImageOfPage\":{\"@id\":\"https:\\\/\\\/www.rri.ro\\\/de\\\/aktuell\\\/rri-aktuell\\\/neue-kandidaten-fuer-die-eu-kommission-abgelehnt-id461184.html#primaryimage\"},\"image\":{\"@id\":\"https:\\\/\\\/www.rri.ro\\\/de\\\/aktuell\\\/rri-aktuell\\\/neue-kandidaten-fuer-die-eu-kommission-abgelehnt-id461184.html#primaryimage\"},\"thumbnailUrl\":\"https:\\\/\\\/www.rri.ro\\\/wp-content\\\/uploads\\\/2023\\\/10\\\/comisia-europeana-cladire-foto-European-Union-2017-Photo-Mauro-Bottaro-Source-EC-Audiovisual-Service.png\",\"datePublished\":\"2019-10-03T13:13:00+00:00\",\"dateModified\":\"2024-02-19T18:50:43+00:00\",\"author\":{\"@id\":\"https:\\\/\\\/www.rri.ro\\\/#\\\/schema\\\/person\\\/e6364ed2d4b6af207a82ca66000d07e0\"},\"breadcrumb\":{\"@id\":\"https:\\\/\\\/www.rri.ro\\\/de\\\/aktuell\\\/rri-aktuell\\\/neue-kandidaten-fuer-die-eu-kommission-abgelehnt-id461184.html#breadcrumb\"},\"inLanguage\":\"de\",\"potentialAction\":[{\"@type\":\"ReadAction\",\"target\":[\"https:\\\/\\\/www.rri.ro\\\/de\\\/aktuell\\\/rri-aktuell\\\/neue-kandidaten-fuer-die-eu-kommission-abgelehnt-id461184.html\"]}]},{\"@type\":\"ImageObject\",\"inLanguage\":\"de\",\"@id\":\"https:\\\/\\\/www.rri.ro\\\/de\\\/aktuell\\\/rri-aktuell\\\/neue-kandidaten-fuer-die-eu-kommission-abgelehnt-id461184.html#primaryimage\",\"url\":\"https:\\\/\\\/www.rri.ro\\\/wp-content\\\/uploads\\\/2023\\\/10\\\/comisia-europeana-cladire-foto-European-Union-2017-Photo-Mauro-Bottaro-Source-EC-Audiovisual-Service.png\",\"contentUrl\":\"https:\\\/\\\/www.rri.ro\\\/wp-content\\\/uploads\\\/2023\\\/10\\\/comisia-europeana-cladire-foto-European-Union-2017-Photo-Mauro-Bottaro-Source-EC-Audiovisual-Service.png\",\"width\":640,\"height\":480},{\"@type\":\"BreadcrumbList\",\"@id\":\"https:\\\/\\\/www.rri.ro\\\/de\\\/aktuell\\\/rri-aktuell\\\/neue-kandidaten-fuer-die-eu-kommission-abgelehnt-id461184.html#breadcrumb\",\"itemListElement\":[{\"@type\":\"ListItem\",\"position\":1,\"name\":\"Startseite\",\"item\":\"https:\\\/\\\/www.rri.ro\\\/de\"},{\"@type\":\"ListItem\",\"position\":2,\"name\":\"Aktuell\",\"item\":\"https:\\\/\\\/www.rri.ro\\\/de\\\/aktuell\"},{\"@type\":\"ListItem\",\"position\":3,\"name\":\"RRI Aktuell\",\"item\":\"https:\\\/\\\/www.rri.ro\\\/de\\\/aktuell\\\/rri-aktuell\"},{\"@type\":\"ListItem\",\"position\":4,\"name\":\"Neue Kandidaten f\u00fcr die EU-Kommission abgelehnt\"}]},{\"@type\":\"WebSite\",\"@id\":\"https:\\\/\\\/www.rri.ro\\\/#website\",\"url\":\"https:\\\/\\\/www.rri.ro\\\/\",\"name\":\"Radio Rum\u00e4nien International\",\"description\":\"Totul despre Rom\u00e2nia \u015fi rom\u00e2ni, \u00een 13 limbi\\\/dialecte!\",\"inLanguage\":\"de\"},{\"@type\":\"Person\",\"@id\":\"https:\\\/\\\/www.rri.ro\\\/#\\\/schema\\\/person\\\/e6364ed2d4b6af207a82ca66000d07e0\",\"name\":\"Leyla Cheamil\",\"url\":\"https:\\\/\\\/www.rri.ro\\\/de\\\/author\\\/leyla-cheamil\"}]}<\/script>\n<!-- \/ Yoast SEO plugin. -->","yoast_head_json":{"title":"Neue Kandidaten f\u00fcr die EU-Kommission abgelehnt - Radio Rum\u00e4nien International","robots":{"index":"index","follow":"follow","max-snippet":"max-snippet:-1","max-image-preview":"max-image-preview:large","max-video-preview":"max-video-preview:-1"},"canonical":"https:\/\/www.rri.ro\/de\/aktuell\/rri-aktuell\/neue-kandidaten-fuer-die-eu-kommission-abgelehnt-id461184.html","og_locale":"de_DE","og_type":"article","og_title":"Neue Kandidaten f\u00fcr die EU-Kommission abgelehnt - Radio Rum\u00e4nien International","og_description":"Einige der Kandidaten f\u00fcr das Amt des EU-Kommissars wurden von den Fachaussch\u00fcssen des Europ\u00e4ischen Parlaments abgelehnt. Unter ihnen auch die rum\u00e4nische Sozial-Demokratin Rovana Plumb. Rum\u00e4nien hat einen neuen Vorschlag f\u00fcr das neue Team von der Leyen.","og_url":"https:\/\/www.rri.ro\/de\/aktuell\/rri-aktuell\/neue-kandidaten-fuer-die-eu-kommission-abgelehnt-id461184.html","og_site_name":"Radio Rum\u00e4nien International","article_published_time":"2019-10-03T13:13:00+00:00","article_modified_time":"2024-02-19T18:50:43+00:00","og_image":[{"width":640,"height":480,"url":"https:\/\/www.rri.ro\/wp-content\/uploads\/2023\/10\/comisia-europeana-cladire-foto-European-Union-2017-Photo-Mauro-Bottaro-Source-EC-Audiovisual-Service.png","type":"image\/png"}],"author":"Leyla Cheamil","twitter_card":"summary_large_image","twitter_misc":{"Verfasst von":"Leyla Cheamil","Gesch\u00e4tzte Lesezeit":"2\u00a0Minuten","Written by":"Leyla Cheamil"},"schema":{"@context":"https:\/\/schema.org","@graph":[{"@type":"Article","@id":"https:\/\/www.rri.ro\/de\/aktuell\/rri-aktuell\/neue-kandidaten-fuer-die-eu-kommission-abgelehnt-id461184.html#article","isPartOf":{"@id":"https:\/\/www.rri.ro\/de\/aktuell\/rri-aktuell\/neue-kandidaten-fuer-die-eu-kommission-abgelehnt-id461184.html"},"author":{"name":"Leyla Cheamil","@id":"https:\/\/www.rri.ro\/#\/schema\/person\/e6364ed2d4b6af207a82ca66000d07e0"},"headline":"Neue Kandidaten f\u00fcr die EU-Kommission abgelehnt","datePublished":"2019-10-03T13:13:00+00:00","dateModified":"2024-02-19T18:50:43+00:00","mainEntityOfPage":{"@id":"https:\/\/www.rri.ro\/de\/aktuell\/rri-aktuell\/neue-kandidaten-fuer-die-eu-kommission-abgelehnt-id461184.html"},"wordCount":375,"image":{"@id":"https:\/\/www.rri.ro\/de\/aktuell\/rri-aktuell\/neue-kandidaten-fuer-die-eu-kommission-abgelehnt-id461184.html#primaryimage"},"thumbnailUrl":"https:\/\/www.rri.ro\/wp-content\/uploads\/2023\/10\/comisia-europeana-cladire-foto-European-Union-2017-Photo-Mauro-Bottaro-Source-EC-Audiovisual-Service.png","keywords":["EU-Kommission","Rovana Plumb","Sylvie Goulard","Ursula von der Leyen"],"articleSection":["RRI Aktuell"],"inLanguage":"de"},{"@type":"WebPage","@id":"https:\/\/www.rri.ro\/de\/aktuell\/rri-aktuell\/neue-kandidaten-fuer-die-eu-kommission-abgelehnt-id461184.html","url":"https:\/\/www.rri.ro\/de\/aktuell\/rri-aktuell\/neue-kandidaten-fuer-die-eu-kommission-abgelehnt-id461184.html","name":"Neue Kandidaten f\u00fcr die EU-Kommission abgelehnt - Radio Rum\u00e4nien International","isPartOf":{"@id":"https:\/\/www.rri.ro\/#website"},"primaryImageOfPage":{"@id":"https:\/\/www.rri.ro\/de\/aktuell\/rri-aktuell\/neue-kandidaten-fuer-die-eu-kommission-abgelehnt-id461184.html#primaryimage"},"image":{"@id":"https:\/\/www.rri.ro\/de\/aktuell\/rri-aktuell\/neue-kandidaten-fuer-die-eu-kommission-abgelehnt-id461184.html#primaryimage"},"thumbnailUrl":"https:\/\/www.rri.ro\/wp-content\/uploads\/2023\/10\/comisia-europeana-cladire-foto-European-Union-2017-Photo-Mauro-Bottaro-Source-EC-Audiovisual-Service.png","datePublished":"2019-10-03T13:13:00+00:00","dateModified":"2024-02-19T18:50:43+00:00","author":{"@id":"https:\/\/www.rri.ro\/#\/schema\/person\/e6364ed2d4b6af207a82ca66000d07e0"},"breadcrumb":{"@id":"https:\/\/www.rri.ro\/de\/aktuell\/rri-aktuell\/neue-kandidaten-fuer-die-eu-kommission-abgelehnt-id461184.html#breadcrumb"},"inLanguage":"de","potentialAction":[{"@type":"ReadAction","target":["https:\/\/www.rri.ro\/de\/aktuell\/rri-aktuell\/neue-kandidaten-fuer-die-eu-kommission-abgelehnt-id461184.html"]}]},{"@type":"ImageObject","inLanguage":"de","@id":"https:\/\/www.rri.ro\/de\/aktuell\/rri-aktuell\/neue-kandidaten-fuer-die-eu-kommission-abgelehnt-id461184.html#primaryimage","url":"https:\/\/www.rri.ro\/wp-content\/uploads\/2023\/10\/comisia-europeana-cladire-foto-European-Union-2017-Photo-Mauro-Bottaro-Source-EC-Audiovisual-Service.png","contentUrl":"https:\/\/www.rri.ro\/wp-content\/uploads\/2023\/10\/comisia-europeana-cladire-foto-European-Union-2017-Photo-Mauro-Bottaro-Source-EC-Audiovisual-Service.png","width":640,"height":480},{"@type":"BreadcrumbList","@id":"https:\/\/www.rri.ro\/de\/aktuell\/rri-aktuell\/neue-kandidaten-fuer-die-eu-kommission-abgelehnt-id461184.html#breadcrumb","itemListElement":[{"@type":"ListItem","position":1,"name":"Startseite","item":"https:\/\/www.rri.ro\/de"},{"@type":"ListItem","position":2,"name":"Aktuell","item":"https:\/\/www.rri.ro\/de\/aktuell"},{"@type":"ListItem","position":3,"name":"RRI Aktuell","item":"https:\/\/www.rri.ro\/de\/aktuell\/rri-aktuell"},{"@type":"ListItem","position":4,"name":"Neue Kandidaten f\u00fcr die EU-Kommission abgelehnt"}]},{"@type":"WebSite","@id":"https:\/\/www.rri.ro\/#website","url":"https:\/\/www.rri.ro\/","name":"Radio Rum\u00e4nien International","description":"Totul despre Rom\u00e2nia \u015fi rom\u00e2ni, \u00een 13 limbi\/dialecte!","inLanguage":"de"},{"@type":"Person","@id":"https:\/\/www.rri.ro\/#\/schema\/person\/e6364ed2d4b6af207a82ca66000d07e0","name":"Leyla Cheamil","url":"https:\/\/www.rri.ro\/de\/author\/leyla-cheamil"}]}},"_links":{"self":[{"href":"https:\/\/www.rri.ro\/de\/wp-json\/wp\/v2\/posts\/461184","targetHints":{"allow":["GET"]}}],"collection":[{"href":"https:\/\/www.rri.ro\/de\/wp-json\/wp\/v2\/posts"}],"about":[{"href":"https:\/\/www.rri.ro\/de\/wp-json\/wp\/v2\/types\/post"}],"author":[{"embeddable":true,"href":"https:\/\/www.rri.ro\/de\/wp-json\/wp\/v2\/users\/46"}],"replies":[{"embeddable":true,"href":"https:\/\/www.rri.ro\/de\/wp-json\/wp\/v2\/comments?post=461184"}],"version-history":[{"count":0,"href":"https:\/\/www.rri.ro\/de\/wp-json\/wp\/v2\/posts\/461184\/revisions"}],"wp:featuredmedia":[{"embeddable":true,"href":"https:\/\/www.rri.ro\/de\/wp-json\/wp\/v2\/media\/81690"}],"wp:attachment":[{"href":"https:\/\/www.rri.ro\/de\/wp-json\/wp\/v2\/media?parent=461184"}],"wp:term":[{"taxonomy":"category","embeddable":true,"href":"https:\/\/www.rri.ro\/de\/wp-json\/wp\/v2\/categories?post=461184"},{"taxonomy":"post_tag","embeddable":true,"href":"https:\/\/www.rri.ro\/de\/wp-json\/wp\/v2\/tags?post=461184"},{"taxonomy":"author","embeddable":true,"href":"https:\/\/www.rri.ro\/de\/wp-json\/wp\/v2\/coauthors?post=461184"}],"curies":[{"name":"wp","href":"https:\/\/api.w.org\/{rel}","templated":true}]}}