{"id":461185,"date":"2019-10-04T14:33:00","date_gmt":"2019-10-04T11:33:00","guid":{"rendered":"http:\/\/devrri.freshlemon.ro\/aktuell\/5-ausgabe-der-medienkonferenz-2020-in-bukarest-id461185.html"},"modified":"2024-02-19T20:50:44","modified_gmt":"2024-02-19T18:50:44","slug":"5-ausgabe-der-medienkonferenz-2020-in-bukarest","status":"publish","type":"post","link":"https:\/\/www.rri.ro\/de\/aktuell\/rri-aktuell\/5-ausgabe-der-medienkonferenz-2020-in-bukarest-id461185.html","title":{"rendered":"5. Ausgabe der Medienkonferenz 2020 in Bukarest"},"content":{"rendered":"<p>Radio Rum\u00e4nien und die BBC sind zwei Organisationen, die auf starken Werten basieren und st\u00e4ndige und wichtige Aufgaben haben, n\u00e4mlich die \u00d6ffentlichkeit zu informieren und zu bilden, und auch Unterhaltungsprogramme anzubieten. Unter dieser Voraussetzung haben die beiden Presseeinrichtungen am Donnerstag eine Vereinbarung getroffen, auf deren Grundlage sie sich gegenseitig bei der gemeinsamen Entwicklung unterst\u00fctzen werden. Die Unterzeichnung des Dokuments fand in Bukarest statt, am Rande der 5. Ausgabe der Medienkonferenz 2020, die von Radio Rum\u00e4nien in Partnerschaft mit der Union der Radio- und Fernsehanstalten der L\u00e4nder des asiatisch-pazifischen Raums veranstaltet wurde.<\/p>\n<p>&#13;<br \/>\n&#13;<\/p>\n<p>&#13;<br \/>\n&#13;<\/p>\n<p>In Anbetracht der Tatsache, dass Radio Rum\u00e4nien ein aktives Mitglied der Europ\u00e4ischen Radio- und Fernsehunion ist, hielt der stellvertretende Direktor der BBC, Graham Ellis, eine Zusammenarbeit zwischen den beiden Institutionen in diesem Zeitraum f\u00fcr sehr wichtig. Der Pr\u00e4sident und Generaldirektor von Radio Rum\u00e4nien, Georgic\u0103 Severin, sagte seinerseits, dass die Partnerschaft die nat\u00fcrliche Folge der ausgezeichneten Zusammenarbeit und der Verbindungen zwischen Radio Rum\u00e4nien und der BBC sei:<\/p>\n<p>&#13;<br \/>\n&#13;<\/p>\n<p>&#13;<br \/>\n&#13;<\/p>\n<p><em>Die Bek\u00e4mpfung von Fehlinformationen, die Pr\u00e4sentation von Informationen \u00fcber das Leben und die Kultur des Publikums, die Anpassung neuer Technologien oder die Transformation unserer Medienorganisationen sind einige der wichtigsten Themen unserer Partnerschaft. <\/em><\/p>\n<p>&#13;<br \/>\n&#13;<\/p>\n<p>&#13;<br \/>\n&#13;<\/p>\n<p>Die von Radio Rum\u00e4nien mit der BBC getroffene Vereinbarung ist kein Einzelfall. Radio Rum\u00e4nien hat bereits zwei Abkommen mit Radio France und RAI unterzeichnet. Das neue Abkommen mit der BBC geh\u00f6rt zur Strategie der Zusammenarbeit des rum\u00e4nischen \u00f6ffentlichen Rundfunks mit den renommiertesten Medieninstitutionen in Europa. \u00dcber die bilaterale Zusammenarbeit hinaus unterh\u00e4lt Radio Rum\u00e4nien auch sehr gute Beziehungen zu zahlreichen Presseeinrichtungen auf der ganzen Welt. Das wird auch bewiesen durch die Pr\u00e4senz von mehr als 40 Vertretern der wichtigsten \u00f6ffentlichen Medienanstalten in Europa und im asiatisch-pazifischen Raum bei der Medienkonferenz in der rum\u00e4nischen Hauptstadt. Die Teilnehmer diskutierten unter anderen \u00fcber die Zukunft der Medien im digitalen Zeitalter, \u00fcber die Strategien zum Schutz der Rechte der Medien und der Urheberrechte und \u00fcber die Bek\u00e4mpfung von gef\u00e4lschten Nachrichten (sog. Fake News).<\/p>\n<p>&#13;<br \/>\n&#13;<\/p>\n<p>&#13;<br \/>\n&#13;<\/p>\n<p>Die Medienkonferenz 2020, die bereits eine Tradition des Dialogs zwischen Europa und dem asiatisch-pazifischen Raum hat, hat sich als eine der offensten und konstruktivsten Medienplattformen in Europa und Asien etabliert. Sie findet j\u00e4hrlich statt, abwechselnd in Rum\u00e4nien und in einem Land des asiatisch-pazifischen Raums. Bereits von der ersten Ausgabe war das Ziel der Konferenz, die \u00f6ffentlich-rechtlichen Sender mit konkreten Strategien vertraut zu machen, um auf die Herausforderungen des neuen digitalen Zeitalters zu reagieren &#8211; das Jahr 2020 wurde als Meilenstein gesetzt, und dieses Jahr, bei der 5. Ausgabe, lautete das Thema der Medienkonferenz 2020 \u201cCrossing Borders in the Digital World \u201cGrenzen \u00fcberschreiten in der digitalen Welt.<\/p>\n<p>&#13;<br \/>\n&#13;<\/p>\n<p>&#13;<br \/>\n&#13;<\/p>\n<p>Der Generalsekret\u00e4r der Asia Asia-Pacific Broadcasting Union (ABU), Javad Mottaghi, sagte bei der Medienkonferenz 2020 in Bukarest, dass die \u00d6ffentlichkeit unabh\u00e4ngige, unparteiische und zuverl\u00e4ssige Informationen brauche. Es h\u00e4ngt von den \u00f6ffentlich-rechtlichen Rundfunkanstalten ab, ob sie die Wahrheit sagen und ob sie das Vertrauen der \u00f6ffentlichkeit gewinnen, so Javad Mottaghi. <\/p>\n<p>&#13;<\/p>\n","protected":false},"excerpt":{"rendered":"<p>Radio Rum\u00e4nien veranstaltete mit der Asia-Pacific Broadcasting Union (ABU) die 5. Ausgabe der Medienkonferenz 2020. Dabei unterzeichneten Radio Rum\u00e4nien und BBC Radio ein bilaterales Abkommen \u00fcber die Entwicklung einer kreativen Partnerschaft.<\/p>\n","protected":false},"author":109,"featured_media":83180,"comment_status":"closed","ping_status":"closed","sticky":false,"template":"","format":"standard","meta":{"_acf_changed":false,"footnotes":""},"categories":[99583],"tags":[32516,60591,32866,99706,104759,99875,104760],"coauthors":[],"class_list":["post-461185","post","type-post","status-publish","format-standard","has-post-thumbnail","hentry","category-rri-aktuell","tag-abu","tag-bbc","tag-fake-news","tag-medien","tag-medienkonferenz-2020","tag-radio-rumaenien","tag-urheberrechte"],"acf":[],"yoast_head":"<!-- This site is optimized with the Yoast SEO plugin v27.5 - https:\/\/yoast.com\/product\/yoast-seo-wordpress\/ -->\n<title>5. Ausgabe der Medienkonferenz 2020 in Bukarest - Radio Rum\u00e4nien International<\/title>\n<meta name=\"robots\" content=\"index, follow, max-snippet:-1, max-image-preview:large, max-video-preview:-1\" \/>\n<link rel=\"canonical\" href=\"https:\/\/www.rri.ro\/de\/aktuell\/rri-aktuell\/5-ausgabe-der-medienkonferenz-2020-in-bukarest-id461185.html\" \/>\n<meta property=\"og:locale\" content=\"de_DE\" \/>\n<meta property=\"og:type\" content=\"article\" \/>\n<meta property=\"og:title\" content=\"5. Ausgabe der Medienkonferenz 2020 in Bukarest - Radio Rum\u00e4nien International\" \/>\n<meta property=\"og:description\" content=\"Radio Rum\u00e4nien veranstaltete mit der Asia-Pacific Broadcasting Union (ABU) die 5. Ausgabe der Medienkonferenz 2020. Dabei unterzeichneten Radio Rum\u00e4nien und BBC Radio ein bilaterales Abkommen \u00fcber die Entwicklung einer kreativen Partnerschaft.\" \/>\n<meta property=\"og:url\" content=\"https:\/\/www.rri.ro\/de\/aktuell\/rri-aktuell\/5-ausgabe-der-medienkonferenz-2020-in-bukarest-id461185.html\" \/>\n<meta property=\"og:site_name\" content=\"Radio Rum\u00e4nien International\" \/>\n<meta property=\"article:published_time\" content=\"2019-10-04T11:33:00+00:00\" \/>\n<meta property=\"article:modified_time\" content=\"2024-02-19T18:50:44+00:00\" \/>\n<meta property=\"og:image\" content=\"https:\/\/www.rri.ro\/wp-content\/uploads\/2023\/10\/graham-ellis-bbc-georgica-severin-foto-radioromania.jpg\" \/>\n\t<meta property=\"og:image:width\" content=\"640\" \/>\n\t<meta property=\"og:image:height\" content=\"447\" \/>\n\t<meta property=\"og:image:type\" content=\"image\/jpeg\" \/>\n<meta name=\"author\" content=\"Roxana Vasile\" \/>\n<meta name=\"twitter:card\" content=\"summary_large_image\" \/>\n<meta name=\"twitter:label1\" content=\"Verfasst von\" \/>\n\t<meta name=\"twitter:data1\" content=\"Roxana Vasile\" \/>\n\t<meta name=\"twitter:label2\" content=\"Gesch\u00e4tzte Lesezeit\" \/>\n\t<meta name=\"twitter:data2\" content=\"2\u00a0Minuten\" \/>\n\t<meta name=\"twitter:label3\" content=\"Written by\" \/>\n\t<meta name=\"twitter:data3\" content=\"Roxana Vasile\" \/>\n<script type=\"application\/ld+json\" class=\"yoast-schema-graph\">{\"@context\":\"https:\\\/\\\/schema.org\",\"@graph\":[{\"@type\":\"Article\",\"@id\":\"https:\\\/\\\/www.rri.ro\\\/de\\\/aktuell\\\/rri-aktuell\\\/5-ausgabe-der-medienkonferenz-2020-in-bukarest-id461185.html#article\",\"isPartOf\":{\"@id\":\"https:\\\/\\\/www.rri.ro\\\/de\\\/aktuell\\\/rri-aktuell\\\/5-ausgabe-der-medienkonferenz-2020-in-bukarest-id461185.html\"},\"author\":{\"name\":\"Roxana Vasile\",\"@id\":\"https:\\\/\\\/www.rri.ro\\\/#\\\/schema\\\/person\\\/0745b519f2d1287783422f162c4112af\"},\"headline\":\"5. Ausgabe der Medienkonferenz 2020 in Bukarest\",\"datePublished\":\"2019-10-04T11:33:00+00:00\",\"dateModified\":\"2024-02-19T18:50:44+00:00\",\"mainEntityOfPage\":{\"@id\":\"https:\\\/\\\/www.rri.ro\\\/de\\\/aktuell\\\/rri-aktuell\\\/5-ausgabe-der-medienkonferenz-2020-in-bukarest-id461185.html\"},\"wordCount\":500,\"image\":{\"@id\":\"https:\\\/\\\/www.rri.ro\\\/de\\\/aktuell\\\/rri-aktuell\\\/5-ausgabe-der-medienkonferenz-2020-in-bukarest-id461185.html#primaryimage\"},\"thumbnailUrl\":\"https:\\\/\\\/www.rri.ro\\\/wp-content\\\/uploads\\\/2023\\\/10\\\/graham-ellis-bbc-georgica-severin-foto-radioromania.jpg\",\"keywords\":[\"ABU\",\"BBC\",\"fake news\",\"Medien\",\"Medienkonferenz 2020\",\"Radio Rum\u00e4nien\",\"Urheberrechte\"],\"articleSection\":[\"RRI Aktuell\"],\"inLanguage\":\"de\"},{\"@type\":\"WebPage\",\"@id\":\"https:\\\/\\\/www.rri.ro\\\/de\\\/aktuell\\\/rri-aktuell\\\/5-ausgabe-der-medienkonferenz-2020-in-bukarest-id461185.html\",\"url\":\"https:\\\/\\\/www.rri.ro\\\/de\\\/aktuell\\\/rri-aktuell\\\/5-ausgabe-der-medienkonferenz-2020-in-bukarest-id461185.html\",\"name\":\"5. Ausgabe der Medienkonferenz 2020 in Bukarest - Radio Rum\u00e4nien International\",\"isPartOf\":{\"@id\":\"https:\\\/\\\/www.rri.ro\\\/#website\"},\"primaryImageOfPage\":{\"@id\":\"https:\\\/\\\/www.rri.ro\\\/de\\\/aktuell\\\/rri-aktuell\\\/5-ausgabe-der-medienkonferenz-2020-in-bukarest-id461185.html#primaryimage\"},\"image\":{\"@id\":\"https:\\\/\\\/www.rri.ro\\\/de\\\/aktuell\\\/rri-aktuell\\\/5-ausgabe-der-medienkonferenz-2020-in-bukarest-id461185.html#primaryimage\"},\"thumbnailUrl\":\"https:\\\/\\\/www.rri.ro\\\/wp-content\\\/uploads\\\/2023\\\/10\\\/graham-ellis-bbc-georgica-severin-foto-radioromania.jpg\",\"datePublished\":\"2019-10-04T11:33:00+00:00\",\"dateModified\":\"2024-02-19T18:50:44+00:00\",\"author\":{\"@id\":\"https:\\\/\\\/www.rri.ro\\\/#\\\/schema\\\/person\\\/0745b519f2d1287783422f162c4112af\"},\"breadcrumb\":{\"@id\":\"https:\\\/\\\/www.rri.ro\\\/de\\\/aktuell\\\/rri-aktuell\\\/5-ausgabe-der-medienkonferenz-2020-in-bukarest-id461185.html#breadcrumb\"},\"inLanguage\":\"de\",\"potentialAction\":[{\"@type\":\"ReadAction\",\"target\":[\"https:\\\/\\\/www.rri.ro\\\/de\\\/aktuell\\\/rri-aktuell\\\/5-ausgabe-der-medienkonferenz-2020-in-bukarest-id461185.html\"]}]},{\"@type\":\"ImageObject\",\"inLanguage\":\"de\",\"@id\":\"https:\\\/\\\/www.rri.ro\\\/de\\\/aktuell\\\/rri-aktuell\\\/5-ausgabe-der-medienkonferenz-2020-in-bukarest-id461185.html#primaryimage\",\"url\":\"https:\\\/\\\/www.rri.ro\\\/wp-content\\\/uploads\\\/2023\\\/10\\\/graham-ellis-bbc-georgica-severin-foto-radioromania.jpg\",\"contentUrl\":\"https:\\\/\\\/www.rri.ro\\\/wp-content\\\/uploads\\\/2023\\\/10\\\/graham-ellis-bbc-georgica-severin-foto-radioromania.jpg\",\"width\":640,\"height\":447},{\"@type\":\"BreadcrumbList\",\"@id\":\"https:\\\/\\\/www.rri.ro\\\/de\\\/aktuell\\\/rri-aktuell\\\/5-ausgabe-der-medienkonferenz-2020-in-bukarest-id461185.html#breadcrumb\",\"itemListElement\":[{\"@type\":\"ListItem\",\"position\":1,\"name\":\"Startseite\",\"item\":\"https:\\\/\\\/www.rri.ro\\\/de\"},{\"@type\":\"ListItem\",\"position\":2,\"name\":\"Aktuell\",\"item\":\"https:\\\/\\\/www.rri.ro\\\/de\\\/aktuell\"},{\"@type\":\"ListItem\",\"position\":3,\"name\":\"RRI Aktuell\",\"item\":\"https:\\\/\\\/www.rri.ro\\\/de\\\/aktuell\\\/rri-aktuell\"},{\"@type\":\"ListItem\",\"position\":4,\"name\":\"5. Ausgabe der Medienkonferenz 2020 in Bukarest\"}]},{\"@type\":\"WebSite\",\"@id\":\"https:\\\/\\\/www.rri.ro\\\/#website\",\"url\":\"https:\\\/\\\/www.rri.ro\\\/\",\"name\":\"Radio Rum\u00e4nien International\",\"description\":\"Totul despre Rom\u00e2nia \u015fi rom\u00e2ni, \u00een 13 limbi\\\/dialecte!\",\"inLanguage\":\"de\"},{\"@type\":\"Person\",\"@id\":\"https:\\\/\\\/www.rri.ro\\\/#\\\/schema\\\/person\\\/0745b519f2d1287783422f162c4112af\",\"name\":\"Roxana Vasile\",\"url\":\"https:\\\/\\\/www.rri.ro\\\/de\\\/author\\\/roxana-vasile\"}]}<\/script>\n<!-- \/ Yoast SEO plugin. -->","yoast_head_json":{"title":"5. Ausgabe der Medienkonferenz 2020 in Bukarest - Radio Rum\u00e4nien International","robots":{"index":"index","follow":"follow","max-snippet":"max-snippet:-1","max-image-preview":"max-image-preview:large","max-video-preview":"max-video-preview:-1"},"canonical":"https:\/\/www.rri.ro\/de\/aktuell\/rri-aktuell\/5-ausgabe-der-medienkonferenz-2020-in-bukarest-id461185.html","og_locale":"de_DE","og_type":"article","og_title":"5. Ausgabe der Medienkonferenz 2020 in Bukarest - Radio Rum\u00e4nien International","og_description":"Radio Rum\u00e4nien veranstaltete mit der Asia-Pacific Broadcasting Union (ABU) die 5. Ausgabe der Medienkonferenz 2020. Dabei unterzeichneten Radio Rum\u00e4nien und BBC Radio ein bilaterales Abkommen \u00fcber die Entwicklung einer kreativen Partnerschaft.","og_url":"https:\/\/www.rri.ro\/de\/aktuell\/rri-aktuell\/5-ausgabe-der-medienkonferenz-2020-in-bukarest-id461185.html","og_site_name":"Radio Rum\u00e4nien International","article_published_time":"2019-10-04T11:33:00+00:00","article_modified_time":"2024-02-19T18:50:44+00:00","og_image":[{"width":640,"height":447,"url":"https:\/\/www.rri.ro\/wp-content\/uploads\/2023\/10\/graham-ellis-bbc-georgica-severin-foto-radioromania.jpg","type":"image\/jpeg"}],"author":"Roxana Vasile","twitter_card":"summary_large_image","twitter_misc":{"Verfasst von":"Roxana Vasile","Gesch\u00e4tzte Lesezeit":"2\u00a0Minuten","Written by":"Roxana Vasile"},"schema":{"@context":"https:\/\/schema.org","@graph":[{"@type":"Article","@id":"https:\/\/www.rri.ro\/de\/aktuell\/rri-aktuell\/5-ausgabe-der-medienkonferenz-2020-in-bukarest-id461185.html#article","isPartOf":{"@id":"https:\/\/www.rri.ro\/de\/aktuell\/rri-aktuell\/5-ausgabe-der-medienkonferenz-2020-in-bukarest-id461185.html"},"author":{"name":"Roxana Vasile","@id":"https:\/\/www.rri.ro\/#\/schema\/person\/0745b519f2d1287783422f162c4112af"},"headline":"5. Ausgabe der Medienkonferenz 2020 in Bukarest","datePublished":"2019-10-04T11:33:00+00:00","dateModified":"2024-02-19T18:50:44+00:00","mainEntityOfPage":{"@id":"https:\/\/www.rri.ro\/de\/aktuell\/rri-aktuell\/5-ausgabe-der-medienkonferenz-2020-in-bukarest-id461185.html"},"wordCount":500,"image":{"@id":"https:\/\/www.rri.ro\/de\/aktuell\/rri-aktuell\/5-ausgabe-der-medienkonferenz-2020-in-bukarest-id461185.html#primaryimage"},"thumbnailUrl":"https:\/\/www.rri.ro\/wp-content\/uploads\/2023\/10\/graham-ellis-bbc-georgica-severin-foto-radioromania.jpg","keywords":["ABU","BBC","fake news","Medien","Medienkonferenz 2020","Radio Rum\u00e4nien","Urheberrechte"],"articleSection":["RRI Aktuell"],"inLanguage":"de"},{"@type":"WebPage","@id":"https:\/\/www.rri.ro\/de\/aktuell\/rri-aktuell\/5-ausgabe-der-medienkonferenz-2020-in-bukarest-id461185.html","url":"https:\/\/www.rri.ro\/de\/aktuell\/rri-aktuell\/5-ausgabe-der-medienkonferenz-2020-in-bukarest-id461185.html","name":"5. Ausgabe der Medienkonferenz 2020 in Bukarest - Radio Rum\u00e4nien International","isPartOf":{"@id":"https:\/\/www.rri.ro\/#website"},"primaryImageOfPage":{"@id":"https:\/\/www.rri.ro\/de\/aktuell\/rri-aktuell\/5-ausgabe-der-medienkonferenz-2020-in-bukarest-id461185.html#primaryimage"},"image":{"@id":"https:\/\/www.rri.ro\/de\/aktuell\/rri-aktuell\/5-ausgabe-der-medienkonferenz-2020-in-bukarest-id461185.html#primaryimage"},"thumbnailUrl":"https:\/\/www.rri.ro\/wp-content\/uploads\/2023\/10\/graham-ellis-bbc-georgica-severin-foto-radioromania.jpg","datePublished":"2019-10-04T11:33:00+00:00","dateModified":"2024-02-19T18:50:44+00:00","author":{"@id":"https:\/\/www.rri.ro\/#\/schema\/person\/0745b519f2d1287783422f162c4112af"},"breadcrumb":{"@id":"https:\/\/www.rri.ro\/de\/aktuell\/rri-aktuell\/5-ausgabe-der-medienkonferenz-2020-in-bukarest-id461185.html#breadcrumb"},"inLanguage":"de","potentialAction":[{"@type":"ReadAction","target":["https:\/\/www.rri.ro\/de\/aktuell\/rri-aktuell\/5-ausgabe-der-medienkonferenz-2020-in-bukarest-id461185.html"]}]},{"@type":"ImageObject","inLanguage":"de","@id":"https:\/\/www.rri.ro\/de\/aktuell\/rri-aktuell\/5-ausgabe-der-medienkonferenz-2020-in-bukarest-id461185.html#primaryimage","url":"https:\/\/www.rri.ro\/wp-content\/uploads\/2023\/10\/graham-ellis-bbc-georgica-severin-foto-radioromania.jpg","contentUrl":"https:\/\/www.rri.ro\/wp-content\/uploads\/2023\/10\/graham-ellis-bbc-georgica-severin-foto-radioromania.jpg","width":640,"height":447},{"@type":"BreadcrumbList","@id":"https:\/\/www.rri.ro\/de\/aktuell\/rri-aktuell\/5-ausgabe-der-medienkonferenz-2020-in-bukarest-id461185.html#breadcrumb","itemListElement":[{"@type":"ListItem","position":1,"name":"Startseite","item":"https:\/\/www.rri.ro\/de"},{"@type":"ListItem","position":2,"name":"Aktuell","item":"https:\/\/www.rri.ro\/de\/aktuell"},{"@type":"ListItem","position":3,"name":"RRI Aktuell","item":"https:\/\/www.rri.ro\/de\/aktuell\/rri-aktuell"},{"@type":"ListItem","position":4,"name":"5. Ausgabe der Medienkonferenz 2020 in Bukarest"}]},{"@type":"WebSite","@id":"https:\/\/www.rri.ro\/#website","url":"https:\/\/www.rri.ro\/","name":"Radio Rum\u00e4nien International","description":"Totul despre Rom\u00e2nia \u015fi rom\u00e2ni, \u00een 13 limbi\/dialecte!","inLanguage":"de"},{"@type":"Person","@id":"https:\/\/www.rri.ro\/#\/schema\/person\/0745b519f2d1287783422f162c4112af","name":"Roxana Vasile","url":"https:\/\/www.rri.ro\/de\/author\/roxana-vasile"}]}},"_links":{"self":[{"href":"https:\/\/www.rri.ro\/de\/wp-json\/wp\/v2\/posts\/461185","targetHints":{"allow":["GET"]}}],"collection":[{"href":"https:\/\/www.rri.ro\/de\/wp-json\/wp\/v2\/posts"}],"about":[{"href":"https:\/\/www.rri.ro\/de\/wp-json\/wp\/v2\/types\/post"}],"author":[{"embeddable":true,"href":"https:\/\/www.rri.ro\/de\/wp-json\/wp\/v2\/users\/109"}],"replies":[{"embeddable":true,"href":"https:\/\/www.rri.ro\/de\/wp-json\/wp\/v2\/comments?post=461185"}],"version-history":[{"count":0,"href":"https:\/\/www.rri.ro\/de\/wp-json\/wp\/v2\/posts\/461185\/revisions"}],"wp:featuredmedia":[{"embeddable":true,"href":"https:\/\/www.rri.ro\/de\/wp-json\/wp\/v2\/media\/83180"}],"wp:attachment":[{"href":"https:\/\/www.rri.ro\/de\/wp-json\/wp\/v2\/media?parent=461185"}],"wp:term":[{"taxonomy":"category","embeddable":true,"href":"https:\/\/www.rri.ro\/de\/wp-json\/wp\/v2\/categories?post=461185"},{"taxonomy":"post_tag","embeddable":true,"href":"https:\/\/www.rri.ro\/de\/wp-json\/wp\/v2\/tags?post=461185"},{"taxonomy":"author","embeddable":true,"href":"https:\/\/www.rri.ro\/de\/wp-json\/wp\/v2\/coauthors?post=461185"}],"curies":[{"name":"wp","href":"https:\/\/api.w.org\/{rel}","templated":true}]}}