{"id":461195,"date":"2019-10-14T16:59:00","date_gmt":"2019-10-14T13:59:00","guid":{"rendered":"http:\/\/devrri.freshlemon.ro\/aktuell\/der-praesidentschaftswahlkampf-hat-begonnen-id461195.html"},"modified":"2024-02-19T20:50:51","modified_gmt":"2024-02-19T18:50:51","slug":"der-praesidentschaftswahlkampf-hat-begonnen","status":"publish","type":"post","link":"https:\/\/www.rri.ro\/de\/aktuell\/rri-aktuell\/der-praesidentschaftswahlkampf-hat-begonnen-id461195.html","title":{"rendered":"Der Pr\u00e4sidentschaftswahlkampf hat begonnen"},"content":{"rendered":"<p style=text-align:justify;line-height:115%;background:white>Der Pr\u00e4sidentschaftswahlkampf in Rum\u00e4nien begann am Samstag, den 12. Oktober. Es gibt 14 Kandidaten, die sich f\u00fcr den Pr\u00e4sidentenposten bewerben. Dazu geh\u00f6ren der amtierende Pr\u00e4sident Klaus Iohannis, unterst\u00fczt von der Nationalliberalen Partei, die scheidende Premierministerin Viorica Dancila von der Sozialdemokratischen Partei, Dan Barna als Vertreter der Allianz USR-PLUS und der ehemalige Europa-Abgeordnete Mircea Diaconu, unterst\u00fctzt von der Pro-Rum\u00e4nien-Partei und der Allianz der Liberalen und Demokraten (ALDE). An der Spitze der letztgenannten Partei steht Calin Popescu Tariceanu, der durch seine Entscheidung, die Regierungskoalition zu verlassen, der Opposition die M\u00f6glichkeit gab, das Dancila-Kabinett durch einen Misstrauensantrag zu entlassen. <\/p>\n<p>&#13;<br \/>\n&#13;<\/p>\n<p style=text-align:justify;line-height:115%;background:white>\n<p>&#13;<br \/>\n&#13;<\/p>\n<p style=text-align:justify;line-height:115%;background:white>Ebenfalls im Pr\u00e4sidentschaftswettlauf vertreten sind Professor, Schriftsteller und Diplomat Theodor Paleologu, der die konservative Partei der Volksbewegung vertritt, Kelemen Hunor, von der Demokratischen Union der ethnischen Ungarn in Rum\u00e4nien (UDMR), Vertreter von au\u200e\u00dferparlamentarischen Parteien wie C\u0103t\u0103lin Ivan, Ninel Peia, Sebastian-Constantin Popescu, John-Ion Banu, Ramona-Ioana Bruynseels und Viorel Cataram\u0103 sowie Bogdan Stanoevici und Alexandru Cump\u0103na\u015fu als unabh\u00e4ngige Kandidaten.<\/p>\n<p>&#13;<br \/>\n&#13;<\/p>\n<p style=text-align:justify;line-height:115%;background:white>\n<p>&#13;<br \/>\n&#13;<\/p>\n<p style=text-align:justify;line-height:115%;background:white>In der Diaspora wurden 714 Wahllokale er\u00f6ffnet, und die Abstimmung per Post hat bereits begonnen. Nach Angaben der Wahlbeh\u00f6rde haben sich rund 41.000 Menschen online f\u00fcr die Briefwahl registriert, von denen viele bereits ihre Stimme abgegeben haben. Die Umschl\u00e4ge mit den Stimmzetteln sollten Rum\u00e4nien am 7. November f\u00fcr die erste Runde und bis zum 21. November f\u00fcr die zweite Runde erreichen. Neu ist, dass Stimmlisten in der Diaspora direkt auf dem Tablett erstellt werden, so dass die Zahl der W\u00e4hler in einem einzigen Wahllokal 10.000 erreichen kann, so der Leiter der Wahlbeh\u00f6rde, Constantin-Florin Mituletu Buica:<\/p>\n<p>&#13;<br \/>\n&#13;<\/p>\n<p style=text-align:justify;line-height:115%;background:white>\n<p>&#13;<br \/>\n&#13;<\/p>\n<p style=text-align:justify;line-height:115%;background:white>Der Aufwand f\u00fcr die Einrichtung der Wahllokale im Ausland war nicht nur physisch und logistisch, sondern auch finanziell. (&#8230;.) Die Verfahren in den Wahllokalen wurden vereinfacht, um sicherzustellen, dass so viele Personen wie m\u00f6glich ihre Stimme abgeben, und nicht nur 3000 pro Tag, wie es vorher der Fall war.\u201c<\/p>\n<p>&#13;<br \/>\n&#13;<\/p>\n<p style=text-align:justify;line-height:115%;background:white>\n<p>&#13;<br \/>\n&#13;<\/p>\n<p style=text-align:justify;line-height:115%;background:white>Der erste Wahlgang findet am 10. November statt, der zweite am 24. November. Gem\u00e4\u200e\u00df einem Regierungsbeschluss k\u00f6nnen Rum\u00e4nen im Ausland drei Tage lang w\u00e4hlen, vom 8. bis 10. November in der ersten Runde und vom 22. bis 24. November in der zweiten Runde, und die Abstimmung kann bis Mitternacht verl\u00e4ngert werden, wenn es Personen gibt, die es nicht geschafft haben, ihre Stimme bis 21 Uhr abzugeben.<\/p>\n<p>&#13;<\/p>\n","protected":false},"excerpt":{"rendered":"<p>Rum\u00e4nien bereitet sich auf die Pr\u00e4sidentschaftswahlen vor.<\/p>\n","protected":false},"author":108,"featured_media":82739,"comment_status":"closed","ping_status":"closed","sticky":false,"template":"","format":"standard","meta":{"_acf_changed":false,"footnotes":""},"categories":[99583],"tags":[100864,104768],"coauthors":[],"class_list":["post-461195","post","type-post","status-publish","format-standard","has-post-thumbnail","hentry","category-rri-aktuell","tag-praesidentschaftswahlen","tag-praesidentschaftswahlkampf"],"acf":[],"yoast_head":"<!-- This site is optimized with the Yoast SEO plugin v27.3 - https:\/\/yoast.com\/product\/yoast-seo-wordpress\/ -->\n<title>Der Pr\u00e4sidentschaftswahlkampf hat begonnen - Radio Rum\u00e4nien International<\/title>\n<meta name=\"robots\" content=\"index, follow, max-snippet:-1, max-image-preview:large, max-video-preview:-1\" \/>\n<link rel=\"canonical\" href=\"https:\/\/www.rri.ro\/de\/aktuell\/rri-aktuell\/der-praesidentschaftswahlkampf-hat-begonnen-id461195.html\" \/>\n<meta property=\"og:locale\" content=\"de_DE\" \/>\n<meta property=\"og:type\" content=\"article\" \/>\n<meta property=\"og:title\" content=\"Der Pr\u00e4sidentschaftswahlkampf hat begonnen - Radio Rum\u00e4nien International\" \/>\n<meta property=\"og:description\" content=\"Rum\u00e4nien bereitet sich auf die Pr\u00e4sidentschaftswahlen vor.\" \/>\n<meta property=\"og:url\" content=\"https:\/\/www.rri.ro\/de\/aktuell\/rri-aktuell\/der-praesidentschaftswahlkampf-hat-begonnen-id461195.html\" \/>\n<meta property=\"og:site_name\" content=\"Radio Rum\u00e4nien International\" \/>\n<meta property=\"article:published_time\" content=\"2019-10-14T13:59:00+00:00\" \/>\n<meta property=\"article:modified_time\" content=\"2024-02-19T18:50:51+00:00\" \/>\n<meta property=\"og:image\" content=\"https:\/\/www.rri.ro\/wp-content\/uploads\/2023\/10\/holul-de-onoare-palatul-cotroceni-foto-presidency.png\" \/>\n\t<meta property=\"og:image:width\" content=\"640\" \/>\n\t<meta property=\"og:image:height\" content=\"426\" \/>\n\t<meta property=\"og:image:type\" content=\"image\/png\" \/>\n<meta name=\"author\" content=\"Corina Cristea\" \/>\n<meta name=\"twitter:card\" content=\"summary_large_image\" \/>\n<meta name=\"twitter:label1\" content=\"Verfasst von\" \/>\n\t<meta name=\"twitter:data1\" content=\"Corina Cristea\" \/>\n\t<meta name=\"twitter:label2\" content=\"Gesch\u00e4tzte Lesezeit\" \/>\n\t<meta name=\"twitter:data2\" content=\"2\u00a0Minuten\" \/>\n\t<meta name=\"twitter:label3\" content=\"Written by\" \/>\n\t<meta name=\"twitter:data3\" content=\"Corina Cristea\" \/>\n<script type=\"application\/ld+json\" class=\"yoast-schema-graph\">{\"@context\":\"https:\\\/\\\/schema.org\",\"@graph\":[{\"@type\":\"Article\",\"@id\":\"https:\\\/\\\/www.rri.ro\\\/de\\\/aktuell\\\/rri-aktuell\\\/der-praesidentschaftswahlkampf-hat-begonnen-id461195.html#article\",\"isPartOf\":{\"@id\":\"https:\\\/\\\/www.rri.ro\\\/de\\\/aktuell\\\/rri-aktuell\\\/der-praesidentschaftswahlkampf-hat-begonnen-id461195.html\"},\"author\":{\"name\":\"Corina Cristea\",\"@id\":\"https:\\\/\\\/www.rri.ro\\\/#\\\/schema\\\/person\\\/f9ab1cb3569dee1b2c033a814bb7f0fc\"},\"headline\":\"Der Pr\u00e4sidentschaftswahlkampf hat begonnen\",\"datePublished\":\"2019-10-14T13:59:00+00:00\",\"dateModified\":\"2024-02-19T18:50:51+00:00\",\"mainEntityOfPage\":{\"@id\":\"https:\\\/\\\/www.rri.ro\\\/de\\\/aktuell\\\/rri-aktuell\\\/der-praesidentschaftswahlkampf-hat-begonnen-id461195.html\"},\"wordCount\":385,\"image\":{\"@id\":\"https:\\\/\\\/www.rri.ro\\\/de\\\/aktuell\\\/rri-aktuell\\\/der-praesidentschaftswahlkampf-hat-begonnen-id461195.html#primaryimage\"},\"thumbnailUrl\":\"https:\\\/\\\/www.rri.ro\\\/wp-content\\\/uploads\\\/2023\\\/10\\\/holul-de-onoare-palatul-cotroceni-foto-presidency.png\",\"keywords\":[\"Pr\u00e4sidentschaftswahlen\",\"Pr\u00e4sidentschaftswahlkampf\"],\"articleSection\":[\"RRI Aktuell\"],\"inLanguage\":\"de\"},{\"@type\":\"WebPage\",\"@id\":\"https:\\\/\\\/www.rri.ro\\\/de\\\/aktuell\\\/rri-aktuell\\\/der-praesidentschaftswahlkampf-hat-begonnen-id461195.html\",\"url\":\"https:\\\/\\\/www.rri.ro\\\/de\\\/aktuell\\\/rri-aktuell\\\/der-praesidentschaftswahlkampf-hat-begonnen-id461195.html\",\"name\":\"Der Pr\u00e4sidentschaftswahlkampf hat begonnen - Radio Rum\u00e4nien International\",\"isPartOf\":{\"@id\":\"https:\\\/\\\/www.rri.ro\\\/#website\"},\"primaryImageOfPage\":{\"@id\":\"https:\\\/\\\/www.rri.ro\\\/de\\\/aktuell\\\/rri-aktuell\\\/der-praesidentschaftswahlkampf-hat-begonnen-id461195.html#primaryimage\"},\"image\":{\"@id\":\"https:\\\/\\\/www.rri.ro\\\/de\\\/aktuell\\\/rri-aktuell\\\/der-praesidentschaftswahlkampf-hat-begonnen-id461195.html#primaryimage\"},\"thumbnailUrl\":\"https:\\\/\\\/www.rri.ro\\\/wp-content\\\/uploads\\\/2023\\\/10\\\/holul-de-onoare-palatul-cotroceni-foto-presidency.png\",\"datePublished\":\"2019-10-14T13:59:00+00:00\",\"dateModified\":\"2024-02-19T18:50:51+00:00\",\"author\":{\"@id\":\"https:\\\/\\\/www.rri.ro\\\/#\\\/schema\\\/person\\\/f9ab1cb3569dee1b2c033a814bb7f0fc\"},\"breadcrumb\":{\"@id\":\"https:\\\/\\\/www.rri.ro\\\/de\\\/aktuell\\\/rri-aktuell\\\/der-praesidentschaftswahlkampf-hat-begonnen-id461195.html#breadcrumb\"},\"inLanguage\":\"de\",\"potentialAction\":[{\"@type\":\"ReadAction\",\"target\":[\"https:\\\/\\\/www.rri.ro\\\/de\\\/aktuell\\\/rri-aktuell\\\/der-praesidentschaftswahlkampf-hat-begonnen-id461195.html\"]}]},{\"@type\":\"ImageObject\",\"inLanguage\":\"de\",\"@id\":\"https:\\\/\\\/www.rri.ro\\\/de\\\/aktuell\\\/rri-aktuell\\\/der-praesidentschaftswahlkampf-hat-begonnen-id461195.html#primaryimage\",\"url\":\"https:\\\/\\\/www.rri.ro\\\/wp-content\\\/uploads\\\/2023\\\/10\\\/holul-de-onoare-palatul-cotroceni-foto-presidency.png\",\"contentUrl\":\"https:\\\/\\\/www.rri.ro\\\/wp-content\\\/uploads\\\/2023\\\/10\\\/holul-de-onoare-palatul-cotroceni-foto-presidency.png\",\"width\":640,\"height\":426},{\"@type\":\"BreadcrumbList\",\"@id\":\"https:\\\/\\\/www.rri.ro\\\/de\\\/aktuell\\\/rri-aktuell\\\/der-praesidentschaftswahlkampf-hat-begonnen-id461195.html#breadcrumb\",\"itemListElement\":[{\"@type\":\"ListItem\",\"position\":1,\"name\":\"Startseite\",\"item\":\"https:\\\/\\\/www.rri.ro\\\/de\"},{\"@type\":\"ListItem\",\"position\":2,\"name\":\"Aktuell\",\"item\":\"https:\\\/\\\/www.rri.ro\\\/de\\\/aktuell\"},{\"@type\":\"ListItem\",\"position\":3,\"name\":\"RRI Aktuell\",\"item\":\"https:\\\/\\\/www.rri.ro\\\/de\\\/aktuell\\\/rri-aktuell\"},{\"@type\":\"ListItem\",\"position\":4,\"name\":\"Der Pr\u00e4sidentschaftswahlkampf hat begonnen\"}]},{\"@type\":\"WebSite\",\"@id\":\"https:\\\/\\\/www.rri.ro\\\/#website\",\"url\":\"https:\\\/\\\/www.rri.ro\\\/\",\"name\":\"Radio Rum\u00e4nien International\",\"description\":\"Totul despre Rom\u00e2nia \u015fi rom\u00e2ni, \u00een 13 limbi\\\/dialecte!\",\"inLanguage\":\"de\"},{\"@type\":\"Person\",\"@id\":\"https:\\\/\\\/www.rri.ro\\\/#\\\/schema\\\/person\\\/f9ab1cb3569dee1b2c033a814bb7f0fc\",\"name\":\"Corina Cristea\",\"url\":\"https:\\\/\\\/www.rri.ro\\\/de\\\/author\\\/corina-cristea\"}]}<\/script>\n<!-- \/ Yoast SEO plugin. -->","yoast_head_json":{"title":"Der Pr\u00e4sidentschaftswahlkampf hat begonnen - Radio Rum\u00e4nien International","robots":{"index":"index","follow":"follow","max-snippet":"max-snippet:-1","max-image-preview":"max-image-preview:large","max-video-preview":"max-video-preview:-1"},"canonical":"https:\/\/www.rri.ro\/de\/aktuell\/rri-aktuell\/der-praesidentschaftswahlkampf-hat-begonnen-id461195.html","og_locale":"de_DE","og_type":"article","og_title":"Der Pr\u00e4sidentschaftswahlkampf hat begonnen - Radio Rum\u00e4nien International","og_description":"Rum\u00e4nien bereitet sich auf die Pr\u00e4sidentschaftswahlen vor.","og_url":"https:\/\/www.rri.ro\/de\/aktuell\/rri-aktuell\/der-praesidentschaftswahlkampf-hat-begonnen-id461195.html","og_site_name":"Radio Rum\u00e4nien International","article_published_time":"2019-10-14T13:59:00+00:00","article_modified_time":"2024-02-19T18:50:51+00:00","og_image":[{"width":640,"height":426,"url":"https:\/\/www.rri.ro\/wp-content\/uploads\/2023\/10\/holul-de-onoare-palatul-cotroceni-foto-presidency.png","type":"image\/png"}],"author":"Corina Cristea","twitter_card":"summary_large_image","twitter_misc":{"Verfasst von":"Corina Cristea","Gesch\u00e4tzte Lesezeit":"2\u00a0Minuten","Written by":"Corina Cristea"},"schema":{"@context":"https:\/\/schema.org","@graph":[{"@type":"Article","@id":"https:\/\/www.rri.ro\/de\/aktuell\/rri-aktuell\/der-praesidentschaftswahlkampf-hat-begonnen-id461195.html#article","isPartOf":{"@id":"https:\/\/www.rri.ro\/de\/aktuell\/rri-aktuell\/der-praesidentschaftswahlkampf-hat-begonnen-id461195.html"},"author":{"name":"Corina Cristea","@id":"https:\/\/www.rri.ro\/#\/schema\/person\/f9ab1cb3569dee1b2c033a814bb7f0fc"},"headline":"Der Pr\u00e4sidentschaftswahlkampf hat begonnen","datePublished":"2019-10-14T13:59:00+00:00","dateModified":"2024-02-19T18:50:51+00:00","mainEntityOfPage":{"@id":"https:\/\/www.rri.ro\/de\/aktuell\/rri-aktuell\/der-praesidentschaftswahlkampf-hat-begonnen-id461195.html"},"wordCount":385,"image":{"@id":"https:\/\/www.rri.ro\/de\/aktuell\/rri-aktuell\/der-praesidentschaftswahlkampf-hat-begonnen-id461195.html#primaryimage"},"thumbnailUrl":"https:\/\/www.rri.ro\/wp-content\/uploads\/2023\/10\/holul-de-onoare-palatul-cotroceni-foto-presidency.png","keywords":["Pr\u00e4sidentschaftswahlen","Pr\u00e4sidentschaftswahlkampf"],"articleSection":["RRI Aktuell"],"inLanguage":"de"},{"@type":"WebPage","@id":"https:\/\/www.rri.ro\/de\/aktuell\/rri-aktuell\/der-praesidentschaftswahlkampf-hat-begonnen-id461195.html","url":"https:\/\/www.rri.ro\/de\/aktuell\/rri-aktuell\/der-praesidentschaftswahlkampf-hat-begonnen-id461195.html","name":"Der Pr\u00e4sidentschaftswahlkampf hat begonnen - Radio Rum\u00e4nien International","isPartOf":{"@id":"https:\/\/www.rri.ro\/#website"},"primaryImageOfPage":{"@id":"https:\/\/www.rri.ro\/de\/aktuell\/rri-aktuell\/der-praesidentschaftswahlkampf-hat-begonnen-id461195.html#primaryimage"},"image":{"@id":"https:\/\/www.rri.ro\/de\/aktuell\/rri-aktuell\/der-praesidentschaftswahlkampf-hat-begonnen-id461195.html#primaryimage"},"thumbnailUrl":"https:\/\/www.rri.ro\/wp-content\/uploads\/2023\/10\/holul-de-onoare-palatul-cotroceni-foto-presidency.png","datePublished":"2019-10-14T13:59:00+00:00","dateModified":"2024-02-19T18:50:51+00:00","author":{"@id":"https:\/\/www.rri.ro\/#\/schema\/person\/f9ab1cb3569dee1b2c033a814bb7f0fc"},"breadcrumb":{"@id":"https:\/\/www.rri.ro\/de\/aktuell\/rri-aktuell\/der-praesidentschaftswahlkampf-hat-begonnen-id461195.html#breadcrumb"},"inLanguage":"de","potentialAction":[{"@type":"ReadAction","target":["https:\/\/www.rri.ro\/de\/aktuell\/rri-aktuell\/der-praesidentschaftswahlkampf-hat-begonnen-id461195.html"]}]},{"@type":"ImageObject","inLanguage":"de","@id":"https:\/\/www.rri.ro\/de\/aktuell\/rri-aktuell\/der-praesidentschaftswahlkampf-hat-begonnen-id461195.html#primaryimage","url":"https:\/\/www.rri.ro\/wp-content\/uploads\/2023\/10\/holul-de-onoare-palatul-cotroceni-foto-presidency.png","contentUrl":"https:\/\/www.rri.ro\/wp-content\/uploads\/2023\/10\/holul-de-onoare-palatul-cotroceni-foto-presidency.png","width":640,"height":426},{"@type":"BreadcrumbList","@id":"https:\/\/www.rri.ro\/de\/aktuell\/rri-aktuell\/der-praesidentschaftswahlkampf-hat-begonnen-id461195.html#breadcrumb","itemListElement":[{"@type":"ListItem","position":1,"name":"Startseite","item":"https:\/\/www.rri.ro\/de"},{"@type":"ListItem","position":2,"name":"Aktuell","item":"https:\/\/www.rri.ro\/de\/aktuell"},{"@type":"ListItem","position":3,"name":"RRI Aktuell","item":"https:\/\/www.rri.ro\/de\/aktuell\/rri-aktuell"},{"@type":"ListItem","position":4,"name":"Der Pr\u00e4sidentschaftswahlkampf hat begonnen"}]},{"@type":"WebSite","@id":"https:\/\/www.rri.ro\/#website","url":"https:\/\/www.rri.ro\/","name":"Radio Rum\u00e4nien International","description":"Totul despre Rom\u00e2nia \u015fi rom\u00e2ni, \u00een 13 limbi\/dialecte!","inLanguage":"de"},{"@type":"Person","@id":"https:\/\/www.rri.ro\/#\/schema\/person\/f9ab1cb3569dee1b2c033a814bb7f0fc","name":"Corina Cristea","url":"https:\/\/www.rri.ro\/de\/author\/corina-cristea"}]}},"_links":{"self":[{"href":"https:\/\/www.rri.ro\/de\/wp-json\/wp\/v2\/posts\/461195","targetHints":{"allow":["GET"]}}],"collection":[{"href":"https:\/\/www.rri.ro\/de\/wp-json\/wp\/v2\/posts"}],"about":[{"href":"https:\/\/www.rri.ro\/de\/wp-json\/wp\/v2\/types\/post"}],"author":[{"embeddable":true,"href":"https:\/\/www.rri.ro\/de\/wp-json\/wp\/v2\/users\/108"}],"replies":[{"embeddable":true,"href":"https:\/\/www.rri.ro\/de\/wp-json\/wp\/v2\/comments?post=461195"}],"version-history":[{"count":0,"href":"https:\/\/www.rri.ro\/de\/wp-json\/wp\/v2\/posts\/461195\/revisions"}],"wp:featuredmedia":[{"embeddable":true,"href":"https:\/\/www.rri.ro\/de\/wp-json\/wp\/v2\/media\/82739"}],"wp:attachment":[{"href":"https:\/\/www.rri.ro\/de\/wp-json\/wp\/v2\/media?parent=461195"}],"wp:term":[{"taxonomy":"category","embeddable":true,"href":"https:\/\/www.rri.ro\/de\/wp-json\/wp\/v2\/categories?post=461195"},{"taxonomy":"post_tag","embeddable":true,"href":"https:\/\/www.rri.ro\/de\/wp-json\/wp\/v2\/tags?post=461195"},{"taxonomy":"author","embeddable":true,"href":"https:\/\/www.rri.ro\/de\/wp-json\/wp\/v2\/coauthors?post=461195"}],"curies":[{"name":"wp","href":"https:\/\/api.w.org\/{rel}","templated":true}]}}