{"id":461204,"date":"2019-10-21T16:55:00","date_gmt":"2019-10-21T13:55:00","guid":{"rendered":"http:\/\/devrri.freshlemon.ro\/aktuell\/astra-dokumentarfilm-festival-geht-zu-ende-id461204.html"},"modified":"2024-02-19T20:50:59","modified_gmt":"2024-02-19T18:50:59","slug":"astra-dokumentarfilm-festival-geht-zu-ende","status":"publish","type":"post","link":"https:\/\/www.rri.ro\/de\/aktuell\/rri-aktuell\/astra-dokumentarfilm-festival-geht-zu-ende-id461204.html","title":{"rendered":"ASTRA-Dokumentarfilm-Festival geht zu Ende"},"content":{"rendered":"<p>In Sibiu, in Zentralrum\u00e4nien, hat bis Sonntag die 26. Ausgabe des Internationalen Dokumentarfilmfestivals ASTRA, dem gr\u00f6\u200e\u00dften dieser Art in Rum\u00e4nien, stattgefunden. Die Troph\u00e4e f\u00fcr den besten rum\u00e4nischen Dokumentarfilm wurde von Alex Brendeas Film Profu\u2019\u201c (der Lehrer) gewonnen. Die Auszeichnung kam f\u00fcr den jungen Regisseur, der fr\u00fcher Sch\u00fcler des in seinem Film dargestellten Lehrers war, \u00fcberraschend.<\/p>\n<p>&#13;<br \/>\n&#13;<\/p>\n<p>&#13;<br \/>\n&#13;<\/p>\n<p>Alex Brendea: <em>Der Film handelt von einem Mathematiklehrer, der den Mut hatte, sich aus dem traditionellen Bildungssystem Rum\u00e4niens zur\u00fcckzuziehen und sein eigenes Mathematikkabinett zu er\u00f6ffnen, in dem er Sch\u00fcler jeden Alters und aus verschiedenen Lebensbereichen unterrichtet. Gleichzeitig versucht er, ein Alarmsignal \u00fcber das Bildungssystem in Rum\u00e4nien zu senden.\u201c<\/em><\/p>\n<p>&#13;<br \/>\n&#13;<\/p>\n<p>&#13;<br \/>\n&#13;<\/p>\n<p>Die estnische Produktion Immortal\u201c hat den Preis f\u00fcr den besten Film im internationalen Teil des ASTRA-Festivals erhalten. Unsterblich\u201c besch\u00e4ftigt sich mit den Auswirkungen der staatlichen Propaganda auf die Menschen in einer kleinen Industriestadt in Russland. I See Red People\u201c, ein bulgarischer Film, der die Geschichte einer Familie und ihre Wurzeln in der ehemaligen kommunistischen Regierung des Landes erz\u00e4hlt, hat die Troph\u00e4e f\u00fcr die beste Produktion in Mittel- und Osteuropa gewonnen.<\/p>\n<p>&#13;<br \/>\n&#13;<\/p>\n<p>&#13;<br \/>\n&#13;<\/p>\n<p>Laut Dumitru Budrala, dem Gr\u00fcndungsdirektor des ASTRA FILM Sibiu, haben die Regisseure bei dieser Ausgabe des Festivals einen R\u00fcckblick auf die Vergangenheit nach drei Jahrzehnten Freiheit gew\u00e4hrt\u201c. Die neueste Ausgabe von ASTRA profitierte in den letzten Jahren von einer der besten Auswahl an Dokumentationen zu gesellschaftspolitischen Themen. Sergey Loznitsas State Funeral\u201c, das die Auswirkungen des Todes von Stalin auf die gesamte Sowjetunion darstellt, wurde bei der Er\u00f6ffnung des Festivals gezeigt. Werner Herzogs Film Meeting Gorbachev\u201c, der einen Dialog mit dem letzten Generalsekret\u00e4r der Sowjetunion \u00fcber das Scheitern des kommunistischen Projekts und seinen eigenen Beitrag zum Niedergang des Kommunismus in Europa gef\u00fchrt hat, sowie Jurgen Bottchers The Wall\u201c, eine Dokumentation \u00fcber den Fall der Berliner Mauer, geh\u00f6rten zu den Produktionen, die w\u00e4hrend des Festivals gezeigt wurden.<\/p>\n<p>&#13;<br \/>\n&#13;<\/p>\n<p>&#13;<br \/>\n&#13;<\/p>\n<p>Allein an einem Tag des Festivals wurden 20 Filme gezeigt, die echte Lebensgeschichten erz\u00e4hlen, wie die Geschichte einer Journalistenfamilie im vom Krieg zerr\u00fctteten Syrien, die Geschichte der sizilianischen Mafia oder die Geschichte \u00fcber Paare in verschiedenen L\u00e4ndern, die k\u00fcrzlich 60 Jahre Ehe gefeiert haben. Der Morgen war den Kindern gewidmet, Teil des Astra Film Junior Programms, eines der erfolgreichsten Bildungsprogramme Rum\u00e4niens, an dem in diesem Jahr \u00fcber 25.000 Sch\u00fcler teilnehmen. \u00dcber 120 Dokumentationen aus 45 L\u00e4ndern wurden w\u00e4hrend des einw\u00f6chigen ASTRA-Festivals gezeigt.<\/p>\n<p>&#13;<\/p>\n","protected":false},"excerpt":{"rendered":"<p>Die Stadt Sibiu in Zentralrum\u00e4nien hat k\u00fcrzlich als Veranstaltungsort f\u00fcr das ASTRA-Dokumentarfilmfestival fungiert.<\/p>\n","protected":false},"author":2,"featured_media":83399,"comment_status":"closed","ping_status":"closed","sticky":false,"template":"","format":"standard","meta":{"_acf_changed":false,"footnotes":""},"categories":[99583],"tags":[104778,143722],"coauthors":[],"class_list":["post-461204","post","type-post","status-publish","format-standard","has-post-thumbnail","hentry","category-rri-aktuell","tag-astra-dokumentarfilm-festival","tag-sibiu-de"],"acf":[],"yoast_head":"<!-- This site is optimized with the Yoast SEO plugin v27.3 - https:\/\/yoast.com\/product\/yoast-seo-wordpress\/ -->\n<title>ASTRA-Dokumentarfilm-Festival geht zu Ende - Radio Rum\u00e4nien International<\/title>\n<meta name=\"robots\" content=\"index, follow, max-snippet:-1, max-image-preview:large, max-video-preview:-1\" \/>\n<link rel=\"canonical\" href=\"https:\/\/www.rri.ro\/de\/aktuell\/rri-aktuell\/astra-dokumentarfilm-festival-geht-zu-ende-id461204.html\" \/>\n<meta property=\"og:locale\" content=\"de_DE\" \/>\n<meta property=\"og:type\" content=\"article\" \/>\n<meta property=\"og:title\" content=\"ASTRA-Dokumentarfilm-Festival geht zu Ende - Radio Rum\u00e4nien International\" \/>\n<meta property=\"og:description\" content=\"Die Stadt Sibiu in Zentralrum\u00e4nien hat k\u00fcrzlich als Veranstaltungsort f\u00fcr das ASTRA-Dokumentarfilmfestival fungiert.\" \/>\n<meta property=\"og:url\" content=\"https:\/\/www.rri.ro\/de\/aktuell\/rri-aktuell\/astra-dokumentarfilm-festival-geht-zu-ende-id461204.html\" \/>\n<meta property=\"og:site_name\" content=\"Radio Rum\u00e4nien International\" \/>\n<meta property=\"article:published_time\" content=\"2019-10-21T13:55:00+00:00\" \/>\n<meta property=\"article:modified_time\" content=\"2024-02-19T18:50:59+00:00\" \/>\n<meta property=\"og:image\" content=\"https:\/\/www.rri.ro\/wp-content\/uploads\/2023\/10\/astra-film-festival-foto-facebook-astrafilmfestival.jpg\" \/>\n\t<meta property=\"og:image:width\" content=\"640\" \/>\n\t<meta property=\"og:image:height\" content=\"427\" \/>\n\t<meta property=\"og:image:type\" content=\"image\/jpeg\" \/>\n<meta name=\"author\" content=\"Rom\u00e2nia Interna\u021bional\" \/>\n<meta name=\"twitter:card\" content=\"summary_large_image\" \/>\n<meta name=\"twitter:label1\" content=\"Verfasst von\" \/>\n\t<meta name=\"twitter:data1\" content=\"Rom\u00e2nia Interna\u021bional\" \/>\n\t<meta name=\"twitter:label2\" content=\"Gesch\u00e4tzte Lesezeit\" \/>\n\t<meta name=\"twitter:data2\" content=\"2\u00a0Minuten\" \/>\n\t<meta name=\"twitter:label3\" content=\"Written by\" \/>\n\t<meta name=\"twitter:data3\" content=\"Rom\u00e2nia Interna\u021bional\" \/>\n<script type=\"application\/ld+json\" class=\"yoast-schema-graph\">{\"@context\":\"https:\\\/\\\/schema.org\",\"@graph\":[{\"@type\":\"Article\",\"@id\":\"https:\\\/\\\/www.rri.ro\\\/de\\\/aktuell\\\/rri-aktuell\\\/astra-dokumentarfilm-festival-geht-zu-ende-id461204.html#article\",\"isPartOf\":{\"@id\":\"https:\\\/\\\/www.rri.ro\\\/de\\\/aktuell\\\/rri-aktuell\\\/astra-dokumentarfilm-festival-geht-zu-ende-id461204.html\"},\"author\":{\"name\":\"Rom\u00e2nia Interna\u021bional\",\"@id\":\"https:\\\/\\\/www.rri.ro\\\/#\\\/schema\\\/person\\\/18fac491bccbfe149b92aea77ad60abd\"},\"headline\":\"ASTRA-Dokumentarfilm-Festival geht zu Ende\",\"datePublished\":\"2019-10-21T13:55:00+00:00\",\"dateModified\":\"2024-02-19T18:50:59+00:00\",\"mainEntityOfPage\":{\"@id\":\"https:\\\/\\\/www.rri.ro\\\/de\\\/aktuell\\\/rri-aktuell\\\/astra-dokumentarfilm-festival-geht-zu-ende-id461204.html\"},\"wordCount\":414,\"image\":{\"@id\":\"https:\\\/\\\/www.rri.ro\\\/de\\\/aktuell\\\/rri-aktuell\\\/astra-dokumentarfilm-festival-geht-zu-ende-id461204.html#primaryimage\"},\"thumbnailUrl\":\"https:\\\/\\\/www.rri.ro\\\/wp-content\\\/uploads\\\/2023\\\/10\\\/astra-film-festival-foto-facebook-astrafilmfestival.jpg\",\"keywords\":[\"ASTRA-Dokumentarfilm-Festival\",\"Sibiu\"],\"articleSection\":[\"RRI Aktuell\"],\"inLanguage\":\"de\"},{\"@type\":\"WebPage\",\"@id\":\"https:\\\/\\\/www.rri.ro\\\/de\\\/aktuell\\\/rri-aktuell\\\/astra-dokumentarfilm-festival-geht-zu-ende-id461204.html\",\"url\":\"https:\\\/\\\/www.rri.ro\\\/de\\\/aktuell\\\/rri-aktuell\\\/astra-dokumentarfilm-festival-geht-zu-ende-id461204.html\",\"name\":\"ASTRA-Dokumentarfilm-Festival geht zu Ende - Radio Rum\u00e4nien International\",\"isPartOf\":{\"@id\":\"https:\\\/\\\/www.rri.ro\\\/#website\"},\"primaryImageOfPage\":{\"@id\":\"https:\\\/\\\/www.rri.ro\\\/de\\\/aktuell\\\/rri-aktuell\\\/astra-dokumentarfilm-festival-geht-zu-ende-id461204.html#primaryimage\"},\"image\":{\"@id\":\"https:\\\/\\\/www.rri.ro\\\/de\\\/aktuell\\\/rri-aktuell\\\/astra-dokumentarfilm-festival-geht-zu-ende-id461204.html#primaryimage\"},\"thumbnailUrl\":\"https:\\\/\\\/www.rri.ro\\\/wp-content\\\/uploads\\\/2023\\\/10\\\/astra-film-festival-foto-facebook-astrafilmfestival.jpg\",\"datePublished\":\"2019-10-21T13:55:00+00:00\",\"dateModified\":\"2024-02-19T18:50:59+00:00\",\"author\":{\"@id\":\"https:\\\/\\\/www.rri.ro\\\/#\\\/schema\\\/person\\\/18fac491bccbfe149b92aea77ad60abd\"},\"breadcrumb\":{\"@id\":\"https:\\\/\\\/www.rri.ro\\\/de\\\/aktuell\\\/rri-aktuell\\\/astra-dokumentarfilm-festival-geht-zu-ende-id461204.html#breadcrumb\"},\"inLanguage\":\"de\",\"potentialAction\":[{\"@type\":\"ReadAction\",\"target\":[\"https:\\\/\\\/www.rri.ro\\\/de\\\/aktuell\\\/rri-aktuell\\\/astra-dokumentarfilm-festival-geht-zu-ende-id461204.html\"]}]},{\"@type\":\"ImageObject\",\"inLanguage\":\"de\",\"@id\":\"https:\\\/\\\/www.rri.ro\\\/de\\\/aktuell\\\/rri-aktuell\\\/astra-dokumentarfilm-festival-geht-zu-ende-id461204.html#primaryimage\",\"url\":\"https:\\\/\\\/www.rri.ro\\\/wp-content\\\/uploads\\\/2023\\\/10\\\/astra-film-festival-foto-facebook-astrafilmfestival.jpg\",\"contentUrl\":\"https:\\\/\\\/www.rri.ro\\\/wp-content\\\/uploads\\\/2023\\\/10\\\/astra-film-festival-foto-facebook-astrafilmfestival.jpg\",\"width\":640,\"height\":427},{\"@type\":\"BreadcrumbList\",\"@id\":\"https:\\\/\\\/www.rri.ro\\\/de\\\/aktuell\\\/rri-aktuell\\\/astra-dokumentarfilm-festival-geht-zu-ende-id461204.html#breadcrumb\",\"itemListElement\":[{\"@type\":\"ListItem\",\"position\":1,\"name\":\"Startseite\",\"item\":\"https:\\\/\\\/www.rri.ro\\\/de\"},{\"@type\":\"ListItem\",\"position\":2,\"name\":\"Aktuell\",\"item\":\"https:\\\/\\\/www.rri.ro\\\/de\\\/aktuell\"},{\"@type\":\"ListItem\",\"position\":3,\"name\":\"RRI Aktuell\",\"item\":\"https:\\\/\\\/www.rri.ro\\\/de\\\/aktuell\\\/rri-aktuell\"},{\"@type\":\"ListItem\",\"position\":4,\"name\":\"ASTRA-Dokumentarfilm-Festival geht zu Ende\"}]},{\"@type\":\"WebSite\",\"@id\":\"https:\\\/\\\/www.rri.ro\\\/#website\",\"url\":\"https:\\\/\\\/www.rri.ro\\\/\",\"name\":\"Radio Rum\u00e4nien International\",\"description\":\"Totul despre Rom\u00e2nia \u015fi rom\u00e2ni, \u00een 13 limbi\\\/dialecte!\",\"inLanguage\":\"de\"},{\"@type\":\"Person\",\"@id\":\"https:\\\/\\\/www.rri.ro\\\/#\\\/schema\\\/person\\\/18fac491bccbfe149b92aea77ad60abd\",\"name\":\"Rom\u00e2nia Interna\u021bional\",\"url\":\"https:\\\/\\\/www.rri.ro\\\/de\\\/author\\\/redactia\"}]}<\/script>\n<!-- \/ Yoast SEO plugin. -->","yoast_head_json":{"title":"ASTRA-Dokumentarfilm-Festival geht zu Ende - Radio Rum\u00e4nien International","robots":{"index":"index","follow":"follow","max-snippet":"max-snippet:-1","max-image-preview":"max-image-preview:large","max-video-preview":"max-video-preview:-1"},"canonical":"https:\/\/www.rri.ro\/de\/aktuell\/rri-aktuell\/astra-dokumentarfilm-festival-geht-zu-ende-id461204.html","og_locale":"de_DE","og_type":"article","og_title":"ASTRA-Dokumentarfilm-Festival geht zu Ende - Radio Rum\u00e4nien International","og_description":"Die Stadt Sibiu in Zentralrum\u00e4nien hat k\u00fcrzlich als Veranstaltungsort f\u00fcr das ASTRA-Dokumentarfilmfestival fungiert.","og_url":"https:\/\/www.rri.ro\/de\/aktuell\/rri-aktuell\/astra-dokumentarfilm-festival-geht-zu-ende-id461204.html","og_site_name":"Radio Rum\u00e4nien International","article_published_time":"2019-10-21T13:55:00+00:00","article_modified_time":"2024-02-19T18:50:59+00:00","og_image":[{"width":640,"height":427,"url":"https:\/\/www.rri.ro\/wp-content\/uploads\/2023\/10\/astra-film-festival-foto-facebook-astrafilmfestival.jpg","type":"image\/jpeg"}],"author":"Rom\u00e2nia Interna\u021bional","twitter_card":"summary_large_image","twitter_misc":{"Verfasst von":"Rom\u00e2nia Interna\u021bional","Gesch\u00e4tzte Lesezeit":"2\u00a0Minuten","Written by":"Rom\u00e2nia Interna\u021bional"},"schema":{"@context":"https:\/\/schema.org","@graph":[{"@type":"Article","@id":"https:\/\/www.rri.ro\/de\/aktuell\/rri-aktuell\/astra-dokumentarfilm-festival-geht-zu-ende-id461204.html#article","isPartOf":{"@id":"https:\/\/www.rri.ro\/de\/aktuell\/rri-aktuell\/astra-dokumentarfilm-festival-geht-zu-ende-id461204.html"},"author":{"name":"Rom\u00e2nia Interna\u021bional","@id":"https:\/\/www.rri.ro\/#\/schema\/person\/18fac491bccbfe149b92aea77ad60abd"},"headline":"ASTRA-Dokumentarfilm-Festival geht zu Ende","datePublished":"2019-10-21T13:55:00+00:00","dateModified":"2024-02-19T18:50:59+00:00","mainEntityOfPage":{"@id":"https:\/\/www.rri.ro\/de\/aktuell\/rri-aktuell\/astra-dokumentarfilm-festival-geht-zu-ende-id461204.html"},"wordCount":414,"image":{"@id":"https:\/\/www.rri.ro\/de\/aktuell\/rri-aktuell\/astra-dokumentarfilm-festival-geht-zu-ende-id461204.html#primaryimage"},"thumbnailUrl":"https:\/\/www.rri.ro\/wp-content\/uploads\/2023\/10\/astra-film-festival-foto-facebook-astrafilmfestival.jpg","keywords":["ASTRA-Dokumentarfilm-Festival","Sibiu"],"articleSection":["RRI Aktuell"],"inLanguage":"de"},{"@type":"WebPage","@id":"https:\/\/www.rri.ro\/de\/aktuell\/rri-aktuell\/astra-dokumentarfilm-festival-geht-zu-ende-id461204.html","url":"https:\/\/www.rri.ro\/de\/aktuell\/rri-aktuell\/astra-dokumentarfilm-festival-geht-zu-ende-id461204.html","name":"ASTRA-Dokumentarfilm-Festival geht zu Ende - Radio Rum\u00e4nien International","isPartOf":{"@id":"https:\/\/www.rri.ro\/#website"},"primaryImageOfPage":{"@id":"https:\/\/www.rri.ro\/de\/aktuell\/rri-aktuell\/astra-dokumentarfilm-festival-geht-zu-ende-id461204.html#primaryimage"},"image":{"@id":"https:\/\/www.rri.ro\/de\/aktuell\/rri-aktuell\/astra-dokumentarfilm-festival-geht-zu-ende-id461204.html#primaryimage"},"thumbnailUrl":"https:\/\/www.rri.ro\/wp-content\/uploads\/2023\/10\/astra-film-festival-foto-facebook-astrafilmfestival.jpg","datePublished":"2019-10-21T13:55:00+00:00","dateModified":"2024-02-19T18:50:59+00:00","author":{"@id":"https:\/\/www.rri.ro\/#\/schema\/person\/18fac491bccbfe149b92aea77ad60abd"},"breadcrumb":{"@id":"https:\/\/www.rri.ro\/de\/aktuell\/rri-aktuell\/astra-dokumentarfilm-festival-geht-zu-ende-id461204.html#breadcrumb"},"inLanguage":"de","potentialAction":[{"@type":"ReadAction","target":["https:\/\/www.rri.ro\/de\/aktuell\/rri-aktuell\/astra-dokumentarfilm-festival-geht-zu-ende-id461204.html"]}]},{"@type":"ImageObject","inLanguage":"de","@id":"https:\/\/www.rri.ro\/de\/aktuell\/rri-aktuell\/astra-dokumentarfilm-festival-geht-zu-ende-id461204.html#primaryimage","url":"https:\/\/www.rri.ro\/wp-content\/uploads\/2023\/10\/astra-film-festival-foto-facebook-astrafilmfestival.jpg","contentUrl":"https:\/\/www.rri.ro\/wp-content\/uploads\/2023\/10\/astra-film-festival-foto-facebook-astrafilmfestival.jpg","width":640,"height":427},{"@type":"BreadcrumbList","@id":"https:\/\/www.rri.ro\/de\/aktuell\/rri-aktuell\/astra-dokumentarfilm-festival-geht-zu-ende-id461204.html#breadcrumb","itemListElement":[{"@type":"ListItem","position":1,"name":"Startseite","item":"https:\/\/www.rri.ro\/de"},{"@type":"ListItem","position":2,"name":"Aktuell","item":"https:\/\/www.rri.ro\/de\/aktuell"},{"@type":"ListItem","position":3,"name":"RRI Aktuell","item":"https:\/\/www.rri.ro\/de\/aktuell\/rri-aktuell"},{"@type":"ListItem","position":4,"name":"ASTRA-Dokumentarfilm-Festival geht zu Ende"}]},{"@type":"WebSite","@id":"https:\/\/www.rri.ro\/#website","url":"https:\/\/www.rri.ro\/","name":"Radio Rum\u00e4nien International","description":"Totul despre Rom\u00e2nia \u015fi rom\u00e2ni, \u00een 13 limbi\/dialecte!","inLanguage":"de"},{"@type":"Person","@id":"https:\/\/www.rri.ro\/#\/schema\/person\/18fac491bccbfe149b92aea77ad60abd","name":"Rom\u00e2nia Interna\u021bional","url":"https:\/\/www.rri.ro\/de\/author\/redactia"}]}},"_links":{"self":[{"href":"https:\/\/www.rri.ro\/de\/wp-json\/wp\/v2\/posts\/461204","targetHints":{"allow":["GET"]}}],"collection":[{"href":"https:\/\/www.rri.ro\/de\/wp-json\/wp\/v2\/posts"}],"about":[{"href":"https:\/\/www.rri.ro\/de\/wp-json\/wp\/v2\/types\/post"}],"author":[{"embeddable":true,"href":"https:\/\/www.rri.ro\/de\/wp-json\/wp\/v2\/users\/2"}],"replies":[{"embeddable":true,"href":"https:\/\/www.rri.ro\/de\/wp-json\/wp\/v2\/comments?post=461204"}],"version-history":[{"count":0,"href":"https:\/\/www.rri.ro\/de\/wp-json\/wp\/v2\/posts\/461204\/revisions"}],"wp:featuredmedia":[{"embeddable":true,"href":"https:\/\/www.rri.ro\/de\/wp-json\/wp\/v2\/media\/83399"}],"wp:attachment":[{"href":"https:\/\/www.rri.ro\/de\/wp-json\/wp\/v2\/media?parent=461204"}],"wp:term":[{"taxonomy":"category","embeddable":true,"href":"https:\/\/www.rri.ro\/de\/wp-json\/wp\/v2\/categories?post=461204"},{"taxonomy":"post_tag","embeddable":true,"href":"https:\/\/www.rri.ro\/de\/wp-json\/wp\/v2\/tags?post=461204"},{"taxonomy":"author","embeddable":true,"href":"https:\/\/www.rri.ro\/de\/wp-json\/wp\/v2\/coauthors?post=461204"}],"curies":[{"name":"wp","href":"https:\/\/api.w.org\/{rel}","templated":true}]}}